{"id":99741,"date":"2026-03-18T19:37:28","date_gmt":"2026-03-18T18:37:28","guid":{"rendered":"https:\/\/artistics.com\/artzine\/calo-carratala-the-feeling-of-landscape\/"},"modified":"2026-03-19T16:14:42","modified_gmt":"2026-03-19T15:14:42","slug":"calo-carratala-la-memoire-sensible-du-paysage","status":"publish","type":"post","link":"https:\/\/artistics.com\/fr\/artzine\/calo-carratala-la-memoire-sensible-du-paysage\/","title":{"rendered":"Calo Carratal\u00e1, la m\u00e9moire sensible du paysage"},"content":{"rendered":"<figure class=\"wp-block-image size-large\"><img decoding=\"async\" width=\"1024\" height=\"768\" src=\"https:\/\/artistics.com\/wp-content\/uploads\/2026\/03\/une-expo-foret-1024x768.jpg\" alt=\"\" class=\"wp-image-99729\" srcset=\"https:\/\/artistics.com\/wp-content\/uploads\/2026\/03\/une-expo-foret-1024x768.jpg 1024w, https:\/\/artistics.com\/wp-content\/uploads\/2026\/03\/une-expo-foret-300x225.jpg 300w, https:\/\/artistics.com\/wp-content\/uploads\/2026\/03\/une-expo-foret-768x576.jpg 768w, https:\/\/artistics.com\/wp-content\/uploads\/2026\/03\/une-expo-foret-1536x1152.jpg 1536w, https:\/\/artistics.com\/wp-content\/uploads\/2026\/03\/une-expo-foret-2048x1536.jpg 2048w, https:\/\/artistics.com\/wp-content\/uploads\/2026\/03\/une-expo-foret-550x412.jpg 550w, https:\/\/artistics.com\/wp-content\/uploads\/2026\/03\/une-expo-foret-800x600.jpg 800w, https:\/\/artistics.com\/wp-content\/uploads\/2026\/03\/une-expo-foret-600x450.jpg 600w, https:\/\/artistics.com\/wp-content\/uploads\/2026\/03\/une-expo-foret-180x135.jpg 180w\" sizes=\"(max-width: 1024px) 100vw, 1024px\" \/><\/figure><div style=\"height:35px\" aria-hidden=\"true\" class=\"wp-block-spacer\"><\/div><h2 class=\"wp-block-heading\" id=\"h-le-musee-massey-de-tarbes-presente-jusqu-au-28-juin-2026-l-exposition-calo-carratala-le-sentiment-du-paysage-a-travers-une-trentaine-d-oeuvres-toiles-dessins-et-carnets-de-voyage-le-parcours-explore-la-maniere-dont-l-artiste-valencien-transforme-ses-immersions-en-pleine-nature-en-paysages-interieurs-entre-forets-tropicales-et-sommets-enneiges-sa-peinture-attentive-aux-nuances-et-a-la-memoire-du-voyage-nous-invite-a-regarder-la-nature-autrement\">Le Mus\u00e9e Massey de Tarbes pr\u00e9sente jusqu\u2019au 28 juin 2026 l\u2019exposition \u00ab Calo Carratal\u00e1, le sentiment du paysage \u00bb. \u00c0 travers une trentaine d\u2019\u0153uvres \u2014 toiles, dessins et carnets de voyage \u2014 le parcours explore la mani\u00e8re dont l\u2019artiste valencien transforme ses immersions en pleine nature en paysages int\u00e9rieurs. Entre for\u00eats tropicales et sommets enneig\u00e9s, sa peinture attentive aux nuances et \u00e0 la m\u00e9moire du voyage nous invite \u00e0 regarder la nature autrement.<\/h2><div style=\"height:35px\" aria-hidden=\"true\" class=\"wp-block-spacer\"><\/div><p>Au Mus\u00e9e Massey de Tarbes, l\u2019exposition \u00ab Calo Carratal\u00e1, le sentiment du paysage \u00bb propose de d\u00e9couvrir le travail d\u2019un peintre espagnol qui, depuis plus de trente ans, consacre son \u0153uvre \u00e0 l\u2019exploration du paysage. Form\u00e9 \u00e0 la Facult\u00e9 des Beaux-Arts de Valence, <a href=\"https:\/\/artistics.com\/artist\/calo-carratala\/\" type=\"link\" id=\"https:\/\/artistics.com\/fr\/artiste\/calo-carratala\/\">Calo Carratal\u00e1<\/a> d\u00e9veloppe depuis le d\u00e9but des ann\u00e9es 1990 une pratique profond\u00e9ment li\u00e9e au voyage et \u00e0 l\u2019observation directe de la nature.<\/p><p>V\u00e9ronique Renaudot, la commissaire artistique de l\u2019exposition, a rassembl\u00e9 une trentaine d\u2019\u0153uvres \u2014 tableaux, croquis et carnets \u2014 autour de deux th\u00e8mes majeurs dans la production r\u00e9cente de l\u2019artiste : la for\u00eat et la montagne. Le parcours occupe trois espaces du mus\u00e9e et propose une progression qui m\u00e8ne le visiteur des <a href=\"https:\/\/artistics.com\/series\/calo-carratala-jungle\/\" type=\"link\" id=\"https:\/\/artistics.com\/fr\/series\/calo-carratala-jungle-fr\/\">paysages amazoniens<\/a> aux <a href=\"https:\/\/artistics.com\/series\/calo-carratala-snow\/\" type=\"link\" id=\"https:\/\/artistics.com\/fr\/series\/calo-carratala-neige\/\">reliefs alpins et pyr\u00e9n\u00e9ens<\/a>.<\/p><div style=\"height:30px\" aria-hidden=\"true\" class=\"wp-block-spacer\"><\/div><figure class=\"wp-block-image size-large\"><img decoding=\"async\" width=\"1024\" height=\"768\" src=\"https:\/\/artistics.com\/wp-content\/uploads\/2026\/03\/expo-entree-1024x768.jpeg\" alt=\"\" class=\"wp-image-99730\" srcset=\"https:\/\/artistics.com\/wp-content\/uploads\/2026\/03\/expo-entree-1024x768.jpeg 1024w, https:\/\/artistics.com\/wp-content\/uploads\/2026\/03\/expo-entree-300x225.jpeg 300w, https:\/\/artistics.com\/wp-content\/uploads\/2026\/03\/expo-entree-768x576.jpeg 768w, https:\/\/artistics.com\/wp-content\/uploads\/2026\/03\/expo-entree-1536x1152.jpeg 1536w, https:\/\/artistics.com\/wp-content\/uploads\/2026\/03\/expo-entree-2048x1536.jpeg 2048w, https:\/\/artistics.com\/wp-content\/uploads\/2026\/03\/expo-entree-550x412.jpeg 550w, https:\/\/artistics.com\/wp-content\/uploads\/2026\/03\/expo-entree-800x600.jpeg 800w, https:\/\/artistics.com\/wp-content\/uploads\/2026\/03\/expo-entree-600x450.jpeg 600w, https:\/\/artistics.com\/wp-content\/uploads\/2026\/03\/expo-entree-180x135.jpeg 180w\" sizes=\"(max-width: 1024px) 100vw, 1024px\" \/><figcaption class=\"wp-element-caption\">Mus\u00e9e Massey, Tarbes. Dans l&rsquo;escalier, de gauche \u00e0 droite : Palafitos Negros (crayon sur bois, 2022) et Selvas Negras n\u00b03 (crayon et fusain sur toile, 2010)<\/figcaption><\/figure><div style=\"height:30px\" aria-hidden=\"true\" class=\"wp-block-spacer\"><\/div><p>La d\u00e9couverte commence dans la cage d\u2019escalier du mus\u00e9e, o\u00f9 deux \u0153uvres monumentales au crayon et au fusain repr\u00e9sentent des paysages observ\u00e9s depuis le fleuve Amazone. Leurs formats imposants \u2014 jusqu\u2019\u00e0 trois m\u00e8tres de large \u2014 donnent d\u2019embl\u00e9e la mesure de l\u2019ambition du projet : traduire la puissance d\u2019environnements naturels qui d\u00e9passent l\u2019\u00e9chelle humaine.<\/p><p>\u00c0 l\u2019\u00e9tage, la salle de droite s\u2019attache aux paysages de montagne. Les Pyr\u00e9n\u00e9es et les Alpes y apparaissent \u00e0 travers des toiles de grand format, mais aussi des dessins et des pages de carnets de voyage. La salle de gauche entra\u00eene ensuite le visiteur vers d\u2019autres latitudes : for\u00eats tropicales amazoniennes ou paysages de Tanzanie. Le passage d\u2019une pi\u00e8ce \u00e0 l\u2019autre se traduit \u00e9galement par un changement chromatique marqu\u00e9. Aux blancs et aux gris des paysages enneig\u00e9s succ\u00e8dent les verts profonds de la v\u00e9g\u00e9tation tropicale.<\/p><div style=\"height:30px\" aria-hidden=\"true\" class=\"wp-block-spacer\"><\/div><figure class=\"wp-block-image size-large\"><img decoding=\"async\" width=\"1024\" height=\"768\" src=\"https:\/\/artistics.com\/wp-content\/uploads\/2026\/03\/expo-montagne-1024x768.jpeg\" alt=\"\" class=\"wp-image-99731\" srcset=\"https:\/\/artistics.com\/wp-content\/uploads\/2026\/03\/expo-montagne-1024x768.jpeg 1024w, https:\/\/artistics.com\/wp-content\/uploads\/2026\/03\/expo-montagne-300x225.jpeg 300w, https:\/\/artistics.com\/wp-content\/uploads\/2026\/03\/expo-montagne-768x576.jpeg 768w, https:\/\/artistics.com\/wp-content\/uploads\/2026\/03\/expo-montagne-1536x1152.jpeg 1536w, https:\/\/artistics.com\/wp-content\/uploads\/2026\/03\/expo-montagne-2048x1536.jpeg 2048w, https:\/\/artistics.com\/wp-content\/uploads\/2026\/03\/expo-montagne-550x412.jpeg 550w, https:\/\/artistics.com\/wp-content\/uploads\/2026\/03\/expo-montagne-800x600.jpeg 800w, https:\/\/artistics.com\/wp-content\/uploads\/2026\/03\/expo-montagne-600x450.jpeg 600w, https:\/\/artistics.com\/wp-content\/uploads\/2026\/03\/expo-montagne-180x135.jpeg 180w\" sizes=\"(max-width: 1024px) 100vw, 1024px\" \/><figcaption class=\"wp-element-caption\">Mus\u00e9e Massey, Tarbes. \u00ab\u00a0Calo Carratal\u00e1, le sentiment du paysage\u00a0\u00bb. Vue de l&rsquo;exposition.<\/figcaption><\/figure><div style=\"height:30px\" aria-hidden=\"true\" class=\"wp-block-spacer\"><\/div><p>La diversit\u00e9 des \u0153uvres expos\u00e9es, en terme de technique et de support, refl\u00e8te directement la m\u00e9thode de travail de l\u2019artiste. Lors de ses d\u00e9placements, <a href=\"https:\/\/artistics.com\/artist\/calo-carratala\/\" type=\"link\" id=\"https:\/\/artistics.com\/fr\/artiste\/calo-carratala\/\">Carratal\u00e1<\/a> r\u00e9alise croquis, aquarelles et notes visuelles \u00ab sur le motif \u00bb. Cette pratique rappelle celle des peintres du XIX\u1d49 si\u00e8cle qui travaillaient au c\u0153ur du paysage. Une fois rentr\u00e9 \u00e0 Valence, l\u2019artiste laisse m\u00fbrir ce mat\u00e9riau pendant plusieurs mois avant de l\u2019utiliser pour \u00e9laborer de grandes compositions. Ces toiles deviennent alors des r\u00e9miniscences des lieux parcourus.<\/p><p>Le texte qui accompagne l\u2019exposition insiste sur cette dimension int\u00e9rieure du travail : \u00ab Calo Carratal\u00e1 n&rsquo;est pas un artiste naturaliste, ni un \u00ab peintre de la r\u00e9alit\u00e9 \u00bb. L&rsquo;\u00e9nergie qui alimente sa cr\u00e9ation est faite d&rsquo;introspection, elle est \u00e0 la fois \u00e9motionnelle, instinctive et intellectuelle. Les images que Carratal\u00e1 fait na\u00eetre sur la toile ne sont pas des repr\u00e9sentations fid\u00e8les de ce que l&rsquo;\u0153il per\u00e7oit \u00ab\u00a0photographiquement\u00a0\u00bb. Elles sont des jaillissements de la vie int\u00e9rieure de l&rsquo;artiste qu&rsquo;il offre \u00e0 notre propre introspection et m\u00e9ditation. \u00bb<\/p><div style=\"height:30px\" aria-hidden=\"true\" class=\"wp-block-spacer\"><\/div><figure class=\"wp-block-image size-large\"><img decoding=\"async\" width=\"1024\" height=\"683\" src=\"https:\/\/artistics.com\/wp-content\/uploads\/2026\/03\/expo-foret-2-1024x683.jpg\" alt=\"\" class=\"wp-image-99732\" srcset=\"https:\/\/artistics.com\/wp-content\/uploads\/2026\/03\/expo-foret-2-1024x683.jpg 1024w, https:\/\/artistics.com\/wp-content\/uploads\/2026\/03\/expo-foret-2-300x200.jpg 300w, https:\/\/artistics.com\/wp-content\/uploads\/2026\/03\/expo-foret-2-768x512.jpg 768w, https:\/\/artistics.com\/wp-content\/uploads\/2026\/03\/expo-foret-2-1536x1024.jpg 1536w, https:\/\/artistics.com\/wp-content\/uploads\/2026\/03\/expo-foret-2-2048x1365.jpg 2048w, https:\/\/artistics.com\/wp-content\/uploads\/2026\/03\/expo-foret-2-550x367.jpg 550w, https:\/\/artistics.com\/wp-content\/uploads\/2026\/03\/expo-foret-2-180x120.jpg 180w\" sizes=\"(max-width: 1024px) 100vw, 1024px\" \/><figcaption class=\"wp-element-caption\">Mus\u00e9e Massey, Tarbes. Selvas Negras n\u00b01 (crayon et fusain sur toile, 2010)<\/figcaption><\/figure><div style=\"height:30px\" aria-hidden=\"true\" class=\"wp-block-spacer\"><\/div><p>Dans ces paysages souvent d\u00e9pourvus de pr\u00e9sence humaine \u2014 ou habit\u00e9s par de simples silhouettes minuscules \u2014 la nature appara\u00eet \u00e0 la fois majestueuse et fragile. Les figures, lorsqu\u2019elles apparaissent, semblent presque englouties par la densit\u00e9 de la for\u00eat.<\/p><p>La force des <a href=\"https:\/\/artistics.com\/artist\/calo-carratala\/\" type=\"link\" id=\"https:\/\/artistics.com\/fr\/artiste\/calo-carratala\/\">\u0153uvres de Carratal\u00e1<\/a> tient \u00e9galement \u00e0 leur \u00e9conomie de moyens. \u00ab Sa palette r\u00e9duite confine, dans certaines s\u00e9ries, \u00e0 la monochromie. Ce travail sur la nuance et le lavis rappelle beaucoup les \u0153uvres \u00e0 l&rsquo;encre des grands ma\u00eetres chinois [\u2026] de la peinture philosophique de paysage \u00bb, souligne encore le texte de l\u2019exposition. Cette retenue chromatique, loin d\u2019appauvrir l\u2019image, accentue au contraire l\u2019intensit\u00e9 des atmosph\u00e8res.<\/p><p>En r\u00e9unissant \u0153uvres monumentales et fragments de carnets, \u00ab Calo Carratal\u00e1, le sentiment du paysage \u00bb met en lumi\u00e8re un travail qui oscille constamment entre observation et m\u00e9moire. L\u2019exposition offre ainsi une entr\u00e9e \u00e9clairante dans l\u2019univers d\u2019un artiste pour qui le paysage n\u2019est jamais seulement un lieu, mais une exp\u00e9rience sensible et m\u00e9ditative.<\/p><div style=\"height:30px\" aria-hidden=\"true\" class=\"wp-block-spacer\"><\/div><p><em>Calo Carratal\u00e1, le sentiment du paysage<br>Mus\u00e9e Massey, Rue Achille Jubinal, Tarbes, France<br>Exposition prolong\u00e9e jusqu\u2019au 28 juin 2026<\/em><\/p><div style=\"height:30px\" aria-hidden=\"true\" class=\"wp-block-spacer\"><\/div><figure class=\"wp-block-embed is-type-video is-provider-youtube wp-block-embed-youtube wp-embed-aspect-9-16 wp-has-aspect-ratio\"><div class=\"wp-block-embed__wrapper\">\n<iframe title=\"Calo Carratal\u00e1 for Mus\u00e9e Massey Tarbes\" width=\"422\" height=\"750\" src=\"https:\/\/www.youtube.com\/embed\/bMkKgb_Tk2A?feature=oembed\" frameborder=\"0\" allow=\"accelerometer; autoplay; clipboard-write; encrypted-media; gyroscope; picture-in-picture; web-share\" referrerpolicy=\"strict-origin-when-cross-origin\" allowfullscreen><\/iframe>\n<\/div><\/figure><div style=\"height:31px\" aria-hidden=\"true\" class=\"wp-block-spacer\"><\/div>","protected":false},"excerpt":{"rendered":"<p>Le Mus\u00e9e Massey de Tarbes pr\u00e9sente jusqu\u2019au 28 juin 2026 l\u2019exposition \u00ab Calo Carratal\u00e1, le sentiment du paysage \u00bb. \u00c0 travers une trentaine d\u2019\u0153uvres \u2014 toiles, dessins et carnets de voyage \u2014 le parcours explore la mani\u00e8re dont l\u2019artiste valencien transforme ses immersions en pleine nature en paysages int\u00e9rieurs. Entre for\u00eats tropicales et sommets enneig\u00e9s, [&hellip;]<\/p>\n","protected":false},"author":4,"featured_media":99742,"comment_status":"closed","ping_status":"open","sticky":false,"template":"","format":"standard","meta":{"_acf_changed":false,"_searchwp_excluded":"","inline_featured_image":false,"footnotes":""},"categories":[1184],"tags":[],"class_list":["post-99741","post","type-post","status-publish","format-standard","has-post-thumbnail","hentry","category-actualites-de-nos-artistes"],"acf":[],"yoast_head":"<!-- This site is optimized with the Yoast SEO Premium plugin v27.3 (Yoast SEO v27.3) - https:\/\/yoast.com\/product\/yoast-seo-premium-wordpress\/ -->\n<title>Calo Carratal\u00e1 au Mus\u00e9e Massey : le sentiment du paysage | Artistics<\/title>\n<meta name=\"description\" content=\"\u00c0 Tarbes, le Mus\u00e9e Massey consacre une exposition \u00e0 Calo Carratal\u00e1. Entre for\u00eats amazoniennes et sommets pyr\u00e9n\u00e9ens, le peintre explore une vision sensible du paysage.\" \/>\n<meta name=\"robots\" content=\"index, follow, max-snippet:-1, max-image-preview:large, max-video-preview:-1\" \/>\n<link rel=\"canonical\" href=\"https:\/\/artistics.com\/fr\/artzine\/calo-carratala-la-memoire-sensible-du-paysage\/\" \/>\n<meta property=\"og:locale\" content=\"fr_FR\" \/>\n<meta property=\"og:type\" content=\"article\" \/>\n<meta property=\"og:title\" content=\"Calo Carratal\u00e1, la m\u00e9moire sensible du paysage\" \/>\n<meta property=\"og:description\" content=\"\u00c0 Tarbes, le Mus\u00e9e Massey consacre une exposition \u00e0 Calo Carratal\u00e1. Entre for\u00eats amazoniennes et sommets pyr\u00e9n\u00e9ens, le peintre explore une vision sensible du paysage.\" \/>\n<meta property=\"og:url\" content=\"https:\/\/artistics.com\/fr\/artzine\/calo-carratala-la-memoire-sensible-du-paysage\/\" \/>\n<meta property=\"og:site_name\" content=\"Artistics\" \/>\n<meta property=\"article:publisher\" content=\"https:\/\/www.facebook.com\/ArtisticsMag\" \/>\n<meta property=\"article:published_time\" content=\"2026-03-18T18:37:28+00:00\" \/>\n<meta property=\"article:modified_time\" content=\"2026-03-19T15:14:42+00:00\" \/>\n<meta property=\"og:image\" content=\"https:\/\/artistics.com\/wp-content\/uploads\/2026\/03\/une-expo-foret-scaled.jpg\" \/>\n\t<meta property=\"og:image:width\" content=\"2560\" \/>\n\t<meta property=\"og:image:height\" content=\"1920\" \/>\n\t<meta property=\"og:image:type\" content=\"image\/jpeg\" \/>\n<meta name=\"author\" content=\"Christophe Salet\" \/>\n<meta name=\"twitter:card\" content=\"summary_large_image\" \/>\n<meta name=\"twitter:creator\" content=\"@Artistics_FR\" \/>\n<meta name=\"twitter:site\" content=\"@Artistics_FR\" \/>\n<meta name=\"twitter:label1\" content=\"\u00c9crit par\" \/>\n\t<meta name=\"twitter:data1\" content=\"Christophe Salet\" \/>\n\t<meta name=\"twitter:label2\" content=\"Dur\u00e9e de lecture estim\u00e9e\" \/>\n\t<meta name=\"twitter:data2\" content=\"5 minutes\" \/>\n<script type=\"application\/ld+json\" class=\"yoast-schema-graph\">{\"@context\":\"https:\\\/\\\/schema.org\",\"@graph\":[{\"@type\":[\"Article\",\"BlogPosting\"],\"@id\":\"https:\\\/\\\/artistics.com\\\/fr\\\/artzine\\\/calo-carratala-la-memoire-sensible-du-paysage\\\/#article\",\"isPartOf\":{\"@id\":\"https:\\\/\\\/artistics.com\\\/fr\\\/artzine\\\/calo-carratala-la-memoire-sensible-du-paysage\\\/\"},\"author\":{\"name\":\"Christophe Salet\",\"@id\":\"https:\\\/\\\/artistics.com\\\/fr\\\/#\\\/schema\\\/person\\\/1367e63148251e426892320f3452d474\"},\"headline\":\"Calo Carratal\u00e1, la m\u00e9moire sensible du paysage\",\"datePublished\":\"2026-03-18T18:37:28+00:00\",\"dateModified\":\"2026-03-19T15:14:42+00:00\",\"mainEntityOfPage\":{\"@id\":\"https:\\\/\\\/artistics.com\\\/fr\\\/artzine\\\/calo-carratala-la-memoire-sensible-du-paysage\\\/\"},\"wordCount\":815,\"publisher\":{\"@id\":\"https:\\\/\\\/artistics.com\\\/fr\\\/#organization\"},\"image\":{\"@id\":\"https:\\\/\\\/artistics.com\\\/fr\\\/artzine\\\/calo-carratala-la-memoire-sensible-du-paysage\\\/#primaryimage\"},\"thumbnailUrl\":\"https:\\\/\\\/artistics.com\\\/wp-content\\\/uploads\\\/2026\\\/03\\\/une-expo-foret-scaled.jpg\",\"articleSection\":[\"L\u2019actu de nos artistes\"],\"inLanguage\":\"fr-FR\"},{\"@type\":\"WebPage\",\"@id\":\"https:\\\/\\\/artistics.com\\\/fr\\\/artzine\\\/calo-carratala-la-memoire-sensible-du-paysage\\\/\",\"url\":\"https:\\\/\\\/artistics.com\\\/fr\\\/artzine\\\/calo-carratala-la-memoire-sensible-du-paysage\\\/\",\"name\":\"Calo Carratal\u00e1 au Mus\u00e9e Massey : le sentiment du paysage | Artistics\",\"isPartOf\":{\"@id\":\"https:\\\/\\\/artistics.com\\\/fr\\\/#website\"},\"primaryImageOfPage\":{\"@id\":\"https:\\\/\\\/artistics.com\\\/fr\\\/artzine\\\/calo-carratala-la-memoire-sensible-du-paysage\\\/#primaryimage\"},\"image\":{\"@id\":\"https:\\\/\\\/artistics.com\\\/fr\\\/artzine\\\/calo-carratala-la-memoire-sensible-du-paysage\\\/#primaryimage\"},\"thumbnailUrl\":\"https:\\\/\\\/artistics.com\\\/wp-content\\\/uploads\\\/2026\\\/03\\\/une-expo-foret-scaled.jpg\",\"datePublished\":\"2026-03-18T18:37:28+00:00\",\"dateModified\":\"2026-03-19T15:14:42+00:00\",\"description\":\"\u00c0 Tarbes, le Mus\u00e9e Massey consacre une exposition \u00e0 Calo Carratal\u00e1. Entre for\u00eats amazoniennes et sommets pyr\u00e9n\u00e9ens, le peintre explore une vision sensible du paysage.\",\"breadcrumb\":{\"@id\":\"https:\\\/\\\/artistics.com\\\/fr\\\/artzine\\\/calo-carratala-la-memoire-sensible-du-paysage\\\/#breadcrumb\"},\"inLanguage\":\"fr-FR\",\"potentialAction\":[{\"@type\":\"ReadAction\",\"target\":[\"https:\\\/\\\/artistics.com\\\/fr\\\/artzine\\\/calo-carratala-la-memoire-sensible-du-paysage\\\/\"]}]},{\"@type\":\"ImageObject\",\"inLanguage\":\"fr-FR\",\"@id\":\"https:\\\/\\\/artistics.com\\\/fr\\\/artzine\\\/calo-carratala-la-memoire-sensible-du-paysage\\\/#primaryimage\",\"url\":\"https:\\\/\\\/artistics.com\\\/wp-content\\\/uploads\\\/2026\\\/03\\\/une-expo-foret-scaled.jpg\",\"contentUrl\":\"https:\\\/\\\/artistics.com\\\/wp-content\\\/uploads\\\/2026\\\/03\\\/une-expo-foret-scaled.jpg\",\"width\":2560,\"height\":1920},{\"@type\":\"BreadcrumbList\",\"@id\":\"https:\\\/\\\/artistics.com\\\/fr\\\/artzine\\\/calo-carratala-la-memoire-sensible-du-paysage\\\/#breadcrumb\",\"itemListElement\":[{\"@type\":\"ListItem\",\"position\":1,\"name\":\"Achat \u0153uvre d'art\",\"item\":\"https:\\\/\\\/artistics.com\\\/fr\\\/\"},{\"@type\":\"ListItem\",\"position\":2,\"name\":\"L\u2019actu de nos artistes\",\"item\":\"https:\\\/\\\/artistics.com\\\/fr\\\/artzine\\\/category\\\/actualites-de-nos-artistes\\\/\"},{\"@type\":\"ListItem\",\"position\":3,\"name\":\"Calo Carratal\u00e1, la m\u00e9moire sensible du paysage\"}]},{\"@type\":\"WebSite\",\"@id\":\"https:\\\/\\\/artistics.com\\\/fr\\\/#website\",\"url\":\"https:\\\/\\\/artistics.com\\\/fr\\\/\",\"name\":\"Artistics\",\"description\":\"The online art gallery\",\"publisher\":{\"@id\":\"https:\\\/\\\/artistics.com\\\/fr\\\/#organization\"},\"potentialAction\":[{\"@type\":\"SearchAction\",\"target\":{\"@type\":\"EntryPoint\",\"urlTemplate\":\"https:\\\/\\\/artistics.com\\\/fr\\\/?s={search_term_string}\"},\"query-input\":{\"@type\":\"PropertyValueSpecification\",\"valueRequired\":true,\"valueName\":\"search_term_string\"}}],\"inLanguage\":\"fr-FR\"},{\"@type\":\"Organization\",\"@id\":\"https:\\\/\\\/artistics.com\\\/fr\\\/#organization\",\"name\":\"Artistics\",\"url\":\"https:\\\/\\\/artistics.com\\\/fr\\\/\",\"logo\":{\"@type\":\"ImageObject\",\"inLanguage\":\"fr-FR\",\"@id\":\"https:\\\/\\\/artistics.com\\\/fr\\\/#\\\/schema\\\/logo\\\/image\\\/\",\"url\":\"https:\\\/\\\/artistics.com\\\/wp-content\\\/uploads\\\/2023\\\/02\\\/artistics-logo-web-1.svg\",\"contentUrl\":\"https:\\\/\\\/artistics.com\\\/wp-content\\\/uploads\\\/2023\\\/02\\\/artistics-logo-web-1.svg\",\"caption\":\"Artistics\"},\"image\":{\"@id\":\"https:\\\/\\\/artistics.com\\\/fr\\\/#\\\/schema\\\/logo\\\/image\\\/\"},\"sameAs\":[\"https:\\\/\\\/www.facebook.com\\\/ArtisticsMag\",\"https:\\\/\\\/x.com\\\/Artistics_FR\",\"http:\\\/\\\/www.linkedin.com\\\/company\\\/artistics\",\"https:\\\/\\\/www.instagram.com\\\/artistics_com\\\/\",\"http:\\\/\\\/www.pinterest.com\\\/ArtisticsMag\"],\"hasMerchantReturnPolicy\":{\"@type\":\"MerchantReturnPolicy\",\"merchantReturnLink\":\"https:\\\/\\\/artistics.com\\\/free-return-policy\\\/\"}},{\"@type\":\"Person\",\"@id\":\"https:\\\/\\\/artistics.com\\\/fr\\\/#\\\/schema\\\/person\\\/1367e63148251e426892320f3452d474\",\"name\":\"Christophe Salet\",\"image\":{\"@type\":\"ImageObject\",\"inLanguage\":\"fr-FR\",\"@id\":\"https:\\\/\\\/secure.gravatar.com\\\/avatar\\\/91f432599f85a6d56c33b915f1b9ebc5efdabae77f9b6e054e22a9c119116cdc?s=96&d=mm&r=g\",\"url\":\"https:\\\/\\\/secure.gravatar.com\\\/avatar\\\/91f432599f85a6d56c33b915f1b9ebc5efdabae77f9b6e054e22a9c119116cdc?s=96&d=mm&r=g\",\"contentUrl\":\"https:\\\/\\\/secure.gravatar.com\\\/avatar\\\/91f432599f85a6d56c33b915f1b9ebc5efdabae77f9b6e054e22a9c119116cdc?s=96&d=mm&r=g\",\"caption\":\"Christophe Salet\"}}]}<\/script>\n<!-- \/ Yoast SEO Premium plugin. -->","yoast_head_json":{"title":"Calo Carratal\u00e1 au Mus\u00e9e Massey : le sentiment du paysage | Artistics","description":"\u00c0 Tarbes, le Mus\u00e9e Massey consacre une exposition \u00e0 Calo Carratal\u00e1. Entre for\u00eats amazoniennes et sommets pyr\u00e9n\u00e9ens, le peintre explore une vision sensible du paysage.","robots":{"index":"index","follow":"follow","max-snippet":"max-snippet:-1","max-image-preview":"max-image-preview:large","max-video-preview":"max-video-preview:-1"},"canonical":"https:\/\/artistics.com\/fr\/artzine\/calo-carratala-la-memoire-sensible-du-paysage\/","og_locale":"fr_FR","og_type":"article","og_title":"Calo Carratal\u00e1, la m\u00e9moire sensible du paysage","og_description":"\u00c0 Tarbes, le Mus\u00e9e Massey consacre une exposition \u00e0 Calo Carratal\u00e1. Entre for\u00eats amazoniennes et sommets pyr\u00e9n\u00e9ens, le peintre explore une vision sensible du paysage.","og_url":"https:\/\/artistics.com\/fr\/artzine\/calo-carratala-la-memoire-sensible-du-paysage\/","og_site_name":"Artistics","article_publisher":"https:\/\/www.facebook.com\/ArtisticsMag","article_published_time":"2026-03-18T18:37:28+00:00","article_modified_time":"2026-03-19T15:14:42+00:00","og_image":[{"width":2560,"height":1920,"url":"https:\/\/artistics.com\/wp-content\/uploads\/2026\/03\/une-expo-foret-scaled.jpg","type":"image\/jpeg"}],"author":"Christophe Salet","twitter_card":"summary_large_image","twitter_creator":"@Artistics_FR","twitter_site":"@Artistics_FR","twitter_misc":{"\u00c9crit par":"Christophe Salet","Dur\u00e9e de lecture estim\u00e9e":"5 minutes"},"schema":{"@context":"https:\/\/schema.org","@graph":[{"@type":["Article","BlogPosting"],"@id":"https:\/\/artistics.com\/fr\/artzine\/calo-carratala-la-memoire-sensible-du-paysage\/#article","isPartOf":{"@id":"https:\/\/artistics.com\/fr\/artzine\/calo-carratala-la-memoire-sensible-du-paysage\/"},"author":{"name":"Christophe Salet","@id":"https:\/\/artistics.com\/fr\/#\/schema\/person\/1367e63148251e426892320f3452d474"},"headline":"Calo Carratal\u00e1, la m\u00e9moire sensible du paysage","datePublished":"2026-03-18T18:37:28+00:00","dateModified":"2026-03-19T15:14:42+00:00","mainEntityOfPage":{"@id":"https:\/\/artistics.com\/fr\/artzine\/calo-carratala-la-memoire-sensible-du-paysage\/"},"wordCount":815,"publisher":{"@id":"https:\/\/artistics.com\/fr\/#organization"},"image":{"@id":"https:\/\/artistics.com\/fr\/artzine\/calo-carratala-la-memoire-sensible-du-paysage\/#primaryimage"},"thumbnailUrl":"https:\/\/artistics.com\/wp-content\/uploads\/2026\/03\/une-expo-foret-scaled.jpg","articleSection":["L\u2019actu de nos artistes"],"inLanguage":"fr-FR"},{"@type":"WebPage","@id":"https:\/\/artistics.com\/fr\/artzine\/calo-carratala-la-memoire-sensible-du-paysage\/","url":"https:\/\/artistics.com\/fr\/artzine\/calo-carratala-la-memoire-sensible-du-paysage\/","name":"Calo Carratal\u00e1 au Mus\u00e9e Massey : le sentiment du paysage | Artistics","isPartOf":{"@id":"https:\/\/artistics.com\/fr\/#website"},"primaryImageOfPage":{"@id":"https:\/\/artistics.com\/fr\/artzine\/calo-carratala-la-memoire-sensible-du-paysage\/#primaryimage"},"image":{"@id":"https:\/\/artistics.com\/fr\/artzine\/calo-carratala-la-memoire-sensible-du-paysage\/#primaryimage"},"thumbnailUrl":"https:\/\/artistics.com\/wp-content\/uploads\/2026\/03\/une-expo-foret-scaled.jpg","datePublished":"2026-03-18T18:37:28+00:00","dateModified":"2026-03-19T15:14:42+00:00","description":"\u00c0 Tarbes, le Mus\u00e9e Massey consacre une exposition \u00e0 Calo Carratal\u00e1. Entre for\u00eats amazoniennes et sommets pyr\u00e9n\u00e9ens, le peintre explore une vision sensible du paysage.","breadcrumb":{"@id":"https:\/\/artistics.com\/fr\/artzine\/calo-carratala-la-memoire-sensible-du-paysage\/#breadcrumb"},"inLanguage":"fr-FR","potentialAction":[{"@type":"ReadAction","target":["https:\/\/artistics.com\/fr\/artzine\/calo-carratala-la-memoire-sensible-du-paysage\/"]}]},{"@type":"ImageObject","inLanguage":"fr-FR","@id":"https:\/\/artistics.com\/fr\/artzine\/calo-carratala-la-memoire-sensible-du-paysage\/#primaryimage","url":"https:\/\/artistics.com\/wp-content\/uploads\/2026\/03\/une-expo-foret-scaled.jpg","contentUrl":"https:\/\/artistics.com\/wp-content\/uploads\/2026\/03\/une-expo-foret-scaled.jpg","width":2560,"height":1920},{"@type":"BreadcrumbList","@id":"https:\/\/artistics.com\/fr\/artzine\/calo-carratala-la-memoire-sensible-du-paysage\/#breadcrumb","itemListElement":[{"@type":"ListItem","position":1,"name":"Achat \u0153uvre d'art","item":"https:\/\/artistics.com\/fr\/"},{"@type":"ListItem","position":2,"name":"L\u2019actu de nos artistes","item":"https:\/\/artistics.com\/fr\/artzine\/category\/actualites-de-nos-artistes\/"},{"@type":"ListItem","position":3,"name":"Calo Carratal\u00e1, la m\u00e9moire sensible du paysage"}]},{"@type":"WebSite","@id":"https:\/\/artistics.com\/fr\/#website","url":"https:\/\/artistics.com\/fr\/","name":"Artistics","description":"The online art gallery","publisher":{"@id":"https:\/\/artistics.com\/fr\/#organization"},"potentialAction":[{"@type":"SearchAction","target":{"@type":"EntryPoint","urlTemplate":"https:\/\/artistics.com\/fr\/?s={search_term_string}"},"query-input":{"@type":"PropertyValueSpecification","valueRequired":true,"valueName":"search_term_string"}}],"inLanguage":"fr-FR"},{"@type":"Organization","@id":"https:\/\/artistics.com\/fr\/#organization","name":"Artistics","url":"https:\/\/artistics.com\/fr\/","logo":{"@type":"ImageObject","inLanguage":"fr-FR","@id":"https:\/\/artistics.com\/fr\/#\/schema\/logo\/image\/","url":"https:\/\/artistics.com\/wp-content\/uploads\/2023\/02\/artistics-logo-web-1.svg","contentUrl":"https:\/\/artistics.com\/wp-content\/uploads\/2023\/02\/artistics-logo-web-1.svg","caption":"Artistics"},"image":{"@id":"https:\/\/artistics.com\/fr\/#\/schema\/logo\/image\/"},"sameAs":["https:\/\/www.facebook.com\/ArtisticsMag","https:\/\/x.com\/Artistics_FR","http:\/\/www.linkedin.com\/company\/artistics","https:\/\/www.instagram.com\/artistics_com\/","http:\/\/www.pinterest.com\/ArtisticsMag"],"hasMerchantReturnPolicy":{"@type":"MerchantReturnPolicy","merchantReturnLink":"https:\/\/artistics.com\/free-return-policy\/"}},{"@type":"Person","@id":"https:\/\/artistics.com\/fr\/#\/schema\/person\/1367e63148251e426892320f3452d474","name":"Christophe Salet","image":{"@type":"ImageObject","inLanguage":"fr-FR","@id":"https:\/\/secure.gravatar.com\/avatar\/91f432599f85a6d56c33b915f1b9ebc5efdabae77f9b6e054e22a9c119116cdc?s=96&d=mm&r=g","url":"https:\/\/secure.gravatar.com\/avatar\/91f432599f85a6d56c33b915f1b9ebc5efdabae77f9b6e054e22a9c119116cdc?s=96&d=mm&r=g","contentUrl":"https:\/\/secure.gravatar.com\/avatar\/91f432599f85a6d56c33b915f1b9ebc5efdabae77f9b6e054e22a9c119116cdc?s=96&d=mm&r=g","caption":"Christophe Salet"}}]}},"_links":{"self":[{"href":"https:\/\/artistics.com\/fr\/wp-json\/wp\/v2\/posts\/99741","targetHints":{"allow":["GET"]}}],"collection":[{"href":"https:\/\/artistics.com\/fr\/wp-json\/wp\/v2\/posts"}],"about":[{"href":"https:\/\/artistics.com\/fr\/wp-json\/wp\/v2\/types\/post"}],"author":[{"embeddable":true,"href":"https:\/\/artistics.com\/fr\/wp-json\/wp\/v2\/users\/4"}],"replies":[{"embeddable":true,"href":"https:\/\/artistics.com\/fr\/wp-json\/wp\/v2\/comments?post=99741"}],"version-history":[{"count":4,"href":"https:\/\/artistics.com\/fr\/wp-json\/wp\/v2\/posts\/99741\/revisions"}],"predecessor-version":[{"id":99780,"href":"https:\/\/artistics.com\/fr\/wp-json\/wp\/v2\/posts\/99741\/revisions\/99780"}],"wp:featuredmedia":[{"embeddable":true,"href":"https:\/\/artistics.com\/fr\/wp-json\/wp\/v2\/media\/99742"}],"wp:attachment":[{"href":"https:\/\/artistics.com\/fr\/wp-json\/wp\/v2\/media?parent=99741"}],"wp:term":[{"taxonomy":"category","embeddable":true,"href":"https:\/\/artistics.com\/fr\/wp-json\/wp\/v2\/categories?post=99741"},{"taxonomy":"post_tag","embeddable":true,"href":"https:\/\/artistics.com\/fr\/wp-json\/wp\/v2\/tags?post=99741"}],"curies":[{"name":"wp","href":"https:\/\/api.w.org\/{rel}","templated":true}]}}