{"id":67823,"date":"2024-10-18T18:25:44","date_gmt":"2024-10-18T16:25:44","guid":{"rendered":"https:\/\/artistics.com\/artzine\/artistics-visit-to-art-basel-paris-2024\/"},"modified":"2024-10-18T23:16:48","modified_gmt":"2024-10-18T21:16:48","slug":"artistics-visit-to-art-basel-paris-2024","status":"publish","type":"post","link":"https:\/\/artistics.com\/fr\/artzine\/artistics-visit-to-art-basel-paris-2024\/","title":{"rendered":"Visite d\u2019Artistics \u00e0 Art Basel Paris 2024"},"content":{"rendered":"<h2 class=\"wp-block-heading\" id=\"h-comme-nous-l-avons-mentionne-dans-notre-precedent-article-notre-prochaine-decouverte-artistique-se-fera-a-paris-la-tres-attendue-foire-art-basel-paris-se-tient-cette-semaine-au-grand-palais-rouvert-apres-4-ans-de-renovation-la-foire-a-transforme-la-ville-en-un-centre-dynamique-pour-l-art-contemporain-attirant-des-collectionneurs-des-curateurs-et-des-amateurs-du-monde-entier\">Comme nous l&rsquo;avons mentionn\u00e9 dans notre pr\u00e9c\u00e9dent article, notre prochaine d\u00e9couverte artistique se fera \u00e0 Paris !\u00a0 La tr\u00e8s attendue foire Art Basel Paris se tient cette semaine au Grand Palais, rouvert apr\u00e8s 4 ans de r\u00e9novation. La foire a transform\u00e9 la ville en un centre dynamique pour l&rsquo;art contemporain, attirant des collectionneurs, des curateurs et des amateurs du monde entier.<\/h2><p>Cette ann\u00e9e, Art Basel Paris pr\u00e9sente un \u00e9ventail exceptionnel de galeries, avec plus de 190 participants pr\u00e9sentant un m\u00e9lange \u00e9clectique d&rsquo;\u0153uvres contemporaines. Outre le secteur d&rsquo;exposition principal, la foire pr\u00e9sente le secteur \u00ab Emergence \u00bb, avec des artistes jeunes et \u00e9mergents, et le secteur \u00ab Premise \u00bb, avec une proposition curatoriale atypique pouvant inclure de cr\u00e9ations ant\u00e9rieures \u00e0 1900. \u00c0 l&rsquo;ext\u00e9rieur du Grand Palais, un programme public comprenant des sculptures et des installations en plein air a transform\u00e9 les rues parisiennes en exposition \u00e0 ciel ouvert, invitant les habitants et les visiteurs \u00e0 d\u00e9couvrir les \u0153uvres d&rsquo;art contemporain.<\/p><p>Paris, avec son riche patrimoine artistique et ses importantes institutions culturelles, est le cadre id\u00e9al pour cet \u00e9v\u00e9nement. L&rsquo;interaction entre le contexte historique et les pratiques contemporaines est pr\u00e9sente tout au long de la foire et de son programme. Alors que nous continuons \u00e0 explorer cet \u00e9v\u00e9nement passionnant, nous sommes ravis de partager avec vous nos d\u00e9couvertes artistiques pr\u00e9f\u00e9r\u00e9es.<\/p><figure class=\"wp-block-image size-large\"><img decoding=\"async\" width=\"1024\" height=\"768\" src=\"https:\/\/artistics.com\/wp-content\/uploads\/2024\/10\/art-basel-paris-2024-18-1024x768.jpg\" alt=\"\" class=\"wp-image-67780\" srcset=\"https:\/\/artistics.com\/wp-content\/uploads\/2024\/10\/art-basel-paris-2024-18-1024x768.jpg 1024w, https:\/\/artistics.com\/wp-content\/uploads\/2024\/10\/art-basel-paris-2024-18-300x225.jpg 300w, https:\/\/artistics.com\/wp-content\/uploads\/2024\/10\/art-basel-paris-2024-18-768x576.jpg 768w, https:\/\/artistics.com\/wp-content\/uploads\/2024\/10\/art-basel-paris-2024-18-1536x1152.jpg 1536w, https:\/\/artistics.com\/wp-content\/uploads\/2024\/10\/art-basel-paris-2024-18-2048x1536.jpg 2048w, https:\/\/artistics.com\/wp-content\/uploads\/2024\/10\/art-basel-paris-2024-18-550x413.jpg 550w, https:\/\/artistics.com\/wp-content\/uploads\/2024\/10\/art-basel-paris-2024-18-800x600.jpg 800w, https:\/\/artistics.com\/wp-content\/uploads\/2024\/10\/art-basel-paris-2024-18-600x450.jpg 600w, https:\/\/artistics.com\/wp-content\/uploads\/2024\/10\/art-basel-paris-2024-18-180x135.jpg 180w\" sizes=\"(max-width: 1024px) 100vw, 1024px\" \/><figcaption class=\"wp-element-caption\">Grace Carney, <em>Something Blue<\/em>, 2024. Galerie PPOW<\/figcaption><\/figure><figure class=\"wp-block-image size-large\"><img decoding=\"async\" width=\"1024\" height=\"768\" src=\"https:\/\/artistics.com\/wp-content\/uploads\/2024\/10\/art-basel-paris-2024-19-1024x768.jpg\" alt=\"\" class=\"wp-image-67782\" srcset=\"https:\/\/artistics.com\/wp-content\/uploads\/2024\/10\/art-basel-paris-2024-19-1024x768.jpg 1024w, https:\/\/artistics.com\/wp-content\/uploads\/2024\/10\/art-basel-paris-2024-19-300x225.jpg 300w, https:\/\/artistics.com\/wp-content\/uploads\/2024\/10\/art-basel-paris-2024-19-768x576.jpg 768w, https:\/\/artistics.com\/wp-content\/uploads\/2024\/10\/art-basel-paris-2024-19-1536x1152.jpg 1536w, https:\/\/artistics.com\/wp-content\/uploads\/2024\/10\/art-basel-paris-2024-19-2048x1536.jpg 2048w, https:\/\/artistics.com\/wp-content\/uploads\/2024\/10\/art-basel-paris-2024-19-550x413.jpg 550w, https:\/\/artistics.com\/wp-content\/uploads\/2024\/10\/art-basel-paris-2024-19-800x600.jpg 800w, https:\/\/artistics.com\/wp-content\/uploads\/2024\/10\/art-basel-paris-2024-19-600x450.jpg 600w, https:\/\/artistics.com\/wp-content\/uploads\/2024\/10\/art-basel-paris-2024-19-180x135.jpg 180w\" sizes=\"(max-width: 1024px) 100vw, 1024px\" \/><figcaption class=\"wp-element-caption\">Grace Carney \/ Ann Agee. Stand de la galerie PPOW<\/figcaption><\/figure><figure class=\"wp-block-image size-large\"><img decoding=\"async\" width=\"768\" height=\"1024\" src=\"https:\/\/artistics.com\/wp-content\/uploads\/2024\/10\/art-basel-paris-2024-23-768x1024.jpg\" alt=\"\" class=\"wp-image-67790\" srcset=\"https:\/\/artistics.com\/wp-content\/uploads\/2024\/10\/art-basel-paris-2024-23-768x1024.jpg 768w, https:\/\/artistics.com\/wp-content\/uploads\/2024\/10\/art-basel-paris-2024-23-225x300.jpg 225w, https:\/\/artistics.com\/wp-content\/uploads\/2024\/10\/art-basel-paris-2024-23-1152x1536.jpg 1152w, https:\/\/artistics.com\/wp-content\/uploads\/2024\/10\/art-basel-paris-2024-23-300x400.jpg 300w, https:\/\/artistics.com\/wp-content\/uploads\/2024\/10\/art-basel-paris-2024-23-600x800.jpg 600w, https:\/\/artistics.com\/wp-content\/uploads\/2024\/10\/art-basel-paris-2024-23-550x733.jpg 550w, https:\/\/artistics.com\/wp-content\/uploads\/2024\/10\/art-basel-paris-2024-23-135x180.jpg 135w, https:\/\/artistics.com\/wp-content\/uploads\/2024\/10\/art-basel-paris-2024-23.jpg 1500w\" sizes=\"(max-width: 768px) 100vw, 768px\" \/><figcaption class=\"wp-element-caption\">Hans Op De Beeck, <em>Zhai-Liza (angel)<\/em>, 2024 \/ Chiharu Shiota, <em>State of Being (Children&rsquo;s Chair),<\/em> 2024. Galerie Templon<\/figcaption><\/figure><figure class=\"wp-block-image size-large is-resized\"><img decoding=\"async\" width=\"768\" height=\"1024\" src=\"https:\/\/artistics.com\/wp-content\/uploads\/2024\/10\/art-basel-paris-2024-10-768x1024.jpg\" alt=\"\" class=\"wp-image-67764\" style=\"width:840px;height:auto\" srcset=\"https:\/\/artistics.com\/wp-content\/uploads\/2024\/10\/art-basel-paris-2024-10-768x1024.jpg 768w, https:\/\/artistics.com\/wp-content\/uploads\/2024\/10\/art-basel-paris-2024-10-225x300.jpg 225w, https:\/\/artistics.com\/wp-content\/uploads\/2024\/10\/art-basel-paris-2024-10-1152x1536.jpg 1152w, https:\/\/artistics.com\/wp-content\/uploads\/2024\/10\/art-basel-paris-2024-10-300x400.jpg 300w, https:\/\/artistics.com\/wp-content\/uploads\/2024\/10\/art-basel-paris-2024-10-600x800.jpg 600w, https:\/\/artistics.com\/wp-content\/uploads\/2024\/10\/art-basel-paris-2024-10-550x733.jpg 550w, https:\/\/artistics.com\/wp-content\/uploads\/2024\/10\/art-basel-paris-2024-10-135x180.jpg 135w, https:\/\/artistics.com\/wp-content\/uploads\/2024\/10\/art-basel-paris-2024-10.jpg 1500w\" sizes=\"(max-width: 768px) 100vw, 768px\" \/><figcaption class=\"wp-element-caption\">Shao Fan, <em>The Rabbit 1224<\/em>, 2024. Vitamin Creative Space<\/figcaption><\/figure><figure class=\"wp-block-image size-large is-resized\"><img decoding=\"async\" width=\"768\" height=\"1024\" src=\"https:\/\/artistics.com\/wp-content\/uploads\/2024\/10\/art-basel-paris-2024-15-768x1024.jpg\" alt=\"\" class=\"wp-image-67774\" style=\"width:840px;height:auto\" srcset=\"https:\/\/artistics.com\/wp-content\/uploads\/2024\/10\/art-basel-paris-2024-15-768x1024.jpg 768w, https:\/\/artistics.com\/wp-content\/uploads\/2024\/10\/art-basel-paris-2024-15-225x300.jpg 225w, https:\/\/artistics.com\/wp-content\/uploads\/2024\/10\/art-basel-paris-2024-15-1152x1536.jpg 1152w, https:\/\/artistics.com\/wp-content\/uploads\/2024\/10\/art-basel-paris-2024-15-300x400.jpg 300w, https:\/\/artistics.com\/wp-content\/uploads\/2024\/10\/art-basel-paris-2024-15-600x800.jpg 600w, https:\/\/artistics.com\/wp-content\/uploads\/2024\/10\/art-basel-paris-2024-15-550x733.jpg 550w, https:\/\/artistics.com\/wp-content\/uploads\/2024\/10\/art-basel-paris-2024-15-135x180.jpg 135w, https:\/\/artistics.com\/wp-content\/uploads\/2024\/10\/art-basel-paris-2024-15.jpg 1500w\" sizes=\"(max-width: 768px) 100vw, 768px\" \/><figcaption class=\"wp-element-caption\">Henrique Oliveira, <em>The return<\/em>, 2024. Galerie Vallois<\/figcaption><\/figure><figure class=\"wp-block-image size-large\"><img decoding=\"async\" width=\"1024\" height=\"768\" src=\"https:\/\/artistics.com\/wp-content\/uploads\/2024\/10\/art-basel-paris-2024-3-1024x768.jpg\" alt=\"\" class=\"wp-image-67750\" srcset=\"https:\/\/artistics.com\/wp-content\/uploads\/2024\/10\/art-basel-paris-2024-3-1024x768.jpg 1024w, https:\/\/artistics.com\/wp-content\/uploads\/2024\/10\/art-basel-paris-2024-3-300x225.jpg 300w, https:\/\/artistics.com\/wp-content\/uploads\/2024\/10\/art-basel-paris-2024-3-768x576.jpg 768w, https:\/\/artistics.com\/wp-content\/uploads\/2024\/10\/art-basel-paris-2024-3-1536x1152.jpg 1536w, https:\/\/artistics.com\/wp-content\/uploads\/2024\/10\/art-basel-paris-2024-3-2048x1536.jpg 2048w, https:\/\/artistics.com\/wp-content\/uploads\/2024\/10\/art-basel-paris-2024-3-550x413.jpg 550w, https:\/\/artistics.com\/wp-content\/uploads\/2024\/10\/art-basel-paris-2024-3-800x600.jpg 800w, https:\/\/artistics.com\/wp-content\/uploads\/2024\/10\/art-basel-paris-2024-3-600x450.jpg 600w, https:\/\/artistics.com\/wp-content\/uploads\/2024\/10\/art-basel-paris-2024-3-180x135.jpg 180w\" sizes=\"(max-width: 1024px) 100vw, 1024px\" \/><figcaption class=\"wp-element-caption\">Andreas Eriksson \/ Billy Childish \/ Olafur Eliasson. Stand de la galerie Neugerriemschneider<\/figcaption><\/figure><figure class=\"wp-block-image size-large\"><img decoding=\"async\" width=\"1024\" height=\"768\" src=\"https:\/\/artistics.com\/wp-content\/uploads\/2024\/10\/art-basel-paris-2024-5-1024x768.jpg\" alt=\"\" class=\"wp-image-67754\" srcset=\"https:\/\/artistics.com\/wp-content\/uploads\/2024\/10\/art-basel-paris-2024-5-1024x768.jpg 1024w, https:\/\/artistics.com\/wp-content\/uploads\/2024\/10\/art-basel-paris-2024-5-300x225.jpg 300w, https:\/\/artistics.com\/wp-content\/uploads\/2024\/10\/art-basel-paris-2024-5-768x576.jpg 768w, https:\/\/artistics.com\/wp-content\/uploads\/2024\/10\/art-basel-paris-2024-5-1536x1152.jpg 1536w, https:\/\/artistics.com\/wp-content\/uploads\/2024\/10\/art-basel-paris-2024-5-2048x1536.jpg 2048w, https:\/\/artistics.com\/wp-content\/uploads\/2024\/10\/art-basel-paris-2024-5-550x413.jpg 550w, https:\/\/artistics.com\/wp-content\/uploads\/2024\/10\/art-basel-paris-2024-5-800x600.jpg 800w, https:\/\/artistics.com\/wp-content\/uploads\/2024\/10\/art-basel-paris-2024-5-600x450.jpg 600w, https:\/\/artistics.com\/wp-content\/uploads\/2024\/10\/art-basel-paris-2024-5-180x135.jpg 180w\" sizes=\"(max-width: 1024px) 100vw, 1024px\" \/><figcaption class=\"wp-element-caption\">Andreas Eriksson, <em>Texture Mapping 2023-24<\/em>, 2024. Galerie Neugerriemschneider<\/figcaption><\/figure><figure class=\"wp-block-image size-large\"><img decoding=\"async\" width=\"1024\" height=\"768\" src=\"https:\/\/artistics.com\/wp-content\/uploads\/2024\/10\/art-basel-paris-2024-4-1024x768.jpg\" alt=\"\" class=\"wp-image-67752\" srcset=\"https:\/\/artistics.com\/wp-content\/uploads\/2024\/10\/art-basel-paris-2024-4-1024x768.jpg 1024w, https:\/\/artistics.com\/wp-content\/uploads\/2024\/10\/art-basel-paris-2024-4-300x225.jpg 300w, https:\/\/artistics.com\/wp-content\/uploads\/2024\/10\/art-basel-paris-2024-4-768x576.jpg 768w, https:\/\/artistics.com\/wp-content\/uploads\/2024\/10\/art-basel-paris-2024-4-1536x1152.jpg 1536w, https:\/\/artistics.com\/wp-content\/uploads\/2024\/10\/art-basel-paris-2024-4-2048x1536.jpg 2048w, https:\/\/artistics.com\/wp-content\/uploads\/2024\/10\/art-basel-paris-2024-4-550x413.jpg 550w, https:\/\/artistics.com\/wp-content\/uploads\/2024\/10\/art-basel-paris-2024-4-800x600.jpg 800w, https:\/\/artistics.com\/wp-content\/uploads\/2024\/10\/art-basel-paris-2024-4-600x450.jpg 600w, https:\/\/artistics.com\/wp-content\/uploads\/2024\/10\/art-basel-paris-2024-4-180x135.jpg 180w\" sizes=\"(max-width: 1024px) 100vw, 1024px\" \/><figcaption class=\"wp-element-caption\">Thilo Heinzmann, <em>O.T.<\/em>, 2024. Galerie Neugerriemschneider<\/figcaption><\/figure><figure class=\"wp-block-image size-large\"><img decoding=\"async\" width=\"768\" height=\"1024\" src=\"https:\/\/artistics.com\/wp-content\/uploads\/2024\/10\/art-basel-paris-2024-11-768x1024.jpg\" alt=\"\" class=\"wp-image-67766\" srcset=\"https:\/\/artistics.com\/wp-content\/uploads\/2024\/10\/art-basel-paris-2024-11-768x1024.jpg 768w, https:\/\/artistics.com\/wp-content\/uploads\/2024\/10\/art-basel-paris-2024-11-225x300.jpg 225w, https:\/\/artistics.com\/wp-content\/uploads\/2024\/10\/art-basel-paris-2024-11-1152x1536.jpg 1152w, https:\/\/artistics.com\/wp-content\/uploads\/2024\/10\/art-basel-paris-2024-11-300x400.jpg 300w, https:\/\/artistics.com\/wp-content\/uploads\/2024\/10\/art-basel-paris-2024-11-600x800.jpg 600w, https:\/\/artistics.com\/wp-content\/uploads\/2024\/10\/art-basel-paris-2024-11-550x733.jpg 550w, https:\/\/artistics.com\/wp-content\/uploads\/2024\/10\/art-basel-paris-2024-11-135x180.jpg 135w, https:\/\/artistics.com\/wp-content\/uploads\/2024\/10\/art-basel-paris-2024-11.jpg 1500w\" sizes=\"(max-width: 768px) 100vw, 768px\" \/><figcaption class=\"wp-element-caption\">Louise Bourgeois, <em>Spider I<\/em>, 1995. Galerie Hauser &amp; Wirth<\/figcaption><\/figure><figure class=\"wp-block-image size-large\"><img decoding=\"async\" width=\"1024\" height=\"916\" src=\"https:\/\/artistics.com\/wp-content\/uploads\/2024\/10\/art-basel-paris-2024-26-1024x916.jpg\" alt=\"\" class=\"wp-image-67796\" srcset=\"https:\/\/artistics.com\/wp-content\/uploads\/2024\/10\/art-basel-paris-2024-26-1024x916.jpg 1024w, https:\/\/artistics.com\/wp-content\/uploads\/2024\/10\/art-basel-paris-2024-26-300x268.jpg 300w, https:\/\/artistics.com\/wp-content\/uploads\/2024\/10\/art-basel-paris-2024-26-768x687.jpg 768w, https:\/\/artistics.com\/wp-content\/uploads\/2024\/10\/art-basel-paris-2024-26-1536x1375.jpg 1536w, https:\/\/artistics.com\/wp-content\/uploads\/2024\/10\/art-basel-paris-2024-26-2048x1833.jpg 2048w, https:\/\/artistics.com\/wp-content\/uploads\/2024\/10\/art-basel-paris-2024-26-550x492.jpg 550w, https:\/\/artistics.com\/wp-content\/uploads\/2024\/10\/art-basel-paris-2024-26-180x161.jpg 180w\" sizes=\"(max-width: 1024px) 100vw, 1024px\" \/><figcaption class=\"wp-element-caption\">Rob Pruitt, <em>A Month of Sunsets (October 2023)<\/em>, 2023. Galerie 303<\/figcaption><\/figure><figure class=\"wp-block-image size-large\"><img decoding=\"async\" width=\"744\" height=\"1024\" src=\"https:\/\/artistics.com\/wp-content\/uploads\/2024\/10\/art-basel-paris-2024-20-744x1024.jpg\" alt=\"\" class=\"wp-image-67784\" srcset=\"https:\/\/artistics.com\/wp-content\/uploads\/2024\/10\/art-basel-paris-2024-20-744x1024.jpg 744w, https:\/\/artistics.com\/wp-content\/uploads\/2024\/10\/art-basel-paris-2024-20-218x300.jpg 218w, https:\/\/artistics.com\/wp-content\/uploads\/2024\/10\/art-basel-paris-2024-20-768x1056.jpg 768w, https:\/\/artistics.com\/wp-content\/uploads\/2024\/10\/art-basel-paris-2024-20-1117x1536.jpg 1117w, https:\/\/artistics.com\/wp-content\/uploads\/2024\/10\/art-basel-paris-2024-20-550x757.jpg 550w, https:\/\/artistics.com\/wp-content\/uploads\/2024\/10\/art-basel-paris-2024-20-300x413.jpg 300w, https:\/\/artistics.com\/wp-content\/uploads\/2024\/10\/art-basel-paris-2024-20-131x180.jpg 131w, https:\/\/artistics.com\/wp-content\/uploads\/2024\/10\/art-basel-paris-2024-20.jpg 1454w\" sizes=\"(max-width: 744px) 100vw, 744px\" \/><figcaption class=\"wp-element-caption\">Park Seo-Bo, <em>\u00c9criture No. 080121<\/em>, 2008 \/ Jean-Michel Othoniel, <em>Noeud Sauvage (Wild Knot)<\/em>, 2024. Galerie Kukje<\/figcaption><\/figure><figure class=\"wp-block-image size-large is-resized\"><img decoding=\"async\" width=\"766\" height=\"1024\" src=\"https:\/\/artistics.com\/wp-content\/uploads\/2024\/10\/art-basel-paris-2024-28-766x1024.jpg\" alt=\"\" class=\"wp-image-67800\" style=\"width:840px;height:auto\" srcset=\"https:\/\/artistics.com\/wp-content\/uploads\/2024\/10\/art-basel-paris-2024-28-766x1024.jpg 766w, https:\/\/artistics.com\/wp-content\/uploads\/2024\/10\/art-basel-paris-2024-28-225x300.jpg 225w, https:\/\/artistics.com\/wp-content\/uploads\/2024\/10\/art-basel-paris-2024-28-768x1026.jpg 768w, https:\/\/artistics.com\/wp-content\/uploads\/2024\/10\/art-basel-paris-2024-28-1150x1536.jpg 1150w, https:\/\/artistics.com\/wp-content\/uploads\/2024\/10\/art-basel-paris-2024-28-300x401.jpg 300w, https:\/\/artistics.com\/wp-content\/uploads\/2024\/10\/art-basel-paris-2024-28-550x735.jpg 550w, https:\/\/artistics.com\/wp-content\/uploads\/2024\/10\/art-basel-paris-2024-28-135x180.jpg 135w, https:\/\/artistics.com\/wp-content\/uploads\/2024\/10\/art-basel-paris-2024-28.jpg 1497w\" sizes=\"(max-width: 766px) 100vw, 766px\" \/><figcaption class=\"wp-element-caption\">Thu-Van Tran, <em>Colors of grey<\/em>, 2024. Galerie Almine Rech<\/figcaption><\/figure><figure class=\"wp-block-image size-large\"><img decoding=\"async\" width=\"1024\" height=\"818\" src=\"https:\/\/artistics.com\/wp-content\/uploads\/2024\/10\/art-basel-paris-2024-30-1024x818.jpg\" alt=\"\" class=\"wp-image-67819\" srcset=\"https:\/\/artistics.com\/wp-content\/uploads\/2024\/10\/art-basel-paris-2024-30-1024x818.jpg 1024w, https:\/\/artistics.com\/wp-content\/uploads\/2024\/10\/art-basel-paris-2024-30-300x240.jpg 300w, https:\/\/artistics.com\/wp-content\/uploads\/2024\/10\/art-basel-paris-2024-30-768x613.jpg 768w, https:\/\/artistics.com\/wp-content\/uploads\/2024\/10\/art-basel-paris-2024-30-1536x1226.jpg 1536w, https:\/\/artistics.com\/wp-content\/uploads\/2024\/10\/art-basel-paris-2024-30-2048x1635.jpg 2048w, https:\/\/artistics.com\/wp-content\/uploads\/2024\/10\/art-basel-paris-2024-30-550x439.jpg 550w, https:\/\/artistics.com\/wp-content\/uploads\/2024\/10\/art-basel-paris-2024-30-180x144.jpg 180w\" sizes=\"(max-width: 1024px) 100vw, 1024px\" \/><figcaption class=\"wp-element-caption\">Tony Cragg, <em>Untitled<\/em>, 2023 \/ Robert Rauschenberg, <em>Onoto Snare \/ ROCI VENEZUELA<\/em>, 1985. Galerie Thaddaeus Ropac<\/figcaption><\/figure><figure class=\"wp-block-image size-large\"><img decoding=\"async\" width=\"1024\" height=\"768\" src=\"https:\/\/artistics.com\/wp-content\/uploads\/2024\/10\/art-basel-paris-2024-9-1024x768.jpg\" alt=\"\" class=\"wp-image-67762\" srcset=\"https:\/\/artistics.com\/wp-content\/uploads\/2024\/10\/art-basel-paris-2024-9-1024x768.jpg 1024w, https:\/\/artistics.com\/wp-content\/uploads\/2024\/10\/art-basel-paris-2024-9-300x225.jpg 300w, https:\/\/artistics.com\/wp-content\/uploads\/2024\/10\/art-basel-paris-2024-9-768x576.jpg 768w, https:\/\/artistics.com\/wp-content\/uploads\/2024\/10\/art-basel-paris-2024-9-1536x1152.jpg 1536w, https:\/\/artistics.com\/wp-content\/uploads\/2024\/10\/art-basel-paris-2024-9-2048x1536.jpg 2048w, https:\/\/artistics.com\/wp-content\/uploads\/2024\/10\/art-basel-paris-2024-9-550x413.jpg 550w, https:\/\/artistics.com\/wp-content\/uploads\/2024\/10\/art-basel-paris-2024-9-800x600.jpg 800w, https:\/\/artistics.com\/wp-content\/uploads\/2024\/10\/art-basel-paris-2024-9-600x450.jpg 600w, https:\/\/artistics.com\/wp-content\/uploads\/2024\/10\/art-basel-paris-2024-9-180x135.jpg 180w\" sizes=\"(max-width: 1024px) 100vw, 1024px\" \/><figcaption class=\"wp-element-caption\">JR, <em>New York City Ballet art series, paper interactions #11<\/em>, 2014. Galerie Continua<\/figcaption><\/figure><figure class=\"wp-block-image size-large\"><img decoding=\"async\" width=\"860\" height=\"1024\" src=\"https:\/\/artistics.com\/wp-content\/uploads\/2024\/10\/art-basel-paris-2024-12-860x1024.jpg\" alt=\"\" class=\"wp-image-67768\" srcset=\"https:\/\/artistics.com\/wp-content\/uploads\/2024\/10\/art-basel-paris-2024-12-860x1024.jpg 860w, https:\/\/artistics.com\/wp-content\/uploads\/2024\/10\/art-basel-paris-2024-12-252x300.jpg 252w, https:\/\/artistics.com\/wp-content\/uploads\/2024\/10\/art-basel-paris-2024-12-768x915.jpg 768w, https:\/\/artistics.com\/wp-content\/uploads\/2024\/10\/art-basel-paris-2024-12-1289x1536.jpg 1289w, https:\/\/artistics.com\/wp-content\/uploads\/2024\/10\/art-basel-paris-2024-12-550x655.jpg 550w, https:\/\/artistics.com\/wp-content\/uploads\/2024\/10\/art-basel-paris-2024-12-300x357.jpg 300w, https:\/\/artistics.com\/wp-content\/uploads\/2024\/10\/art-basel-paris-2024-12-151x180.jpg 151w, https:\/\/artistics.com\/wp-content\/uploads\/2024\/10\/art-basel-paris-2024-12.jpg 1679w\" sizes=\"(max-width: 860px) 100vw, 860px\" \/><figcaption class=\"wp-element-caption\">Giuseppe Penone, <em>Geometria nelle mani &#8211; triangolo (piccolo)<\/em>, 2005 \/ Nairy Baghramian. Stand de la galerie Marian Goodman<\/figcaption><\/figure><figure class=\"wp-block-image size-large is-resized\"><img decoding=\"async\" width=\"1024\" height=\"768\" src=\"https:\/\/artistics.com\/wp-content\/uploads\/2024\/10\/art-basel-paris-2024-8-1024x768.jpg\" alt=\"\" class=\"wp-image-67760\" style=\"width:840px;height:auto\" srcset=\"https:\/\/artistics.com\/wp-content\/uploads\/2024\/10\/art-basel-paris-2024-8-1024x768.jpg 1024w, https:\/\/artistics.com\/wp-content\/uploads\/2024\/10\/art-basel-paris-2024-8-300x225.jpg 300w, https:\/\/artistics.com\/wp-content\/uploads\/2024\/10\/art-basel-paris-2024-8-768x576.jpg 768w, https:\/\/artistics.com\/wp-content\/uploads\/2024\/10\/art-basel-paris-2024-8-1536x1152.jpg 1536w, https:\/\/artistics.com\/wp-content\/uploads\/2024\/10\/art-basel-paris-2024-8-2048x1536.jpg 2048w, https:\/\/artistics.com\/wp-content\/uploads\/2024\/10\/art-basel-paris-2024-8-550x413.jpg 550w, https:\/\/artistics.com\/wp-content\/uploads\/2024\/10\/art-basel-paris-2024-8-800x600.jpg 800w, https:\/\/artistics.com\/wp-content\/uploads\/2024\/10\/art-basel-paris-2024-8-600x450.jpg 600w, https:\/\/artistics.com\/wp-content\/uploads\/2024\/10\/art-basel-paris-2024-8-180x135.jpg 180w\" sizes=\"(max-width: 1024px) 100vw, 1024px\" \/><figcaption class=\"wp-element-caption\">El Anatsui \/ Yinka Shonibare. Stand de la galerie Goodman<\/figcaption><\/figure><figure class=\"wp-block-image size-large\"><img decoding=\"async\" width=\"1024\" height=\"768\" src=\"https:\/\/artistics.com\/wp-content\/uploads\/2024\/10\/art-basel-paris-2024-1-1024x768.jpg\" alt=\"\" class=\"wp-image-67746\" srcset=\"https:\/\/artistics.com\/wp-content\/uploads\/2024\/10\/art-basel-paris-2024-1-1024x768.jpg 1024w, https:\/\/artistics.com\/wp-content\/uploads\/2024\/10\/art-basel-paris-2024-1-300x225.jpg 300w, https:\/\/artistics.com\/wp-content\/uploads\/2024\/10\/art-basel-paris-2024-1-768x576.jpg 768w, https:\/\/artistics.com\/wp-content\/uploads\/2024\/10\/art-basel-paris-2024-1-1536x1152.jpg 1536w, https:\/\/artistics.com\/wp-content\/uploads\/2024\/10\/art-basel-paris-2024-1-2048x1536.jpg 2048w, https:\/\/artistics.com\/wp-content\/uploads\/2024\/10\/art-basel-paris-2024-1-550x413.jpg 550w, https:\/\/artistics.com\/wp-content\/uploads\/2024\/10\/art-basel-paris-2024-1-800x600.jpg 800w, https:\/\/artistics.com\/wp-content\/uploads\/2024\/10\/art-basel-paris-2024-1-600x450.jpg 600w, https:\/\/artistics.com\/wp-content\/uploads\/2024\/10\/art-basel-paris-2024-1-180x135.jpg 180w\" sizes=\"(max-width: 1024px) 100vw, 1024px\" \/><figcaption class=\"wp-element-caption\">Asuka Anastacia Ogawa. Stand de la galerie Blum<\/figcaption><\/figure><figure class=\"wp-block-image size-large\"><img decoding=\"async\" width=\"1024\" height=\"838\" src=\"https:\/\/artistics.com\/wp-content\/uploads\/2024\/10\/art-basel-paris-2024-13-1024x838.jpg\" alt=\"\" class=\"wp-image-67770\" srcset=\"https:\/\/artistics.com\/wp-content\/uploads\/2024\/10\/art-basel-paris-2024-13-1024x838.jpg 1024w, https:\/\/artistics.com\/wp-content\/uploads\/2024\/10\/art-basel-paris-2024-13-300x246.jpg 300w, https:\/\/artistics.com\/wp-content\/uploads\/2024\/10\/art-basel-paris-2024-13-768x629.jpg 768w, https:\/\/artistics.com\/wp-content\/uploads\/2024\/10\/art-basel-paris-2024-13-1536x1257.jpg 1536w, https:\/\/artistics.com\/wp-content\/uploads\/2024\/10\/art-basel-paris-2024-13-2048x1676.jpg 2048w, https:\/\/artistics.com\/wp-content\/uploads\/2024\/10\/art-basel-paris-2024-13-550x450.jpg 550w, https:\/\/artistics.com\/wp-content\/uploads\/2024\/10\/art-basel-paris-2024-13-180x147.jpg 180w\" sizes=\"(max-width: 1024px) 100vw, 1024px\" \/><figcaption class=\"wp-element-caption\">Gerhard Richter, <em>Familie Liechti (The Liechti Family)<\/em>, 1966. Galerie David Zwirner<\/figcaption><\/figure><figure class=\"wp-block-image size-large\"><img decoding=\"async\" width=\"768\" height=\"1024\" src=\"https:\/\/artistics.com\/wp-content\/uploads\/2024\/10\/art-basel-paris-2024-21-768x1024.jpg\" alt=\"\" class=\"wp-image-67786\" srcset=\"https:\/\/artistics.com\/wp-content\/uploads\/2024\/10\/art-basel-paris-2024-21-768x1024.jpg 768w, https:\/\/artistics.com\/wp-content\/uploads\/2024\/10\/art-basel-paris-2024-21-225x300.jpg 225w, https:\/\/artistics.com\/wp-content\/uploads\/2024\/10\/art-basel-paris-2024-21-1152x1536.jpg 1152w, https:\/\/artistics.com\/wp-content\/uploads\/2024\/10\/art-basel-paris-2024-21-300x400.jpg 300w, https:\/\/artistics.com\/wp-content\/uploads\/2024\/10\/art-basel-paris-2024-21-600x800.jpg 600w, https:\/\/artistics.com\/wp-content\/uploads\/2024\/10\/art-basel-paris-2024-21-550x733.jpg 550w, https:\/\/artistics.com\/wp-content\/uploads\/2024\/10\/art-basel-paris-2024-21-135x180.jpg 135w, https:\/\/artistics.com\/wp-content\/uploads\/2024\/10\/art-basel-paris-2024-21.jpg 1500w\" sizes=\"(max-width: 768px) 100vw, 768px\" \/><figcaption class=\"wp-element-caption\">Haegue Yang, <em>A Matter of Fact (from Dan) &#8211; Folded Drop<\/em>, 2024. Galerie Kukje<\/figcaption><\/figure><figure class=\"wp-block-image size-large\"><img decoding=\"async\" width=\"879\" height=\"1024\" src=\"https:\/\/artistics.com\/wp-content\/uploads\/2024\/10\/art-basel-paris-2024-7-879x1024.jpg\" alt=\"\" class=\"wp-image-67758\" srcset=\"https:\/\/artistics.com\/wp-content\/uploads\/2024\/10\/art-basel-paris-2024-7-879x1024.jpg 879w, https:\/\/artistics.com\/wp-content\/uploads\/2024\/10\/art-basel-paris-2024-7-258x300.jpg 258w, https:\/\/artistics.com\/wp-content\/uploads\/2024\/10\/art-basel-paris-2024-7-768x895.jpg 768w, https:\/\/artistics.com\/wp-content\/uploads\/2024\/10\/art-basel-paris-2024-7-1319x1536.jpg 1319w, https:\/\/artistics.com\/wp-content\/uploads\/2024\/10\/art-basel-paris-2024-7-550x641.jpg 550w, https:\/\/artistics.com\/wp-content\/uploads\/2024\/10\/art-basel-paris-2024-7-300x349.jpg 300w, https:\/\/artistics.com\/wp-content\/uploads\/2024\/10\/art-basel-paris-2024-7-155x180.jpg 155w, https:\/\/artistics.com\/wp-content\/uploads\/2024\/10\/art-basel-paris-2024-7.jpg 1717w\" sizes=\"(max-width: 879px) 100vw, 879px\" \/><figcaption class=\"wp-element-caption\">Elaine Sturtevant, <em>Nine Warhol Flowers<\/em>, 1965-69 \/ Katharina Fritsch, <em>Heiligenfigur (St. Michael) \/ Figure of a Saint (St. Michael)<\/em>, 2008. Stand de la galerie Matthew Marks<\/figcaption><\/figure><figure class=\"wp-block-image size-large is-resized\"><img decoding=\"async\" width=\"766\" height=\"1024\" src=\"https:\/\/artistics.com\/wp-content\/uploads\/2024\/10\/art-basel-paris-2024-27-766x1024.jpg\" alt=\"\" class=\"wp-image-67798\" style=\"width:840px;height:auto\" srcset=\"https:\/\/artistics.com\/wp-content\/uploads\/2024\/10\/art-basel-paris-2024-27-766x1024.jpg 766w, https:\/\/artistics.com\/wp-content\/uploads\/2024\/10\/art-basel-paris-2024-27-225x300.jpg 225w, https:\/\/artistics.com\/wp-content\/uploads\/2024\/10\/art-basel-paris-2024-27-768x1026.jpg 768w, https:\/\/artistics.com\/wp-content\/uploads\/2024\/10\/art-basel-paris-2024-27-1150x1536.jpg 1150w, https:\/\/artistics.com\/wp-content\/uploads\/2024\/10\/art-basel-paris-2024-27-300x401.jpg 300w, https:\/\/artistics.com\/wp-content\/uploads\/2024\/10\/art-basel-paris-2024-27-550x735.jpg 550w, https:\/\/artistics.com\/wp-content\/uploads\/2024\/10\/art-basel-paris-2024-27-135x180.jpg 135w, https:\/\/artistics.com\/wp-content\/uploads\/2024\/10\/art-basel-paris-2024-27.jpg 1497w\" sizes=\"(max-width: 766px) 100vw, 766px\" \/><figcaption class=\"wp-element-caption\">Ben Sledsens, <em>Day at the Beach<\/em>, 2024. Galerie Tim Van Laere<\/figcaption><\/figure><figure class=\"wp-block-image size-large\"><img decoding=\"async\" width=\"768\" height=\"1024\" src=\"https:\/\/artistics.com\/wp-content\/uploads\/2024\/10\/art-basel-paris-2024-25-768x1024.jpg\" alt=\"\" class=\"wp-image-67794\" srcset=\"https:\/\/artistics.com\/wp-content\/uploads\/2024\/10\/art-basel-paris-2024-25-768x1024.jpg 768w, https:\/\/artistics.com\/wp-content\/uploads\/2024\/10\/art-basel-paris-2024-25-225x300.jpg 225w, https:\/\/artistics.com\/wp-content\/uploads\/2024\/10\/art-basel-paris-2024-25-1152x1536.jpg 1152w, https:\/\/artistics.com\/wp-content\/uploads\/2024\/10\/art-basel-paris-2024-25-300x400.jpg 300w, https:\/\/artistics.com\/wp-content\/uploads\/2024\/10\/art-basel-paris-2024-25-600x800.jpg 600w, https:\/\/artistics.com\/wp-content\/uploads\/2024\/10\/art-basel-paris-2024-25-550x733.jpg 550w, https:\/\/artistics.com\/wp-content\/uploads\/2024\/10\/art-basel-paris-2024-25-135x180.jpg 135w, https:\/\/artistics.com\/wp-content\/uploads\/2024\/10\/art-basel-paris-2024-25.jpg 1500w\" sizes=\"(max-width: 768px) 100vw, 768px\" \/><figcaption class=\"wp-element-caption\">Jean-Michel Othoniel, <em>Passiflora<\/em>, 2024. Galerie Perrotin<\/figcaption><\/figure><figure class=\"wp-block-image size-large\"><img decoding=\"async\" width=\"768\" height=\"1024\" src=\"https:\/\/artistics.com\/wp-content\/uploads\/2024\/10\/art-basel-paris-2024-24-768x1024.jpg\" alt=\"\" class=\"wp-image-67792\" srcset=\"https:\/\/artistics.com\/wp-content\/uploads\/2024\/10\/art-basel-paris-2024-24-768x1024.jpg 768w, https:\/\/artistics.com\/wp-content\/uploads\/2024\/10\/art-basel-paris-2024-24-225x300.jpg 225w, https:\/\/artistics.com\/wp-content\/uploads\/2024\/10\/art-basel-paris-2024-24-1152x1536.jpg 1152w, https:\/\/artistics.com\/wp-content\/uploads\/2024\/10\/art-basel-paris-2024-24-300x400.jpg 300w, https:\/\/artistics.com\/wp-content\/uploads\/2024\/10\/art-basel-paris-2024-24-600x800.jpg 600w, https:\/\/artistics.com\/wp-content\/uploads\/2024\/10\/art-basel-paris-2024-24-550x733.jpg 550w, https:\/\/artistics.com\/wp-content\/uploads\/2024\/10\/art-basel-paris-2024-24-135x180.jpg 135w, https:\/\/artistics.com\/wp-content\/uploads\/2024\/10\/art-basel-paris-2024-24.jpg 1500w\" sizes=\"(max-width: 768px) 100vw, 768px\" \/><figcaption class=\"wp-element-caption\">Laurent Grasso, <em>Studies into the Past<\/em>. Galerie Perrotin<\/figcaption><\/figure><figure class=\"wp-block-image size-large\"><img decoding=\"async\" width=\"1024\" height=\"768\" src=\"https:\/\/artistics.com\/wp-content\/uploads\/2024\/10\/art-basel-paris-2024-17-1024x768.jpg\" alt=\"\" class=\"wp-image-67778\" srcset=\"https:\/\/artistics.com\/wp-content\/uploads\/2024\/10\/art-basel-paris-2024-17-1024x768.jpg 1024w, https:\/\/artistics.com\/wp-content\/uploads\/2024\/10\/art-basel-paris-2024-17-300x225.jpg 300w, https:\/\/artistics.com\/wp-content\/uploads\/2024\/10\/art-basel-paris-2024-17-768x576.jpg 768w, https:\/\/artistics.com\/wp-content\/uploads\/2024\/10\/art-basel-paris-2024-17-1536x1152.jpg 1536w, https:\/\/artistics.com\/wp-content\/uploads\/2024\/10\/art-basel-paris-2024-17-2048x1536.jpg 2048w, https:\/\/artistics.com\/wp-content\/uploads\/2024\/10\/art-basel-paris-2024-17-550x413.jpg 550w, https:\/\/artistics.com\/wp-content\/uploads\/2024\/10\/art-basel-paris-2024-17-800x600.jpg 800w, https:\/\/artistics.com\/wp-content\/uploads\/2024\/10\/art-basel-paris-2024-17-600x450.jpg 600w, https:\/\/artistics.com\/wp-content\/uploads\/2024\/10\/art-basel-paris-2024-17-180x135.jpg 180w\" sizes=\"(max-width: 1024px) 100vw, 1024px\" \/><\/figure>","protected":false},"excerpt":{"rendered":"<p>Comme nous l&rsquo;avons mentionn\u00e9 dans notre pr\u00e9c\u00e9dent article, notre prochaine d\u00e9couverte artistique se fera \u00e0 Paris !\u00a0 La tr\u00e8s attendue foire Art Basel Paris se tient cette semaine au Grand Palais, rouvert apr\u00e8s 4 ans de r\u00e9novation. La foire a transform\u00e9 la ville en un centre dynamique pour l&rsquo;art contemporain, attirant des collectionneurs, des curateurs [&hellip;]<\/p>\n","protected":false},"author":2,"featured_media":67779,"comment_status":"closed","ping_status":"open","sticky":false,"template":"","format":"standard","meta":{"_acf_changed":false,"_searchwp_excluded":"","inline_featured_image":false,"footnotes":""},"categories":[1185,16],"tags":[2427,2426,2429,2428],"class_list":["post-67823","post","type-post","status-publish","format-standard","has-post-thumbnail","hentry","category-le-monde-de-art","category-non-classifiee","tag-art-basel-3-fr","tag-art-fair-2-fr","tag-contemporary-art-2","tag-exhibition-fr"],"acf":[],"yoast_head":"<!-- This site is optimized with the Yoast SEO Premium plugin v27.3 (Yoast SEO v27.3) - https:\/\/yoast.com\/product\/yoast-seo-premium-wordpress\/ -->\n<title>Visite d\u2019Artistics \u00e0 Art Basel Paris 2024 | Artistics<\/title>\n<meta name=\"robots\" content=\"index, follow, max-snippet:-1, max-image-preview:large, max-video-preview:-1\" \/>\n<link rel=\"canonical\" href=\"https:\/\/artistics.com\/fr\/artzine\/artistics-visit-to-art-basel-paris-2024\/\" \/>\n<meta property=\"og:locale\" content=\"fr_FR\" \/>\n<meta property=\"og:type\" content=\"article\" \/>\n<meta property=\"og:title\" content=\"Visite d\u2019Artistics \u00e0 Art Basel Paris 2024\" \/>\n<meta property=\"og:description\" content=\"Comme nous l&rsquo;avons mentionn\u00e9 dans notre pr\u00e9c\u00e9dent article, notre prochaine d\u00e9couverte artistique se fera \u00e0 Paris !\u00a0 La tr\u00e8s attendue foire Art Basel Paris se tient cette semaine au Grand Palais, rouvert apr\u00e8s 4 ans de r\u00e9novation. La foire a transform\u00e9 la ville en un centre dynamique pour l&rsquo;art contemporain, attirant des collectionneurs, des curateurs [&hellip;]\" \/>\n<meta property=\"og:url\" content=\"https:\/\/artistics.com\/fr\/artzine\/artistics-visit-to-art-basel-paris-2024\/\" \/>\n<meta property=\"og:site_name\" content=\"Artistics\" \/>\n<meta property=\"article:publisher\" content=\"https:\/\/www.facebook.com\/ArtisticsMag\" \/>\n<meta property=\"article:published_time\" content=\"2024-10-18T16:25:44+00:00\" \/>\n<meta property=\"article:modified_time\" content=\"2024-10-18T21:16:48+00:00\" \/>\n<meta property=\"og:image\" content=\"https:\/\/artistics.com\/wp-content\/uploads\/2024\/10\/art-basel-paris-2024-17-1024x768.jpg\" \/>\n\t<meta property=\"og:image:width\" content=\"1024\" \/>\n\t<meta property=\"og:image:height\" content=\"768\" \/>\n\t<meta property=\"og:image:type\" content=\"image\/jpeg\" \/>\n<meta name=\"author\" content=\"Eleonora Fontana\" \/>\n<meta name=\"twitter:card\" content=\"summary_large_image\" \/>\n<meta name=\"twitter:creator\" content=\"@Artistics_FR\" \/>\n<meta name=\"twitter:site\" content=\"@Artistics_FR\" \/>\n<meta name=\"twitter:label1\" content=\"\u00c9crit par\" \/>\n\t<meta name=\"twitter:data1\" content=\"Eleonora Fontana\" \/>\n\t<meta name=\"twitter:label2\" content=\"Dur\u00e9e de lecture estim\u00e9e\" \/>\n\t<meta name=\"twitter:data2\" content=\"8 minutes\" \/>\n<script type=\"application\/ld+json\" class=\"yoast-schema-graph\">{\"@context\":\"https:\\\/\\\/schema.org\",\"@graph\":[{\"@type\":[\"Article\",\"BlogPosting\"],\"@id\":\"https:\\\/\\\/artistics.com\\\/fr\\\/artzine\\\/artistics-visit-to-art-basel-paris-2024\\\/#article\",\"isPartOf\":{\"@id\":\"https:\\\/\\\/artistics.com\\\/fr\\\/artzine\\\/artistics-visit-to-art-basel-paris-2024\\\/\"},\"author\":{\"name\":\"Eleonora Fontana\",\"@id\":\"https:\\\/\\\/artistics.com\\\/fr\\\/#\\\/schema\\\/person\\\/a39d54f18b4c5fe4a0de78e3f9236993\"},\"headline\":\"Visite d\u2019Artistics \u00e0 Art Basel Paris 2024\",\"datePublished\":\"2024-10-18T16:25:44+00:00\",\"dateModified\":\"2024-10-18T21:16:48+00:00\",\"mainEntityOfPage\":{\"@id\":\"https:\\\/\\\/artistics.com\\\/fr\\\/artzine\\\/artistics-visit-to-art-basel-paris-2024\\\/\"},\"wordCount\":469,\"publisher\":{\"@id\":\"https:\\\/\\\/artistics.com\\\/fr\\\/#organization\"},\"image\":{\"@id\":\"https:\\\/\\\/artistics.com\\\/fr\\\/artzine\\\/artistics-visit-to-art-basel-paris-2024\\\/#primaryimage\"},\"thumbnailUrl\":\"https:\\\/\\\/artistics.com\\\/wp-content\\\/uploads\\\/2024\\\/10\\\/art-basel-paris-2024-17.jpg\",\"keywords\":[\"art basel\",\"art fair\",\"contemporary art\",\"Exhibition\"],\"articleSection\":[\"Monde de l\u2019art\",\"Non classifi\u00e9(e)\"],\"inLanguage\":\"fr-FR\"},{\"@type\":\"WebPage\",\"@id\":\"https:\\\/\\\/artistics.com\\\/fr\\\/artzine\\\/artistics-visit-to-art-basel-paris-2024\\\/\",\"url\":\"https:\\\/\\\/artistics.com\\\/fr\\\/artzine\\\/artistics-visit-to-art-basel-paris-2024\\\/\",\"name\":\"Visite d\u2019Artistics \u00e0 Art Basel Paris 2024 | Artistics\",\"isPartOf\":{\"@id\":\"https:\\\/\\\/artistics.com\\\/fr\\\/#website\"},\"primaryImageOfPage\":{\"@id\":\"https:\\\/\\\/artistics.com\\\/fr\\\/artzine\\\/artistics-visit-to-art-basel-paris-2024\\\/#primaryimage\"},\"image\":{\"@id\":\"https:\\\/\\\/artistics.com\\\/fr\\\/artzine\\\/artistics-visit-to-art-basel-paris-2024\\\/#primaryimage\"},\"thumbnailUrl\":\"https:\\\/\\\/artistics.com\\\/wp-content\\\/uploads\\\/2024\\\/10\\\/art-basel-paris-2024-17.jpg\",\"datePublished\":\"2024-10-18T16:25:44+00:00\",\"dateModified\":\"2024-10-18T21:16:48+00:00\",\"breadcrumb\":{\"@id\":\"https:\\\/\\\/artistics.com\\\/fr\\\/artzine\\\/artistics-visit-to-art-basel-paris-2024\\\/#breadcrumb\"},\"inLanguage\":\"fr-FR\",\"potentialAction\":[{\"@type\":\"ReadAction\",\"target\":[\"https:\\\/\\\/artistics.com\\\/fr\\\/artzine\\\/artistics-visit-to-art-basel-paris-2024\\\/\"]}]},{\"@type\":\"ImageObject\",\"inLanguage\":\"fr-FR\",\"@id\":\"https:\\\/\\\/artistics.com\\\/fr\\\/artzine\\\/artistics-visit-to-art-basel-paris-2024\\\/#primaryimage\",\"url\":\"https:\\\/\\\/artistics.com\\\/wp-content\\\/uploads\\\/2024\\\/10\\\/art-basel-paris-2024-17.jpg\",\"contentUrl\":\"https:\\\/\\\/artistics.com\\\/wp-content\\\/uploads\\\/2024\\\/10\\\/art-basel-paris-2024-17.jpg\",\"width\":2560,\"height\":1920},{\"@type\":\"BreadcrumbList\",\"@id\":\"https:\\\/\\\/artistics.com\\\/fr\\\/artzine\\\/artistics-visit-to-art-basel-paris-2024\\\/#breadcrumb\",\"itemListElement\":[{\"@type\":\"ListItem\",\"position\":1,\"name\":\"Achat \u0153uvre d'art\",\"item\":\"https:\\\/\\\/artistics.com\\\/fr\\\/\"},{\"@type\":\"ListItem\",\"position\":2,\"name\":\"Monde de l\u2019art\",\"item\":\"https:\\\/\\\/artistics.com\\\/fr\\\/artzine\\\/category\\\/le-monde-de-art\\\/\"},{\"@type\":\"ListItem\",\"position\":3,\"name\":\"Visite d\u2019Artistics \u00e0 Art Basel Paris 2024\"}]},{\"@type\":\"WebSite\",\"@id\":\"https:\\\/\\\/artistics.com\\\/fr\\\/#website\",\"url\":\"https:\\\/\\\/artistics.com\\\/fr\\\/\",\"name\":\"Artistics\",\"description\":\"The online art gallery\",\"publisher\":{\"@id\":\"https:\\\/\\\/artistics.com\\\/fr\\\/#organization\"},\"potentialAction\":[{\"@type\":\"SearchAction\",\"target\":{\"@type\":\"EntryPoint\",\"urlTemplate\":\"https:\\\/\\\/artistics.com\\\/fr\\\/?s={search_term_string}\"},\"query-input\":{\"@type\":\"PropertyValueSpecification\",\"valueRequired\":true,\"valueName\":\"search_term_string\"}}],\"inLanguage\":\"fr-FR\"},{\"@type\":\"Organization\",\"@id\":\"https:\\\/\\\/artistics.com\\\/fr\\\/#organization\",\"name\":\"Artistics\",\"url\":\"https:\\\/\\\/artistics.com\\\/fr\\\/\",\"logo\":{\"@type\":\"ImageObject\",\"inLanguage\":\"fr-FR\",\"@id\":\"https:\\\/\\\/artistics.com\\\/fr\\\/#\\\/schema\\\/logo\\\/image\\\/\",\"url\":\"https:\\\/\\\/artistics.com\\\/wp-content\\\/uploads\\\/2023\\\/02\\\/artistics-logo-web-1.svg\",\"contentUrl\":\"https:\\\/\\\/artistics.com\\\/wp-content\\\/uploads\\\/2023\\\/02\\\/artistics-logo-web-1.svg\",\"caption\":\"Artistics\"},\"image\":{\"@id\":\"https:\\\/\\\/artistics.com\\\/fr\\\/#\\\/schema\\\/logo\\\/image\\\/\"},\"sameAs\":[\"https:\\\/\\\/www.facebook.com\\\/ArtisticsMag\",\"https:\\\/\\\/x.com\\\/Artistics_FR\",\"http:\\\/\\\/www.linkedin.com\\\/company\\\/artistics\",\"https:\\\/\\\/www.instagram.com\\\/artistics_com\\\/\",\"http:\\\/\\\/www.pinterest.com\\\/ArtisticsMag\"],\"hasMerchantReturnPolicy\":{\"@type\":\"MerchantReturnPolicy\",\"merchantReturnLink\":\"https:\\\/\\\/artistics.com\\\/free-return-policy\\\/\"}},{\"@type\":\"Person\",\"@id\":\"https:\\\/\\\/artistics.com\\\/fr\\\/#\\\/schema\\\/person\\\/a39d54f18b4c5fe4a0de78e3f9236993\",\"name\":\"Eleonora Fontana\",\"image\":{\"@type\":\"ImageObject\",\"inLanguage\":\"fr-FR\",\"@id\":\"https:\\\/\\\/secure.gravatar.com\\\/avatar\\\/c15608b0600d759a03e927302242286e2f196b9d8abb87856fc3a3087c242f7b?s=96&d=mm&r=g\",\"url\":\"https:\\\/\\\/secure.gravatar.com\\\/avatar\\\/c15608b0600d759a03e927302242286e2f196b9d8abb87856fc3a3087c242f7b?s=96&d=mm&r=g\",\"contentUrl\":\"https:\\\/\\\/secure.gravatar.com\\\/avatar\\\/c15608b0600d759a03e927302242286e2f196b9d8abb87856fc3a3087c242f7b?s=96&d=mm&r=g\",\"caption\":\"Eleonora Fontana\"}}]}<\/script>\n<!-- \/ Yoast SEO Premium plugin. -->","yoast_head_json":{"title":"Visite d\u2019Artistics \u00e0 Art Basel Paris 2024 | Artistics","robots":{"index":"index","follow":"follow","max-snippet":"max-snippet:-1","max-image-preview":"max-image-preview:large","max-video-preview":"max-video-preview:-1"},"canonical":"https:\/\/artistics.com\/fr\/artzine\/artistics-visit-to-art-basel-paris-2024\/","og_locale":"fr_FR","og_type":"article","og_title":"Visite d\u2019Artistics \u00e0 Art Basel Paris 2024","og_description":"Comme nous l&rsquo;avons mentionn\u00e9 dans notre pr\u00e9c\u00e9dent article, notre prochaine d\u00e9couverte artistique se fera \u00e0 Paris !\u00a0 La tr\u00e8s attendue foire Art Basel Paris se tient cette semaine au Grand Palais, rouvert apr\u00e8s 4 ans de r\u00e9novation. La foire a transform\u00e9 la ville en un centre dynamique pour l&rsquo;art contemporain, attirant des collectionneurs, des curateurs [&hellip;]","og_url":"https:\/\/artistics.com\/fr\/artzine\/artistics-visit-to-art-basel-paris-2024\/","og_site_name":"Artistics","article_publisher":"https:\/\/www.facebook.com\/ArtisticsMag","article_published_time":"2024-10-18T16:25:44+00:00","article_modified_time":"2024-10-18T21:16:48+00:00","og_image":[{"width":1024,"height":768,"url":"https:\/\/artistics.com\/wp-content\/uploads\/2024\/10\/art-basel-paris-2024-17-1024x768.jpg","type":"image\/jpeg"}],"author":"Eleonora Fontana","twitter_card":"summary_large_image","twitter_creator":"@Artistics_FR","twitter_site":"@Artistics_FR","twitter_misc":{"\u00c9crit par":"Eleonora Fontana","Dur\u00e9e de lecture estim\u00e9e":"8 minutes"},"schema":{"@context":"https:\/\/schema.org","@graph":[{"@type":["Article","BlogPosting"],"@id":"https:\/\/artistics.com\/fr\/artzine\/artistics-visit-to-art-basel-paris-2024\/#article","isPartOf":{"@id":"https:\/\/artistics.com\/fr\/artzine\/artistics-visit-to-art-basel-paris-2024\/"},"author":{"name":"Eleonora Fontana","@id":"https:\/\/artistics.com\/fr\/#\/schema\/person\/a39d54f18b4c5fe4a0de78e3f9236993"},"headline":"Visite d\u2019Artistics \u00e0 Art Basel Paris 2024","datePublished":"2024-10-18T16:25:44+00:00","dateModified":"2024-10-18T21:16:48+00:00","mainEntityOfPage":{"@id":"https:\/\/artistics.com\/fr\/artzine\/artistics-visit-to-art-basel-paris-2024\/"},"wordCount":469,"publisher":{"@id":"https:\/\/artistics.com\/fr\/#organization"},"image":{"@id":"https:\/\/artistics.com\/fr\/artzine\/artistics-visit-to-art-basel-paris-2024\/#primaryimage"},"thumbnailUrl":"https:\/\/artistics.com\/wp-content\/uploads\/2024\/10\/art-basel-paris-2024-17.jpg","keywords":["art basel","art fair","contemporary art","Exhibition"],"articleSection":["Monde de l\u2019art","Non classifi\u00e9(e)"],"inLanguage":"fr-FR"},{"@type":"WebPage","@id":"https:\/\/artistics.com\/fr\/artzine\/artistics-visit-to-art-basel-paris-2024\/","url":"https:\/\/artistics.com\/fr\/artzine\/artistics-visit-to-art-basel-paris-2024\/","name":"Visite d\u2019Artistics \u00e0 Art Basel Paris 2024 | Artistics","isPartOf":{"@id":"https:\/\/artistics.com\/fr\/#website"},"primaryImageOfPage":{"@id":"https:\/\/artistics.com\/fr\/artzine\/artistics-visit-to-art-basel-paris-2024\/#primaryimage"},"image":{"@id":"https:\/\/artistics.com\/fr\/artzine\/artistics-visit-to-art-basel-paris-2024\/#primaryimage"},"thumbnailUrl":"https:\/\/artistics.com\/wp-content\/uploads\/2024\/10\/art-basel-paris-2024-17.jpg","datePublished":"2024-10-18T16:25:44+00:00","dateModified":"2024-10-18T21:16:48+00:00","breadcrumb":{"@id":"https:\/\/artistics.com\/fr\/artzine\/artistics-visit-to-art-basel-paris-2024\/#breadcrumb"},"inLanguage":"fr-FR","potentialAction":[{"@type":"ReadAction","target":["https:\/\/artistics.com\/fr\/artzine\/artistics-visit-to-art-basel-paris-2024\/"]}]},{"@type":"ImageObject","inLanguage":"fr-FR","@id":"https:\/\/artistics.com\/fr\/artzine\/artistics-visit-to-art-basel-paris-2024\/#primaryimage","url":"https:\/\/artistics.com\/wp-content\/uploads\/2024\/10\/art-basel-paris-2024-17.jpg","contentUrl":"https:\/\/artistics.com\/wp-content\/uploads\/2024\/10\/art-basel-paris-2024-17.jpg","width":2560,"height":1920},{"@type":"BreadcrumbList","@id":"https:\/\/artistics.com\/fr\/artzine\/artistics-visit-to-art-basel-paris-2024\/#breadcrumb","itemListElement":[{"@type":"ListItem","position":1,"name":"Achat \u0153uvre d'art","item":"https:\/\/artistics.com\/fr\/"},{"@type":"ListItem","position":2,"name":"Monde de l\u2019art","item":"https:\/\/artistics.com\/fr\/artzine\/category\/le-monde-de-art\/"},{"@type":"ListItem","position":3,"name":"Visite d\u2019Artistics \u00e0 Art Basel Paris 2024"}]},{"@type":"WebSite","@id":"https:\/\/artistics.com\/fr\/#website","url":"https:\/\/artistics.com\/fr\/","name":"Artistics","description":"The online art gallery","publisher":{"@id":"https:\/\/artistics.com\/fr\/#organization"},"potentialAction":[{"@type":"SearchAction","target":{"@type":"EntryPoint","urlTemplate":"https:\/\/artistics.com\/fr\/?s={search_term_string}"},"query-input":{"@type":"PropertyValueSpecification","valueRequired":true,"valueName":"search_term_string"}}],"inLanguage":"fr-FR"},{"@type":"Organization","@id":"https:\/\/artistics.com\/fr\/#organization","name":"Artistics","url":"https:\/\/artistics.com\/fr\/","logo":{"@type":"ImageObject","inLanguage":"fr-FR","@id":"https:\/\/artistics.com\/fr\/#\/schema\/logo\/image\/","url":"https:\/\/artistics.com\/wp-content\/uploads\/2023\/02\/artistics-logo-web-1.svg","contentUrl":"https:\/\/artistics.com\/wp-content\/uploads\/2023\/02\/artistics-logo-web-1.svg","caption":"Artistics"},"image":{"@id":"https:\/\/artistics.com\/fr\/#\/schema\/logo\/image\/"},"sameAs":["https:\/\/www.facebook.com\/ArtisticsMag","https:\/\/x.com\/Artistics_FR","http:\/\/www.linkedin.com\/company\/artistics","https:\/\/www.instagram.com\/artistics_com\/","http:\/\/www.pinterest.com\/ArtisticsMag"],"hasMerchantReturnPolicy":{"@type":"MerchantReturnPolicy","merchantReturnLink":"https:\/\/artistics.com\/free-return-policy\/"}},{"@type":"Person","@id":"https:\/\/artistics.com\/fr\/#\/schema\/person\/a39d54f18b4c5fe4a0de78e3f9236993","name":"Eleonora Fontana","image":{"@type":"ImageObject","inLanguage":"fr-FR","@id":"https:\/\/secure.gravatar.com\/avatar\/c15608b0600d759a03e927302242286e2f196b9d8abb87856fc3a3087c242f7b?s=96&d=mm&r=g","url":"https:\/\/secure.gravatar.com\/avatar\/c15608b0600d759a03e927302242286e2f196b9d8abb87856fc3a3087c242f7b?s=96&d=mm&r=g","contentUrl":"https:\/\/secure.gravatar.com\/avatar\/c15608b0600d759a03e927302242286e2f196b9d8abb87856fc3a3087c242f7b?s=96&d=mm&r=g","caption":"Eleonora Fontana"}}]}},"_links":{"self":[{"href":"https:\/\/artistics.com\/fr\/wp-json\/wp\/v2\/posts\/67823","targetHints":{"allow":["GET"]}}],"collection":[{"href":"https:\/\/artistics.com\/fr\/wp-json\/wp\/v2\/posts"}],"about":[{"href":"https:\/\/artistics.com\/fr\/wp-json\/wp\/v2\/types\/post"}],"author":[{"embeddable":true,"href":"https:\/\/artistics.com\/fr\/wp-json\/wp\/v2\/users\/2"}],"replies":[{"embeddable":true,"href":"https:\/\/artistics.com\/fr\/wp-json\/wp\/v2\/comments?post=67823"}],"version-history":[{"count":1,"href":"https:\/\/artistics.com\/fr\/wp-json\/wp\/v2\/posts\/67823\/revisions"}],"predecessor-version":[{"id":67825,"href":"https:\/\/artistics.com\/fr\/wp-json\/wp\/v2\/posts\/67823\/revisions\/67825"}],"wp:featuredmedia":[{"embeddable":true,"href":"https:\/\/artistics.com\/fr\/wp-json\/wp\/v2\/media\/67779"}],"wp:attachment":[{"href":"https:\/\/artistics.com\/fr\/wp-json\/wp\/v2\/media?parent=67823"}],"wp:term":[{"taxonomy":"category","embeddable":true,"href":"https:\/\/artistics.com\/fr\/wp-json\/wp\/v2\/categories?post=67823"},{"taxonomy":"post_tag","embeddable":true,"href":"https:\/\/artistics.com\/fr\/wp-json\/wp\/v2\/tags?post=67823"}],"curies":[{"name":"wp","href":"https:\/\/api.w.org\/{rel}","templated":true}]}}