{"id":5831,"date":"2023-02-01T15:03:42","date_gmt":"2023-02-01T14:03:42","guid":{"rendered":"https:\/\/2022.devartistics.com\/artzine\/francesca-bernardini-le-marbre-sous-tension\/"},"modified":"2023-04-19T16:49:00","modified_gmt":"2023-04-19T14:49:00","slug":"francesca-bernardini-le-marbre-sous-tension","status":"publish","type":"post","link":"https:\/\/artistics.com\/fr\/artzine\/francesca-bernardini-le-marbre-sous-tension\/","title":{"rendered":"Francesca Bernardini : le marbre sous tension"},"content":{"rendered":"<p><span ><em><strong>L\u2019artiste italienne Francesca Bernardini a d\u00e9velopp\u00e9 une relation avec le marbre qui rel\u00e8ve de l\u2019intime. \u00ab\u00a0Si je le traite bien, il me donne ce que je veux de lui\u00a0\u00bb dit-elle. A la fois journal intime et archive de sa relation au monde, son \u0153uvre nous parle d\u2019introspection et d\u2019ouverture aux autres, de l\u2019enfance et des aspirations de l\u2019\u00e2ge adulte. Ses sculptures sont travers\u00e9es par une tension dans laquelle le spectateur trouve un \u00e9cho \u00e0 ses propres \u00e9lans et \u00e0 ces oscillations int\u00e9rieures que les mots ne peuvent pas traduire.<\/strong><\/em><\/span><\/p>\n<p>\u00a0<\/p>\n<p><iframe title=\"YouTube video player\" src=\"https:\/\/www.youtube.com\/embed\/JUcdx4ZJ5_Q\" frameborder=\"0\" width=\"560\" height=\"315\" data-dashlane-frameid=\"476\"><\/iframe><\/p>\n<p><span >\u00a0<\/span><\/p>\n<p><span >\u00a0<\/span><span >N\u00e9e \u00e0 Carrare, une ville de Toscane mondialement connue pour le marbre de tr\u00e8s haute qualit\u00e9 extrait de ses carri\u00e8res, <a href=\"https:\/\/artistics.com\/fr\/oeuvre\/tn-557-d\/\">Francesca Bernardini<\/a> a choisi ce mat\u00e9riau pour fa\u00e7onner un langage visuel d\u2019une grande originalit\u00e9.<\/span><\/p>\n<p><span >Le marbre est \u00e0 la fois le d\u00e9positaire, l\u2019interpr\u00e8te et l\u2019archive de son rapport au monde. L\u2019artiste puise dans la nature des formes qui font \u00e9cho \u00e0 ses \u00e9tats int\u00e9rieurs. Elle se les approprie, amplifie certains d\u00e9tails ou certaines proportions jusqu\u2019\u00e0 atteindre le point de convergence entre ce qu\u2019elle observe au-dehors et ce qu\u2019elle ressent au-dedans.<\/span><\/p>\n<p><span >Son registre est celui de l\u2019intime, de l\u2019intuition, du savoir que l\u2019on acquiert par une observation attentive et directe des choses qui nous entourent, de notre relation aux autres, de nos besoins et de nos \u00e9lans. Parce que ce v\u00e9cu, ces \u00e9motions et ces ressentis sont partag\u00e9s par tous, ses \u0153uvres trouvent une r\u00e9sonance en chaque spectateur : elles nous parlent du besoin de protection et de s\u00e9curit\u00e9 (<a href=\"https:\/\/artistics.com\/fr\/oeuvre\/tn-557-d\/\">s\u00e9rie Nests, Cocoons, Crysalises<\/a>) autant que de la n\u00e9cessit\u00e9 de la communication (<a href=\"https:\/\/artistics.com\/fr\/oeuvre\/tn-557-d\/\">s\u00e9rie Connections<\/a>), de la douceur des souvenirs d\u2019enfance (<a href=\"https:\/\/artistics.com\/fr\/oeuvre\/tn-557-d\/\">s\u00e9rie From the Abyss<\/a>) comme de la maternit\u00e9.<\/span><\/p>\n<p><span >Ses sculptures aux formes douces sont parcourues par une tension qui effleure la surface du marbre, \u00e0 l\u2019image de cette chrysalide qui semble sur le point de se briser. \u00ab\u00a0La chrysalide ou le cocon \u00e9voquent pour moi une \u00e9volution, un d\u00e9sir de grandir, de changer pour le mieux\u00a0\u00bb commente l\u2019artiste. \u00ab\u00a0Je suis fascin\u00e9e par ces petits abris o\u00f9 l\u2019on peut sentir \u00e0 l\u2019int\u00e9rieur la pulsation de la vie. Et par ce moment extr\u00eame de tension, quand la chrysalide est sur le point de se briser, ou qu&rsquo;une graine est sur le point d&rsquo;\u00e9clore, c&rsquo;est quelque chose qui a beaucoup inspir\u00e9 mes recherches. Cette tension, c\u2019est ce que je recherche dans ma sculpture. J&rsquo;aime quand les lignes &lsquo;courent&rsquo; vite, sans rien qui vienne les interrompre, j\u2019aime ce dynamisme.\u00a0\u00bb<\/span><\/p>\n<p><span >C\u2019est aussi pour cette raison que l\u2019artiste privil\u00e9gie un marbre uniforme, noir, blanc ou gris. Elle tient \u00e0 \u00e9carter tout ce qui pourrait perturber la lecture des volumes, distraire l\u2019\u0153il du spectateur et le perdre dans le d\u00e9tail plut\u00f4t que d\u2019appr\u00e9hender la sculpture dans son ensemble.<\/span><\/p>\n<p><span >Quelquefois pourtant, elle rehausse ses sculptures de quelques discr\u00e8tes touches d\u2019\u00e9mail color\u00e9 : pour ranimer cet \u00e9tonnement et cet \u00e9merveillement que suscite la d\u00e9couverte de la nature quand on l\u2019observe pour la premi\u00e8re fois.<\/span><\/p>\n<p><span >\u00a0<\/span><\/p>\n<p><span >\u00a0<\/span><\/p>\n<p><span ><strong>A propos de l&rsquo;artiste :<\/strong><\/span><\/p>\n<p><span >Francesca Bernardini est n\u00e9e en 1974 \u00e0 Carrare, en Toscane. Elle obtient un dipl\u00f4me en sculpture de l\u2019Acad\u00e9mie de Beaux-arts de Carrare en 1999 et commence \u00e0 travailler dans un atelier historique de la ville, o\u00f9 elle apprend avec passion les techniques traditionnelles de sculpture sur marbre. Depuis le d\u00e9but des ann\u00e9es 2000, son \u0153uvre a \u00e9t\u00e9 l\u2019objet de nombreuses expositions personnelles et collectives dans des institutions et des galeries \u00e0 l\u2019international, notamment en Europe et en Asie.\u00a0<\/span><\/p>\n","protected":false},"excerpt":{"rendered":"<p>L\u2019artiste italienne Francesca Bernardini a d\u00e9velopp\u00e9 une relation avec le marbre qui rel\u00e8ve de l\u2019intime. A la fois journal intime et archive de sa relation au monde, son \u0153uvre nous parle d\u2019introspection et d\u2019ouverture aux autres, de l\u2019enfance et des aspirations de l\u2019\u00e2ge adulte. Ses sculptures sont travers\u00e9es par une tension dans laquelle le spectateur trouve un \u00e9cho \u00e0 ses propres \u00e9lans et \u00e0 ses oscillations int\u00e9rieures.<\/p>\n","protected":false},"author":1,"featured_media":4599,"comment_status":"open","ping_status":"open","sticky":false,"template":"","format":"standard","meta":{"_acf_changed":false,"_searchwp_excluded":"","inline_featured_image":false,"footnotes":""},"categories":[1186],"tags":[],"class_list":["post-5831","post","type-post","status-publish","format-standard","has-post-thumbnail","hentry","category-visite-atelier"],"acf":[],"yoast_head":"<!-- This site is optimized with the Yoast SEO Premium plugin v27.3 (Yoast SEO v27.3) - https:\/\/yoast.com\/product\/yoast-seo-premium-wordpress\/ -->\n<title>Francesca Bernardini : le marbre sous tension<\/title>\n<meta name=\"description\" content=\"L\u2019artiste italienne Francesca Bernardini a d\u00e9velopp\u00e9 une relation avec le marbre qui rel\u00e8ve de l\u2019intime. A la fois journal intime et archive de sa relation au monde, son \u0153uvre nous parle d\u2019introspection et d\u2019ouverture aux autres, de l\u2019enfance et des aspirations de l\u2019\u00e2ge adulte. Ses sculptures sont travers\u00e9es par une tension dans laquelle le spectateur trouve un \u00e9cho \u00e0 ses propres \u00e9lans et \u00e0 ses oscillations int\u00e9rieures.\" \/>\n<meta name=\"robots\" content=\"index, follow, max-snippet:-1, max-image-preview:large, max-video-preview:-1\" \/>\n<link rel=\"canonical\" href=\"https:\/\/artistics.com\/fr\/artzine\/francesca-bernardini-le-marbre-sous-tension\/\" \/>\n<meta property=\"og:locale\" content=\"fr_FR\" \/>\n<meta property=\"og:type\" content=\"article\" \/>\n<meta property=\"og:title\" content=\"Francesca Bernardini : le marbre sous tension\" \/>\n<meta property=\"og:description\" content=\"L\u2019artiste italienne Francesca Bernardini a d\u00e9velopp\u00e9 une relation avec le marbre qui rel\u00e8ve de l\u2019intime. A la fois journal intime et archive de sa relation au monde, son \u0153uvre nous parle d\u2019introspection et d\u2019ouverture aux autres, de l\u2019enfance et des aspirations de l\u2019\u00e2ge adulte. Ses sculptures sont travers\u00e9es par une tension dans laquelle le spectateur trouve un \u00e9cho \u00e0 ses propres \u00e9lans et \u00e0 ses oscillations int\u00e9rieures.\" \/>\n<meta property=\"og:url\" content=\"https:\/\/artistics.com\/fr\/artzine\/francesca-bernardini-le-marbre-sous-tension\/\" \/>\n<meta property=\"og:site_name\" content=\"Artistics\" \/>\n<meta property=\"article:publisher\" content=\"https:\/\/www.facebook.com\/ArtisticsMag\" \/>\n<meta property=\"article:published_time\" content=\"2023-02-01T14:03:42+00:00\" \/>\n<meta property=\"article:modified_time\" content=\"2023-04-19T14:49:00+00:00\" \/>\n<meta property=\"og:image\" content=\"https:\/\/artistics.com\/wp-content\/uploads\/2023\/04\/fb6.png\" \/>\n\t<meta property=\"og:image:width\" content=\"1606\" \/>\n\t<meta property=\"og:image:height\" content=\"902\" \/>\n\t<meta property=\"og:image:type\" content=\"image\/png\" \/>\n<meta name=\"author\" content=\"Hypso\" \/>\n<meta name=\"twitter:card\" content=\"summary_large_image\" \/>\n<meta name=\"twitter:creator\" content=\"@Artistics_FR\" \/>\n<meta name=\"twitter:site\" content=\"@Artistics_FR\" \/>\n<meta name=\"twitter:label1\" content=\"\u00c9crit par\" \/>\n\t<meta name=\"twitter:data1\" content=\"Hypso\" \/>\n\t<meta name=\"twitter:label2\" content=\"Dur\u00e9e de lecture estim\u00e9e\" \/>\n\t<meta name=\"twitter:data2\" content=\"3 minutes\" \/>\n<script type=\"application\/ld+json\" class=\"yoast-schema-graph\">{\"@context\":\"https:\\\/\\\/schema.org\",\"@graph\":[{\"@type\":[\"Article\",\"BlogPosting\"],\"@id\":\"https:\\\/\\\/artistics.com\\\/fr\\\/artzine\\\/francesca-bernardini-le-marbre-sous-tension\\\/#article\",\"isPartOf\":{\"@id\":\"https:\\\/\\\/artistics.com\\\/fr\\\/artzine\\\/francesca-bernardini-le-marbre-sous-tension\\\/\"},\"author\":{\"name\":\"Hypso\",\"@id\":\"https:\\\/\\\/artistics.com\\\/fr\\\/#\\\/schema\\\/person\\\/06ccbcd390d4be9b22fdc66fc2e78e6c\"},\"headline\":\"Francesca Bernardini : le marbre sous tension\",\"datePublished\":\"2023-02-01T14:03:42+00:00\",\"dateModified\":\"2023-04-19T14:49:00+00:00\",\"mainEntityOfPage\":{\"@id\":\"https:\\\/\\\/artistics.com\\\/fr\\\/artzine\\\/francesca-bernardini-le-marbre-sous-tension\\\/\"},\"wordCount\":627,\"commentCount\":0,\"publisher\":{\"@id\":\"https:\\\/\\\/artistics.com\\\/fr\\\/#organization\"},\"image\":{\"@id\":\"https:\\\/\\\/artistics.com\\\/fr\\\/artzine\\\/francesca-bernardini-le-marbre-sous-tension\\\/#primaryimage\"},\"thumbnailUrl\":\"https:\\\/\\\/artistics.com\\\/wp-content\\\/uploads\\\/2023\\\/04\\\/fb6.png\",\"articleSection\":[\"Visite d\u2019atelier\"],\"inLanguage\":\"fr-FR\",\"potentialAction\":[{\"@type\":\"CommentAction\",\"name\":\"Comment\",\"target\":[\"https:\\\/\\\/artistics.com\\\/fr\\\/artzine\\\/francesca-bernardini-le-marbre-sous-tension\\\/#respond\"]}]},{\"@type\":\"WebPage\",\"@id\":\"https:\\\/\\\/artistics.com\\\/fr\\\/artzine\\\/francesca-bernardini-le-marbre-sous-tension\\\/\",\"url\":\"https:\\\/\\\/artistics.com\\\/fr\\\/artzine\\\/francesca-bernardini-le-marbre-sous-tension\\\/\",\"name\":\"Francesca Bernardini : le marbre sous tension\",\"isPartOf\":{\"@id\":\"https:\\\/\\\/artistics.com\\\/fr\\\/#website\"},\"primaryImageOfPage\":{\"@id\":\"https:\\\/\\\/artistics.com\\\/fr\\\/artzine\\\/francesca-bernardini-le-marbre-sous-tension\\\/#primaryimage\"},\"image\":{\"@id\":\"https:\\\/\\\/artistics.com\\\/fr\\\/artzine\\\/francesca-bernardini-le-marbre-sous-tension\\\/#primaryimage\"},\"thumbnailUrl\":\"https:\\\/\\\/artistics.com\\\/wp-content\\\/uploads\\\/2023\\\/04\\\/fb6.png\",\"datePublished\":\"2023-02-01T14:03:42+00:00\",\"dateModified\":\"2023-04-19T14:49:00+00:00\",\"description\":\"L\u2019artiste italienne Francesca Bernardini a d\u00e9velopp\u00e9 une relation avec le marbre qui rel\u00e8ve de l\u2019intime. A la fois journal intime et archive de sa relation au monde, son \u0153uvre nous parle d\u2019introspection et d\u2019ouverture aux autres, de l\u2019enfance et des aspirations de l\u2019\u00e2ge adulte. Ses sculptures sont travers\u00e9es par une tension dans laquelle le spectateur trouve un \u00e9cho \u00e0 ses propres \u00e9lans et \u00e0 ses oscillations int\u00e9rieures.\",\"breadcrumb\":{\"@id\":\"https:\\\/\\\/artistics.com\\\/fr\\\/artzine\\\/francesca-bernardini-le-marbre-sous-tension\\\/#breadcrumb\"},\"inLanguage\":\"fr-FR\",\"potentialAction\":[{\"@type\":\"ReadAction\",\"target\":[\"https:\\\/\\\/artistics.com\\\/fr\\\/artzine\\\/francesca-bernardini-le-marbre-sous-tension\\\/\"]}]},{\"@type\":\"ImageObject\",\"inLanguage\":\"fr-FR\",\"@id\":\"https:\\\/\\\/artistics.com\\\/fr\\\/artzine\\\/francesca-bernardini-le-marbre-sous-tension\\\/#primaryimage\",\"url\":\"https:\\\/\\\/artistics.com\\\/wp-content\\\/uploads\\\/2023\\\/04\\\/fb6.png\",\"contentUrl\":\"https:\\\/\\\/artistics.com\\\/wp-content\\\/uploads\\\/2023\\\/04\\\/fb6.png\",\"width\":1606,\"height\":902},{\"@type\":\"BreadcrumbList\",\"@id\":\"https:\\\/\\\/artistics.com\\\/fr\\\/artzine\\\/francesca-bernardini-le-marbre-sous-tension\\\/#breadcrumb\",\"itemListElement\":[{\"@type\":\"ListItem\",\"position\":1,\"name\":\"Achat \u0153uvre d'art\",\"item\":\"https:\\\/\\\/artistics.com\\\/fr\\\/\"},{\"@type\":\"ListItem\",\"position\":2,\"name\":\"Visite d\u2019atelier\",\"item\":\"https:\\\/\\\/artistics.com\\\/fr\\\/artzine\\\/category\\\/visite-atelier\\\/\"},{\"@type\":\"ListItem\",\"position\":3,\"name\":\"Francesca Bernardini : le marbre sous tension\"}]},{\"@type\":\"WebSite\",\"@id\":\"https:\\\/\\\/artistics.com\\\/fr\\\/#website\",\"url\":\"https:\\\/\\\/artistics.com\\\/fr\\\/\",\"name\":\"Artistics\",\"description\":\"The online art gallery\",\"publisher\":{\"@id\":\"https:\\\/\\\/artistics.com\\\/fr\\\/#organization\"},\"potentialAction\":[{\"@type\":\"SearchAction\",\"target\":{\"@type\":\"EntryPoint\",\"urlTemplate\":\"https:\\\/\\\/artistics.com\\\/fr\\\/?s={search_term_string}\"},\"query-input\":{\"@type\":\"PropertyValueSpecification\",\"valueRequired\":true,\"valueName\":\"search_term_string\"}}],\"inLanguage\":\"fr-FR\"},{\"@type\":\"Organization\",\"@id\":\"https:\\\/\\\/artistics.com\\\/fr\\\/#organization\",\"name\":\"Artistics\",\"url\":\"https:\\\/\\\/artistics.com\\\/fr\\\/\",\"logo\":{\"@type\":\"ImageObject\",\"inLanguage\":\"fr-FR\",\"@id\":\"https:\\\/\\\/artistics.com\\\/fr\\\/#\\\/schema\\\/logo\\\/image\\\/\",\"url\":\"https:\\\/\\\/artistics.com\\\/wp-content\\\/uploads\\\/2023\\\/02\\\/artistics-logo-web-1.svg\",\"contentUrl\":\"https:\\\/\\\/artistics.com\\\/wp-content\\\/uploads\\\/2023\\\/02\\\/artistics-logo-web-1.svg\",\"caption\":\"Artistics\"},\"image\":{\"@id\":\"https:\\\/\\\/artistics.com\\\/fr\\\/#\\\/schema\\\/logo\\\/image\\\/\"},\"sameAs\":[\"https:\\\/\\\/www.facebook.com\\\/ArtisticsMag\",\"https:\\\/\\\/x.com\\\/Artistics_FR\",\"http:\\\/\\\/www.linkedin.com\\\/company\\\/artistics\",\"https:\\\/\\\/www.instagram.com\\\/artistics_com\\\/\",\"http:\\\/\\\/www.pinterest.com\\\/ArtisticsMag\"],\"hasMerchantReturnPolicy\":{\"@type\":\"MerchantReturnPolicy\",\"merchantReturnLink\":\"https:\\\/\\\/artistics.com\\\/free-return-policy\\\/\"}},{\"@type\":\"Person\",\"@id\":\"https:\\\/\\\/artistics.com\\\/fr\\\/#\\\/schema\\\/person\\\/06ccbcd390d4be9b22fdc66fc2e78e6c\",\"name\":\"Hypso\",\"image\":{\"@type\":\"ImageObject\",\"inLanguage\":\"fr-FR\",\"@id\":\"https:\\\/\\\/secure.gravatar.com\\\/avatar\\\/df2518545b115be73a09aa9ed0fe74108171a89b0189073d31863a695ada9fcf?s=96&d=mm&r=g\",\"url\":\"https:\\\/\\\/secure.gravatar.com\\\/avatar\\\/df2518545b115be73a09aa9ed0fe74108171a89b0189073d31863a695ada9fcf?s=96&d=mm&r=g\",\"contentUrl\":\"https:\\\/\\\/secure.gravatar.com\\\/avatar\\\/df2518545b115be73a09aa9ed0fe74108171a89b0189073d31863a695ada9fcf?s=96&d=mm&r=g\",\"caption\":\"Hypso\"},\"sameAs\":[\"https:\\\/\\\/artistics.com\"]}]}<\/script>\n<!-- \/ Yoast SEO Premium plugin. -->","yoast_head_json":{"title":"Francesca Bernardini : le marbre sous tension","description":"L\u2019artiste italienne Francesca Bernardini a d\u00e9velopp\u00e9 une relation avec le marbre qui rel\u00e8ve de l\u2019intime. A la fois journal intime et archive de sa relation au monde, son \u0153uvre nous parle d\u2019introspection et d\u2019ouverture aux autres, de l\u2019enfance et des aspirations de l\u2019\u00e2ge adulte. Ses sculptures sont travers\u00e9es par une tension dans laquelle le spectateur trouve un \u00e9cho \u00e0 ses propres \u00e9lans et \u00e0 ses oscillations int\u00e9rieures.","robots":{"index":"index","follow":"follow","max-snippet":"max-snippet:-1","max-image-preview":"max-image-preview:large","max-video-preview":"max-video-preview:-1"},"canonical":"https:\/\/artistics.com\/fr\/artzine\/francesca-bernardini-le-marbre-sous-tension\/","og_locale":"fr_FR","og_type":"article","og_title":"Francesca Bernardini : le marbre sous tension","og_description":"L\u2019artiste italienne Francesca Bernardini a d\u00e9velopp\u00e9 une relation avec le marbre qui rel\u00e8ve de l\u2019intime. A la fois journal intime et archive de sa relation au monde, son \u0153uvre nous parle d\u2019introspection et d\u2019ouverture aux autres, de l\u2019enfance et des aspirations de l\u2019\u00e2ge adulte. Ses sculptures sont travers\u00e9es par une tension dans laquelle le spectateur trouve un \u00e9cho \u00e0 ses propres \u00e9lans et \u00e0 ses oscillations int\u00e9rieures.","og_url":"https:\/\/artistics.com\/fr\/artzine\/francesca-bernardini-le-marbre-sous-tension\/","og_site_name":"Artistics","article_publisher":"https:\/\/www.facebook.com\/ArtisticsMag","article_published_time":"2023-02-01T14:03:42+00:00","article_modified_time":"2023-04-19T14:49:00+00:00","og_image":[{"width":1606,"height":902,"url":"https:\/\/artistics.com\/wp-content\/uploads\/2023\/04\/fb6.png","type":"image\/png"}],"author":"Hypso","twitter_card":"summary_large_image","twitter_creator":"@Artistics_FR","twitter_site":"@Artistics_FR","twitter_misc":{"\u00c9crit par":"Hypso","Dur\u00e9e de lecture estim\u00e9e":"3 minutes"},"schema":{"@context":"https:\/\/schema.org","@graph":[{"@type":["Article","BlogPosting"],"@id":"https:\/\/artistics.com\/fr\/artzine\/francesca-bernardini-le-marbre-sous-tension\/#article","isPartOf":{"@id":"https:\/\/artistics.com\/fr\/artzine\/francesca-bernardini-le-marbre-sous-tension\/"},"author":{"name":"Hypso","@id":"https:\/\/artistics.com\/fr\/#\/schema\/person\/06ccbcd390d4be9b22fdc66fc2e78e6c"},"headline":"Francesca Bernardini : le marbre sous tension","datePublished":"2023-02-01T14:03:42+00:00","dateModified":"2023-04-19T14:49:00+00:00","mainEntityOfPage":{"@id":"https:\/\/artistics.com\/fr\/artzine\/francesca-bernardini-le-marbre-sous-tension\/"},"wordCount":627,"commentCount":0,"publisher":{"@id":"https:\/\/artistics.com\/fr\/#organization"},"image":{"@id":"https:\/\/artistics.com\/fr\/artzine\/francesca-bernardini-le-marbre-sous-tension\/#primaryimage"},"thumbnailUrl":"https:\/\/artistics.com\/wp-content\/uploads\/2023\/04\/fb6.png","articleSection":["Visite d\u2019atelier"],"inLanguage":"fr-FR","potentialAction":[{"@type":"CommentAction","name":"Comment","target":["https:\/\/artistics.com\/fr\/artzine\/francesca-bernardini-le-marbre-sous-tension\/#respond"]}]},{"@type":"WebPage","@id":"https:\/\/artistics.com\/fr\/artzine\/francesca-bernardini-le-marbre-sous-tension\/","url":"https:\/\/artistics.com\/fr\/artzine\/francesca-bernardini-le-marbre-sous-tension\/","name":"Francesca Bernardini : le marbre sous tension","isPartOf":{"@id":"https:\/\/artistics.com\/fr\/#website"},"primaryImageOfPage":{"@id":"https:\/\/artistics.com\/fr\/artzine\/francesca-bernardini-le-marbre-sous-tension\/#primaryimage"},"image":{"@id":"https:\/\/artistics.com\/fr\/artzine\/francesca-bernardini-le-marbre-sous-tension\/#primaryimage"},"thumbnailUrl":"https:\/\/artistics.com\/wp-content\/uploads\/2023\/04\/fb6.png","datePublished":"2023-02-01T14:03:42+00:00","dateModified":"2023-04-19T14:49:00+00:00","description":"L\u2019artiste italienne Francesca Bernardini a d\u00e9velopp\u00e9 une relation avec le marbre qui rel\u00e8ve de l\u2019intime. A la fois journal intime et archive de sa relation au monde, son \u0153uvre nous parle d\u2019introspection et d\u2019ouverture aux autres, de l\u2019enfance et des aspirations de l\u2019\u00e2ge adulte. Ses sculptures sont travers\u00e9es par une tension dans laquelle le spectateur trouve un \u00e9cho \u00e0 ses propres \u00e9lans et \u00e0 ses oscillations int\u00e9rieures.","breadcrumb":{"@id":"https:\/\/artistics.com\/fr\/artzine\/francesca-bernardini-le-marbre-sous-tension\/#breadcrumb"},"inLanguage":"fr-FR","potentialAction":[{"@type":"ReadAction","target":["https:\/\/artistics.com\/fr\/artzine\/francesca-bernardini-le-marbre-sous-tension\/"]}]},{"@type":"ImageObject","inLanguage":"fr-FR","@id":"https:\/\/artistics.com\/fr\/artzine\/francesca-bernardini-le-marbre-sous-tension\/#primaryimage","url":"https:\/\/artistics.com\/wp-content\/uploads\/2023\/04\/fb6.png","contentUrl":"https:\/\/artistics.com\/wp-content\/uploads\/2023\/04\/fb6.png","width":1606,"height":902},{"@type":"BreadcrumbList","@id":"https:\/\/artistics.com\/fr\/artzine\/francesca-bernardini-le-marbre-sous-tension\/#breadcrumb","itemListElement":[{"@type":"ListItem","position":1,"name":"Achat \u0153uvre d'art","item":"https:\/\/artistics.com\/fr\/"},{"@type":"ListItem","position":2,"name":"Visite d\u2019atelier","item":"https:\/\/artistics.com\/fr\/artzine\/category\/visite-atelier\/"},{"@type":"ListItem","position":3,"name":"Francesca Bernardini : le marbre sous tension"}]},{"@type":"WebSite","@id":"https:\/\/artistics.com\/fr\/#website","url":"https:\/\/artistics.com\/fr\/","name":"Artistics","description":"The online art gallery","publisher":{"@id":"https:\/\/artistics.com\/fr\/#organization"},"potentialAction":[{"@type":"SearchAction","target":{"@type":"EntryPoint","urlTemplate":"https:\/\/artistics.com\/fr\/?s={search_term_string}"},"query-input":{"@type":"PropertyValueSpecification","valueRequired":true,"valueName":"search_term_string"}}],"inLanguage":"fr-FR"},{"@type":"Organization","@id":"https:\/\/artistics.com\/fr\/#organization","name":"Artistics","url":"https:\/\/artistics.com\/fr\/","logo":{"@type":"ImageObject","inLanguage":"fr-FR","@id":"https:\/\/artistics.com\/fr\/#\/schema\/logo\/image\/","url":"https:\/\/artistics.com\/wp-content\/uploads\/2023\/02\/artistics-logo-web-1.svg","contentUrl":"https:\/\/artistics.com\/wp-content\/uploads\/2023\/02\/artistics-logo-web-1.svg","caption":"Artistics"},"image":{"@id":"https:\/\/artistics.com\/fr\/#\/schema\/logo\/image\/"},"sameAs":["https:\/\/www.facebook.com\/ArtisticsMag","https:\/\/x.com\/Artistics_FR","http:\/\/www.linkedin.com\/company\/artistics","https:\/\/www.instagram.com\/artistics_com\/","http:\/\/www.pinterest.com\/ArtisticsMag"],"hasMerchantReturnPolicy":{"@type":"MerchantReturnPolicy","merchantReturnLink":"https:\/\/artistics.com\/free-return-policy\/"}},{"@type":"Person","@id":"https:\/\/artistics.com\/fr\/#\/schema\/person\/06ccbcd390d4be9b22fdc66fc2e78e6c","name":"Hypso","image":{"@type":"ImageObject","inLanguage":"fr-FR","@id":"https:\/\/secure.gravatar.com\/avatar\/df2518545b115be73a09aa9ed0fe74108171a89b0189073d31863a695ada9fcf?s=96&d=mm&r=g","url":"https:\/\/secure.gravatar.com\/avatar\/df2518545b115be73a09aa9ed0fe74108171a89b0189073d31863a695ada9fcf?s=96&d=mm&r=g","contentUrl":"https:\/\/secure.gravatar.com\/avatar\/df2518545b115be73a09aa9ed0fe74108171a89b0189073d31863a695ada9fcf?s=96&d=mm&r=g","caption":"Hypso"},"sameAs":["https:\/\/artistics.com"]}]}},"_links":{"self":[{"href":"https:\/\/artistics.com\/fr\/wp-json\/wp\/v2\/posts\/5831","targetHints":{"allow":["GET"]}}],"collection":[{"href":"https:\/\/artistics.com\/fr\/wp-json\/wp\/v2\/posts"}],"about":[{"href":"https:\/\/artistics.com\/fr\/wp-json\/wp\/v2\/types\/post"}],"author":[{"embeddable":true,"href":"https:\/\/artistics.com\/fr\/wp-json\/wp\/v2\/users\/1"}],"replies":[{"embeddable":true,"href":"https:\/\/artistics.com\/fr\/wp-json\/wp\/v2\/comments?post=5831"}],"version-history":[{"count":0,"href":"https:\/\/artistics.com\/fr\/wp-json\/wp\/v2\/posts\/5831\/revisions"}],"wp:featuredmedia":[{"embeddable":true,"href":"https:\/\/artistics.com\/fr\/wp-json\/wp\/v2\/media\/4599"}],"wp:attachment":[{"href":"https:\/\/artistics.com\/fr\/wp-json\/wp\/v2\/media?parent=5831"}],"wp:term":[{"taxonomy":"category","embeddable":true,"href":"https:\/\/artistics.com\/fr\/wp-json\/wp\/v2\/categories?post=5831"},{"taxonomy":"post_tag","embeddable":true,"href":"https:\/\/artistics.com\/fr\/wp-json\/wp\/v2\/tags?post=5831"}],"curies":[{"name":"wp","href":"https:\/\/api.w.org\/{rel}","templated":true}]}}