{"id":5829,"date":"2022-10-04T11:30:42","date_gmt":"2022-10-04T09:30:42","guid":{"rendered":"https:\/\/2022.devartistics.com\/artzine\/la-sculpture-winston-de-cecile-raynal-inauguree-a-cap-dail\/"},"modified":"2023-04-25T17:48:25","modified_gmt":"2023-04-25T15:48:25","slug":"la-sculpture-winston-de-cecile-raynal-inauguree-a-cap-dail","status":"publish","type":"post","link":"https:\/\/artistics.com\/fr\/artzine\/la-sculpture-winston-de-cecile-raynal-inauguree-a-cap-dail\/","title":{"rendered":"La sculpture \u00ab\u00a0Winston\u00a0\u00bb de C\u00e9cile Raynal inaugur\u00e9e \u00e0 Cap d&rsquo;Ail"},"content":{"rendered":"<h2><img decoding=\"async\" src=\"https:\/\/artistics.com\/wp-content\/uploads\/2023\/04\/chuchill-cecile-raynal_1.jpg\" alt=\"\" width=\"1000\" height=\"1333\" \/><\/h2>\n<p>\u00ab Winston \u00bb, une sculpture en bronze de notre artiste <a href=\"https:\/\/artistics.com\/fr\/artiste\/cecile-raynal\/\">C\u00e9cile Raynal<\/a>, a \u00e9t\u00e9 inaugur\u00e9e le 1er Octobre \u00e0 Cap d\u2019Ail en pr\u00e9sence du Prince Albert II de Monaco. Install\u00e9e dans la villa Capponcina, o\u00f9 Churchill venait peindre dans les ann\u00e9es apr\u00e8s-guerre, elle comm\u00e9more le lien entre l\u2019homme illustre et la ville de la C\u00f4te d\u2019Azur. D\u00e9couvrez la naissance et la cr\u00e9ation de \u00ab Winston \u00bb dans notre article.<\/p>\n<h2><strong>Winston Churchill, peintre \u00e0 Cap d\u2019Ail\u00a0<\/strong><\/h2>\n<p>C&rsquo;est au travers de son amiti\u00e9 avec Lord Beaverbrook, homme d\u2019affaires, \u00e9diteur et ancien ministre au sein de son gouvernement de guerre,\u00a0que Winston Churchill d\u00e9couvre la ville de Cap d\u2019Ail. Lord Beaverbrook avait achet\u00e9 \u00e0 Cap d\u2019Ail la villa Capponcina, une villa de style n\u00e9oproven\u00e7al construite dans les ann\u00e9es 1920 pour le grand couturier et parfumeur Edward Molyneux. Dans les ann\u00e9es d\u2019apr\u00e8s-guerre, Winston Churchill y s\u00e9journe \u00e0 plusieurs reprises lors de ses vacances. L\u00e0, inspir\u00e9 par les paysages et la tranquillit\u00e9 du lieu, il s&rsquo;adonne avec passion \u00e0 la peinture et r\u00e9dige ses m\u00e9moires. En 1952, la municipalit\u00e9 de Cap-d\u2019Ail lui conf\u00e8re par d\u00e9cret du Ministre de l\u2019Int\u00e9rieur le titre de maire honoraire de la ville, \u00ab en hommage au grand ami de la France et de la commune \u00bb.<\/p>\n<p>La production et l\u2019installation dans la villa d\u2019une sculpture en bronze de Churchill comm\u00e9more le 70e anniversaire de l\u2019attribution de ce titre, marquant ainsi la m\u00e9moire de ce lien si particulier entre la ville et l&rsquo;homme illustre. Le maire actuel Xavier Beck connaissait le travail de la sculptrice fran\u00e7aise C\u00e9cile Raynal car elle avait d\u00e9j\u00e0 expos\u00e9 en 2011 et <a href=\"https:\/\/artistics.com\/fr\/artzine\/cecile-raynal-des-betes-en-ce-chateau\/\">2016 au Ch\u00e2teau des Terrasses<\/a>, une villa Belle \u00e9poque situ\u00e9e non loin de Cap d\u2019Ail. Apr\u00e8s avoir vu son portrait en bronze de Pierre Rolinet, ancien r\u00e9sistant et d\u00e9port\u00e9 de la Seconde Guerre mondiale, il d\u00e9cide de la contacter pour la sculpture de Churchill.<\/p>\n<h2><strong>Le travail sur le personnage historique\u00a0<\/strong><\/h2>\n<p>Pour l\u2019artiste ce projet repr\u00e9sente un vrai d\u00e9fi, d\u2019abord par le temps tr\u00e8s restreint qui lui est imparti : deux mois seulement pour livrer la sculpture en terre \u00e0 la fonderie. Les contraintes sont \u00e9galement de type iconographique, car le commanditaire souhaite une sculpture de Churchill debout portant un chapeau classique (pour des soucis de reconnaissabilit\u00e9), alors qu\u2019il peignait plut\u00f4t assis avec un grand chapeau en paille.<\/p>\n<p><img decoding=\"async\" src=\"https:\/\/artistics.com\/wp-content\/uploads\/2023\/04\/cecile-raynal-churchill-photo-bernhard-hebert_1.jpeg\" alt=\"\" width=\"1353\" height=\"1000\" \/><\/p>\n<p>Jusque-l\u00e0, C\u00e9cile Raynal n\u2019avait r\u00e9alis\u00e9 qu\u2019un seul portrait d\u2019une personnalit\u00e9 disparue : <a href=\"https:\/\/artistics.com\/fr\/artzine\/journee-internationale-des-droits-des-femmes-olympe-de-gouges-pionniere-du-feminisme-par-cecile-raynal\/\">celui d\u2019Olympe de Gouges<\/a>. Il s\u2019agissait d\u2019un portrait davantage litt\u00e9raire qu\u2019historique du fait notamment du peu de repr\u00e9sentations disponibles de l\u2019autrice. Winston Churchill, quant \u00e0 lui, a \u00e9t\u00e9 largement repr\u00e9sent\u00e9 : par des photos, des vid\u00e9os, des portraits, des statues, etc. La premi\u00e8re question que l\u2019artiste se pose est donc : comment faire un portrait de l\u2019<em>homme<\/em> Churchill, de l\u2019homme qui pense et qui peint, et pas du politicien ou du h\u00e9ros ?<\/p>\n<p>Comme souvent dans son processus de cr\u00e9ation, C\u00e9cile Raynal commence avec un travail d\u2019immersion dans la vie et le monde du personnage : elle lit les biographies de Churchill, les discours qu\u2019il a donn\u00e9s, la correspondance avec sa femme, une partie de son journal sur la guerre. Elle regarde \u00e9galement les photos de lui enfant et jeune homme, les images d\u2019archive de la guerre et, bien s\u00fbr, ses peintures.<\/p>\n<h2><strong>Plusieurs identit\u00e9s, une seule sculpture<\/strong><\/h2>\n<p>L\u2019ambition de l\u2019artiste est celle de transf\u00e9rer dans le\u00a0<a href=\"https:\/\/artistics.com\/fr\/categorie-oeuvre\/sculpture-contemporaine\/sculpture-portrait-et-figure\/\">portrait\u00a0sculpt\u00e9<\/a> les multiples identit\u00e9s et traits de personnalit\u00e9 du politicien : son humour, son intelligence, mais \u00e9galement sa duret\u00e9 et une certaine angoisse. Pour ce faire, C\u00e9cile Raynal essaie de reproduire la situation d\u2019une rencontre fictive avec Churchill, dans laquelle elle dialogue avec ses diff\u00e9rentes vies et voix. La sculpture qui ressort de cette rencontre est impr\u00e9gn\u00e9e de l\u2019ambivalence des ressentis de l\u2019artiste par rapport au personnage historique : conservateur et aristocrate d\u2019une part mais \u00e9galement sauveur de l\u2019Europe gr\u00e2ce \u00e0 sa force et son courage. Le Churchill de C\u00e9cile Raynal est v\u00e9tu en homme politique avec, par-dessus, une veste de peintre et des pinceaux dans la poche. Il a aussi un cigare, et une canne qui prolonge son bras.<\/p>\n<p>\u00ab <em>Comme pour chaque portrait, chaque rencontre, la qualit\u00e9 de la sculpture en cours tient \u00e0 la porosit\u00e9 de mes mains, leur disponibilit\u00e9 \u00e0 percevoir celui qui, en l\u2019occurrence, est disparu, fig\u00e9 dans des images et omnipr\u00e9sent. Se laisser presque absorber par les diff\u00e9rents Winston, aux vies multiples dont l\u2019histoire changeait l\u2019Histoire. [\u2026] Il existait aussi un Winston peintre, \u00e9crivain, solitaire et enclin \u00e0 de vastes \u00e9pisodes d\u00e9pressifs, apte \u00e0 la contemplation et \u00e0 la cr\u00e9ation. Au fond j\u2019ai l\u2019impression que c\u2019est surtout avec cet homme-l\u00e0 que je fais dialoguer la terre<\/em>.\u00a0\u00bb<\/p>\n<p><img decoding=\"async\" src=\"https:\/\/artistics.com\/wp-content\/uploads\/2023\/04\/cecile-raynal-churchill-photo-bernhard-hebert_2.jpeg\" alt=\"\" width=\"1536\" height=\"1182\" \/><strong>Le processus de cr\u00e9ation, de la terre au bronze<\/strong><\/p>\n<p>Les repr\u00e9sentations de Churchill \u00e0 diff\u00e9rents \u00e2ges et en diff\u00e9rentes positions aident la sculptrice contemporaine \u00e0 trouver sa fa\u00e7on de bouger, mais un autre \u00e9l\u00e9ment essentiel pour construire le portrait est l\u2019utilisation de mod\u00e8les qui viennent poser pour l\u2019artiste. En particulier, un ami \u00e0 la corpulence similaire \u00e0 celle du politicien anglais lui fournit les bons rep\u00e8res anatomiques pour les masses et les volumes. Le travail se d\u00e9cline en plusieurs phases : d\u2019abord des esquisses, puis des sculptures en terre \u00e0 \u00e9chelle r\u00e9duite. Selon l\u2019artiste, les petits formats servent \u00e0 \u00ab <em>commencer \u00e0 \u00e9crire les termes de cette relation qui s\u2019annonce risqu\u00e9e avec un homme qui n\u2019existe plus<\/em> \u00bb.<\/p>\n<p><img decoding=\"async\" src=\"https:\/\/artistics.com\/wp-content\/uploads\/2023\/04\/cecile-raynal-churchill-photo-bernhard-hebert_1.jpg\" alt=\"\" width=\"1000\" height=\"1369\" \/><\/p>\n<p>Ensuite, l\u2019artiste passe au travail sur la sculpture en argile en grand format. Une fois termin\u00e9e, elle est cuite en quatre parties s\u00e9par\u00e9es, puis elle est assembl\u00e9e apr\u00e8s cuisson. La sculpture finale est livr\u00e9e \u00e0 la fonderie qui cr\u00e9e le moule et le mod\u00e8le en cire, perfectionn\u00e9 par l\u2019artiste. A travers le proc\u00e9d\u00e9 de moulage \u00e0 la cire perdue, la sculpture finale en bronze est coul\u00e9e, pr\u00eate pour les derni\u00e8res phases : la ciselure, r\u00e9alis\u00e9e par C\u00e9cile Raynal, et la patine, r\u00e9alis\u00e9e par la fonderie sous ses directives.<\/p>\n<p>La <a href=\"https:\/\/artistics.com\/fr\/categorie-oeuvre\/sculpture-contemporaine\/sculpture-en-bronze\/\">sculpture en bronze<\/a> \u00ab Winston \u00bb est inaugur\u00e9e le 1er octobre 2022 \u00e0 Cap d\u2019Ail, en pr\u00e9sence du Prince Albert II de Monaco et de Monsieur Kirill Minovalov, m\u00e9c\u00e8ne de l\u2019\u0153uvre. Elle est install\u00e9e dans le jardin de la villa Capponcina, en surplomb du sentier du littoral. \u00ab <em>Winston sera debout face \u00e0 l\u2019horizon qu\u2019il aimait tant, surplombant le chemin des douaniers, entre les bleus du ciel, de la mer et les promeneurs. Pinceaux dans la poche&#8230;<\/em> \u00bb C\u00e9cile Raynal<\/p>\n<p><img decoding=\"async\" src=\"https:\/\/artistics.com\/wp-content\/uploads\/2023\/04\/chuchill-cecile-raynal_2.jpg\" alt=\"\" width=\"1333\" height=\"1000\" \/><\/p>\n<p>Photos : Bernard H\u00e9bert (sauf la pr\u00e9mi\u00e8re et la derni\u00e8re)<\/p>\n","protected":false},"excerpt":{"rendered":"<p>\u00ab Winston \u00bb, une sculpture en bronze de l&rsquo;artiste C\u00e9cile Raynal repr\u00e9sent\u00e9e par Artistics, a \u00e9t\u00e9 inaugur\u00e9e le 1er Octobre \u00e0 Cap d\u2019Ail en pr\u00e9sence du Prince Albert II de Monaco. Install\u00e9e dans la villa Capponcina, o\u00f9 Churchill venait peindre dans les ann\u00e9es d&rsquo;apr\u00e8s-guerre, elle comm\u00e9more le lien entre l\u2019homme illustre et la ville de la C\u00f4te d\u2019Azur. D\u00e9couvrez la naissance et la cr\u00e9ation de \u00ab Winston \u00bb dans notre article.<\/p>\n","protected":false},"author":1,"featured_media":4596,"comment_status":"open","ping_status":"open","sticky":false,"template":"","format":"standard","meta":{"_acf_changed":false,"_searchwp_excluded":"","inline_featured_image":false,"footnotes":""},"categories":[1188],"tags":[],"class_list":["post-5829","post","type-post","status-publish","format-standard","has-post-thumbnail","hentry","category-oeuvres-de-commande"],"acf":[],"yoast_head":"<!-- This site is optimized with the Yoast SEO Premium plugin v27.3 (Yoast SEO v27.3) - https:\/\/yoast.com\/product\/yoast-seo-premium-wordpress\/ -->\n<title>Sculpture : Winston de C\u00e9cile Raynal inaugur\u00e9 \u00e0 Cap d&#039;Ail | Artistics<\/title>\n<meta name=\"description\" content=\"Winston, une sculpture en bronze de C\u00e9cile Raynal a \u00e9t\u00e9 inaugur\u00e9e le 1er Octobre \u00e0 Cap d\u2019Ail en pr\u00e9sence du Prince Albert II de Monaco.\" \/>\n<meta name=\"robots\" content=\"index, follow, max-snippet:-1, max-image-preview:large, max-video-preview:-1\" \/>\n<link rel=\"canonical\" href=\"https:\/\/artistics.com\/fr\/artzine\/la-sculpture-winston-de-cecile-raynal-inauguree-a-cap-dail\/\" \/>\n<meta property=\"og:locale\" content=\"fr_FR\" \/>\n<meta property=\"og:type\" content=\"article\" \/>\n<meta property=\"og:title\" content=\"La sculpture &quot;Winston&quot; de C\u00e9cile Raynal inaugur\u00e9e \u00e0 Cap d&#039;Ail\" \/>\n<meta property=\"og:description\" content=\"Winston, une sculpture en bronze de C\u00e9cile Raynal a \u00e9t\u00e9 inaugur\u00e9e le 1er Octobre \u00e0 Cap d\u2019Ail en pr\u00e9sence du Prince Albert II de Monaco.\" \/>\n<meta property=\"og:url\" content=\"https:\/\/artistics.com\/fr\/artzine\/la-sculpture-winston-de-cecile-raynal-inauguree-a-cap-dail\/\" \/>\n<meta property=\"og:site_name\" content=\"Artistics\" \/>\n<meta property=\"article:publisher\" content=\"https:\/\/www.facebook.com\/ArtisticsMag\" \/>\n<meta property=\"article:published_time\" content=\"2022-10-04T09:30:42+00:00\" \/>\n<meta property=\"article:modified_time\" content=\"2023-04-25T15:48:25+00:00\" \/>\n<meta property=\"og:image\" content=\"https:\/\/artistics.com\/wp-content\/uploads\/2023\/04\/chuchill-cecile-raynal.jpg\" \/>\n\t<meta property=\"og:image:width\" content=\"1241\" \/>\n\t<meta property=\"og:image:height\" content=\"1000\" \/>\n\t<meta property=\"og:image:type\" content=\"image\/jpeg\" \/>\n<meta name=\"author\" content=\"Hypso\" \/>\n<meta name=\"twitter:card\" content=\"summary_large_image\" \/>\n<meta name=\"twitter:creator\" content=\"@Artistics_FR\" \/>\n<meta name=\"twitter:site\" content=\"@Artistics_FR\" \/>\n<meta name=\"twitter:label1\" content=\"\u00c9crit par\" \/>\n\t<meta name=\"twitter:data1\" content=\"Hypso\" \/>\n\t<meta name=\"twitter:label2\" content=\"Dur\u00e9e de lecture estim\u00e9e\" \/>\n\t<meta name=\"twitter:data2\" content=\"6 minutes\" \/>\n<script type=\"application\/ld+json\" class=\"yoast-schema-graph\">{\"@context\":\"https:\\\/\\\/schema.org\",\"@graph\":[{\"@type\":[\"Article\",\"BlogPosting\"],\"@id\":\"https:\\\/\\\/artistics.com\\\/fr\\\/artzine\\\/la-sculpture-winston-de-cecile-raynal-inauguree-a-cap-dail\\\/#article\",\"isPartOf\":{\"@id\":\"https:\\\/\\\/artistics.com\\\/fr\\\/artzine\\\/la-sculpture-winston-de-cecile-raynal-inauguree-a-cap-dail\\\/\"},\"author\":{\"name\":\"Hypso\",\"@id\":\"https:\\\/\\\/artistics.com\\\/fr\\\/#\\\/schema\\\/person\\\/06ccbcd390d4be9b22fdc66fc2e78e6c\"},\"headline\":\"La sculpture \u00ab\u00a0Winston\u00a0\u00bb de C\u00e9cile Raynal inaugur\u00e9e \u00e0 Cap d&rsquo;Ail\",\"datePublished\":\"2022-10-04T09:30:42+00:00\",\"dateModified\":\"2023-04-25T15:48:25+00:00\",\"mainEntityOfPage\":{\"@id\":\"https:\\\/\\\/artistics.com\\\/fr\\\/artzine\\\/la-sculpture-winston-de-cecile-raynal-inauguree-a-cap-dail\\\/\"},\"wordCount\":1178,\"commentCount\":0,\"publisher\":{\"@id\":\"https:\\\/\\\/artistics.com\\\/fr\\\/#organization\"},\"image\":{\"@id\":\"https:\\\/\\\/artistics.com\\\/fr\\\/artzine\\\/la-sculpture-winston-de-cecile-raynal-inauguree-a-cap-dail\\\/#primaryimage\"},\"thumbnailUrl\":\"https:\\\/\\\/artistics.com\\\/wp-content\\\/uploads\\\/2023\\\/04\\\/chuchill-cecile-raynal.jpg\",\"articleSection\":[\"\u0152uvres de commande\"],\"inLanguage\":\"fr-FR\",\"potentialAction\":[{\"@type\":\"CommentAction\",\"name\":\"Comment\",\"target\":[\"https:\\\/\\\/artistics.com\\\/fr\\\/artzine\\\/la-sculpture-winston-de-cecile-raynal-inauguree-a-cap-dail\\\/#respond\"]}]},{\"@type\":\"WebPage\",\"@id\":\"https:\\\/\\\/artistics.com\\\/fr\\\/artzine\\\/la-sculpture-winston-de-cecile-raynal-inauguree-a-cap-dail\\\/\",\"url\":\"https:\\\/\\\/artistics.com\\\/fr\\\/artzine\\\/la-sculpture-winston-de-cecile-raynal-inauguree-a-cap-dail\\\/\",\"name\":\"Sculpture : Winston de C\u00e9cile Raynal inaugur\u00e9 \u00e0 Cap d'Ail | Artistics\",\"isPartOf\":{\"@id\":\"https:\\\/\\\/artistics.com\\\/fr\\\/#website\"},\"primaryImageOfPage\":{\"@id\":\"https:\\\/\\\/artistics.com\\\/fr\\\/artzine\\\/la-sculpture-winston-de-cecile-raynal-inauguree-a-cap-dail\\\/#primaryimage\"},\"image\":{\"@id\":\"https:\\\/\\\/artistics.com\\\/fr\\\/artzine\\\/la-sculpture-winston-de-cecile-raynal-inauguree-a-cap-dail\\\/#primaryimage\"},\"thumbnailUrl\":\"https:\\\/\\\/artistics.com\\\/wp-content\\\/uploads\\\/2023\\\/04\\\/chuchill-cecile-raynal.jpg\",\"datePublished\":\"2022-10-04T09:30:42+00:00\",\"dateModified\":\"2023-04-25T15:48:25+00:00\",\"description\":\"Winston, une sculpture en bronze de C\u00e9cile Raynal a \u00e9t\u00e9 inaugur\u00e9e le 1er Octobre \u00e0 Cap d\u2019Ail en pr\u00e9sence du Prince Albert II de Monaco.\",\"breadcrumb\":{\"@id\":\"https:\\\/\\\/artistics.com\\\/fr\\\/artzine\\\/la-sculpture-winston-de-cecile-raynal-inauguree-a-cap-dail\\\/#breadcrumb\"},\"inLanguage\":\"fr-FR\",\"potentialAction\":[{\"@type\":\"ReadAction\",\"target\":[\"https:\\\/\\\/artistics.com\\\/fr\\\/artzine\\\/la-sculpture-winston-de-cecile-raynal-inauguree-a-cap-dail\\\/\"]}]},{\"@type\":\"ImageObject\",\"inLanguage\":\"fr-FR\",\"@id\":\"https:\\\/\\\/artistics.com\\\/fr\\\/artzine\\\/la-sculpture-winston-de-cecile-raynal-inauguree-a-cap-dail\\\/#primaryimage\",\"url\":\"https:\\\/\\\/artistics.com\\\/wp-content\\\/uploads\\\/2023\\\/04\\\/chuchill-cecile-raynal.jpg\",\"contentUrl\":\"https:\\\/\\\/artistics.com\\\/wp-content\\\/uploads\\\/2023\\\/04\\\/chuchill-cecile-raynal.jpg\",\"width\":1241,\"height\":1000},{\"@type\":\"BreadcrumbList\",\"@id\":\"https:\\\/\\\/artistics.com\\\/fr\\\/artzine\\\/la-sculpture-winston-de-cecile-raynal-inauguree-a-cap-dail\\\/#breadcrumb\",\"itemListElement\":[{\"@type\":\"ListItem\",\"position\":1,\"name\":\"Achat \u0153uvre d'art\",\"item\":\"https:\\\/\\\/artistics.com\\\/fr\\\/\"},{\"@type\":\"ListItem\",\"position\":2,\"name\":\"\u0152uvres de commande\",\"item\":\"https:\\\/\\\/artistics.com\\\/fr\\\/artzine\\\/category\\\/oeuvres-de-commande\\\/\"},{\"@type\":\"ListItem\",\"position\":3,\"name\":\"La sculpture \u00ab\u00a0Winston\u00a0\u00bb de C\u00e9cile Raynal inaugur\u00e9e \u00e0 Cap d&rsquo;Ail\"}]},{\"@type\":\"WebSite\",\"@id\":\"https:\\\/\\\/artistics.com\\\/fr\\\/#website\",\"url\":\"https:\\\/\\\/artistics.com\\\/fr\\\/\",\"name\":\"Artistics\",\"description\":\"The online art gallery\",\"publisher\":{\"@id\":\"https:\\\/\\\/artistics.com\\\/fr\\\/#organization\"},\"potentialAction\":[{\"@type\":\"SearchAction\",\"target\":{\"@type\":\"EntryPoint\",\"urlTemplate\":\"https:\\\/\\\/artistics.com\\\/fr\\\/?s={search_term_string}\"},\"query-input\":{\"@type\":\"PropertyValueSpecification\",\"valueRequired\":true,\"valueName\":\"search_term_string\"}}],\"inLanguage\":\"fr-FR\"},{\"@type\":\"Organization\",\"@id\":\"https:\\\/\\\/artistics.com\\\/fr\\\/#organization\",\"name\":\"Artistics\",\"url\":\"https:\\\/\\\/artistics.com\\\/fr\\\/\",\"logo\":{\"@type\":\"ImageObject\",\"inLanguage\":\"fr-FR\",\"@id\":\"https:\\\/\\\/artistics.com\\\/fr\\\/#\\\/schema\\\/logo\\\/image\\\/\",\"url\":\"https:\\\/\\\/artistics.com\\\/wp-content\\\/uploads\\\/2023\\\/02\\\/artistics-logo-web-1.svg\",\"contentUrl\":\"https:\\\/\\\/artistics.com\\\/wp-content\\\/uploads\\\/2023\\\/02\\\/artistics-logo-web-1.svg\",\"caption\":\"Artistics\"},\"image\":{\"@id\":\"https:\\\/\\\/artistics.com\\\/fr\\\/#\\\/schema\\\/logo\\\/image\\\/\"},\"sameAs\":[\"https:\\\/\\\/www.facebook.com\\\/ArtisticsMag\",\"https:\\\/\\\/x.com\\\/Artistics_FR\",\"http:\\\/\\\/www.linkedin.com\\\/company\\\/artistics\",\"https:\\\/\\\/www.instagram.com\\\/artistics_com\\\/\",\"http:\\\/\\\/www.pinterest.com\\\/ArtisticsMag\"],\"hasMerchantReturnPolicy\":{\"@type\":\"MerchantReturnPolicy\",\"merchantReturnLink\":\"https:\\\/\\\/artistics.com\\\/free-return-policy\\\/\"}},{\"@type\":\"Person\",\"@id\":\"https:\\\/\\\/artistics.com\\\/fr\\\/#\\\/schema\\\/person\\\/06ccbcd390d4be9b22fdc66fc2e78e6c\",\"name\":\"Hypso\",\"image\":{\"@type\":\"ImageObject\",\"inLanguage\":\"fr-FR\",\"@id\":\"https:\\\/\\\/secure.gravatar.com\\\/avatar\\\/df2518545b115be73a09aa9ed0fe74108171a89b0189073d31863a695ada9fcf?s=96&d=mm&r=g\",\"url\":\"https:\\\/\\\/secure.gravatar.com\\\/avatar\\\/df2518545b115be73a09aa9ed0fe74108171a89b0189073d31863a695ada9fcf?s=96&d=mm&r=g\",\"contentUrl\":\"https:\\\/\\\/secure.gravatar.com\\\/avatar\\\/df2518545b115be73a09aa9ed0fe74108171a89b0189073d31863a695ada9fcf?s=96&d=mm&r=g\",\"caption\":\"Hypso\"},\"sameAs\":[\"https:\\\/\\\/artistics.com\"]}]}<\/script>\n<!-- \/ Yoast SEO Premium plugin. -->","yoast_head_json":{"title":"Sculpture : Winston de C\u00e9cile Raynal inaugur\u00e9 \u00e0 Cap d'Ail | Artistics","description":"Winston, une sculpture en bronze de C\u00e9cile Raynal a \u00e9t\u00e9 inaugur\u00e9e le 1er Octobre \u00e0 Cap d\u2019Ail en pr\u00e9sence du Prince Albert II de Monaco.","robots":{"index":"index","follow":"follow","max-snippet":"max-snippet:-1","max-image-preview":"max-image-preview:large","max-video-preview":"max-video-preview:-1"},"canonical":"https:\/\/artistics.com\/fr\/artzine\/la-sculpture-winston-de-cecile-raynal-inauguree-a-cap-dail\/","og_locale":"fr_FR","og_type":"article","og_title":"La sculpture \"Winston\" de C\u00e9cile Raynal inaugur\u00e9e \u00e0 Cap d'Ail","og_description":"Winston, une sculpture en bronze de C\u00e9cile Raynal a \u00e9t\u00e9 inaugur\u00e9e le 1er Octobre \u00e0 Cap d\u2019Ail en pr\u00e9sence du Prince Albert II de Monaco.","og_url":"https:\/\/artistics.com\/fr\/artzine\/la-sculpture-winston-de-cecile-raynal-inauguree-a-cap-dail\/","og_site_name":"Artistics","article_publisher":"https:\/\/www.facebook.com\/ArtisticsMag","article_published_time":"2022-10-04T09:30:42+00:00","article_modified_time":"2023-04-25T15:48:25+00:00","og_image":[{"width":1241,"height":1000,"url":"https:\/\/artistics.com\/wp-content\/uploads\/2023\/04\/chuchill-cecile-raynal.jpg","type":"image\/jpeg"}],"author":"Hypso","twitter_card":"summary_large_image","twitter_creator":"@Artistics_FR","twitter_site":"@Artistics_FR","twitter_misc":{"\u00c9crit par":"Hypso","Dur\u00e9e de lecture estim\u00e9e":"6 minutes"},"schema":{"@context":"https:\/\/schema.org","@graph":[{"@type":["Article","BlogPosting"],"@id":"https:\/\/artistics.com\/fr\/artzine\/la-sculpture-winston-de-cecile-raynal-inauguree-a-cap-dail\/#article","isPartOf":{"@id":"https:\/\/artistics.com\/fr\/artzine\/la-sculpture-winston-de-cecile-raynal-inauguree-a-cap-dail\/"},"author":{"name":"Hypso","@id":"https:\/\/artistics.com\/fr\/#\/schema\/person\/06ccbcd390d4be9b22fdc66fc2e78e6c"},"headline":"La sculpture \u00ab\u00a0Winston\u00a0\u00bb de C\u00e9cile Raynal inaugur\u00e9e \u00e0 Cap d&rsquo;Ail","datePublished":"2022-10-04T09:30:42+00:00","dateModified":"2023-04-25T15:48:25+00:00","mainEntityOfPage":{"@id":"https:\/\/artistics.com\/fr\/artzine\/la-sculpture-winston-de-cecile-raynal-inauguree-a-cap-dail\/"},"wordCount":1178,"commentCount":0,"publisher":{"@id":"https:\/\/artistics.com\/fr\/#organization"},"image":{"@id":"https:\/\/artistics.com\/fr\/artzine\/la-sculpture-winston-de-cecile-raynal-inauguree-a-cap-dail\/#primaryimage"},"thumbnailUrl":"https:\/\/artistics.com\/wp-content\/uploads\/2023\/04\/chuchill-cecile-raynal.jpg","articleSection":["\u0152uvres de commande"],"inLanguage":"fr-FR","potentialAction":[{"@type":"CommentAction","name":"Comment","target":["https:\/\/artistics.com\/fr\/artzine\/la-sculpture-winston-de-cecile-raynal-inauguree-a-cap-dail\/#respond"]}]},{"@type":"WebPage","@id":"https:\/\/artistics.com\/fr\/artzine\/la-sculpture-winston-de-cecile-raynal-inauguree-a-cap-dail\/","url":"https:\/\/artistics.com\/fr\/artzine\/la-sculpture-winston-de-cecile-raynal-inauguree-a-cap-dail\/","name":"Sculpture : Winston de C\u00e9cile Raynal inaugur\u00e9 \u00e0 Cap d'Ail | Artistics","isPartOf":{"@id":"https:\/\/artistics.com\/fr\/#website"},"primaryImageOfPage":{"@id":"https:\/\/artistics.com\/fr\/artzine\/la-sculpture-winston-de-cecile-raynal-inauguree-a-cap-dail\/#primaryimage"},"image":{"@id":"https:\/\/artistics.com\/fr\/artzine\/la-sculpture-winston-de-cecile-raynal-inauguree-a-cap-dail\/#primaryimage"},"thumbnailUrl":"https:\/\/artistics.com\/wp-content\/uploads\/2023\/04\/chuchill-cecile-raynal.jpg","datePublished":"2022-10-04T09:30:42+00:00","dateModified":"2023-04-25T15:48:25+00:00","description":"Winston, une sculpture en bronze de C\u00e9cile Raynal a \u00e9t\u00e9 inaugur\u00e9e le 1er Octobre \u00e0 Cap d\u2019Ail en pr\u00e9sence du Prince Albert II de Monaco.","breadcrumb":{"@id":"https:\/\/artistics.com\/fr\/artzine\/la-sculpture-winston-de-cecile-raynal-inauguree-a-cap-dail\/#breadcrumb"},"inLanguage":"fr-FR","potentialAction":[{"@type":"ReadAction","target":["https:\/\/artistics.com\/fr\/artzine\/la-sculpture-winston-de-cecile-raynal-inauguree-a-cap-dail\/"]}]},{"@type":"ImageObject","inLanguage":"fr-FR","@id":"https:\/\/artistics.com\/fr\/artzine\/la-sculpture-winston-de-cecile-raynal-inauguree-a-cap-dail\/#primaryimage","url":"https:\/\/artistics.com\/wp-content\/uploads\/2023\/04\/chuchill-cecile-raynal.jpg","contentUrl":"https:\/\/artistics.com\/wp-content\/uploads\/2023\/04\/chuchill-cecile-raynal.jpg","width":1241,"height":1000},{"@type":"BreadcrumbList","@id":"https:\/\/artistics.com\/fr\/artzine\/la-sculpture-winston-de-cecile-raynal-inauguree-a-cap-dail\/#breadcrumb","itemListElement":[{"@type":"ListItem","position":1,"name":"Achat \u0153uvre d'art","item":"https:\/\/artistics.com\/fr\/"},{"@type":"ListItem","position":2,"name":"\u0152uvres de commande","item":"https:\/\/artistics.com\/fr\/artzine\/category\/oeuvres-de-commande\/"},{"@type":"ListItem","position":3,"name":"La sculpture \u00ab\u00a0Winston\u00a0\u00bb de C\u00e9cile Raynal inaugur\u00e9e \u00e0 Cap d&rsquo;Ail"}]},{"@type":"WebSite","@id":"https:\/\/artistics.com\/fr\/#website","url":"https:\/\/artistics.com\/fr\/","name":"Artistics","description":"The online art gallery","publisher":{"@id":"https:\/\/artistics.com\/fr\/#organization"},"potentialAction":[{"@type":"SearchAction","target":{"@type":"EntryPoint","urlTemplate":"https:\/\/artistics.com\/fr\/?s={search_term_string}"},"query-input":{"@type":"PropertyValueSpecification","valueRequired":true,"valueName":"search_term_string"}}],"inLanguage":"fr-FR"},{"@type":"Organization","@id":"https:\/\/artistics.com\/fr\/#organization","name":"Artistics","url":"https:\/\/artistics.com\/fr\/","logo":{"@type":"ImageObject","inLanguage":"fr-FR","@id":"https:\/\/artistics.com\/fr\/#\/schema\/logo\/image\/","url":"https:\/\/artistics.com\/wp-content\/uploads\/2023\/02\/artistics-logo-web-1.svg","contentUrl":"https:\/\/artistics.com\/wp-content\/uploads\/2023\/02\/artistics-logo-web-1.svg","caption":"Artistics"},"image":{"@id":"https:\/\/artistics.com\/fr\/#\/schema\/logo\/image\/"},"sameAs":["https:\/\/www.facebook.com\/ArtisticsMag","https:\/\/x.com\/Artistics_FR","http:\/\/www.linkedin.com\/company\/artistics","https:\/\/www.instagram.com\/artistics_com\/","http:\/\/www.pinterest.com\/ArtisticsMag"],"hasMerchantReturnPolicy":{"@type":"MerchantReturnPolicy","merchantReturnLink":"https:\/\/artistics.com\/free-return-policy\/"}},{"@type":"Person","@id":"https:\/\/artistics.com\/fr\/#\/schema\/person\/06ccbcd390d4be9b22fdc66fc2e78e6c","name":"Hypso","image":{"@type":"ImageObject","inLanguage":"fr-FR","@id":"https:\/\/secure.gravatar.com\/avatar\/df2518545b115be73a09aa9ed0fe74108171a89b0189073d31863a695ada9fcf?s=96&d=mm&r=g","url":"https:\/\/secure.gravatar.com\/avatar\/df2518545b115be73a09aa9ed0fe74108171a89b0189073d31863a695ada9fcf?s=96&d=mm&r=g","contentUrl":"https:\/\/secure.gravatar.com\/avatar\/df2518545b115be73a09aa9ed0fe74108171a89b0189073d31863a695ada9fcf?s=96&d=mm&r=g","caption":"Hypso"},"sameAs":["https:\/\/artistics.com"]}]}},"_links":{"self":[{"href":"https:\/\/artistics.com\/fr\/wp-json\/wp\/v2\/posts\/5829","targetHints":{"allow":["GET"]}}],"collection":[{"href":"https:\/\/artistics.com\/fr\/wp-json\/wp\/v2\/posts"}],"about":[{"href":"https:\/\/artistics.com\/fr\/wp-json\/wp\/v2\/types\/post"}],"author":[{"embeddable":true,"href":"https:\/\/artistics.com\/fr\/wp-json\/wp\/v2\/users\/1"}],"replies":[{"embeddable":true,"href":"https:\/\/artistics.com\/fr\/wp-json\/wp\/v2\/comments?post=5829"}],"version-history":[{"count":0,"href":"https:\/\/artistics.com\/fr\/wp-json\/wp\/v2\/posts\/5829\/revisions"}],"wp:featuredmedia":[{"embeddable":true,"href":"https:\/\/artistics.com\/fr\/wp-json\/wp\/v2\/media\/4596"}],"wp:attachment":[{"href":"https:\/\/artistics.com\/fr\/wp-json\/wp\/v2\/media?parent=5829"}],"wp:term":[{"taxonomy":"category","embeddable":true,"href":"https:\/\/artistics.com\/fr\/wp-json\/wp\/v2\/categories?post=5829"},{"taxonomy":"post_tag","embeddable":true,"href":"https:\/\/artistics.com\/fr\/wp-json\/wp\/v2\/tags?post=5829"}],"curies":[{"name":"wp","href":"https:\/\/api.w.org\/{rel}","templated":true}]}}