{"id":5777,"date":"2021-08-10T11:00:55","date_gmt":"2021-08-10T09:00:55","guid":{"rendered":"https:\/\/2022.devartistics.com\/artzine\/larchitecture-de-ramon-enrich\/"},"modified":"2023-04-25T12:54:39","modified_gmt":"2023-04-25T10:54:39","slug":"larchitecture-de-ramon-enrich","status":"publish","type":"post","link":"https:\/\/artistics.com\/fr\/artzine\/larchitecture-de-ramon-enrich\/","title":{"rendered":"L&rsquo;architecture de Ramon Enrich"},"content":{"rendered":"<p><a href=\"https:\/\/artistics.com\/fr\/artiste\/ramon-enrich\/\">Ramon Enrich<\/a> est un peintre espagnol dont la production s&rsquo;articule autour d&rsquo;une mise en sc\u00e8ne \u00e9pur\u00e9e mais puissante de l&rsquo;espace, confrontant abstraction et figuration. \u00c0 l&rsquo;image des Minimalistes, dont il a appris et s\u2019est inspir\u00e9, il recr\u00e9e des espaces d\u00e9sertiques habit\u00e9s d&rsquo;une atmosph\u00e8re particuli\u00e8re. Construits autour de formes g\u00e9om\u00e9triques, les \u00e9l\u00e9ments architecturaux rompent un silence visuel, du fait du caract\u00e8re de monumentalit\u00e9 que Ramon Enrich donne \u00e0 des volumes essentiels.<\/p>\n<p><img decoding=\"async\" src=\"https:\/\/artistics.com\/wp-content\/uploads\/2023\/04\/lucca-p.-architecture-and-landscape-painting-by-ramon-enrich__2.jpeg\" alt=\"\" width=\"548\" height=\"433\" \/><\/p>\n<p><strong><em>LUCCA-P<\/em><\/strong>,\u00a02021<\/p>\n<p><em>\u00ab\u00a0J&rsquo;ai choisi l&rsquo;architecture comme motif principal de mon discours po\u00e9tique\u00a0\u00bb d\u00e9clare t-il.\u00a0<\/em>Se d\u00e9finissant comme peintre d&rsquo;architecture, il recherche la simplicit\u00e9 de la forme et, en r\u00e9alisant des lignes tr\u00e8s myst\u00e9rieuses et sombres associ\u00e9es \u00e0 des horizons tr\u00e8s ouverts, donne une pr\u00e9sence au vide qui devient un \u00e9l\u00e9ment central de la composition.<\/p>\n<p>Le vide est alors rationalis\u00e9 par des \u00e9l\u00e9ments architecturaux pleins et brutaux cr\u00e9\u00e9s \u00e0 partir d&rsquo;une gamme restreinte de formes. Donnant un peu de relief et d&rsquo;ironie \u00e0 une atmosph\u00e8re presque m\u00e9taphysique, escaliers, rampes, murs et v\u00e9g\u00e9tation sont autant d&rsquo;\u00e9l\u00e9ments familiers qui invitent le spectateur \u00e0 d\u00e9ambuler et qui le conduisent dans un voyage davantage psychologique que physique.<\/p>\n<p><em>\u00ab\u00a0Je veux donner \u00e0 voir quelque chose de cach\u00e9 en permettant connexions inexplicables. Je recherche des choses qui gardent leur myst\u00e8re, qui sont comme des bo\u00eetes ferm\u00e9es dont personne ne sait ce qu&rsquo;elles contiennent, mais que tout le monde peut imaginer.\u00a0\u00bb<\/em><\/p>\n<p><img decoding=\"async\" src=\"https:\/\/artistics.com\/wp-content\/uploads\/2023\/04\/acc-architecture-and-landscape-painting-by-ramon-enrich__3.jpeg\" alt=\"\" width=\"269\" height=\"324\" \/>\u00a0 \u00a0 \u00a0 \u00a0<img decoding=\"async\" src=\"https:\/\/artistics.com\/wp-content\/uploads\/2023\/04\/dgw-architecture-and-landscape-painting-by-ramon-enrich_2.jpeg\" alt=\"\" width=\"263\" height=\"325\" \/><\/p>\n<p><strong><em>\u00a0ACC<\/em><\/strong>, 2021\u00a0 \u00a0 \u00a0 \u00a0 \u00a0 \u00a0 \u00a0 \u00a0 \u00a0 \u00a0 \u00a0 \u00a0 \u00a0 \u00a0 \u00a0 \u00a0 \u00a0 \u00a0 \u00a0 \u00a0 \u00a0 \u00a0 \u00a0 \u00a0 \u00a0 \u00a0\u00a0<strong><em>DGW<\/em><\/strong>, 2021<\/p>\n<p>En d\u00e9butant chaque composition \u00e0 partir d\u2019un quadrillage au-dessus duquel il place les diff\u00e9rents volumes et les objets, <a href=\"https:\/\/artistics.com\/fr\/artiste\/ramon-enrich\/\">Ramon Enrich<\/a> synth\u00e9tise l&rsquo;architecture et l&rsquo;espace, et travaille dans une conception th\u00e9\u00e2trale avec un r\u00e9el sens de la mise en sc\u00e8ne. Les lignes abruptes sont \u00e0 la base d&rsquo;un travail de perspective qui peut \u00eatre double. La perspective des \u0153uvres de Ramon Enrich peut \u00eatre a\u00e9rienne et permettre de saisir l&rsquo;immensit\u00e9 de l&rsquo;espace entourant les b\u00e2timents, mais \u00e9galement frontale avec un horizon obstru\u00e9 mais sugg\u00e9r\u00e9 par certains \u00e9l\u00e9ments des compositions tels que des ouvertures et des portes.<\/p>\n<p>Pourtant tr\u00e8s \u00e9labor\u00e9, le processus de cr\u00e9ation de Ramon Enrich laisse place \u00e0 l\u2019intuition. Il confie \u00eatre parfois guid\u00e9 par la n\u00e9cessaire mani\u00e8re dont les volumes remod\u00e8lent leur environnement spatial. Son intuition l&rsquo;am\u00e8ne parfois \u00e0 superposer les diff\u00e9rentes compositions, suivant une dynamique menant au r\u00e9sultat final.<\/p>\n<p><em>\u00ab Souvent, lorsque je superpose une peinture sur une autre que je n&rsquo;aime pas, cela fonctionne bien, car j&rsquo;ai l&rsquo;impression que l&rsquo;ancienne peinture me guide toujours et transmet un sentiment d&rsquo;\u00e9nergie \u00e0 la nouvelle.\u00a0\u00bb<\/em><\/p>\n<p><img decoding=\"async\" src=\"https:\/\/artistics.com\/wp-content\/uploads\/2023\/04\/blue2-architecture-and-landscape-painting-by-ramon-enrich_2.jpeg\" alt=\"\" width=\"544\" height=\"400\" \/><\/p>\n<p><em><strong>BLUE 2<\/strong><\/em>, 2021<\/p>\n<p>La technique de <a href=\"https:\/\/artistics.com\/fr\/artiste\/ramon-enrich\/\">Ramon Enrich<\/a> s\u2019\u00e9tend \u00e0 une v\u00e9ritable recherche de la couleur reposant \u00e9galement sur la superposition et la confrontation des nuances. Qualifi\u00e9s de \u00ab formes pures \u00bb, l&rsquo;essence de ses objets est d\u00e9termin\u00e9e par leur nature d\u2019aplats de couleur qui contribue au processus de mise en sc\u00e8ne.<\/p>\n<p>Apr\u00e8s avoir termin\u00e9 ses \u00e9tudes \u00e0 l&rsquo;\u00e9cole des Beaux-Arts de Barcelone dans les ann\u00e9es 1980, Ramon Enrich a visit\u00e9 ses r\u00e9f\u00e9rences dans le monde de la peinture. Il s\u2019est mis en qu\u00eate d\u2019exemples d\u2019organisations de vie d&rsquo;artistes, en particulier aupr\u00e8s avec Donald Judd ou David Hockney dont les influences ne se manifestent pas seulement dans sa peinture, mais aussi dans sa capacit\u00e9 \u00e0 \u00eatre peintre et \u00e0 exposer et exporter ses \u0153uvres \u00e0 l&rsquo;international depuis plus de vingt-cinq ans.<\/p>\n","protected":false},"excerpt":{"rendered":"<p>Ramon Enrich est un peintre espagnol dont la production s&rsquo;articule autour d&rsquo;une mise en sc\u00e8ne \u00e9pur\u00e9e mais puissante de l&rsquo;espace, confrontant abstraction et figuration. \u00c0 l&rsquo;image des Minimalistes, dont il a appris et s\u2019est inspir\u00e9, il recr\u00e9e des espaces d\u00e9sertiques habit\u00e9s d&rsquo;une atmosph\u00e8re particuli\u00e8re.<\/p>\n","protected":false},"author":1,"featured_media":4428,"comment_status":"open","ping_status":"open","sticky":false,"template":"","format":"standard","meta":{"_acf_changed":false,"_searchwp_excluded":"","inline_featured_image":false,"footnotes":""},"categories":[1184,1183],"tags":[],"class_list":["post-5777","post","type-post","status-publish","format-standard","has-post-thumbnail","hentry","category-actualites-de-nos-artistes","category-la-vie-de-la-galerie"],"acf":[],"yoast_head":"<!-- This site is optimized with the Yoast SEO Premium plugin v27.3 (Yoast SEO v27.3) - https:\/\/yoast.com\/product\/yoast-seo-premium-wordpress\/ -->\n<title>L&#039;architecture de Ramon Enrich<\/title>\n<meta name=\"description\" content=\"Ramon Enrich est un peintre espagnol dont la production s&#039;articule autour d&#039;une mise en sc\u00e8ne \u00e9pur\u00e9e mais puissante de l&#039;espace, confrontant abstraction et figuration. \u00c0 l&#039;image des Minimalistes, dont il a appris et s\u2019est inspir\u00e9, il recr\u00e9e des espaces d\u00e9sertiques habit\u00e9s d&#039;une atmosph\u00e8re particuli\u00e8re.\" \/>\n<meta name=\"robots\" content=\"index, follow, max-snippet:-1, max-image-preview:large, max-video-preview:-1\" \/>\n<link rel=\"canonical\" href=\"https:\/\/artistics.com\/fr\/artzine\/larchitecture-de-ramon-enrich\/\" \/>\n<meta property=\"og:locale\" content=\"fr_FR\" \/>\n<meta property=\"og:type\" content=\"article\" \/>\n<meta property=\"og:title\" content=\"L&#039;architecture de Ramon Enrich\" \/>\n<meta property=\"og:description\" content=\"Ramon Enrich est un peintre espagnol dont la production s&#039;articule autour d&#039;une mise en sc\u00e8ne \u00e9pur\u00e9e mais puissante de l&#039;espace, confrontant abstraction et figuration. \u00c0 l&#039;image des Minimalistes, dont il a appris et s\u2019est inspir\u00e9, il recr\u00e9e des espaces d\u00e9sertiques habit\u00e9s d&#039;une atmosph\u00e8re particuli\u00e8re.\" \/>\n<meta property=\"og:url\" content=\"https:\/\/artistics.com\/fr\/artzine\/larchitecture-de-ramon-enrich\/\" \/>\n<meta property=\"og:site_name\" content=\"Artistics\" \/>\n<meta property=\"article:publisher\" content=\"https:\/\/www.facebook.com\/ArtisticsMag\" \/>\n<meta property=\"article:published_time\" content=\"2021-08-10T09:00:55+00:00\" \/>\n<meta property=\"article:modified_time\" content=\"2023-04-25T10:54:39+00:00\" \/>\n<meta property=\"og:image\" content=\"https:\/\/artistics.com\/wp-content\/uploads\/2023\/04\/blo-architecture-and-landscape-painting-by-ramon-enrich.jpeg\" \/>\n\t<meta property=\"og:image:width\" content=\"2084\" \/>\n\t<meta property=\"og:image:height\" content=\"1300\" \/>\n\t<meta property=\"og:image:type\" content=\"image\/jpeg\" \/>\n<meta name=\"author\" content=\"Hypso\" \/>\n<meta name=\"twitter:card\" content=\"summary_large_image\" \/>\n<meta name=\"twitter:creator\" content=\"@Artistics_FR\" \/>\n<meta name=\"twitter:site\" content=\"@Artistics_FR\" \/>\n<meta name=\"twitter:label1\" content=\"\u00c9crit par\" \/>\n\t<meta name=\"twitter:data1\" content=\"Hypso\" \/>\n\t<meta name=\"twitter:label2\" content=\"Dur\u00e9e de lecture estim\u00e9e\" \/>\n\t<meta name=\"twitter:data2\" content=\"4 minutes\" \/>\n<script type=\"application\/ld+json\" class=\"yoast-schema-graph\">{\"@context\":\"https:\\\/\\\/schema.org\",\"@graph\":[{\"@type\":[\"Article\",\"BlogPosting\"],\"@id\":\"https:\\\/\\\/artistics.com\\\/fr\\\/artzine\\\/larchitecture-de-ramon-enrich\\\/#article\",\"isPartOf\":{\"@id\":\"https:\\\/\\\/artistics.com\\\/fr\\\/artzine\\\/larchitecture-de-ramon-enrich\\\/\"},\"author\":{\"name\":\"Hypso\",\"@id\":\"https:\\\/\\\/artistics.com\\\/fr\\\/#\\\/schema\\\/person\\\/06ccbcd390d4be9b22fdc66fc2e78e6c\"},\"headline\":\"L&rsquo;architecture de Ramon Enrich\",\"datePublished\":\"2021-08-10T09:00:55+00:00\",\"dateModified\":\"2023-04-25T10:54:39+00:00\",\"mainEntityOfPage\":{\"@id\":\"https:\\\/\\\/artistics.com\\\/fr\\\/artzine\\\/larchitecture-de-ramon-enrich\\\/\"},\"wordCount\":608,\"commentCount\":0,\"publisher\":{\"@id\":\"https:\\\/\\\/artistics.com\\\/fr\\\/#organization\"},\"image\":{\"@id\":\"https:\\\/\\\/artistics.com\\\/fr\\\/artzine\\\/larchitecture-de-ramon-enrich\\\/#primaryimage\"},\"thumbnailUrl\":\"https:\\\/\\\/artistics.com\\\/wp-content\\\/uploads\\\/2023\\\/04\\\/blo-architecture-and-landscape-painting-by-ramon-enrich.jpeg\",\"articleSection\":[\"L\u2019actu de nos artistes\",\"La vie de la galerie\"],\"inLanguage\":\"fr-FR\",\"potentialAction\":[{\"@type\":\"CommentAction\",\"name\":\"Comment\",\"target\":[\"https:\\\/\\\/artistics.com\\\/fr\\\/artzine\\\/larchitecture-de-ramon-enrich\\\/#respond\"]}]},{\"@type\":\"WebPage\",\"@id\":\"https:\\\/\\\/artistics.com\\\/fr\\\/artzine\\\/larchitecture-de-ramon-enrich\\\/\",\"url\":\"https:\\\/\\\/artistics.com\\\/fr\\\/artzine\\\/larchitecture-de-ramon-enrich\\\/\",\"name\":\"L'architecture de Ramon Enrich\",\"isPartOf\":{\"@id\":\"https:\\\/\\\/artistics.com\\\/fr\\\/#website\"},\"primaryImageOfPage\":{\"@id\":\"https:\\\/\\\/artistics.com\\\/fr\\\/artzine\\\/larchitecture-de-ramon-enrich\\\/#primaryimage\"},\"image\":{\"@id\":\"https:\\\/\\\/artistics.com\\\/fr\\\/artzine\\\/larchitecture-de-ramon-enrich\\\/#primaryimage\"},\"thumbnailUrl\":\"https:\\\/\\\/artistics.com\\\/wp-content\\\/uploads\\\/2023\\\/04\\\/blo-architecture-and-landscape-painting-by-ramon-enrich.jpeg\",\"datePublished\":\"2021-08-10T09:00:55+00:00\",\"dateModified\":\"2023-04-25T10:54:39+00:00\",\"description\":\"Ramon Enrich est un peintre espagnol dont la production s'articule autour d'une mise en sc\u00e8ne \u00e9pur\u00e9e mais puissante de l'espace, confrontant abstraction et figuration. \u00c0 l'image des Minimalistes, dont il a appris et s\u2019est inspir\u00e9, il recr\u00e9e des espaces d\u00e9sertiques habit\u00e9s d'une atmosph\u00e8re particuli\u00e8re.\",\"breadcrumb\":{\"@id\":\"https:\\\/\\\/artistics.com\\\/fr\\\/artzine\\\/larchitecture-de-ramon-enrich\\\/#breadcrumb\"},\"inLanguage\":\"fr-FR\",\"potentialAction\":[{\"@type\":\"ReadAction\",\"target\":[\"https:\\\/\\\/artistics.com\\\/fr\\\/artzine\\\/larchitecture-de-ramon-enrich\\\/\"]}]},{\"@type\":\"ImageObject\",\"inLanguage\":\"fr-FR\",\"@id\":\"https:\\\/\\\/artistics.com\\\/fr\\\/artzine\\\/larchitecture-de-ramon-enrich\\\/#primaryimage\",\"url\":\"https:\\\/\\\/artistics.com\\\/wp-content\\\/uploads\\\/2023\\\/04\\\/blo-architecture-and-landscape-painting-by-ramon-enrich.jpeg\",\"contentUrl\":\"https:\\\/\\\/artistics.com\\\/wp-content\\\/uploads\\\/2023\\\/04\\\/blo-architecture-and-landscape-painting-by-ramon-enrich.jpeg\",\"width\":2084,\"height\":1300},{\"@type\":\"BreadcrumbList\",\"@id\":\"https:\\\/\\\/artistics.com\\\/fr\\\/artzine\\\/larchitecture-de-ramon-enrich\\\/#breadcrumb\",\"itemListElement\":[{\"@type\":\"ListItem\",\"position\":1,\"name\":\"Achat \u0153uvre d'art\",\"item\":\"https:\\\/\\\/artistics.com\\\/fr\\\/\"},{\"@type\":\"ListItem\",\"position\":2,\"name\":\"La vie de la galerie\",\"item\":\"https:\\\/\\\/artistics.com\\\/fr\\\/artzine\\\/category\\\/la-vie-de-la-galerie\\\/\"},{\"@type\":\"ListItem\",\"position\":3,\"name\":\"L&rsquo;architecture de Ramon Enrich\"}]},{\"@type\":\"WebSite\",\"@id\":\"https:\\\/\\\/artistics.com\\\/fr\\\/#website\",\"url\":\"https:\\\/\\\/artistics.com\\\/fr\\\/\",\"name\":\"Artistics\",\"description\":\"The online art gallery\",\"publisher\":{\"@id\":\"https:\\\/\\\/artistics.com\\\/fr\\\/#organization\"},\"potentialAction\":[{\"@type\":\"SearchAction\",\"target\":{\"@type\":\"EntryPoint\",\"urlTemplate\":\"https:\\\/\\\/artistics.com\\\/fr\\\/?s={search_term_string}\"},\"query-input\":{\"@type\":\"PropertyValueSpecification\",\"valueRequired\":true,\"valueName\":\"search_term_string\"}}],\"inLanguage\":\"fr-FR\"},{\"@type\":\"Organization\",\"@id\":\"https:\\\/\\\/artistics.com\\\/fr\\\/#organization\",\"name\":\"Artistics\",\"url\":\"https:\\\/\\\/artistics.com\\\/fr\\\/\",\"logo\":{\"@type\":\"ImageObject\",\"inLanguage\":\"fr-FR\",\"@id\":\"https:\\\/\\\/artistics.com\\\/fr\\\/#\\\/schema\\\/logo\\\/image\\\/\",\"url\":\"https:\\\/\\\/artistics.com\\\/wp-content\\\/uploads\\\/2023\\\/02\\\/artistics-logo-web-1.svg\",\"contentUrl\":\"https:\\\/\\\/artistics.com\\\/wp-content\\\/uploads\\\/2023\\\/02\\\/artistics-logo-web-1.svg\",\"caption\":\"Artistics\"},\"image\":{\"@id\":\"https:\\\/\\\/artistics.com\\\/fr\\\/#\\\/schema\\\/logo\\\/image\\\/\"},\"sameAs\":[\"https:\\\/\\\/www.facebook.com\\\/ArtisticsMag\",\"https:\\\/\\\/x.com\\\/Artistics_FR\",\"http:\\\/\\\/www.linkedin.com\\\/company\\\/artistics\",\"https:\\\/\\\/www.instagram.com\\\/artistics_com\\\/\",\"http:\\\/\\\/www.pinterest.com\\\/ArtisticsMag\"],\"hasMerchantReturnPolicy\":{\"@type\":\"MerchantReturnPolicy\",\"merchantReturnLink\":\"https:\\\/\\\/artistics.com\\\/free-return-policy\\\/\"}},{\"@type\":\"Person\",\"@id\":\"https:\\\/\\\/artistics.com\\\/fr\\\/#\\\/schema\\\/person\\\/06ccbcd390d4be9b22fdc66fc2e78e6c\",\"name\":\"Hypso\",\"image\":{\"@type\":\"ImageObject\",\"inLanguage\":\"fr-FR\",\"@id\":\"https:\\\/\\\/secure.gravatar.com\\\/avatar\\\/df2518545b115be73a09aa9ed0fe74108171a89b0189073d31863a695ada9fcf?s=96&d=mm&r=g\",\"url\":\"https:\\\/\\\/secure.gravatar.com\\\/avatar\\\/df2518545b115be73a09aa9ed0fe74108171a89b0189073d31863a695ada9fcf?s=96&d=mm&r=g\",\"contentUrl\":\"https:\\\/\\\/secure.gravatar.com\\\/avatar\\\/df2518545b115be73a09aa9ed0fe74108171a89b0189073d31863a695ada9fcf?s=96&d=mm&r=g\",\"caption\":\"Hypso\"},\"sameAs\":[\"https:\\\/\\\/artistics.com\"]}]}<\/script>\n<!-- \/ Yoast SEO Premium plugin. -->","yoast_head_json":{"title":"L'architecture de Ramon Enrich","description":"Ramon Enrich est un peintre espagnol dont la production s'articule autour d'une mise en sc\u00e8ne \u00e9pur\u00e9e mais puissante de l'espace, confrontant abstraction et figuration. \u00c0 l'image des Minimalistes, dont il a appris et s\u2019est inspir\u00e9, il recr\u00e9e des espaces d\u00e9sertiques habit\u00e9s d'une atmosph\u00e8re particuli\u00e8re.","robots":{"index":"index","follow":"follow","max-snippet":"max-snippet:-1","max-image-preview":"max-image-preview:large","max-video-preview":"max-video-preview:-1"},"canonical":"https:\/\/artistics.com\/fr\/artzine\/larchitecture-de-ramon-enrich\/","og_locale":"fr_FR","og_type":"article","og_title":"L'architecture de Ramon Enrich","og_description":"Ramon Enrich est un peintre espagnol dont la production s'articule autour d'une mise en sc\u00e8ne \u00e9pur\u00e9e mais puissante de l'espace, confrontant abstraction et figuration. \u00c0 l'image des Minimalistes, dont il a appris et s\u2019est inspir\u00e9, il recr\u00e9e des espaces d\u00e9sertiques habit\u00e9s d'une atmosph\u00e8re particuli\u00e8re.","og_url":"https:\/\/artistics.com\/fr\/artzine\/larchitecture-de-ramon-enrich\/","og_site_name":"Artistics","article_publisher":"https:\/\/www.facebook.com\/ArtisticsMag","article_published_time":"2021-08-10T09:00:55+00:00","article_modified_time":"2023-04-25T10:54:39+00:00","og_image":[{"width":2084,"height":1300,"url":"https:\/\/artistics.com\/wp-content\/uploads\/2023\/04\/blo-architecture-and-landscape-painting-by-ramon-enrich.jpeg","type":"image\/jpeg"}],"author":"Hypso","twitter_card":"summary_large_image","twitter_creator":"@Artistics_FR","twitter_site":"@Artistics_FR","twitter_misc":{"\u00c9crit par":"Hypso","Dur\u00e9e de lecture estim\u00e9e":"4 minutes"},"schema":{"@context":"https:\/\/schema.org","@graph":[{"@type":["Article","BlogPosting"],"@id":"https:\/\/artistics.com\/fr\/artzine\/larchitecture-de-ramon-enrich\/#article","isPartOf":{"@id":"https:\/\/artistics.com\/fr\/artzine\/larchitecture-de-ramon-enrich\/"},"author":{"name":"Hypso","@id":"https:\/\/artistics.com\/fr\/#\/schema\/person\/06ccbcd390d4be9b22fdc66fc2e78e6c"},"headline":"L&rsquo;architecture de Ramon Enrich","datePublished":"2021-08-10T09:00:55+00:00","dateModified":"2023-04-25T10:54:39+00:00","mainEntityOfPage":{"@id":"https:\/\/artistics.com\/fr\/artzine\/larchitecture-de-ramon-enrich\/"},"wordCount":608,"commentCount":0,"publisher":{"@id":"https:\/\/artistics.com\/fr\/#organization"},"image":{"@id":"https:\/\/artistics.com\/fr\/artzine\/larchitecture-de-ramon-enrich\/#primaryimage"},"thumbnailUrl":"https:\/\/artistics.com\/wp-content\/uploads\/2023\/04\/blo-architecture-and-landscape-painting-by-ramon-enrich.jpeg","articleSection":["L\u2019actu de nos artistes","La vie de la galerie"],"inLanguage":"fr-FR","potentialAction":[{"@type":"CommentAction","name":"Comment","target":["https:\/\/artistics.com\/fr\/artzine\/larchitecture-de-ramon-enrich\/#respond"]}]},{"@type":"WebPage","@id":"https:\/\/artistics.com\/fr\/artzine\/larchitecture-de-ramon-enrich\/","url":"https:\/\/artistics.com\/fr\/artzine\/larchitecture-de-ramon-enrich\/","name":"L'architecture de Ramon Enrich","isPartOf":{"@id":"https:\/\/artistics.com\/fr\/#website"},"primaryImageOfPage":{"@id":"https:\/\/artistics.com\/fr\/artzine\/larchitecture-de-ramon-enrich\/#primaryimage"},"image":{"@id":"https:\/\/artistics.com\/fr\/artzine\/larchitecture-de-ramon-enrich\/#primaryimage"},"thumbnailUrl":"https:\/\/artistics.com\/wp-content\/uploads\/2023\/04\/blo-architecture-and-landscape-painting-by-ramon-enrich.jpeg","datePublished":"2021-08-10T09:00:55+00:00","dateModified":"2023-04-25T10:54:39+00:00","description":"Ramon Enrich est un peintre espagnol dont la production s'articule autour d'une mise en sc\u00e8ne \u00e9pur\u00e9e mais puissante de l'espace, confrontant abstraction et figuration. \u00c0 l'image des Minimalistes, dont il a appris et s\u2019est inspir\u00e9, il recr\u00e9e des espaces d\u00e9sertiques habit\u00e9s d'une atmosph\u00e8re particuli\u00e8re.","breadcrumb":{"@id":"https:\/\/artistics.com\/fr\/artzine\/larchitecture-de-ramon-enrich\/#breadcrumb"},"inLanguage":"fr-FR","potentialAction":[{"@type":"ReadAction","target":["https:\/\/artistics.com\/fr\/artzine\/larchitecture-de-ramon-enrich\/"]}]},{"@type":"ImageObject","inLanguage":"fr-FR","@id":"https:\/\/artistics.com\/fr\/artzine\/larchitecture-de-ramon-enrich\/#primaryimage","url":"https:\/\/artistics.com\/wp-content\/uploads\/2023\/04\/blo-architecture-and-landscape-painting-by-ramon-enrich.jpeg","contentUrl":"https:\/\/artistics.com\/wp-content\/uploads\/2023\/04\/blo-architecture-and-landscape-painting-by-ramon-enrich.jpeg","width":2084,"height":1300},{"@type":"BreadcrumbList","@id":"https:\/\/artistics.com\/fr\/artzine\/larchitecture-de-ramon-enrich\/#breadcrumb","itemListElement":[{"@type":"ListItem","position":1,"name":"Achat \u0153uvre d'art","item":"https:\/\/artistics.com\/fr\/"},{"@type":"ListItem","position":2,"name":"La vie de la galerie","item":"https:\/\/artistics.com\/fr\/artzine\/category\/la-vie-de-la-galerie\/"},{"@type":"ListItem","position":3,"name":"L&rsquo;architecture de Ramon Enrich"}]},{"@type":"WebSite","@id":"https:\/\/artistics.com\/fr\/#website","url":"https:\/\/artistics.com\/fr\/","name":"Artistics","description":"The online art gallery","publisher":{"@id":"https:\/\/artistics.com\/fr\/#organization"},"potentialAction":[{"@type":"SearchAction","target":{"@type":"EntryPoint","urlTemplate":"https:\/\/artistics.com\/fr\/?s={search_term_string}"},"query-input":{"@type":"PropertyValueSpecification","valueRequired":true,"valueName":"search_term_string"}}],"inLanguage":"fr-FR"},{"@type":"Organization","@id":"https:\/\/artistics.com\/fr\/#organization","name":"Artistics","url":"https:\/\/artistics.com\/fr\/","logo":{"@type":"ImageObject","inLanguage":"fr-FR","@id":"https:\/\/artistics.com\/fr\/#\/schema\/logo\/image\/","url":"https:\/\/artistics.com\/wp-content\/uploads\/2023\/02\/artistics-logo-web-1.svg","contentUrl":"https:\/\/artistics.com\/wp-content\/uploads\/2023\/02\/artistics-logo-web-1.svg","caption":"Artistics"},"image":{"@id":"https:\/\/artistics.com\/fr\/#\/schema\/logo\/image\/"},"sameAs":["https:\/\/www.facebook.com\/ArtisticsMag","https:\/\/x.com\/Artistics_FR","http:\/\/www.linkedin.com\/company\/artistics","https:\/\/www.instagram.com\/artistics_com\/","http:\/\/www.pinterest.com\/ArtisticsMag"],"hasMerchantReturnPolicy":{"@type":"MerchantReturnPolicy","merchantReturnLink":"https:\/\/artistics.com\/free-return-policy\/"}},{"@type":"Person","@id":"https:\/\/artistics.com\/fr\/#\/schema\/person\/06ccbcd390d4be9b22fdc66fc2e78e6c","name":"Hypso","image":{"@type":"ImageObject","inLanguage":"fr-FR","@id":"https:\/\/secure.gravatar.com\/avatar\/df2518545b115be73a09aa9ed0fe74108171a89b0189073d31863a695ada9fcf?s=96&d=mm&r=g","url":"https:\/\/secure.gravatar.com\/avatar\/df2518545b115be73a09aa9ed0fe74108171a89b0189073d31863a695ada9fcf?s=96&d=mm&r=g","contentUrl":"https:\/\/secure.gravatar.com\/avatar\/df2518545b115be73a09aa9ed0fe74108171a89b0189073d31863a695ada9fcf?s=96&d=mm&r=g","caption":"Hypso"},"sameAs":["https:\/\/artistics.com"]}]}},"_links":{"self":[{"href":"https:\/\/artistics.com\/fr\/wp-json\/wp\/v2\/posts\/5777","targetHints":{"allow":["GET"]}}],"collection":[{"href":"https:\/\/artistics.com\/fr\/wp-json\/wp\/v2\/posts"}],"about":[{"href":"https:\/\/artistics.com\/fr\/wp-json\/wp\/v2\/types\/post"}],"author":[{"embeddable":true,"href":"https:\/\/artistics.com\/fr\/wp-json\/wp\/v2\/users\/1"}],"replies":[{"embeddable":true,"href":"https:\/\/artistics.com\/fr\/wp-json\/wp\/v2\/comments?post=5777"}],"version-history":[{"count":0,"href":"https:\/\/artistics.com\/fr\/wp-json\/wp\/v2\/posts\/5777\/revisions"}],"wp:featuredmedia":[{"embeddable":true,"href":"https:\/\/artistics.com\/fr\/wp-json\/wp\/v2\/media\/4428"}],"wp:attachment":[{"href":"https:\/\/artistics.com\/fr\/wp-json\/wp\/v2\/media?parent=5777"}],"wp:term":[{"taxonomy":"category","embeddable":true,"href":"https:\/\/artistics.com\/fr\/wp-json\/wp\/v2\/categories?post=5777"},{"taxonomy":"post_tag","embeddable":true,"href":"https:\/\/artistics.com\/fr\/wp-json\/wp\/v2\/tags?post=5777"}],"curies":[{"name":"wp","href":"https:\/\/api.w.org\/{rel}","templated":true}]}}