{"id":5751,"date":"2020-04-24T14:45:43","date_gmt":"2020-04-24T12:45:43","guid":{"rendered":"https:\/\/2022.devartistics.com\/artzine\/les-rapports-a-lespace-de-nos-peintres-contemporains-espagnols\/"},"modified":"2023-07-11T15:55:29","modified_gmt":"2023-07-11T13:55:29","slug":"les-rapports-a-lespace-de-nos-peintres-contemporains-espagnols","status":"publish","type":"post","link":"https:\/\/artistics.com\/fr\/artzine\/les-rapports-a-lespace-de-nos-peintres-contemporains-espagnols\/","title":{"rendered":"Les rapports \u00e0 l&rsquo;espace de nos peintres contemporains espagnols"},"content":{"rendered":"<p><strong>Les \u0153uvres de Calo Carratala et de Ramon Enrich traduisent diff\u00e9rents rapports \u00e0 l\u2019espace, et diff\u00e9rents points de vue pour repr\u00e9senter le monde. Nous vous invitons \u00e0 d\u00e9couvrir les perspectives singuli\u00e8res de ces peintres contemporains espagnols, repr\u00e9sent\u00e9s par Artistics.<\/strong><\/p>\n<p>Le <em>De Pictura<\/em>, trait\u00e9 de peinture th\u00e9orisant la perspective lin\u00e9aire publi\u00e9 en 1435 par l\u2019italien L\u00e9on Battista Alberti constitue un bouleversement pictural qui a conditionn\u00e9 la peinture europ\u00e9enne jusqu\u2019\u00e0 nos jours. Ce trait\u00e9 de la Renaissance marque une prise de conscience de l\u2019homme vis-\u00e0-vis de l\u2019espace. \u00a0V\u00e9ritable moteur universel d\u2019\u00e9volution, elle conf\u00e8re un pouvoir de rationalisation de l\u2019espace \u00e0 travers sa repr\u00e9sentation qui a profond\u00e9ment influenc\u00e9 l\u2019histoire de la peinture.<\/p>\n<p>Au XX\u00e8me si\u00e8cle, une volont\u00e9 de repr\u00e9senter le monde autrement inaugure un affranchissement vis-\u00e0-vis de la perspective lin\u00e9aire, notamment \u00e0 travers l\u2019abstraction en peinture. A ce jour, la multiplicit\u00e9 des points de vue pr\u00e9vaut. Peinture figurative et abstraite coexistent et r\u00e9investissent la repr\u00e9sentation de l\u2019espace comme une question essentielle, et comme une possibilit\u00e9 sans fin de t\u00e9moigner d\u2019un rapport au monde. Le travail de deux peintres contemporains espagnols repr\u00e9sent\u00e9s par Artistics illustre parfaitement l\u2019aspect multiforme de ce rapport \u00e0 l\u2019espace.<\/p>\n<h2><strong>Calo Carratala\u00a0: une perspective lin\u00e9aire pour un rapport r\u00e9aliste \u00e0 l\u2019espace<\/strong><\/h2>\n<p>Passionn\u00e9 de voyage, le peintre contemporain espagnol <a href=\"https:\/\/artistics.com\/fr\/artiste\/calo-carratala\/\">Calo Carratala<\/a> a choisi de repr\u00e9senter des paysages dont la d\u00e9couverte et la contemplation l\u2019ont touch\u00e9. Ses s\u00e9ries de peinture figurative sont autant d\u2019hommages rendus aux paysages grandioses de l\u2019Amazonie, de la Tanzanie ou encore de la Norv\u00e8ge, dont le caract\u00e8re sublime est exacerb\u00e9 sous le pinceau du peintre. Selon lui, \u00ab\u00a0le paysage est un monde \u00e0 prot\u00e9ger, et non plus \u00e0 d\u00e9couvrir\u00a0\u00bb\u00a0: affirmation paradoxale au vu du caract\u00e8re surpuissant des d\u00e9cors naturels qu\u2019il repr\u00e9sente\u00a0:\u00a0sommets majestueux ou for\u00eat tropicale exub\u00e9rante.<\/p>\n<p><img decoding=\"async\" src=\"https:\/\/artistics.com\/wp-content\/uploads\/2023\/04\/grand-benasque-1-by-calo-carratala-bd1_0.jpg\" alt=\"\" width=\"658\" height=\"477\" \/><\/p>\n<p><em>Grand B\u00e9nasque I<\/em>, <a href=\"https:\/\/artistics.com\/fr\/artiste\/calo-carratala\/\">Calo Carratala<\/a>, Huile sur toile, 156 x 214 cm, 2017<\/p>\n<p>Le peintre contemporain espagnol fait le choix de repr\u00e9senter ces paysages selon une perspective lin\u00e9aire. Le point de vue adopt\u00e9 est celui d\u2019un humain. Ce choix fait le caract\u00e8re essentiellement paradoxal de sa peinture\u00a0puisqu\u2019il condamne l\u2019humain \u00e0 une position de faiblesse propre \u00e0 celui qui ne peut que contempler, tout en conc\u00e9dant un pouvoir \u00e0 l\u2019homme en tant que point de vue. La peinture de Calo Carratala nous met en garde\u00a0: c\u2019est parce que l\u2019homme peut ressentir le caract\u00e8re exceptionnel de la nature qu\u2019il doit la prot\u00e9ger.<\/p>\n<h2><strong>Ramon Enrich\u00a0: apprivoiser l\u2019espace en le repr\u00e9sentant<\/strong><\/h2>\n<p>Au-del\u00e0 de la repr\u00e9sentation de l\u2019espace en tant que tel, le peintre contemporain espagnol repr\u00e9sente un espace b\u00e2ti dont la pr\u00e9sence humaine a disparu. C\u2019est en cela que le point de vue adopt\u00e9 par <a href=\"https:\/\/artistics.com\/fr\/artiste\/ramon-enrich\/\">Ramon Enrich<\/a> incarne une tentative de s\u2019affranchir d\u2019une perspective lin\u00e9aire\u00a0: pr\u00e9cis\u00e9ment parce qu\u2019il refuse tout rapport incarn\u00e9 \u00e0 l\u2019espace.<\/p>\n<p><img decoding=\"async\" src=\"https:\/\/artistics.com\/wp-content\/uploads\/2023\/04\/ruv-by-ramon-enrich-_0.jpg\" alt=\"\" width=\"460\" height=\"354\" \/><\/p>\n<p><em>RUV<\/em>, <a href=\"https:\/\/artistics.com\/fr\/artiste\/ramon-enrich\/\">Ramon Enrich<\/a>, Acrylique sur toile, 130 x 170 cm, 2014-2016<\/p>\n<p>Toutefois, le quadrillage, \u00e9l\u00e9ment invisible chez Calo Carratala, se retrouve dans de nombreuses \u0153uvres de Ramon Enrich. Cet \u00e9l\u00e9ment remplit la m\u00eame fonction chez les deux peintres sans pour autant rev\u00eatir la m\u00eame signification. L\u00e0 o\u00f9 Calo Carratala utilise cet outil pour reproduire le r\u00e9el avec exactitude dans ses proportions, Ramon Enrich s\u2019en sert pour rationaliser l\u2019espace, s\u2019assurant par l\u00e0 m\u00eame d\u2019en avoir l\u2019apparente ma\u00eetrise, ce qui participe \u00e0 un certain effet d\u2019ironie qu\u2019il revendique dans ses \u0153uvres.<\/p>\n","protected":false},"excerpt":{"rendered":"<p>Les \u0153uvres de Calo Carratala, Ramon Enrich et Albano traduisent diff\u00e9rents rapports \u00e0 l\u2019espace, et diff\u00e9rents points de vue pour repr\u00e9senter le monde. Nous vous invitons \u00e0 d\u00e9couvrir les perspectives singuli\u00e8res de ces peintres contemporains espagnols, repr\u00e9sent\u00e9s par Artistics.<\/p>\n","protected":false},"author":1,"featured_media":15151,"comment_status":"open","ping_status":"open","sticky":false,"template":"","format":"standard","meta":{"_acf_changed":false,"_searchwp_excluded":"","inline_featured_image":false,"footnotes":""},"categories":[1183],"tags":[],"class_list":["post-5751","post","type-post","status-publish","format-standard","has-post-thumbnail","hentry","category-la-vie-de-la-galerie"],"acf":[],"yoast_head":"<!-- This site is optimized with the Yoast SEO Premium plugin v27.3 (Yoast SEO v27.3) - https:\/\/yoast.com\/product\/yoast-seo-premium-wordpress\/ -->\n<title>Les rapports \u00e0 l&#039;espace de nos peintres contemporains espagnols<\/title>\n<meta name=\"description\" content=\"Les \u0153uvres de Calo Carratala, Ramon Enrich et Albano traduisent diff\u00e9rents rapports \u00e0 l\u2019espace, et diff\u00e9rents points de vue pour repr\u00e9senter le monde. Nous vous invitons \u00e0 d\u00e9couvrir les perspectives singuli\u00e8res de ces peintres contemporains espagnols, repr\u00e9sent\u00e9s par Artistics.\" \/>\n<meta name=\"robots\" content=\"index, follow, max-snippet:-1, max-image-preview:large, max-video-preview:-1\" \/>\n<link rel=\"canonical\" href=\"https:\/\/artistics.com\/fr\/artzine\/les-rapports-a-lespace-de-nos-peintres-contemporains-espagnols\/\" \/>\n<meta property=\"og:locale\" content=\"fr_FR\" \/>\n<meta property=\"og:type\" content=\"article\" \/>\n<meta property=\"og:title\" content=\"Les rapports \u00e0 l&#039;espace de nos peintres contemporains espagnols\" \/>\n<meta property=\"og:description\" content=\"Les \u0153uvres de Calo Carratala, Ramon Enrich et Albano traduisent diff\u00e9rents rapports \u00e0 l\u2019espace, et diff\u00e9rents points de vue pour repr\u00e9senter le monde. Nous vous invitons \u00e0 d\u00e9couvrir les perspectives singuli\u00e8res de ces peintres contemporains espagnols, repr\u00e9sent\u00e9s par Artistics.\" \/>\n<meta property=\"og:url\" content=\"https:\/\/artistics.com\/fr\/artzine\/les-rapports-a-lespace-de-nos-peintres-contemporains-espagnols\/\" \/>\n<meta property=\"og:site_name\" content=\"Artistics\" \/>\n<meta property=\"article:publisher\" content=\"https:\/\/www.facebook.com\/ArtisticsMag\" \/>\n<meta property=\"article:published_time\" content=\"2020-04-24T12:45:43+00:00\" \/>\n<meta property=\"article:modified_time\" content=\"2023-07-11T13:55:29+00:00\" \/>\n<meta property=\"og:image\" content=\"https:\/\/artistics.com\/wp-content\/uploads\/2023\/04\/e.s-architecture-and-landscape-painting-by-ramon-enrich_1.jpeg\" \/>\n\t<meta property=\"og:image:width\" content=\"1624\" \/>\n\t<meta property=\"og:image:height\" content=\"1200\" \/>\n\t<meta property=\"og:image:type\" content=\"image\/jpeg\" \/>\n<meta name=\"author\" content=\"Hypso\" \/>\n<meta name=\"twitter:card\" content=\"summary_large_image\" \/>\n<meta name=\"twitter:creator\" content=\"@Artistics_FR\" \/>\n<meta name=\"twitter:site\" content=\"@Artistics_FR\" \/>\n<meta name=\"twitter:label1\" content=\"\u00c9crit par\" \/>\n\t<meta name=\"twitter:data1\" content=\"Hypso\" \/>\n\t<meta name=\"twitter:label2\" content=\"Dur\u00e9e de lecture estim\u00e9e\" \/>\n\t<meta name=\"twitter:data2\" content=\"3 minutes\" \/>\n<script type=\"application\/ld+json\" class=\"yoast-schema-graph\">{\"@context\":\"https:\\\/\\\/schema.org\",\"@graph\":[{\"@type\":[\"Article\",\"BlogPosting\"],\"@id\":\"https:\\\/\\\/artistics.com\\\/fr\\\/artzine\\\/les-rapports-a-lespace-de-nos-peintres-contemporains-espagnols\\\/#article\",\"isPartOf\":{\"@id\":\"https:\\\/\\\/artistics.com\\\/fr\\\/artzine\\\/les-rapports-a-lespace-de-nos-peintres-contemporains-espagnols\\\/\"},\"author\":{\"name\":\"Hypso\",\"@id\":\"https:\\\/\\\/artistics.com\\\/fr\\\/#\\\/schema\\\/person\\\/06ccbcd390d4be9b22fdc66fc2e78e6c\"},\"headline\":\"Les rapports \u00e0 l&rsquo;espace de nos peintres contemporains espagnols\",\"datePublished\":\"2020-04-24T12:45:43+00:00\",\"dateModified\":\"2023-07-11T13:55:29+00:00\",\"mainEntityOfPage\":{\"@id\":\"https:\\\/\\\/artistics.com\\\/fr\\\/artzine\\\/les-rapports-a-lespace-de-nos-peintres-contemporains-espagnols\\\/\"},\"wordCount\":630,\"commentCount\":0,\"publisher\":{\"@id\":\"https:\\\/\\\/artistics.com\\\/fr\\\/#organization\"},\"image\":{\"@id\":\"https:\\\/\\\/artistics.com\\\/fr\\\/artzine\\\/les-rapports-a-lespace-de-nos-peintres-contemporains-espagnols\\\/#primaryimage\"},\"thumbnailUrl\":\"https:\\\/\\\/artistics.com\\\/wp-content\\\/uploads\\\/2023\\\/04\\\/e.s-architecture-and-landscape-painting-by-ramon-enrich_1.jpeg\",\"articleSection\":[\"La vie de la galerie\"],\"inLanguage\":\"fr-FR\",\"potentialAction\":[{\"@type\":\"CommentAction\",\"name\":\"Comment\",\"target\":[\"https:\\\/\\\/artistics.com\\\/fr\\\/artzine\\\/les-rapports-a-lespace-de-nos-peintres-contemporains-espagnols\\\/#respond\"]}]},{\"@type\":\"WebPage\",\"@id\":\"https:\\\/\\\/artistics.com\\\/fr\\\/artzine\\\/les-rapports-a-lespace-de-nos-peintres-contemporains-espagnols\\\/\",\"url\":\"https:\\\/\\\/artistics.com\\\/fr\\\/artzine\\\/les-rapports-a-lespace-de-nos-peintres-contemporains-espagnols\\\/\",\"name\":\"Les rapports \u00e0 l'espace de nos peintres contemporains espagnols\",\"isPartOf\":{\"@id\":\"https:\\\/\\\/artistics.com\\\/fr\\\/#website\"},\"primaryImageOfPage\":{\"@id\":\"https:\\\/\\\/artistics.com\\\/fr\\\/artzine\\\/les-rapports-a-lespace-de-nos-peintres-contemporains-espagnols\\\/#primaryimage\"},\"image\":{\"@id\":\"https:\\\/\\\/artistics.com\\\/fr\\\/artzine\\\/les-rapports-a-lespace-de-nos-peintres-contemporains-espagnols\\\/#primaryimage\"},\"thumbnailUrl\":\"https:\\\/\\\/artistics.com\\\/wp-content\\\/uploads\\\/2023\\\/04\\\/e.s-architecture-and-landscape-painting-by-ramon-enrich_1.jpeg\",\"datePublished\":\"2020-04-24T12:45:43+00:00\",\"dateModified\":\"2023-07-11T13:55:29+00:00\",\"description\":\"Les \u0153uvres de Calo Carratala, Ramon Enrich et Albano traduisent diff\u00e9rents rapports \u00e0 l\u2019espace, et diff\u00e9rents points de vue pour repr\u00e9senter le monde. Nous vous invitons \u00e0 d\u00e9couvrir les perspectives singuli\u00e8res de ces peintres contemporains espagnols, repr\u00e9sent\u00e9s par Artistics.\",\"breadcrumb\":{\"@id\":\"https:\\\/\\\/artistics.com\\\/fr\\\/artzine\\\/les-rapports-a-lespace-de-nos-peintres-contemporains-espagnols\\\/#breadcrumb\"},\"inLanguage\":\"fr-FR\",\"potentialAction\":[{\"@type\":\"ReadAction\",\"target\":[\"https:\\\/\\\/artistics.com\\\/fr\\\/artzine\\\/les-rapports-a-lespace-de-nos-peintres-contemporains-espagnols\\\/\"]}]},{\"@type\":\"ImageObject\",\"inLanguage\":\"fr-FR\",\"@id\":\"https:\\\/\\\/artistics.com\\\/fr\\\/artzine\\\/les-rapports-a-lespace-de-nos-peintres-contemporains-espagnols\\\/#primaryimage\",\"url\":\"https:\\\/\\\/artistics.com\\\/wp-content\\\/uploads\\\/2023\\\/04\\\/e.s-architecture-and-landscape-painting-by-ramon-enrich_1.jpeg\",\"contentUrl\":\"https:\\\/\\\/artistics.com\\\/wp-content\\\/uploads\\\/2023\\\/04\\\/e.s-architecture-and-landscape-painting-by-ramon-enrich_1.jpeg\",\"width\":1624,\"height\":1200,\"caption\":\"E.S: grand tableau de l\u2019artiste espagnol Ramon Enrich repr\u00e9sentant un paysage avec architecture\"},{\"@type\":\"BreadcrumbList\",\"@id\":\"https:\\\/\\\/artistics.com\\\/fr\\\/artzine\\\/les-rapports-a-lespace-de-nos-peintres-contemporains-espagnols\\\/#breadcrumb\",\"itemListElement\":[{\"@type\":\"ListItem\",\"position\":1,\"name\":\"Achat \u0153uvre d'art\",\"item\":\"https:\\\/\\\/artistics.com\\\/fr\\\/\"},{\"@type\":\"ListItem\",\"position\":2,\"name\":\"La vie de la galerie\",\"item\":\"https:\\\/\\\/artistics.com\\\/fr\\\/artzine\\\/category\\\/la-vie-de-la-galerie\\\/\"},{\"@type\":\"ListItem\",\"position\":3,\"name\":\"Les rapports \u00e0 l&#8217;espace de nos peintres contemporains espagnols\"}]},{\"@type\":\"WebSite\",\"@id\":\"https:\\\/\\\/artistics.com\\\/fr\\\/#website\",\"url\":\"https:\\\/\\\/artistics.com\\\/fr\\\/\",\"name\":\"Artistics\",\"description\":\"The online art gallery\",\"publisher\":{\"@id\":\"https:\\\/\\\/artistics.com\\\/fr\\\/#organization\"},\"potentialAction\":[{\"@type\":\"SearchAction\",\"target\":{\"@type\":\"EntryPoint\",\"urlTemplate\":\"https:\\\/\\\/artistics.com\\\/fr\\\/?s={search_term_string}\"},\"query-input\":{\"@type\":\"PropertyValueSpecification\",\"valueRequired\":true,\"valueName\":\"search_term_string\"}}],\"inLanguage\":\"fr-FR\"},{\"@type\":\"Organization\",\"@id\":\"https:\\\/\\\/artistics.com\\\/fr\\\/#organization\",\"name\":\"Artistics\",\"url\":\"https:\\\/\\\/artistics.com\\\/fr\\\/\",\"logo\":{\"@type\":\"ImageObject\",\"inLanguage\":\"fr-FR\",\"@id\":\"https:\\\/\\\/artistics.com\\\/fr\\\/#\\\/schema\\\/logo\\\/image\\\/\",\"url\":\"https:\\\/\\\/artistics.com\\\/wp-content\\\/uploads\\\/2023\\\/02\\\/artistics-logo-web-1.svg\",\"contentUrl\":\"https:\\\/\\\/artistics.com\\\/wp-content\\\/uploads\\\/2023\\\/02\\\/artistics-logo-web-1.svg\",\"caption\":\"Artistics\"},\"image\":{\"@id\":\"https:\\\/\\\/artistics.com\\\/fr\\\/#\\\/schema\\\/logo\\\/image\\\/\"},\"sameAs\":[\"https:\\\/\\\/www.facebook.com\\\/ArtisticsMag\",\"https:\\\/\\\/x.com\\\/Artistics_FR\",\"http:\\\/\\\/www.linkedin.com\\\/company\\\/artistics\",\"https:\\\/\\\/www.instagram.com\\\/artistics_com\\\/\",\"http:\\\/\\\/www.pinterest.com\\\/ArtisticsMag\"],\"hasMerchantReturnPolicy\":{\"@type\":\"MerchantReturnPolicy\",\"merchantReturnLink\":\"https:\\\/\\\/artistics.com\\\/free-return-policy\\\/\"}},{\"@type\":\"Person\",\"@id\":\"https:\\\/\\\/artistics.com\\\/fr\\\/#\\\/schema\\\/person\\\/06ccbcd390d4be9b22fdc66fc2e78e6c\",\"name\":\"Hypso\",\"image\":{\"@type\":\"ImageObject\",\"inLanguage\":\"fr-FR\",\"@id\":\"https:\\\/\\\/secure.gravatar.com\\\/avatar\\\/df2518545b115be73a09aa9ed0fe74108171a89b0189073d31863a695ada9fcf?s=96&d=mm&r=g\",\"url\":\"https:\\\/\\\/secure.gravatar.com\\\/avatar\\\/df2518545b115be73a09aa9ed0fe74108171a89b0189073d31863a695ada9fcf?s=96&d=mm&r=g\",\"contentUrl\":\"https:\\\/\\\/secure.gravatar.com\\\/avatar\\\/df2518545b115be73a09aa9ed0fe74108171a89b0189073d31863a695ada9fcf?s=96&d=mm&r=g\",\"caption\":\"Hypso\"},\"sameAs\":[\"https:\\\/\\\/artistics.com\"]}]}<\/script>\n<!-- \/ Yoast SEO Premium plugin. -->","yoast_head_json":{"title":"Les rapports \u00e0 l'espace de nos peintres contemporains espagnols","description":"Les \u0153uvres de Calo Carratala, Ramon Enrich et Albano traduisent diff\u00e9rents rapports \u00e0 l\u2019espace, et diff\u00e9rents points de vue pour repr\u00e9senter le monde. Nous vous invitons \u00e0 d\u00e9couvrir les perspectives singuli\u00e8res de ces peintres contemporains espagnols, repr\u00e9sent\u00e9s par Artistics.","robots":{"index":"index","follow":"follow","max-snippet":"max-snippet:-1","max-image-preview":"max-image-preview:large","max-video-preview":"max-video-preview:-1"},"canonical":"https:\/\/artistics.com\/fr\/artzine\/les-rapports-a-lespace-de-nos-peintres-contemporains-espagnols\/","og_locale":"fr_FR","og_type":"article","og_title":"Les rapports \u00e0 l'espace de nos peintres contemporains espagnols","og_description":"Les \u0153uvres de Calo Carratala, Ramon Enrich et Albano traduisent diff\u00e9rents rapports \u00e0 l\u2019espace, et diff\u00e9rents points de vue pour repr\u00e9senter le monde. Nous vous invitons \u00e0 d\u00e9couvrir les perspectives singuli\u00e8res de ces peintres contemporains espagnols, repr\u00e9sent\u00e9s par Artistics.","og_url":"https:\/\/artistics.com\/fr\/artzine\/les-rapports-a-lespace-de-nos-peintres-contemporains-espagnols\/","og_site_name":"Artistics","article_publisher":"https:\/\/www.facebook.com\/ArtisticsMag","article_published_time":"2020-04-24T12:45:43+00:00","article_modified_time":"2023-07-11T13:55:29+00:00","og_image":[{"width":1624,"height":1200,"url":"https:\/\/artistics.com\/wp-content\/uploads\/2023\/04\/e.s-architecture-and-landscape-painting-by-ramon-enrich_1.jpeg","type":"image\/jpeg"}],"author":"Hypso","twitter_card":"summary_large_image","twitter_creator":"@Artistics_FR","twitter_site":"@Artistics_FR","twitter_misc":{"\u00c9crit par":"Hypso","Dur\u00e9e de lecture estim\u00e9e":"3 minutes"},"schema":{"@context":"https:\/\/schema.org","@graph":[{"@type":["Article","BlogPosting"],"@id":"https:\/\/artistics.com\/fr\/artzine\/les-rapports-a-lespace-de-nos-peintres-contemporains-espagnols\/#article","isPartOf":{"@id":"https:\/\/artistics.com\/fr\/artzine\/les-rapports-a-lespace-de-nos-peintres-contemporains-espagnols\/"},"author":{"name":"Hypso","@id":"https:\/\/artistics.com\/fr\/#\/schema\/person\/06ccbcd390d4be9b22fdc66fc2e78e6c"},"headline":"Les rapports \u00e0 l&rsquo;espace de nos peintres contemporains espagnols","datePublished":"2020-04-24T12:45:43+00:00","dateModified":"2023-07-11T13:55:29+00:00","mainEntityOfPage":{"@id":"https:\/\/artistics.com\/fr\/artzine\/les-rapports-a-lespace-de-nos-peintres-contemporains-espagnols\/"},"wordCount":630,"commentCount":0,"publisher":{"@id":"https:\/\/artistics.com\/fr\/#organization"},"image":{"@id":"https:\/\/artistics.com\/fr\/artzine\/les-rapports-a-lespace-de-nos-peintres-contemporains-espagnols\/#primaryimage"},"thumbnailUrl":"https:\/\/artistics.com\/wp-content\/uploads\/2023\/04\/e.s-architecture-and-landscape-painting-by-ramon-enrich_1.jpeg","articleSection":["La vie de la galerie"],"inLanguage":"fr-FR","potentialAction":[{"@type":"CommentAction","name":"Comment","target":["https:\/\/artistics.com\/fr\/artzine\/les-rapports-a-lespace-de-nos-peintres-contemporains-espagnols\/#respond"]}]},{"@type":"WebPage","@id":"https:\/\/artistics.com\/fr\/artzine\/les-rapports-a-lespace-de-nos-peintres-contemporains-espagnols\/","url":"https:\/\/artistics.com\/fr\/artzine\/les-rapports-a-lespace-de-nos-peintres-contemporains-espagnols\/","name":"Les rapports \u00e0 l'espace de nos peintres contemporains espagnols","isPartOf":{"@id":"https:\/\/artistics.com\/fr\/#website"},"primaryImageOfPage":{"@id":"https:\/\/artistics.com\/fr\/artzine\/les-rapports-a-lespace-de-nos-peintres-contemporains-espagnols\/#primaryimage"},"image":{"@id":"https:\/\/artistics.com\/fr\/artzine\/les-rapports-a-lespace-de-nos-peintres-contemporains-espagnols\/#primaryimage"},"thumbnailUrl":"https:\/\/artistics.com\/wp-content\/uploads\/2023\/04\/e.s-architecture-and-landscape-painting-by-ramon-enrich_1.jpeg","datePublished":"2020-04-24T12:45:43+00:00","dateModified":"2023-07-11T13:55:29+00:00","description":"Les \u0153uvres de Calo Carratala, Ramon Enrich et Albano traduisent diff\u00e9rents rapports \u00e0 l\u2019espace, et diff\u00e9rents points de vue pour repr\u00e9senter le monde. Nous vous invitons \u00e0 d\u00e9couvrir les perspectives singuli\u00e8res de ces peintres contemporains espagnols, repr\u00e9sent\u00e9s par Artistics.","breadcrumb":{"@id":"https:\/\/artistics.com\/fr\/artzine\/les-rapports-a-lespace-de-nos-peintres-contemporains-espagnols\/#breadcrumb"},"inLanguage":"fr-FR","potentialAction":[{"@type":"ReadAction","target":["https:\/\/artistics.com\/fr\/artzine\/les-rapports-a-lespace-de-nos-peintres-contemporains-espagnols\/"]}]},{"@type":"ImageObject","inLanguage":"fr-FR","@id":"https:\/\/artistics.com\/fr\/artzine\/les-rapports-a-lespace-de-nos-peintres-contemporains-espagnols\/#primaryimage","url":"https:\/\/artistics.com\/wp-content\/uploads\/2023\/04\/e.s-architecture-and-landscape-painting-by-ramon-enrich_1.jpeg","contentUrl":"https:\/\/artistics.com\/wp-content\/uploads\/2023\/04\/e.s-architecture-and-landscape-painting-by-ramon-enrich_1.jpeg","width":1624,"height":1200,"caption":"E.S: grand tableau de l\u2019artiste espagnol Ramon Enrich repr\u00e9sentant un paysage avec architecture"},{"@type":"BreadcrumbList","@id":"https:\/\/artistics.com\/fr\/artzine\/les-rapports-a-lespace-de-nos-peintres-contemporains-espagnols\/#breadcrumb","itemListElement":[{"@type":"ListItem","position":1,"name":"Achat \u0153uvre d'art","item":"https:\/\/artistics.com\/fr\/"},{"@type":"ListItem","position":2,"name":"La vie de la galerie","item":"https:\/\/artistics.com\/fr\/artzine\/category\/la-vie-de-la-galerie\/"},{"@type":"ListItem","position":3,"name":"Les rapports \u00e0 l&#8217;espace de nos peintres contemporains espagnols"}]},{"@type":"WebSite","@id":"https:\/\/artistics.com\/fr\/#website","url":"https:\/\/artistics.com\/fr\/","name":"Artistics","description":"The online art gallery","publisher":{"@id":"https:\/\/artistics.com\/fr\/#organization"},"potentialAction":[{"@type":"SearchAction","target":{"@type":"EntryPoint","urlTemplate":"https:\/\/artistics.com\/fr\/?s={search_term_string}"},"query-input":{"@type":"PropertyValueSpecification","valueRequired":true,"valueName":"search_term_string"}}],"inLanguage":"fr-FR"},{"@type":"Organization","@id":"https:\/\/artistics.com\/fr\/#organization","name":"Artistics","url":"https:\/\/artistics.com\/fr\/","logo":{"@type":"ImageObject","inLanguage":"fr-FR","@id":"https:\/\/artistics.com\/fr\/#\/schema\/logo\/image\/","url":"https:\/\/artistics.com\/wp-content\/uploads\/2023\/02\/artistics-logo-web-1.svg","contentUrl":"https:\/\/artistics.com\/wp-content\/uploads\/2023\/02\/artistics-logo-web-1.svg","caption":"Artistics"},"image":{"@id":"https:\/\/artistics.com\/fr\/#\/schema\/logo\/image\/"},"sameAs":["https:\/\/www.facebook.com\/ArtisticsMag","https:\/\/x.com\/Artistics_FR","http:\/\/www.linkedin.com\/company\/artistics","https:\/\/www.instagram.com\/artistics_com\/","http:\/\/www.pinterest.com\/ArtisticsMag"],"hasMerchantReturnPolicy":{"@type":"MerchantReturnPolicy","merchantReturnLink":"https:\/\/artistics.com\/free-return-policy\/"}},{"@type":"Person","@id":"https:\/\/artistics.com\/fr\/#\/schema\/person\/06ccbcd390d4be9b22fdc66fc2e78e6c","name":"Hypso","image":{"@type":"ImageObject","inLanguage":"fr-FR","@id":"https:\/\/secure.gravatar.com\/avatar\/df2518545b115be73a09aa9ed0fe74108171a89b0189073d31863a695ada9fcf?s=96&d=mm&r=g","url":"https:\/\/secure.gravatar.com\/avatar\/df2518545b115be73a09aa9ed0fe74108171a89b0189073d31863a695ada9fcf?s=96&d=mm&r=g","contentUrl":"https:\/\/secure.gravatar.com\/avatar\/df2518545b115be73a09aa9ed0fe74108171a89b0189073d31863a695ada9fcf?s=96&d=mm&r=g","caption":"Hypso"},"sameAs":["https:\/\/artistics.com"]}]}},"_links":{"self":[{"href":"https:\/\/artistics.com\/fr\/wp-json\/wp\/v2\/posts\/5751","targetHints":{"allow":["GET"]}}],"collection":[{"href":"https:\/\/artistics.com\/fr\/wp-json\/wp\/v2\/posts"}],"about":[{"href":"https:\/\/artistics.com\/fr\/wp-json\/wp\/v2\/types\/post"}],"author":[{"embeddable":true,"href":"https:\/\/artistics.com\/fr\/wp-json\/wp\/v2\/users\/1"}],"replies":[{"embeddable":true,"href":"https:\/\/artistics.com\/fr\/wp-json\/wp\/v2\/comments?post=5751"}],"version-history":[{"count":2,"href":"https:\/\/artistics.com\/fr\/wp-json\/wp\/v2\/posts\/5751\/revisions"}],"predecessor-version":[{"id":36436,"href":"https:\/\/artistics.com\/fr\/wp-json\/wp\/v2\/posts\/5751\/revisions\/36436"}],"wp:featuredmedia":[{"embeddable":true,"href":"https:\/\/artistics.com\/fr\/wp-json\/wp\/v2\/media\/15151"}],"wp:attachment":[{"href":"https:\/\/artistics.com\/fr\/wp-json\/wp\/v2\/media?parent=5751"}],"wp:term":[{"taxonomy":"category","embeddable":true,"href":"https:\/\/artistics.com\/fr\/wp-json\/wp\/v2\/categories?post=5751"},{"taxonomy":"post_tag","embeddable":true,"href":"https:\/\/artistics.com\/fr\/wp-json\/wp\/v2\/tags?post=5751"}],"curies":[{"name":"wp","href":"https:\/\/api.w.org\/{rel}","templated":true}]}}