{"id":5671,"date":"2018-12-02T21:33:22","date_gmt":"2018-12-02T20:33:22","guid":{"rendered":"https:\/\/2022.devartistics.com\/artzine\/visite-de-la-fonderie-dart-barthelemy-avec-la-maison-france-5\/"},"modified":"2023-07-11T17:03:29","modified_gmt":"2023-07-11T15:03:29","slug":"visite-de-la-fonderie-dart-barthelemy-avec-la-maison-france-5","status":"publish","type":"post","link":"https:\/\/artistics.com\/fr\/artzine\/visite-de-la-fonderie-dart-barthelemy-avec-la-maison-france-5\/","title":{"rendered":"Visite de la fonderie d\u2019art Barth\u00e9l\u00e9my avec La Maison France 5"},"content":{"rendered":"<p>Dans l\u2019\u00e9mission diffus\u00e9e le 30 novembre dernier, St\u00e9phane Thebaut poussait les portes de la Fonderie Barth\u00e9l\u00e9my Art, \u00e0 Crest dans la Dr\u00f4me. O\u00f9 il a d\u00e9couvert la sculpture Attraction de l\u2019Espace II, de Romain Langlois\u2026<\/p><figure class=\"wp-block-image\"><img decoding=\"async\" src=\"https:\/\/artistics.com\/wp-content\/uploads\/2023\/04\/la-maison-france-5-fonderie-barthelemy-attraction-de-l-espace-ii-by-romain-langlois-damier.jpg\" alt=\"\"\/><\/figure><p>C\u2019est l\u2019une des plus grandes fonderies d\u2019art au monde. \u00ab\u00a0Des soci\u00e9t\u00e9s de cette taille-l\u00e0, \u00e7a se compte sur les doigts de la main\u00a0\u00bb pr\u00e9cise Pierre Abattu, son directeur. Fond\u00e9e en 1935 et sp\u00e9cialis\u00e9e dans le fun\u00e9raire jusque dans les ann\u00e9es 1990, la Fonderie Barth\u00e9l\u00e9my s\u2019est peu \u00e0 peu mise au service des artistes pour r\u00e9aliser des oeuvres en bronze, jusqu\u2019\u00e0 cr\u00e9er en 2003 une entit\u00e9 enti\u00e8rement d\u00e9volue \u00e0 cette activit\u00e9 : Barth\u00e9l\u00e9my Art.<\/p><p>La Maison France 5, en visite dans la Dr\u00f4me, a promen\u00e9 ses cam\u00e9ras dans ce lieu o\u00f9 prennent forme les sculptures en bronze imagin\u00e9es par quelques 150 artistes, fran\u00e7ais et \u00e9trangers. \u00ab\u00a0On travaille en collaboration compl\u00e8te avec les artistes\u00a0\u00bb poursuit Pierre Abattu, \u00ab\u00a0ils sont ici comme chez eux\u00a0\u00bb.\u00a0<\/p><p>Parmi ces artistes, le sculpteur <a href=\"https:\/\/artistics.com\/fr\/artiste\/romain-langlois\/\" target=\"_blank\" rel=\"noopener\">Romain Langlois<\/a>, repr\u00e9sent\u00e9 par Artistics, et dont on aper\u00e7oit l\u2019une des toutes derni\u00e8res cr\u00e9ations, intitul\u00e9e Attraction de l\u2019Espace II, au cours du reportage. \u00ab\u00a0On a l\u2019impression que c\u2019est un rocher qui a \u00e9t\u00e9 \u00e9clat\u00e9 avec le magma \u00e0 l\u2019int\u00e9rieur\u00a0\u00bb commente St\u00e9phane Thebaut.<\/p><p>C\u2019est exactement l\u2019effet recherch\u00e9 par Romain Langlois, qui nous pr\u00e9sentait sa cr\u00e9ation il y a quelques mois de la fa\u00e7on suivante :&nbsp;<\/p><p><em>\u00ab\u00a0Attraction de l\u2019espace, c\u2019est ni plus ni moins, en amont, qu\u2019un rocher de bord d\u2019autoroute, ces rochers qui servent \u00e0 barrer certains acc\u00e8s \u00e0 la circulation. Ce qui m\u2019inte\u0301ressait dans ce rocher, c\u2019est qu\u2019il est dans un environnement o\u00f9 plus personne ne le voit. Il est devenue invisible. On lui a soustrait toute vie, alors qu\u2019il a \u00e9t\u00e9 cr\u00e9\u00e9 par des forces g\u00e9ologiques et qu\u2019il reste constitu\u00e9 d\u2019atomes en mouvement. Il a v\u00e9ritablement une forme de vie, il est en vie ! Mais c\u2019est une masse \u00ab\u00a0ferme\u0301e\u00a0\u00bb, on n\u2019a pas de point d\u2019acce\u0300s pour de\u0301couvrir cette vie interne&#8230; Donc mon id\u00e9e a \u00e9t\u00e9 de dire : ouvrons le ! Portons le regard sur cette forme de vie qui est emprisonne\u0301e, et j\u2019ai choisi de la signifier par l\u2019e\u0301tat liquide qui renvoie \u00e0 un e\u0301tat de fusion. Le fait que le bronze soit poli renvoie \u00e0 quelque chose de tr\u00e8s solaire, on a l\u2019impression que c\u2019est du magma qui est en train de se mettre en forme.\u00a0\u00bb<\/em><\/p><p>\u00ab\u00a0C\u2019est sublime\u00a0\u00bb conclut St\u00e9phane Thebaut. On ne peut qu\u2019\u00eatre d\u2019accord avec lui.<\/p><p>Vous souhaitez en savoir plus sur l\u2019\u0153uvre et l\u2019artiste ?\u00a0Consultez notre interview-vid\u00e9o de <a href=\"https:\/\/artistics.com\/fr\/artiste\/romain-langlois\/\" target=\"_blank\" rel=\"noopener\">Romain Langlois<\/a> et visitez la page de Attraction de l\u2019Espace II sur Artistics.<\/p>","protected":false},"excerpt":{"rendered":"<p>Dans l\u2019\u00e9mission diffus\u00e9e le 30 novembre dernier, St\u00e9phane Thebaut poussait les portes de la Fonderie Barth\u00e9l\u00e9my Art, \u00e0 Crest dans la Dr\u00f4me. O\u00f9 il a d\u00e9couvert la sculpture Attraction de l\u2019Espace II, de Romain Langlois\u2026<\/p>\n","protected":false},"author":2,"featured_media":5675,"comment_status":"open","ping_status":"open","sticky":false,"template":"","format":"standard","meta":{"_acf_changed":false,"_searchwp_excluded":"","inline_featured_image":false,"footnotes":""},"categories":[1184],"tags":[1189],"class_list":["post-5671","post","type-post","status-publish","format-standard","has-post-thumbnail","hentry","category-actualites-de-nos-artistes","tag-bronze"],"acf":[],"yoast_head":"<!-- This site is optimized with the Yoast SEO Premium plugin v27.3 (Yoast SEO v27.3) - https:\/\/yoast.com\/product\/yoast-seo-premium-wordpress\/ -->\n<title>Visite de la fonderie d\u2019art Barth\u00e9l\u00e9my avec La Maison France 5<\/title>\n<meta name=\"description\" content=\"Dans l\u2019\u00e9mission diffus\u00e9e le 30 novembre dernier, St\u00e9phane Thebaut poussait les portes de la Fonderie Barth\u00e9l\u00e9my Art, \u00e0 Crest dans la Dr\u00f4me. O\u00f9 il a d\u00e9couvert la sculpture Attraction de l\u2019Espace II, de Romain Langlois\u2026\" \/>\n<meta name=\"robots\" content=\"index, follow, max-snippet:-1, max-image-preview:large, max-video-preview:-1\" \/>\n<link rel=\"canonical\" href=\"https:\/\/artistics.com\/fr\/artzine\/visite-de-la-fonderie-dart-barthelemy-avec-la-maison-france-5\/\" \/>\n<meta property=\"og:locale\" content=\"fr_FR\" \/>\n<meta property=\"og:type\" content=\"article\" \/>\n<meta property=\"og:title\" content=\"Visite de la fonderie d\u2019art Barth\u00e9l\u00e9my avec La Maison France 5\" \/>\n<meta property=\"og:description\" content=\"Dans l\u2019\u00e9mission diffus\u00e9e le 30 novembre dernier, St\u00e9phane Thebaut poussait les portes de la Fonderie Barth\u00e9l\u00e9my Art, \u00e0 Crest dans la Dr\u00f4me. O\u00f9 il a d\u00e9couvert la sculpture Attraction de l\u2019Espace II, de Romain Langlois\u2026\" \/>\n<meta property=\"og:url\" content=\"https:\/\/artistics.com\/fr\/artzine\/visite-de-la-fonderie-dart-barthelemy-avec-la-maison-france-5\/\" \/>\n<meta property=\"og:site_name\" content=\"Artistics\" \/>\n<meta property=\"article:publisher\" content=\"https:\/\/www.facebook.com\/ArtisticsMag\" \/>\n<meta property=\"article:published_time\" content=\"2018-12-02T20:33:22+00:00\" \/>\n<meta property=\"article:modified_time\" content=\"2023-07-11T15:03:29+00:00\" \/>\n<meta property=\"og:image\" content=\"https:\/\/artistics.com\/wp-content\/uploads\/2023\/04\/la-maison-france-5-fonderie-barthelemy-attraction-de-l-espace-ii-by-romain-langlois.jpg\" \/>\n\t<meta property=\"og:image:width\" content=\"640\" \/>\n\t<meta property=\"og:image:height\" content=\"400\" \/>\n\t<meta property=\"og:image:type\" content=\"image\/jpeg\" \/>\n<meta name=\"author\" content=\"Eleonora Fontana\" \/>\n<meta name=\"twitter:card\" content=\"summary_large_image\" \/>\n<meta name=\"twitter:creator\" content=\"@Artistics_FR\" \/>\n<meta name=\"twitter:site\" content=\"@Artistics_FR\" \/>\n<meta name=\"twitter:label1\" content=\"\u00c9crit par\" \/>\n\t<meta name=\"twitter:data1\" content=\"Eleonora Fontana\" \/>\n\t<meta name=\"twitter:label2\" content=\"Dur\u00e9e de lecture estim\u00e9e\" \/>\n\t<meta name=\"twitter:data2\" content=\"3 minutes\" \/>\n<script type=\"application\/ld+json\" class=\"yoast-schema-graph\">{\"@context\":\"https:\\\/\\\/schema.org\",\"@graph\":[{\"@type\":[\"Article\",\"BlogPosting\"],\"@id\":\"https:\\\/\\\/artistics.com\\\/fr\\\/artzine\\\/visite-de-la-fonderie-dart-barthelemy-avec-la-maison-france-5\\\/#article\",\"isPartOf\":{\"@id\":\"https:\\\/\\\/artistics.com\\\/fr\\\/artzine\\\/visite-de-la-fonderie-dart-barthelemy-avec-la-maison-france-5\\\/\"},\"author\":{\"name\":\"Eleonora Fontana\",\"@id\":\"https:\\\/\\\/artistics.com\\\/fr\\\/#\\\/schema\\\/person\\\/a39d54f18b4c5fe4a0de78e3f9236993\"},\"headline\":\"Visite de la fonderie d\u2019art Barth\u00e9l\u00e9my avec La Maison France 5\",\"datePublished\":\"2018-12-02T20:33:22+00:00\",\"dateModified\":\"2023-07-11T15:03:29+00:00\",\"mainEntityOfPage\":{\"@id\":\"https:\\\/\\\/artistics.com\\\/fr\\\/artzine\\\/visite-de-la-fonderie-dart-barthelemy-avec-la-maison-france-5\\\/\"},\"wordCount\":511,\"commentCount\":0,\"publisher\":{\"@id\":\"https:\\\/\\\/artistics.com\\\/fr\\\/#organization\"},\"image\":{\"@id\":\"https:\\\/\\\/artistics.com\\\/fr\\\/artzine\\\/visite-de-la-fonderie-dart-barthelemy-avec-la-maison-france-5\\\/#primaryimage\"},\"thumbnailUrl\":\"https:\\\/\\\/artistics.com\\\/wp-content\\\/uploads\\\/2023\\\/04\\\/la-maison-france-5-fonderie-barthelemy-attraction-de-l-espace-ii-by-romain-langlois.jpg\",\"keywords\":[\"bronze\"],\"articleSection\":[\"L\u2019actu de nos artistes\"],\"inLanguage\":\"fr-FR\",\"potentialAction\":[{\"@type\":\"CommentAction\",\"name\":\"Comment\",\"target\":[\"https:\\\/\\\/artistics.com\\\/fr\\\/artzine\\\/visite-de-la-fonderie-dart-barthelemy-avec-la-maison-france-5\\\/#respond\"]}]},{\"@type\":\"WebPage\",\"@id\":\"https:\\\/\\\/artistics.com\\\/fr\\\/artzine\\\/visite-de-la-fonderie-dart-barthelemy-avec-la-maison-france-5\\\/\",\"url\":\"https:\\\/\\\/artistics.com\\\/fr\\\/artzine\\\/visite-de-la-fonderie-dart-barthelemy-avec-la-maison-france-5\\\/\",\"name\":\"Visite de la fonderie d\u2019art Barth\u00e9l\u00e9my avec La Maison France 5\",\"isPartOf\":{\"@id\":\"https:\\\/\\\/artistics.com\\\/fr\\\/#website\"},\"primaryImageOfPage\":{\"@id\":\"https:\\\/\\\/artistics.com\\\/fr\\\/artzine\\\/visite-de-la-fonderie-dart-barthelemy-avec-la-maison-france-5\\\/#primaryimage\"},\"image\":{\"@id\":\"https:\\\/\\\/artistics.com\\\/fr\\\/artzine\\\/visite-de-la-fonderie-dart-barthelemy-avec-la-maison-france-5\\\/#primaryimage\"},\"thumbnailUrl\":\"https:\\\/\\\/artistics.com\\\/wp-content\\\/uploads\\\/2023\\\/04\\\/la-maison-france-5-fonderie-barthelemy-attraction-de-l-espace-ii-by-romain-langlois.jpg\",\"datePublished\":\"2018-12-02T20:33:22+00:00\",\"dateModified\":\"2023-07-11T15:03:29+00:00\",\"description\":\"Dans l\u2019\u00e9mission diffus\u00e9e le 30 novembre dernier, St\u00e9phane Thebaut poussait les portes de la Fonderie Barth\u00e9l\u00e9my Art, \u00e0 Crest dans la Dr\u00f4me. O\u00f9 il a d\u00e9couvert la sculpture Attraction de l\u2019Espace II, de Romain Langlois\u2026\",\"breadcrumb\":{\"@id\":\"https:\\\/\\\/artistics.com\\\/fr\\\/artzine\\\/visite-de-la-fonderie-dart-barthelemy-avec-la-maison-france-5\\\/#breadcrumb\"},\"inLanguage\":\"fr-FR\",\"potentialAction\":[{\"@type\":\"ReadAction\",\"target\":[\"https:\\\/\\\/artistics.com\\\/fr\\\/artzine\\\/visite-de-la-fonderie-dart-barthelemy-avec-la-maison-france-5\\\/\"]}]},{\"@type\":\"ImageObject\",\"inLanguage\":\"fr-FR\",\"@id\":\"https:\\\/\\\/artistics.com\\\/fr\\\/artzine\\\/visite-de-la-fonderie-dart-barthelemy-avec-la-maison-france-5\\\/#primaryimage\",\"url\":\"https:\\\/\\\/artistics.com\\\/wp-content\\\/uploads\\\/2023\\\/04\\\/la-maison-france-5-fonderie-barthelemy-attraction-de-l-espace-ii-by-romain-langlois.jpg\",\"contentUrl\":\"https:\\\/\\\/artistics.com\\\/wp-content\\\/uploads\\\/2023\\\/04\\\/la-maison-france-5-fonderie-barthelemy-attraction-de-l-espace-ii-by-romain-langlois.jpg\",\"width\":640,\"height\":400},{\"@type\":\"BreadcrumbList\",\"@id\":\"https:\\\/\\\/artistics.com\\\/fr\\\/artzine\\\/visite-de-la-fonderie-dart-barthelemy-avec-la-maison-france-5\\\/#breadcrumb\",\"itemListElement\":[{\"@type\":\"ListItem\",\"position\":1,\"name\":\"Achat \u0153uvre d'art\",\"item\":\"https:\\\/\\\/artistics.com\\\/fr\\\/\"},{\"@type\":\"ListItem\",\"position\":2,\"name\":\"L\u2019actu de nos artistes\",\"item\":\"https:\\\/\\\/artistics.com\\\/fr\\\/artzine\\\/category\\\/actualites-de-nos-artistes\\\/\"},{\"@type\":\"ListItem\",\"position\":3,\"name\":\"Visite de la fonderie d\u2019art Barth\u00e9l\u00e9my avec La Maison France 5\"}]},{\"@type\":\"WebSite\",\"@id\":\"https:\\\/\\\/artistics.com\\\/fr\\\/#website\",\"url\":\"https:\\\/\\\/artistics.com\\\/fr\\\/\",\"name\":\"Artistics\",\"description\":\"The online art gallery\",\"publisher\":{\"@id\":\"https:\\\/\\\/artistics.com\\\/fr\\\/#organization\"},\"potentialAction\":[{\"@type\":\"SearchAction\",\"target\":{\"@type\":\"EntryPoint\",\"urlTemplate\":\"https:\\\/\\\/artistics.com\\\/fr\\\/?s={search_term_string}\"},\"query-input\":{\"@type\":\"PropertyValueSpecification\",\"valueRequired\":true,\"valueName\":\"search_term_string\"}}],\"inLanguage\":\"fr-FR\"},{\"@type\":\"Organization\",\"@id\":\"https:\\\/\\\/artistics.com\\\/fr\\\/#organization\",\"name\":\"Artistics\",\"url\":\"https:\\\/\\\/artistics.com\\\/fr\\\/\",\"logo\":{\"@type\":\"ImageObject\",\"inLanguage\":\"fr-FR\",\"@id\":\"https:\\\/\\\/artistics.com\\\/fr\\\/#\\\/schema\\\/logo\\\/image\\\/\",\"url\":\"https:\\\/\\\/artistics.com\\\/wp-content\\\/uploads\\\/2023\\\/02\\\/artistics-logo-web-1.svg\",\"contentUrl\":\"https:\\\/\\\/artistics.com\\\/wp-content\\\/uploads\\\/2023\\\/02\\\/artistics-logo-web-1.svg\",\"caption\":\"Artistics\"},\"image\":{\"@id\":\"https:\\\/\\\/artistics.com\\\/fr\\\/#\\\/schema\\\/logo\\\/image\\\/\"},\"sameAs\":[\"https:\\\/\\\/www.facebook.com\\\/ArtisticsMag\",\"https:\\\/\\\/x.com\\\/Artistics_FR\",\"http:\\\/\\\/www.linkedin.com\\\/company\\\/artistics\",\"https:\\\/\\\/www.instagram.com\\\/artistics_com\\\/\",\"http:\\\/\\\/www.pinterest.com\\\/ArtisticsMag\"],\"hasMerchantReturnPolicy\":{\"@type\":\"MerchantReturnPolicy\",\"merchantReturnLink\":\"https:\\\/\\\/artistics.com\\\/free-return-policy\\\/\"}},{\"@type\":\"Person\",\"@id\":\"https:\\\/\\\/artistics.com\\\/fr\\\/#\\\/schema\\\/person\\\/a39d54f18b4c5fe4a0de78e3f9236993\",\"name\":\"Eleonora Fontana\",\"image\":{\"@type\":\"ImageObject\",\"inLanguage\":\"fr-FR\",\"@id\":\"https:\\\/\\\/secure.gravatar.com\\\/avatar\\\/c15608b0600d759a03e927302242286e2f196b9d8abb87856fc3a3087c242f7b?s=96&d=mm&r=g\",\"url\":\"https:\\\/\\\/secure.gravatar.com\\\/avatar\\\/c15608b0600d759a03e927302242286e2f196b9d8abb87856fc3a3087c242f7b?s=96&d=mm&r=g\",\"contentUrl\":\"https:\\\/\\\/secure.gravatar.com\\\/avatar\\\/c15608b0600d759a03e927302242286e2f196b9d8abb87856fc3a3087c242f7b?s=96&d=mm&r=g\",\"caption\":\"Eleonora Fontana\"}}]}<\/script>\n<!-- \/ Yoast SEO Premium plugin. -->","yoast_head_json":{"title":"Visite de la fonderie d\u2019art Barth\u00e9l\u00e9my avec La Maison France 5","description":"Dans l\u2019\u00e9mission diffus\u00e9e le 30 novembre dernier, St\u00e9phane Thebaut poussait les portes de la Fonderie Barth\u00e9l\u00e9my Art, \u00e0 Crest dans la Dr\u00f4me. O\u00f9 il a d\u00e9couvert la sculpture Attraction de l\u2019Espace II, de Romain Langlois\u2026","robots":{"index":"index","follow":"follow","max-snippet":"max-snippet:-1","max-image-preview":"max-image-preview:large","max-video-preview":"max-video-preview:-1"},"canonical":"https:\/\/artistics.com\/fr\/artzine\/visite-de-la-fonderie-dart-barthelemy-avec-la-maison-france-5\/","og_locale":"fr_FR","og_type":"article","og_title":"Visite de la fonderie d\u2019art Barth\u00e9l\u00e9my avec La Maison France 5","og_description":"Dans l\u2019\u00e9mission diffus\u00e9e le 30 novembre dernier, St\u00e9phane Thebaut poussait les portes de la Fonderie Barth\u00e9l\u00e9my Art, \u00e0 Crest dans la Dr\u00f4me. O\u00f9 il a d\u00e9couvert la sculpture Attraction de l\u2019Espace II, de Romain Langlois\u2026","og_url":"https:\/\/artistics.com\/fr\/artzine\/visite-de-la-fonderie-dart-barthelemy-avec-la-maison-france-5\/","og_site_name":"Artistics","article_publisher":"https:\/\/www.facebook.com\/ArtisticsMag","article_published_time":"2018-12-02T20:33:22+00:00","article_modified_time":"2023-07-11T15:03:29+00:00","og_image":[{"width":640,"height":400,"url":"https:\/\/artistics.com\/wp-content\/uploads\/2023\/04\/la-maison-france-5-fonderie-barthelemy-attraction-de-l-espace-ii-by-romain-langlois.jpg","type":"image\/jpeg"}],"author":"Eleonora Fontana","twitter_card":"summary_large_image","twitter_creator":"@Artistics_FR","twitter_site":"@Artistics_FR","twitter_misc":{"\u00c9crit par":"Eleonora Fontana","Dur\u00e9e de lecture estim\u00e9e":"3 minutes"},"schema":{"@context":"https:\/\/schema.org","@graph":[{"@type":["Article","BlogPosting"],"@id":"https:\/\/artistics.com\/fr\/artzine\/visite-de-la-fonderie-dart-barthelemy-avec-la-maison-france-5\/#article","isPartOf":{"@id":"https:\/\/artistics.com\/fr\/artzine\/visite-de-la-fonderie-dart-barthelemy-avec-la-maison-france-5\/"},"author":{"name":"Eleonora Fontana","@id":"https:\/\/artistics.com\/fr\/#\/schema\/person\/a39d54f18b4c5fe4a0de78e3f9236993"},"headline":"Visite de la fonderie d\u2019art Barth\u00e9l\u00e9my avec La Maison France 5","datePublished":"2018-12-02T20:33:22+00:00","dateModified":"2023-07-11T15:03:29+00:00","mainEntityOfPage":{"@id":"https:\/\/artistics.com\/fr\/artzine\/visite-de-la-fonderie-dart-barthelemy-avec-la-maison-france-5\/"},"wordCount":511,"commentCount":0,"publisher":{"@id":"https:\/\/artistics.com\/fr\/#organization"},"image":{"@id":"https:\/\/artistics.com\/fr\/artzine\/visite-de-la-fonderie-dart-barthelemy-avec-la-maison-france-5\/#primaryimage"},"thumbnailUrl":"https:\/\/artistics.com\/wp-content\/uploads\/2023\/04\/la-maison-france-5-fonderie-barthelemy-attraction-de-l-espace-ii-by-romain-langlois.jpg","keywords":["bronze"],"articleSection":["L\u2019actu de nos artistes"],"inLanguage":"fr-FR","potentialAction":[{"@type":"CommentAction","name":"Comment","target":["https:\/\/artistics.com\/fr\/artzine\/visite-de-la-fonderie-dart-barthelemy-avec-la-maison-france-5\/#respond"]}]},{"@type":"WebPage","@id":"https:\/\/artistics.com\/fr\/artzine\/visite-de-la-fonderie-dart-barthelemy-avec-la-maison-france-5\/","url":"https:\/\/artistics.com\/fr\/artzine\/visite-de-la-fonderie-dart-barthelemy-avec-la-maison-france-5\/","name":"Visite de la fonderie d\u2019art Barth\u00e9l\u00e9my avec La Maison France 5","isPartOf":{"@id":"https:\/\/artistics.com\/fr\/#website"},"primaryImageOfPage":{"@id":"https:\/\/artistics.com\/fr\/artzine\/visite-de-la-fonderie-dart-barthelemy-avec-la-maison-france-5\/#primaryimage"},"image":{"@id":"https:\/\/artistics.com\/fr\/artzine\/visite-de-la-fonderie-dart-barthelemy-avec-la-maison-france-5\/#primaryimage"},"thumbnailUrl":"https:\/\/artistics.com\/wp-content\/uploads\/2023\/04\/la-maison-france-5-fonderie-barthelemy-attraction-de-l-espace-ii-by-romain-langlois.jpg","datePublished":"2018-12-02T20:33:22+00:00","dateModified":"2023-07-11T15:03:29+00:00","description":"Dans l\u2019\u00e9mission diffus\u00e9e le 30 novembre dernier, St\u00e9phane Thebaut poussait les portes de la Fonderie Barth\u00e9l\u00e9my Art, \u00e0 Crest dans la Dr\u00f4me. O\u00f9 il a d\u00e9couvert la sculpture Attraction de l\u2019Espace II, de Romain Langlois\u2026","breadcrumb":{"@id":"https:\/\/artistics.com\/fr\/artzine\/visite-de-la-fonderie-dart-barthelemy-avec-la-maison-france-5\/#breadcrumb"},"inLanguage":"fr-FR","potentialAction":[{"@type":"ReadAction","target":["https:\/\/artistics.com\/fr\/artzine\/visite-de-la-fonderie-dart-barthelemy-avec-la-maison-france-5\/"]}]},{"@type":"ImageObject","inLanguage":"fr-FR","@id":"https:\/\/artistics.com\/fr\/artzine\/visite-de-la-fonderie-dart-barthelemy-avec-la-maison-france-5\/#primaryimage","url":"https:\/\/artistics.com\/wp-content\/uploads\/2023\/04\/la-maison-france-5-fonderie-barthelemy-attraction-de-l-espace-ii-by-romain-langlois.jpg","contentUrl":"https:\/\/artistics.com\/wp-content\/uploads\/2023\/04\/la-maison-france-5-fonderie-barthelemy-attraction-de-l-espace-ii-by-romain-langlois.jpg","width":640,"height":400},{"@type":"BreadcrumbList","@id":"https:\/\/artistics.com\/fr\/artzine\/visite-de-la-fonderie-dart-barthelemy-avec-la-maison-france-5\/#breadcrumb","itemListElement":[{"@type":"ListItem","position":1,"name":"Achat \u0153uvre d'art","item":"https:\/\/artistics.com\/fr\/"},{"@type":"ListItem","position":2,"name":"L\u2019actu de nos artistes","item":"https:\/\/artistics.com\/fr\/artzine\/category\/actualites-de-nos-artistes\/"},{"@type":"ListItem","position":3,"name":"Visite de la fonderie d\u2019art Barth\u00e9l\u00e9my avec La Maison France 5"}]},{"@type":"WebSite","@id":"https:\/\/artistics.com\/fr\/#website","url":"https:\/\/artistics.com\/fr\/","name":"Artistics","description":"The online art gallery","publisher":{"@id":"https:\/\/artistics.com\/fr\/#organization"},"potentialAction":[{"@type":"SearchAction","target":{"@type":"EntryPoint","urlTemplate":"https:\/\/artistics.com\/fr\/?s={search_term_string}"},"query-input":{"@type":"PropertyValueSpecification","valueRequired":true,"valueName":"search_term_string"}}],"inLanguage":"fr-FR"},{"@type":"Organization","@id":"https:\/\/artistics.com\/fr\/#organization","name":"Artistics","url":"https:\/\/artistics.com\/fr\/","logo":{"@type":"ImageObject","inLanguage":"fr-FR","@id":"https:\/\/artistics.com\/fr\/#\/schema\/logo\/image\/","url":"https:\/\/artistics.com\/wp-content\/uploads\/2023\/02\/artistics-logo-web-1.svg","contentUrl":"https:\/\/artistics.com\/wp-content\/uploads\/2023\/02\/artistics-logo-web-1.svg","caption":"Artistics"},"image":{"@id":"https:\/\/artistics.com\/fr\/#\/schema\/logo\/image\/"},"sameAs":["https:\/\/www.facebook.com\/ArtisticsMag","https:\/\/x.com\/Artistics_FR","http:\/\/www.linkedin.com\/company\/artistics","https:\/\/www.instagram.com\/artistics_com\/","http:\/\/www.pinterest.com\/ArtisticsMag"],"hasMerchantReturnPolicy":{"@type":"MerchantReturnPolicy","merchantReturnLink":"https:\/\/artistics.com\/free-return-policy\/"}},{"@type":"Person","@id":"https:\/\/artistics.com\/fr\/#\/schema\/person\/a39d54f18b4c5fe4a0de78e3f9236993","name":"Eleonora Fontana","image":{"@type":"ImageObject","inLanguage":"fr-FR","@id":"https:\/\/secure.gravatar.com\/avatar\/c15608b0600d759a03e927302242286e2f196b9d8abb87856fc3a3087c242f7b?s=96&d=mm&r=g","url":"https:\/\/secure.gravatar.com\/avatar\/c15608b0600d759a03e927302242286e2f196b9d8abb87856fc3a3087c242f7b?s=96&d=mm&r=g","contentUrl":"https:\/\/secure.gravatar.com\/avatar\/c15608b0600d759a03e927302242286e2f196b9d8abb87856fc3a3087c242f7b?s=96&d=mm&r=g","caption":"Eleonora Fontana"}}]}},"_links":{"self":[{"href":"https:\/\/artistics.com\/fr\/wp-json\/wp\/v2\/posts\/5671","targetHints":{"allow":["GET"]}}],"collection":[{"href":"https:\/\/artistics.com\/fr\/wp-json\/wp\/v2\/posts"}],"about":[{"href":"https:\/\/artistics.com\/fr\/wp-json\/wp\/v2\/types\/post"}],"author":[{"embeddable":true,"href":"https:\/\/artistics.com\/fr\/wp-json\/wp\/v2\/users\/2"}],"replies":[{"embeddable":true,"href":"https:\/\/artistics.com\/fr\/wp-json\/wp\/v2\/comments?post=5671"}],"version-history":[{"count":3,"href":"https:\/\/artistics.com\/fr\/wp-json\/wp\/v2\/posts\/5671\/revisions"}],"predecessor-version":[{"id":36482,"href":"https:\/\/artistics.com\/fr\/wp-json\/wp\/v2\/posts\/5671\/revisions\/36482"}],"wp:featuredmedia":[{"embeddable":true,"href":"https:\/\/artistics.com\/fr\/wp-json\/wp\/v2\/media\/5675"}],"wp:attachment":[{"href":"https:\/\/artistics.com\/fr\/wp-json\/wp\/v2\/media?parent=5671"}],"wp:term":[{"taxonomy":"category","embeddable":true,"href":"https:\/\/artistics.com\/fr\/wp-json\/wp\/v2\/categories?post=5671"},{"taxonomy":"post_tag","embeddable":true,"href":"https:\/\/artistics.com\/fr\/wp-json\/wp\/v2\/tags?post=5671"}],"curies":[{"name":"wp","href":"https:\/\/api.w.org\/{rel}","templated":true}]}}