{"id":5661,"date":"2018-10-31T19:45:34","date_gmt":"2018-10-31T18:45:34","guid":{"rendered":"https:\/\/2022.devartistics.com\/artzine\/artistics-a-fotofever-paris-entre-ombre-et-lumiere\/"},"modified":"2023-07-04T18:43:24","modified_gmt":"2023-07-04T16:43:24","slug":"artistics-a-fotofever-paris-entre-ombre-et-lumiere","status":"publish","type":"post","link":"https:\/\/artistics.com\/fr\/artzine\/artistics-a-fotofever-paris-entre-ombre-et-lumiere\/","title":{"rendered":"Artistics \u00e0 Fotofever Paris: entre ombre et lumi\u00e8re"},"content":{"rendered":"<p>Pour sa quatri\u00e8me participation \u00e0 la foire internationale de photographie contemporaine Fotofever Paris, la galerie Artistics propose un duo show autour des photographes Christian Houge (Norv\u00e8ge, 1972) et Xavier Dumoulin (France, 1974), r\u00e9unis dans un dialogue entre ombre et lumi\u00e8re. <strong>Nous vous attendons sur le stand n\u00b0202<\/strong>.<\/p>\n<p><img decoding=\"async\" src=\"https:\/\/artistics.com\/wp-content\/uploads\/2023\/04\/colline-by-xavier-dumoulin_4.jpg\" alt=\"\" width=\"800\" height=\"533\" \/><\/p>\n<p><a href=\"https:\/\/artistics.com\/fr\/oeuvre\/colline\/\" target=\"_blank\" rel=\"noopener\">Colline<\/a>, Xavier Dumoulin. <a href=\"https:\/\/artistics.com\/fr\/collection\/photographie-contemporaine-incandescences-de-xavier-dumoulin\/\" target=\"_blank\" rel=\"noopener\">S\u00e9rie Incandescences<\/a>.<\/p>\n<p>C\u00f4t\u00e9, la s\u00e9rie Incandescences de Xavier Dumoulin : des c\u00f4tes normandes \u00e0 l&rsquo;arri\u00e8re-pays ni\u00e7ois, Xavier Dumoulin a voyag\u00e9 les nuits de pleine lune pour photographier des villes ou des villagesisol\u00e9s en pleine nature, depuis un point de vue plongeant. Transfigur\u00e9s par l\u2019\u00e9clairage artificiel, ces environnements urbains \u00e9voquent des coul\u00e9es de lave en fusion. Pour le photographe : \u00ab\u00a0lasens\u00e9e nous rassurer est devenue une barri\u00e8re de plus en plus herm\u00e9tique qui nous emp\u00eache de voir l&rsquo;essentiel et nous maintient dans l&rsquo;illusion\u00a0\u00bb. Ces images fascinantes nous donnent \u00e0 voir les cons\u00e9quences de notre d\u00e9sir de prolonger artificiellement le jour : une pollution lumineuse devenue tellement banale qu\u2019elle \u00e9loigne toujours plus de notre vue voire de notre m\u00e9moire le spectacle de la nuit \u00e9toil\u00e9e.<\/p>\n<p>Xavier Dumoulin est \u00e9galement repr\u00e9sent\u00e9 par la galerie\u00a0S\u00e9gol\u00e8ne Brossette.<\/p>\n<p><a href=\"https:\/\/artistics.com\/fr\/artiste\/xavier-dumoulin\/\" target=\"_blank\" rel=\"noopener\">Plus d\u2019informations sur l&rsquo;artiste (bio d\u00e9taill\u00e9e, vid\u00e9o, portfolio)<\/a><\/p>\n<p><a href=\"https:\/\/artistics.com\/fr\/collection\/photographie-contemporaine-incandescences-de-xavier-dumoulin\/\" target=\"_blank\" rel=\"noopener\">Voir la s\u00e9rie Incandescences<\/a><\/p>\n<p><img decoding=\"async\" src=\"https:\/\/artistics.com\/wp-content\/uploads\/2023\/04\/tanoshi-idami-by-christian-houge-okurimono-series_6.jpg\" alt=\"\" width=\"800\" height=\"522\" \/><\/p>\n<p>Tanoshi\/Idami, Christian-Houge. S\u00e9rie Okurimono.<\/p>\n<p>C\u00f4t\u00e9 ombre, la s\u00e9rie Okurimono de Christian Houge : pour cette s\u00e9rie d\u00e9velopp\u00e9e sur une p\u00e9riode de 11 ans lors de multiples voyages au Japon (\u00e0 Tokyo, Osaka et Kyoto), Christian Houge a choisi d\u2019explorer l\u2019univers des sous-cultures nippones en s\u2019attachant notamment aux qualit\u00e9s visuelles de leur perfection rituelle. S\u2019aventurant souvent dans des territoires sensibles (la sexualit\u00e9, le d\u00e9sir, la transidentit\u00e9\u2026), il met en sc\u00e8ne chaque image pour \u00ab cr\u00e9er une histoire dans l\u2019histoire \u00bb et chercher \u00e0 provoquer des associations dans le regard du spectateur. Cette s\u00e9rie, qui sera montr\u00e9e pour la premi\u00e8re fois en France, s\u2019inscrit dans le programme JAPONOGRAPHIE propos\u00e9 par Fotofever pour c\u00e9l\u00e9brer le 160\u00e8me anniversaire des relations diplomatiques France-Japon.<\/p>\n<p>_________________________________<\/p>\n<p><strong>Fotofever Paris 2018<\/strong><br \/>\nCarrousel du Louvre<br \/>\n99 rue de Rivoli, 75001 Paris<\/p>\n<p><em>Horaires d&rsquo;ouverture<\/em>:<\/p>\n<p>Jeudi 08 novembre (sur invitation seulement) :\u00a0Vernissage : 18h &#8211; 22h<br \/>\nVendredi 09 novembre, 11h &#8211; 20h<br \/>\nSamedi 10 novembre, 11h &#8211; 20h<br \/>\nDimanche 11 novembre, 11h &#8211; 18h<\/p>\n","protected":false},"excerpt":{"rendered":"<p>Pour sa quatri\u00e8me participation \u00e0 Fotofever Paris, la galerie Artistics propose un duo show autour des photographes Christian Houge et Xavier Dumoulin, r\u00e9unis dans un dialogue entre ombre et lumi\u00e8re.<\/p>\n","protected":false},"author":2,"featured_media":5667,"comment_status":"open","ping_status":"open","sticky":false,"template":"","format":"standard","meta":{"_acf_changed":false,"_searchwp_excluded":"","inline_featured_image":false,"footnotes":""},"categories":[1183],"tags":[],"class_list":["post-5661","post","type-post","status-publish","format-standard","has-post-thumbnail","hentry","category-la-vie-de-la-galerie"],"acf":[],"yoast_head":"<!-- This site is optimized with the Yoast SEO Premium plugin v27.3 (Yoast SEO v27.3) - https:\/\/yoast.com\/product\/yoast-seo-premium-wordpress\/ -->\n<title>Artistics \u00e0 Fotofever Paris: entre ombre et lumi\u00e8re<\/title>\n<meta name=\"description\" content=\"Pour sa quatri\u00e8me participation \u00e0 Fotofever Paris, la galerie Artistics propose un duo show autour des photographes Christian Houge et Xavier Dumoulin, r\u00e9unis dans un dialogue entre ombre et lumi\u00e8re.\" \/>\n<meta name=\"robots\" content=\"index, follow, max-snippet:-1, max-image-preview:large, max-video-preview:-1\" \/>\n<link rel=\"canonical\" href=\"https:\/\/artistics.com\/fr\/artzine\/artistics-a-fotofever-paris-entre-ombre-et-lumiere\/\" \/>\n<meta property=\"og:locale\" content=\"fr_FR\" \/>\n<meta property=\"og:type\" content=\"article\" \/>\n<meta property=\"og:title\" content=\"Artistics \u00e0 Fotofever Paris: entre ombre et lumi\u00e8re\" \/>\n<meta property=\"og:description\" content=\"Pour sa quatri\u00e8me participation \u00e0 Fotofever Paris, la galerie Artistics propose un duo show autour des photographes Christian Houge et Xavier Dumoulin, r\u00e9unis dans un dialogue entre ombre et lumi\u00e8re.\" \/>\n<meta property=\"og:url\" content=\"https:\/\/artistics.com\/fr\/artzine\/artistics-a-fotofever-paris-entre-ombre-et-lumiere\/\" \/>\n<meta property=\"og:site_name\" content=\"Artistics\" \/>\n<meta property=\"article:publisher\" content=\"https:\/\/www.facebook.com\/ArtisticsMag\" \/>\n<meta property=\"article:published_time\" content=\"2018-10-31T18:45:34+00:00\" \/>\n<meta property=\"article:modified_time\" content=\"2023-07-04T16:43:24+00:00\" \/>\n<meta property=\"og:image\" content=\"https:\/\/artistics.com\/wp-content\/uploads\/2023\/04\/logo_fp18blocinfos_rsz.jpg\" \/>\n\t<meta property=\"og:image:width\" content=\"800\" \/>\n\t<meta property=\"og:image:height\" content=\"437\" \/>\n\t<meta property=\"og:image:type\" content=\"image\/jpeg\" \/>\n<meta name=\"author\" content=\"Eleonora Fontana\" \/>\n<meta name=\"twitter:card\" content=\"summary_large_image\" \/>\n<meta name=\"twitter:creator\" content=\"@Artistics_FR\" \/>\n<meta name=\"twitter:site\" content=\"@Artistics_FR\" \/>\n<meta name=\"twitter:label1\" content=\"\u00c9crit par\" \/>\n\t<meta name=\"twitter:data1\" content=\"Eleonora Fontana\" \/>\n\t<meta name=\"twitter:label2\" content=\"Dur\u00e9e de lecture estim\u00e9e\" \/>\n\t<meta name=\"twitter:data2\" content=\"2 minutes\" \/>\n<script type=\"application\/ld+json\" class=\"yoast-schema-graph\">{\"@context\":\"https:\\\/\\\/schema.org\",\"@graph\":[{\"@type\":[\"Article\",\"BlogPosting\"],\"@id\":\"https:\\\/\\\/artistics.com\\\/fr\\\/artzine\\\/artistics-a-fotofever-paris-entre-ombre-et-lumiere\\\/#article\",\"isPartOf\":{\"@id\":\"https:\\\/\\\/artistics.com\\\/fr\\\/artzine\\\/artistics-a-fotofever-paris-entre-ombre-et-lumiere\\\/\"},\"author\":{\"name\":\"Eleonora Fontana\",\"@id\":\"https:\\\/\\\/artistics.com\\\/fr\\\/#\\\/schema\\\/person\\\/a39d54f18b4c5fe4a0de78e3f9236993\"},\"headline\":\"Artistics \u00e0 Fotofever Paris: entre ombre et lumi\u00e8re\",\"datePublished\":\"2018-10-31T18:45:34+00:00\",\"dateModified\":\"2023-07-04T16:43:24+00:00\",\"mainEntityOfPage\":{\"@id\":\"https:\\\/\\\/artistics.com\\\/fr\\\/artzine\\\/artistics-a-fotofever-paris-entre-ombre-et-lumiere\\\/\"},\"wordCount\":401,\"commentCount\":0,\"publisher\":{\"@id\":\"https:\\\/\\\/artistics.com\\\/fr\\\/#organization\"},\"image\":{\"@id\":\"https:\\\/\\\/artistics.com\\\/fr\\\/artzine\\\/artistics-a-fotofever-paris-entre-ombre-et-lumiere\\\/#primaryimage\"},\"thumbnailUrl\":\"https:\\\/\\\/artistics.com\\\/wp-content\\\/uploads\\\/2023\\\/04\\\/logo_fp18blocinfos_rsz.jpg\",\"articleSection\":[\"La vie de la galerie\"],\"inLanguage\":\"fr-FR\",\"potentialAction\":[{\"@type\":\"CommentAction\",\"name\":\"Comment\",\"target\":[\"https:\\\/\\\/artistics.com\\\/fr\\\/artzine\\\/artistics-a-fotofever-paris-entre-ombre-et-lumiere\\\/#respond\"]}]},{\"@type\":\"WebPage\",\"@id\":\"https:\\\/\\\/artistics.com\\\/fr\\\/artzine\\\/artistics-a-fotofever-paris-entre-ombre-et-lumiere\\\/\",\"url\":\"https:\\\/\\\/artistics.com\\\/fr\\\/artzine\\\/artistics-a-fotofever-paris-entre-ombre-et-lumiere\\\/\",\"name\":\"Artistics \u00e0 Fotofever Paris: entre ombre et lumi\u00e8re\",\"isPartOf\":{\"@id\":\"https:\\\/\\\/artistics.com\\\/fr\\\/#website\"},\"primaryImageOfPage\":{\"@id\":\"https:\\\/\\\/artistics.com\\\/fr\\\/artzine\\\/artistics-a-fotofever-paris-entre-ombre-et-lumiere\\\/#primaryimage\"},\"image\":{\"@id\":\"https:\\\/\\\/artistics.com\\\/fr\\\/artzine\\\/artistics-a-fotofever-paris-entre-ombre-et-lumiere\\\/#primaryimage\"},\"thumbnailUrl\":\"https:\\\/\\\/artistics.com\\\/wp-content\\\/uploads\\\/2023\\\/04\\\/logo_fp18blocinfos_rsz.jpg\",\"datePublished\":\"2018-10-31T18:45:34+00:00\",\"dateModified\":\"2023-07-04T16:43:24+00:00\",\"description\":\"Pour sa quatri\u00e8me participation \u00e0 Fotofever Paris, la galerie Artistics propose un duo show autour des photographes Christian Houge et Xavier Dumoulin, r\u00e9unis dans un dialogue entre ombre et lumi\u00e8re.\",\"breadcrumb\":{\"@id\":\"https:\\\/\\\/artistics.com\\\/fr\\\/artzine\\\/artistics-a-fotofever-paris-entre-ombre-et-lumiere\\\/#breadcrumb\"},\"inLanguage\":\"fr-FR\",\"potentialAction\":[{\"@type\":\"ReadAction\",\"target\":[\"https:\\\/\\\/artistics.com\\\/fr\\\/artzine\\\/artistics-a-fotofever-paris-entre-ombre-et-lumiere\\\/\"]}]},{\"@type\":\"ImageObject\",\"inLanguage\":\"fr-FR\",\"@id\":\"https:\\\/\\\/artistics.com\\\/fr\\\/artzine\\\/artistics-a-fotofever-paris-entre-ombre-et-lumiere\\\/#primaryimage\",\"url\":\"https:\\\/\\\/artistics.com\\\/wp-content\\\/uploads\\\/2023\\\/04\\\/logo_fp18blocinfos_rsz.jpg\",\"contentUrl\":\"https:\\\/\\\/artistics.com\\\/wp-content\\\/uploads\\\/2023\\\/04\\\/logo_fp18blocinfos_rsz.jpg\",\"width\":800,\"height\":437},{\"@type\":\"BreadcrumbList\",\"@id\":\"https:\\\/\\\/artistics.com\\\/fr\\\/artzine\\\/artistics-a-fotofever-paris-entre-ombre-et-lumiere\\\/#breadcrumb\",\"itemListElement\":[{\"@type\":\"ListItem\",\"position\":1,\"name\":\"Achat \u0153uvre d'art\",\"item\":\"https:\\\/\\\/artistics.com\\\/fr\\\/\"},{\"@type\":\"ListItem\",\"position\":2,\"name\":\"La vie de la galerie\",\"item\":\"https:\\\/\\\/artistics.com\\\/fr\\\/artzine\\\/category\\\/la-vie-de-la-galerie\\\/\"},{\"@type\":\"ListItem\",\"position\":3,\"name\":\"Artistics \u00e0 Fotofever Paris: entre ombre et lumi\u00e8re\"}]},{\"@type\":\"WebSite\",\"@id\":\"https:\\\/\\\/artistics.com\\\/fr\\\/#website\",\"url\":\"https:\\\/\\\/artistics.com\\\/fr\\\/\",\"name\":\"Artistics\",\"description\":\"The online art gallery\",\"publisher\":{\"@id\":\"https:\\\/\\\/artistics.com\\\/fr\\\/#organization\"},\"potentialAction\":[{\"@type\":\"SearchAction\",\"target\":{\"@type\":\"EntryPoint\",\"urlTemplate\":\"https:\\\/\\\/artistics.com\\\/fr\\\/?s={search_term_string}\"},\"query-input\":{\"@type\":\"PropertyValueSpecification\",\"valueRequired\":true,\"valueName\":\"search_term_string\"}}],\"inLanguage\":\"fr-FR\"},{\"@type\":\"Organization\",\"@id\":\"https:\\\/\\\/artistics.com\\\/fr\\\/#organization\",\"name\":\"Artistics\",\"url\":\"https:\\\/\\\/artistics.com\\\/fr\\\/\",\"logo\":{\"@type\":\"ImageObject\",\"inLanguage\":\"fr-FR\",\"@id\":\"https:\\\/\\\/artistics.com\\\/fr\\\/#\\\/schema\\\/logo\\\/image\\\/\",\"url\":\"https:\\\/\\\/artistics.com\\\/wp-content\\\/uploads\\\/2023\\\/02\\\/artistics-logo-web-1.svg\",\"contentUrl\":\"https:\\\/\\\/artistics.com\\\/wp-content\\\/uploads\\\/2023\\\/02\\\/artistics-logo-web-1.svg\",\"caption\":\"Artistics\"},\"image\":{\"@id\":\"https:\\\/\\\/artistics.com\\\/fr\\\/#\\\/schema\\\/logo\\\/image\\\/\"},\"sameAs\":[\"https:\\\/\\\/www.facebook.com\\\/ArtisticsMag\",\"https:\\\/\\\/x.com\\\/Artistics_FR\",\"http:\\\/\\\/www.linkedin.com\\\/company\\\/artistics\",\"https:\\\/\\\/www.instagram.com\\\/artistics_com\\\/\",\"http:\\\/\\\/www.pinterest.com\\\/ArtisticsMag\"],\"hasMerchantReturnPolicy\":{\"@type\":\"MerchantReturnPolicy\",\"merchantReturnLink\":\"https:\\\/\\\/artistics.com\\\/free-return-policy\\\/\"}},{\"@type\":\"Person\",\"@id\":\"https:\\\/\\\/artistics.com\\\/fr\\\/#\\\/schema\\\/person\\\/a39d54f18b4c5fe4a0de78e3f9236993\",\"name\":\"Eleonora Fontana\",\"image\":{\"@type\":\"ImageObject\",\"inLanguage\":\"fr-FR\",\"@id\":\"https:\\\/\\\/secure.gravatar.com\\\/avatar\\\/c15608b0600d759a03e927302242286e2f196b9d8abb87856fc3a3087c242f7b?s=96&d=mm&r=g\",\"url\":\"https:\\\/\\\/secure.gravatar.com\\\/avatar\\\/c15608b0600d759a03e927302242286e2f196b9d8abb87856fc3a3087c242f7b?s=96&d=mm&r=g\",\"contentUrl\":\"https:\\\/\\\/secure.gravatar.com\\\/avatar\\\/c15608b0600d759a03e927302242286e2f196b9d8abb87856fc3a3087c242f7b?s=96&d=mm&r=g\",\"caption\":\"Eleonora Fontana\"}}]}<\/script>\n<!-- \/ Yoast SEO Premium plugin. -->","yoast_head_json":{"title":"Artistics \u00e0 Fotofever Paris: entre ombre et lumi\u00e8re","description":"Pour sa quatri\u00e8me participation \u00e0 Fotofever Paris, la galerie Artistics propose un duo show autour des photographes Christian Houge et Xavier Dumoulin, r\u00e9unis dans un dialogue entre ombre et lumi\u00e8re.","robots":{"index":"index","follow":"follow","max-snippet":"max-snippet:-1","max-image-preview":"max-image-preview:large","max-video-preview":"max-video-preview:-1"},"canonical":"https:\/\/artistics.com\/fr\/artzine\/artistics-a-fotofever-paris-entre-ombre-et-lumiere\/","og_locale":"fr_FR","og_type":"article","og_title":"Artistics \u00e0 Fotofever Paris: entre ombre et lumi\u00e8re","og_description":"Pour sa quatri\u00e8me participation \u00e0 Fotofever Paris, la galerie Artistics propose un duo show autour des photographes Christian Houge et Xavier Dumoulin, r\u00e9unis dans un dialogue entre ombre et lumi\u00e8re.","og_url":"https:\/\/artistics.com\/fr\/artzine\/artistics-a-fotofever-paris-entre-ombre-et-lumiere\/","og_site_name":"Artistics","article_publisher":"https:\/\/www.facebook.com\/ArtisticsMag","article_published_time":"2018-10-31T18:45:34+00:00","article_modified_time":"2023-07-04T16:43:24+00:00","og_image":[{"width":800,"height":437,"url":"https:\/\/artistics.com\/wp-content\/uploads\/2023\/04\/logo_fp18blocinfos_rsz.jpg","type":"image\/jpeg"}],"author":"Eleonora Fontana","twitter_card":"summary_large_image","twitter_creator":"@Artistics_FR","twitter_site":"@Artistics_FR","twitter_misc":{"\u00c9crit par":"Eleonora Fontana","Dur\u00e9e de lecture estim\u00e9e":"2 minutes"},"schema":{"@context":"https:\/\/schema.org","@graph":[{"@type":["Article","BlogPosting"],"@id":"https:\/\/artistics.com\/fr\/artzine\/artistics-a-fotofever-paris-entre-ombre-et-lumiere\/#article","isPartOf":{"@id":"https:\/\/artistics.com\/fr\/artzine\/artistics-a-fotofever-paris-entre-ombre-et-lumiere\/"},"author":{"name":"Eleonora Fontana","@id":"https:\/\/artistics.com\/fr\/#\/schema\/person\/a39d54f18b4c5fe4a0de78e3f9236993"},"headline":"Artistics \u00e0 Fotofever Paris: entre ombre et lumi\u00e8re","datePublished":"2018-10-31T18:45:34+00:00","dateModified":"2023-07-04T16:43:24+00:00","mainEntityOfPage":{"@id":"https:\/\/artistics.com\/fr\/artzine\/artistics-a-fotofever-paris-entre-ombre-et-lumiere\/"},"wordCount":401,"commentCount":0,"publisher":{"@id":"https:\/\/artistics.com\/fr\/#organization"},"image":{"@id":"https:\/\/artistics.com\/fr\/artzine\/artistics-a-fotofever-paris-entre-ombre-et-lumiere\/#primaryimage"},"thumbnailUrl":"https:\/\/artistics.com\/wp-content\/uploads\/2023\/04\/logo_fp18blocinfos_rsz.jpg","articleSection":["La vie de la galerie"],"inLanguage":"fr-FR","potentialAction":[{"@type":"CommentAction","name":"Comment","target":["https:\/\/artistics.com\/fr\/artzine\/artistics-a-fotofever-paris-entre-ombre-et-lumiere\/#respond"]}]},{"@type":"WebPage","@id":"https:\/\/artistics.com\/fr\/artzine\/artistics-a-fotofever-paris-entre-ombre-et-lumiere\/","url":"https:\/\/artistics.com\/fr\/artzine\/artistics-a-fotofever-paris-entre-ombre-et-lumiere\/","name":"Artistics \u00e0 Fotofever Paris: entre ombre et lumi\u00e8re","isPartOf":{"@id":"https:\/\/artistics.com\/fr\/#website"},"primaryImageOfPage":{"@id":"https:\/\/artistics.com\/fr\/artzine\/artistics-a-fotofever-paris-entre-ombre-et-lumiere\/#primaryimage"},"image":{"@id":"https:\/\/artistics.com\/fr\/artzine\/artistics-a-fotofever-paris-entre-ombre-et-lumiere\/#primaryimage"},"thumbnailUrl":"https:\/\/artistics.com\/wp-content\/uploads\/2023\/04\/logo_fp18blocinfos_rsz.jpg","datePublished":"2018-10-31T18:45:34+00:00","dateModified":"2023-07-04T16:43:24+00:00","description":"Pour sa quatri\u00e8me participation \u00e0 Fotofever Paris, la galerie Artistics propose un duo show autour des photographes Christian Houge et Xavier Dumoulin, r\u00e9unis dans un dialogue entre ombre et lumi\u00e8re.","breadcrumb":{"@id":"https:\/\/artistics.com\/fr\/artzine\/artistics-a-fotofever-paris-entre-ombre-et-lumiere\/#breadcrumb"},"inLanguage":"fr-FR","potentialAction":[{"@type":"ReadAction","target":["https:\/\/artistics.com\/fr\/artzine\/artistics-a-fotofever-paris-entre-ombre-et-lumiere\/"]}]},{"@type":"ImageObject","inLanguage":"fr-FR","@id":"https:\/\/artistics.com\/fr\/artzine\/artistics-a-fotofever-paris-entre-ombre-et-lumiere\/#primaryimage","url":"https:\/\/artistics.com\/wp-content\/uploads\/2023\/04\/logo_fp18blocinfos_rsz.jpg","contentUrl":"https:\/\/artistics.com\/wp-content\/uploads\/2023\/04\/logo_fp18blocinfos_rsz.jpg","width":800,"height":437},{"@type":"BreadcrumbList","@id":"https:\/\/artistics.com\/fr\/artzine\/artistics-a-fotofever-paris-entre-ombre-et-lumiere\/#breadcrumb","itemListElement":[{"@type":"ListItem","position":1,"name":"Achat \u0153uvre d'art","item":"https:\/\/artistics.com\/fr\/"},{"@type":"ListItem","position":2,"name":"La vie de la galerie","item":"https:\/\/artistics.com\/fr\/artzine\/category\/la-vie-de-la-galerie\/"},{"@type":"ListItem","position":3,"name":"Artistics \u00e0 Fotofever Paris: entre ombre et lumi\u00e8re"}]},{"@type":"WebSite","@id":"https:\/\/artistics.com\/fr\/#website","url":"https:\/\/artistics.com\/fr\/","name":"Artistics","description":"The online art gallery","publisher":{"@id":"https:\/\/artistics.com\/fr\/#organization"},"potentialAction":[{"@type":"SearchAction","target":{"@type":"EntryPoint","urlTemplate":"https:\/\/artistics.com\/fr\/?s={search_term_string}"},"query-input":{"@type":"PropertyValueSpecification","valueRequired":true,"valueName":"search_term_string"}}],"inLanguage":"fr-FR"},{"@type":"Organization","@id":"https:\/\/artistics.com\/fr\/#organization","name":"Artistics","url":"https:\/\/artistics.com\/fr\/","logo":{"@type":"ImageObject","inLanguage":"fr-FR","@id":"https:\/\/artistics.com\/fr\/#\/schema\/logo\/image\/","url":"https:\/\/artistics.com\/wp-content\/uploads\/2023\/02\/artistics-logo-web-1.svg","contentUrl":"https:\/\/artistics.com\/wp-content\/uploads\/2023\/02\/artistics-logo-web-1.svg","caption":"Artistics"},"image":{"@id":"https:\/\/artistics.com\/fr\/#\/schema\/logo\/image\/"},"sameAs":["https:\/\/www.facebook.com\/ArtisticsMag","https:\/\/x.com\/Artistics_FR","http:\/\/www.linkedin.com\/company\/artistics","https:\/\/www.instagram.com\/artistics_com\/","http:\/\/www.pinterest.com\/ArtisticsMag"],"hasMerchantReturnPolicy":{"@type":"MerchantReturnPolicy","merchantReturnLink":"https:\/\/artistics.com\/free-return-policy\/"}},{"@type":"Person","@id":"https:\/\/artistics.com\/fr\/#\/schema\/person\/a39d54f18b4c5fe4a0de78e3f9236993","name":"Eleonora Fontana","image":{"@type":"ImageObject","inLanguage":"fr-FR","@id":"https:\/\/secure.gravatar.com\/avatar\/c15608b0600d759a03e927302242286e2f196b9d8abb87856fc3a3087c242f7b?s=96&d=mm&r=g","url":"https:\/\/secure.gravatar.com\/avatar\/c15608b0600d759a03e927302242286e2f196b9d8abb87856fc3a3087c242f7b?s=96&d=mm&r=g","contentUrl":"https:\/\/secure.gravatar.com\/avatar\/c15608b0600d759a03e927302242286e2f196b9d8abb87856fc3a3087c242f7b?s=96&d=mm&r=g","caption":"Eleonora Fontana"}}]}},"_links":{"self":[{"href":"https:\/\/artistics.com\/fr\/wp-json\/wp\/v2\/posts\/5661","targetHints":{"allow":["GET"]}}],"collection":[{"href":"https:\/\/artistics.com\/fr\/wp-json\/wp\/v2\/posts"}],"about":[{"href":"https:\/\/artistics.com\/fr\/wp-json\/wp\/v2\/types\/post"}],"author":[{"embeddable":true,"href":"https:\/\/artistics.com\/fr\/wp-json\/wp\/v2\/users\/2"}],"replies":[{"embeddable":true,"href":"https:\/\/artistics.com\/fr\/wp-json\/wp\/v2\/comments?post=5661"}],"version-history":[{"count":2,"href":"https:\/\/artistics.com\/fr\/wp-json\/wp\/v2\/posts\/5661\/revisions"}],"predecessor-version":[{"id":35988,"href":"https:\/\/artistics.com\/fr\/wp-json\/wp\/v2\/posts\/5661\/revisions\/35988"}],"wp:featuredmedia":[{"embeddable":true,"href":"https:\/\/artistics.com\/fr\/wp-json\/wp\/v2\/media\/5667"}],"wp:attachment":[{"href":"https:\/\/artistics.com\/fr\/wp-json\/wp\/v2\/media?parent=5661"}],"wp:term":[{"taxonomy":"category","embeddable":true,"href":"https:\/\/artistics.com\/fr\/wp-json\/wp\/v2\/categories?post=5661"},{"taxonomy":"post_tag","embeddable":true,"href":"https:\/\/artistics.com\/fr\/wp-json\/wp\/v2\/tags?post=5661"}],"curies":[{"name":"wp","href":"https:\/\/api.w.org\/{rel}","templated":true}]}}