{"id":5631,"date":"2018-10-19T15:59:39","date_gmt":"2018-10-19T13:59:39","guid":{"rendered":"https:\/\/2022.devartistics.com\/artzine\/fiac-2018-decouverte-en-images\/"},"modified":"2023-07-19T15:49:55","modified_gmt":"2023-07-19T13:49:55","slug":"fiac-2018-decouverte-en-images","status":"publish","type":"post","link":"https:\/\/artistics.com\/fr\/artzine\/fiac-2018-decouverte-en-images\/","title":{"rendered":"Fiac 2018: d\u00e9couverte en images"},"content":{"rendered":"<p class=\"wp-block-paragraph\">Du 18 au 21 octobre, le Grand Palais accueille \u00e0 Paris l\u2019\u00e9dition 2018 de la Foire internationale d\u2018art contemporain (FIAC). Pour sa 45<sup>e<\/sup> \u00e9dition, la foire r\u00e9unit 193 galeries issues de 25 pays diff\u00e9rents.<\/p><p class=\"wp-block-paragraph\">Cet \u00e9v\u00e8nement est l\u2019occasion de (re)d\u00e9couvrir des galeries d\u2019art moderne, contemporain et de design parmi les plus embl\u00e9matiques de la sc\u00e8ne artistique internationale.<\/p><p class=\"wp-block-paragraph\"><strong>D\u00e9couverte en images de certaines oeuvres incontournables de cette \u00e9dition 2018:<\/strong><\/p><figure class=\"wp-block-image\"><img decoding=\"async\" src=\"https:\/\/artistics.com\/wp-content\/uploads\/2023\/04\/img_0826-scaled.jpg\" alt=\"\"\/><figcaption class=\"wp-element-caption\">John Armleder, Tutti &amp; Quanti, 2018 &#8211; Galerie Massimo de Carlo<\/figcaption><\/figure><p class=\"wp-block-paragraph\"><\/p><figure class=\"wp-block-image\"><img decoding=\"async\" src=\"https:\/\/artistics.com\/wp-content\/uploads\/2023\/04\/img_0709_0.jpg\" alt=\"\"\/><figcaption class=\"wp-element-caption\">Antony Gormley, <em>Contain<\/em>, 2015 &#8211; Galerie Xavier Hufkens<\/figcaption><\/figure><p class=\"wp-block-paragraph\"><\/p><figure class=\"wp-block-image\"><img decoding=\"async\" src=\"https:\/\/artistics.com\/wp-content\/uploads\/2023\/04\/img_0684-scaled.jpg\" alt=\"\"\/><figcaption class=\"wp-element-caption\">George Condo, <em>Rodrigo and his wife<\/em>, 2008 &#8211; Galerie Simon Lee<\/figcaption><\/figure><p class=\"wp-block-paragraph\"><\/p><figure class=\"wp-block-image\"><img decoding=\"async\" src=\"https:\/\/artistics.com\/wp-content\/uploads\/2023\/04\/img_0729-scaled.jpg\" alt=\"\"\/><figcaption class=\"wp-element-caption\">Carol Bove, <em>Bather<\/em>, 2018 &#8211; Galerie David Zwirner<\/figcaption><\/figure><p class=\"wp-block-paragraph\"><\/p><figure class=\"wp-block-image\"><img decoding=\"async\" src=\"https:\/\/artistics.com\/wp-content\/uploads\/2023\/04\/img_0739-min-scaled.jpg\" alt=\"\"\/><figcaption class=\"wp-element-caption\">Tony Cragg, <em>Thicket<\/em>, 2016 &#8211; Galerie Marian Goodman<\/figcaption><\/figure><p class=\"wp-block-paragraph\"><\/p><figure class=\"wp-block-image\"><img decoding=\"async\" src=\"https:\/\/artistics.com\/wp-content\/uploads\/2023\/04\/img_0761-min-scaled.jpg\" alt=\"\"\/><figcaption class=\"wp-element-caption\">Pierre et Gilles,<em> La Vierge noire<\/em>, 2018 &#8211; Galerie Templon<\/figcaption><\/figure><p class=\"wp-block-paragraph\"><\/p><figure class=\"wp-block-image\"><img decoding=\"async\" src=\"https:\/\/artistics.com\/wp-content\/uploads\/2023\/04\/img_0769-min-scaled.jpg\" alt=\"\"\/><figcaption class=\"wp-element-caption\">G\u00e9rard Garouste,<em> H&rsquo;oni et son cercle<\/em>, 2018 &#8211; Galerie Templon<\/figcaption><\/figure><p class=\"wp-block-paragraph\"><\/p><figure class=\"wp-block-image\"><img decoding=\"async\" src=\"https:\/\/artistics.com\/wp-content\/uploads\/2023\/04\/img_0772-min-scaled.jpg\" alt=\"\"\/><figcaption class=\"wp-element-caption\">Philippe Cogn\u00e9e, Savane, 2018 &#8211; Galerie Templon<\/figcaption><\/figure><p class=\"wp-block-paragraph\"><\/p><figure class=\"wp-block-image\"><img decoding=\"async\" src=\"https:\/\/artistics.com\/wp-content\/uploads\/2023\/04\/img_0776-min-scaled.jpg\" alt=\"\"\/><figcaption class=\"wp-element-caption\">Kehinde Wiley, Portrait of Quentin Lee Moore, 2018 &#8211; Galerie Templon<\/figcaption><\/figure><p class=\"wp-block-paragraph\"><\/p><figure class=\"wp-block-image\"><img decoding=\"async\" src=\"https:\/\/artistics.com\/wp-content\/uploads\/2023\/04\/img_0780-scaled.jpg\" alt=\"\"\/><figcaption class=\"wp-element-caption\">Siobhan Hapaska, Snake and apple, 2018 &#8211; Kerlin Gallery<\/figcaption><\/figure><p class=\"wp-block-paragraph\"><\/p><figure class=\"wp-block-image\"><img decoding=\"async\" src=\"https:\/\/artistics.com\/wp-content\/uploads\/2023\/04\/img_0799-min-scaled.jpg\" alt=\"\"\/><figcaption class=\"wp-element-caption\">Yan Pei-Ming, <em>Portrait de Gustave Courbet<\/em>, 2018 &#8211; Galerie Thaddaeus Ropac<\/figcaption><\/figure><p class=\"wp-block-paragraph\"><\/p><figure class=\"wp-block-image\"><img decoding=\"async\" src=\"https:\/\/artistics.com\/wp-content\/uploads\/2023\/04\/img_0819-scaled.jpg\" alt=\"\"\/><\/figure><figure class=\"wp-block-image\"><img decoding=\"async\" src=\"https:\/\/artistics.com\/wp-content\/uploads\/2023\/04\/img_0829-scaled.jpg\" alt=\"\"\/><\/figure>","protected":false},"excerpt":{"rendered":"<p>Du 18 au 21 octobre, le Grand Palais accueille \u00e0 Paris l\u2019\u00e9dition 2018 de la Foire internationale d\u2018art contemporain (FIAC). Pour sa 45e \u00e9dition, la foire r\u00e9unit 193 galeries issues de 25 pays diff\u00e9rents. Cet \u00e9v\u00e8nement est l\u2019occasion de (re)d\u00e9couvrir des galeries d\u2019art moderne, contemporain et de design parmi les plus embl\u00e9matiques de la sc\u00e8ne [&hellip;]<\/p>\n","protected":false},"author":4,"featured_media":5659,"comment_status":"open","ping_status":"open","sticky":false,"template":"","format":"standard","meta":{"_acf_changed":false,"_searchwp_excluded":"","inline_featured_image":false,"footnotes":""},"categories":[1185],"tags":[],"class_list":["post-5631","post","type-post","status-publish","format-standard","has-post-thumbnail","hentry","category-le-monde-de-art"],"acf":[],"yoast_head":"<!-- This site is optimized with the Yoast SEO Premium plugin v28.3 (Yoast SEO v28.3) - https:\/\/yoast.com\/product\/yoast-seo-premium-wordpress\/ -->\n<title>Fiac 2018: d\u00e9couverte en images<\/title>\n<meta name=\"robots\" content=\"index, follow, max-snippet:-1, max-image-preview:large, max-video-preview:-1\" \/>\n<link rel=\"canonical\" href=\"https:\/\/artistics.com\/fr\/artzine\/fiac-2018-decouverte-en-images\/\" \/>\n<meta property=\"og:locale\" content=\"fr_FR\" \/>\n<meta property=\"og:type\" content=\"article\" \/>\n<meta property=\"og:title\" content=\"Fiac 2018: d\u00e9couverte en images\" \/>\n<meta property=\"og:description\" content=\"Du 18 au 21 octobre, le Grand Palais accueille \u00e0 Paris l\u2019\u00e9dition 2018 de la Foire internationale d\u2018art contemporain (FIAC). Pour sa 45e \u00e9dition, la foire r\u00e9unit 193 galeries issues de 25 pays diff\u00e9rents. Cet \u00e9v\u00e8nement est l\u2019occasion de (re)d\u00e9couvrir des galeries d\u2019art moderne, contemporain et de design parmi les plus embl\u00e9matiques de la sc\u00e8ne [&hellip;]\" \/>\n<meta property=\"og:url\" content=\"https:\/\/artistics.com\/fr\/artzine\/fiac-2018-decouverte-en-images\/\" \/>\n<meta property=\"og:site_name\" content=\"Artistics\" \/>\n<meta property=\"article:publisher\" content=\"https:\/\/www.facebook.com\/ArtisticsMag\" \/>\n<meta property=\"article:published_time\" content=\"2018-10-19T13:59:39+00:00\" \/>\n<meta property=\"article:modified_time\" content=\"2023-07-19T13:49:55+00:00\" \/>\n<meta property=\"og:image\" content=\"https:\/\/artistics.com\/wp-content\/uploads\/2023\/04\/logo-fiac-2018.jpeg\" \/>\n\t<meta property=\"og:image:width\" content=\"1140\" \/>\n\t<meta property=\"og:image:height\" content=\"1020\" \/>\n\t<meta property=\"og:image:type\" content=\"image\/jpeg\" \/>\n<meta name=\"author\" content=\"Christophe Salet\" \/>\n<meta name=\"twitter:card\" content=\"summary_large_image\" \/>\n<meta name=\"twitter:creator\" content=\"@Artistics_FR\" \/>\n<meta name=\"twitter:site\" content=\"@Artistics_FR\" \/>\n<meta name=\"twitter:label1\" content=\"\u00c9crit par\" \/>\n\t<meta name=\"twitter:data1\" content=\"Christophe Salet\" \/>\n\t<meta name=\"twitter:label2\" content=\"Dur\u00e9e de lecture estim\u00e9e\" \/>\n\t<meta name=\"twitter:data2\" content=\"4 minutes\" \/>\n<script type=\"application\/ld+json\" class=\"yoast-schema-graph\">{\"@context\":\"https:\\\/\\\/schema.org\",\"@graph\":[{\"@type\":[\"Article\",\"BlogPosting\"],\"@id\":\"https:\\\/\\\/artistics.com\\\/fr\\\/artzine\\\/fiac-2018-decouverte-en-images\\\/#article\",\"isPartOf\":{\"@id\":\"https:\\\/\\\/artistics.com\\\/fr\\\/artzine\\\/fiac-2018-decouverte-en-images\\\/\"},\"author\":{\"name\":\"Christophe Salet\",\"@id\":\"https:\\\/\\\/artistics.com\\\/fr\\\/#\\\/schema\\\/person\\\/1367e63148251e426892320f3452d474\"},\"headline\":\"Fiac 2018: d\u00e9couverte en images\",\"datePublished\":\"2018-10-19T13:59:39+00:00\",\"dateModified\":\"2023-07-19T13:49:55+00:00\",\"mainEntityOfPage\":{\"@id\":\"https:\\\/\\\/artistics.com\\\/fr\\\/artzine\\\/fiac-2018-decouverte-en-images\\\/\"},\"wordCount\":174,\"commentCount\":0,\"publisher\":{\"@id\":\"https:\\\/\\\/artistics.com\\\/fr\\\/#organization\"},\"image\":{\"@id\":\"https:\\\/\\\/artistics.com\\\/fr\\\/artzine\\\/fiac-2018-decouverte-en-images\\\/#primaryimage\"},\"thumbnailUrl\":\"https:\\\/\\\/artistics.com\\\/wp-content\\\/uploads\\\/2023\\\/04\\\/logo-fiac-2018.jpeg\",\"articleSection\":[\"Monde de l\u2019art\"],\"inLanguage\":\"fr-FR\",\"potentialAction\":[{\"@type\":\"CommentAction\",\"name\":\"Comment\",\"target\":[\"https:\\\/\\\/artistics.com\\\/fr\\\/artzine\\\/fiac-2018-decouverte-en-images\\\/#respond\"]}]},{\"@type\":\"WebPage\",\"@id\":\"https:\\\/\\\/artistics.com\\\/fr\\\/artzine\\\/fiac-2018-decouverte-en-images\\\/\",\"url\":\"https:\\\/\\\/artistics.com\\\/fr\\\/artzine\\\/fiac-2018-decouverte-en-images\\\/\",\"name\":\"Fiac 2018: d\u00e9couverte en images\",\"isPartOf\":{\"@id\":\"https:\\\/\\\/artistics.com\\\/fr\\\/#website\"},\"primaryImageOfPage\":{\"@id\":\"https:\\\/\\\/artistics.com\\\/fr\\\/artzine\\\/fiac-2018-decouverte-en-images\\\/#primaryimage\"},\"image\":{\"@id\":\"https:\\\/\\\/artistics.com\\\/fr\\\/artzine\\\/fiac-2018-decouverte-en-images\\\/#primaryimage\"},\"thumbnailUrl\":\"https:\\\/\\\/artistics.com\\\/wp-content\\\/uploads\\\/2023\\\/04\\\/logo-fiac-2018.jpeg\",\"datePublished\":\"2018-10-19T13:59:39+00:00\",\"dateModified\":\"2023-07-19T13:49:55+00:00\",\"breadcrumb\":{\"@id\":\"https:\\\/\\\/artistics.com\\\/fr\\\/artzine\\\/fiac-2018-decouverte-en-images\\\/#breadcrumb\"},\"inLanguage\":\"fr-FR\",\"potentialAction\":[{\"@type\":\"ReadAction\",\"target\":[\"https:\\\/\\\/artistics.com\\\/fr\\\/artzine\\\/fiac-2018-decouverte-en-images\\\/\"]}]},{\"@type\":\"ImageObject\",\"inLanguage\":\"fr-FR\",\"@id\":\"https:\\\/\\\/artistics.com\\\/fr\\\/artzine\\\/fiac-2018-decouverte-en-images\\\/#primaryimage\",\"url\":\"https:\\\/\\\/artistics.com\\\/wp-content\\\/uploads\\\/2023\\\/04\\\/logo-fiac-2018.jpeg\",\"contentUrl\":\"https:\\\/\\\/artistics.com\\\/wp-content\\\/uploads\\\/2023\\\/04\\\/logo-fiac-2018.jpeg\",\"width\":1140,\"height\":1020},{\"@type\":\"BreadcrumbList\",\"@id\":\"https:\\\/\\\/artistics.com\\\/fr\\\/artzine\\\/fiac-2018-decouverte-en-images\\\/#breadcrumb\",\"itemListElement\":[{\"@type\":\"ListItem\",\"position\":1,\"name\":\"Achat \u0153uvre d'art\",\"item\":\"https:\\\/\\\/artistics.com\\\/fr\\\/\"},{\"@type\":\"ListItem\",\"position\":2,\"name\":\"Monde de l\u2019art\",\"item\":\"https:\\\/\\\/artistics.com\\\/fr\\\/artzine\\\/category\\\/le-monde-de-art\\\/\"},{\"@type\":\"ListItem\",\"position\":3,\"name\":\"Fiac 2018: d\u00e9couverte en images\"}]},{\"@type\":\"WebSite\",\"@id\":\"https:\\\/\\\/artistics.com\\\/fr\\\/#website\",\"url\":\"https:\\\/\\\/artistics.com\\\/fr\\\/\",\"name\":\"Artistics\",\"description\":\"Contemporary art gallery\",\"publisher\":{\"@id\":\"https:\\\/\\\/artistics.com\\\/fr\\\/#organization\"},\"potentialAction\":[{\"@type\":\"SearchAction\",\"target\":{\"@type\":\"EntryPoint\",\"urlTemplate\":\"https:\\\/\\\/artistics.com\\\/fr\\\/?s={search_term_string}\"},\"query-input\":{\"@type\":\"PropertyValueSpecification\",\"valueRequired\":true,\"valueName\":\"search_term_string\"}}],\"inLanguage\":\"fr-FR\"},{\"@type\":\"Organization\",\"@id\":\"https:\\\/\\\/artistics.com\\\/fr\\\/#organization\",\"name\":\"Artistics\",\"url\":\"https:\\\/\\\/artistics.com\\\/fr\\\/\",\"logo\":{\"@type\":\"ImageObject\",\"inLanguage\":\"fr-FR\",\"@id\":\"https:\\\/\\\/artistics.com\\\/fr\\\/#\\\/schema\\\/logo\\\/image\\\/\",\"url\":\"https:\\\/\\\/artistics.com\\\/wp-content\\\/uploads\\\/2026\\\/06\\\/artistics-logo-web-2.svg\",\"contentUrl\":\"https:\\\/\\\/artistics.com\\\/wp-content\\\/uploads\\\/2026\\\/06\\\/artistics-logo-web-2.svg\",\"width\":100,\"height\":100,\"caption\":\"Artistics\"},\"image\":{\"@id\":\"https:\\\/\\\/artistics.com\\\/fr\\\/#\\\/schema\\\/logo\\\/image\\\/\"},\"sameAs\":[\"https:\\\/\\\/www.facebook.com\\\/ArtisticsMag\",\"https:\\\/\\\/x.com\\\/Artistics_FR\",\"http:\\\/\\\/www.linkedin.com\\\/company\\\/artistics\",\"https:\\\/\\\/www.instagram.com\\\/artistics_com\\\/\",\"http:\\\/\\\/www.pinterest.com\\\/ArtisticsMag\"],\"hasMerchantReturnPolicy\":{\"@type\":\"MerchantReturnPolicy\",\"merchantReturnLink\":\"https:\\\/\\\/artistics.com\\\/free-return-policy\\\/\"}},{\"@type\":\"Person\",\"@id\":\"https:\\\/\\\/artistics.com\\\/fr\\\/#\\\/schema\\\/person\\\/1367e63148251e426892320f3452d474\",\"name\":\"Christophe Salet\",\"image\":{\"@type\":\"ImageObject\",\"inLanguage\":\"fr-FR\",\"@id\":\"https:\\\/\\\/secure.gravatar.com\\\/avatar\\\/91f432599f85a6d56c33b915f1b9ebc5efdabae77f9b6e054e22a9c119116cdc?s=96&d=mm&r=g\",\"url\":\"https:\\\/\\\/secure.gravatar.com\\\/avatar\\\/91f432599f85a6d56c33b915f1b9ebc5efdabae77f9b6e054e22a9c119116cdc?s=96&d=mm&r=g\",\"contentUrl\":\"https:\\\/\\\/secure.gravatar.com\\\/avatar\\\/91f432599f85a6d56c33b915f1b9ebc5efdabae77f9b6e054e22a9c119116cdc?s=96&d=mm&r=g\",\"caption\":\"Christophe Salet\"}}]}<\/script>\n<!-- \/ Yoast SEO Premium plugin. -->","yoast_head_json":{"title":"Fiac 2018: d\u00e9couverte en images","robots":{"index":"index","follow":"follow","max-snippet":"max-snippet:-1","max-image-preview":"max-image-preview:large","max-video-preview":"max-video-preview:-1"},"canonical":"https:\/\/artistics.com\/fr\/artzine\/fiac-2018-decouverte-en-images\/","og_locale":"fr_FR","og_type":"article","og_title":"Fiac 2018: d\u00e9couverte en images","og_description":"Du 18 au 21 octobre, le Grand Palais accueille \u00e0 Paris l\u2019\u00e9dition 2018 de la Foire internationale d\u2018art contemporain (FIAC). Pour sa 45e \u00e9dition, la foire r\u00e9unit 193 galeries issues de 25 pays diff\u00e9rents. Cet \u00e9v\u00e8nement est l\u2019occasion de (re)d\u00e9couvrir des galeries d\u2019art moderne, contemporain et de design parmi les plus embl\u00e9matiques de la sc\u00e8ne [&hellip;]","og_url":"https:\/\/artistics.com\/fr\/artzine\/fiac-2018-decouverte-en-images\/","og_site_name":"Artistics","article_publisher":"https:\/\/www.facebook.com\/ArtisticsMag","article_published_time":"2018-10-19T13:59:39+00:00","article_modified_time":"2023-07-19T13:49:55+00:00","og_image":[{"width":1140,"height":1020,"url":"https:\/\/artistics.com\/wp-content\/uploads\/2023\/04\/logo-fiac-2018.jpeg","type":"image\/jpeg"}],"author":"Christophe Salet","twitter_card":"summary_large_image","twitter_creator":"@Artistics_FR","twitter_site":"@Artistics_FR","twitter_misc":{"\u00c9crit par":"Christophe Salet","Dur\u00e9e de lecture estim\u00e9e":"4 minutes"},"schema":{"@context":"https:\/\/schema.org","@graph":[{"@type":["Article","BlogPosting"],"@id":"https:\/\/artistics.com\/fr\/artzine\/fiac-2018-decouverte-en-images\/#article","isPartOf":{"@id":"https:\/\/artistics.com\/fr\/artzine\/fiac-2018-decouverte-en-images\/"},"author":{"name":"Christophe Salet","@id":"https:\/\/artistics.com\/fr\/#\/schema\/person\/1367e63148251e426892320f3452d474"},"headline":"Fiac 2018: d\u00e9couverte en images","datePublished":"2018-10-19T13:59:39+00:00","dateModified":"2023-07-19T13:49:55+00:00","mainEntityOfPage":{"@id":"https:\/\/artistics.com\/fr\/artzine\/fiac-2018-decouverte-en-images\/"},"wordCount":174,"commentCount":0,"publisher":{"@id":"https:\/\/artistics.com\/fr\/#organization"},"image":{"@id":"https:\/\/artistics.com\/fr\/artzine\/fiac-2018-decouverte-en-images\/#primaryimage"},"thumbnailUrl":"https:\/\/artistics.com\/wp-content\/uploads\/2023\/04\/logo-fiac-2018.jpeg","articleSection":["Monde de l\u2019art"],"inLanguage":"fr-FR","potentialAction":[{"@type":"CommentAction","name":"Comment","target":["https:\/\/artistics.com\/fr\/artzine\/fiac-2018-decouverte-en-images\/#respond"]}]},{"@type":"WebPage","@id":"https:\/\/artistics.com\/fr\/artzine\/fiac-2018-decouverte-en-images\/","url":"https:\/\/artistics.com\/fr\/artzine\/fiac-2018-decouverte-en-images\/","name":"Fiac 2018: d\u00e9couverte en images","isPartOf":{"@id":"https:\/\/artistics.com\/fr\/#website"},"primaryImageOfPage":{"@id":"https:\/\/artistics.com\/fr\/artzine\/fiac-2018-decouverte-en-images\/#primaryimage"},"image":{"@id":"https:\/\/artistics.com\/fr\/artzine\/fiac-2018-decouverte-en-images\/#primaryimage"},"thumbnailUrl":"https:\/\/artistics.com\/wp-content\/uploads\/2023\/04\/logo-fiac-2018.jpeg","datePublished":"2018-10-19T13:59:39+00:00","dateModified":"2023-07-19T13:49:55+00:00","breadcrumb":{"@id":"https:\/\/artistics.com\/fr\/artzine\/fiac-2018-decouverte-en-images\/#breadcrumb"},"inLanguage":"fr-FR","potentialAction":[{"@type":"ReadAction","target":["https:\/\/artistics.com\/fr\/artzine\/fiac-2018-decouverte-en-images\/"]}]},{"@type":"ImageObject","inLanguage":"fr-FR","@id":"https:\/\/artistics.com\/fr\/artzine\/fiac-2018-decouverte-en-images\/#primaryimage","url":"https:\/\/artistics.com\/wp-content\/uploads\/2023\/04\/logo-fiac-2018.jpeg","contentUrl":"https:\/\/artistics.com\/wp-content\/uploads\/2023\/04\/logo-fiac-2018.jpeg","width":1140,"height":1020},{"@type":"BreadcrumbList","@id":"https:\/\/artistics.com\/fr\/artzine\/fiac-2018-decouverte-en-images\/#breadcrumb","itemListElement":[{"@type":"ListItem","position":1,"name":"Achat \u0153uvre d'art","item":"https:\/\/artistics.com\/fr\/"},{"@type":"ListItem","position":2,"name":"Monde de l\u2019art","item":"https:\/\/artistics.com\/fr\/artzine\/category\/le-monde-de-art\/"},{"@type":"ListItem","position":3,"name":"Fiac 2018: d\u00e9couverte en images"}]},{"@type":"WebSite","@id":"https:\/\/artistics.com\/fr\/#website","url":"https:\/\/artistics.com\/fr\/","name":"Artistics","description":"Contemporary art gallery","publisher":{"@id":"https:\/\/artistics.com\/fr\/#organization"},"potentialAction":[{"@type":"SearchAction","target":{"@type":"EntryPoint","urlTemplate":"https:\/\/artistics.com\/fr\/?s={search_term_string}"},"query-input":{"@type":"PropertyValueSpecification","valueRequired":true,"valueName":"search_term_string"}}],"inLanguage":"fr-FR"},{"@type":"Organization","@id":"https:\/\/artistics.com\/fr\/#organization","name":"Artistics","url":"https:\/\/artistics.com\/fr\/","logo":{"@type":"ImageObject","inLanguage":"fr-FR","@id":"https:\/\/artistics.com\/fr\/#\/schema\/logo\/image\/","url":"https:\/\/artistics.com\/wp-content\/uploads\/2026\/06\/artistics-logo-web-2.svg","contentUrl":"https:\/\/artistics.com\/wp-content\/uploads\/2026\/06\/artistics-logo-web-2.svg","width":100,"height":100,"caption":"Artistics"},"image":{"@id":"https:\/\/artistics.com\/fr\/#\/schema\/logo\/image\/"},"sameAs":["https:\/\/www.facebook.com\/ArtisticsMag","https:\/\/x.com\/Artistics_FR","http:\/\/www.linkedin.com\/company\/artistics","https:\/\/www.instagram.com\/artistics_com\/","http:\/\/www.pinterest.com\/ArtisticsMag"],"hasMerchantReturnPolicy":{"@type":"MerchantReturnPolicy","merchantReturnLink":"https:\/\/artistics.com\/free-return-policy\/"}},{"@type":"Person","@id":"https:\/\/artistics.com\/fr\/#\/schema\/person\/1367e63148251e426892320f3452d474","name":"Christophe Salet","image":{"@type":"ImageObject","inLanguage":"fr-FR","@id":"https:\/\/secure.gravatar.com\/avatar\/91f432599f85a6d56c33b915f1b9ebc5efdabae77f9b6e054e22a9c119116cdc?s=96&d=mm&r=g","url":"https:\/\/secure.gravatar.com\/avatar\/91f432599f85a6d56c33b915f1b9ebc5efdabae77f9b6e054e22a9c119116cdc?s=96&d=mm&r=g","contentUrl":"https:\/\/secure.gravatar.com\/avatar\/91f432599f85a6d56c33b915f1b9ebc5efdabae77f9b6e054e22a9c119116cdc?s=96&d=mm&r=g","caption":"Christophe Salet"}}]}},"_links":{"self":[{"href":"https:\/\/artistics.com\/fr\/wp-json\/wp\/v2\/posts\/5631","targetHints":{"allow":["GET"]}}],"collection":[{"href":"https:\/\/artistics.com\/fr\/wp-json\/wp\/v2\/posts"}],"about":[{"href":"https:\/\/artistics.com\/fr\/wp-json\/wp\/v2\/types\/post"}],"author":[{"embeddable":true,"href":"https:\/\/artistics.com\/fr\/wp-json\/wp\/v2\/users\/4"}],"replies":[{"embeddable":true,"href":"https:\/\/artistics.com\/fr\/wp-json\/wp\/v2\/comments?post=5631"}],"version-history":[{"count":2,"href":"https:\/\/artistics.com\/fr\/wp-json\/wp\/v2\/posts\/5631\/revisions"}],"predecessor-version":[{"id":36753,"href":"https:\/\/artistics.com\/fr\/wp-json\/wp\/v2\/posts\/5631\/revisions\/36753"}],"wp:featuredmedia":[{"embeddable":true,"href":"https:\/\/artistics.com\/fr\/wp-json\/wp\/v2\/media\/5659"}],"wp:attachment":[{"href":"https:\/\/artistics.com\/fr\/wp-json\/wp\/v2\/media?parent=5631"}],"wp:term":[{"taxonomy":"category","embeddable":true,"href":"https:\/\/artistics.com\/fr\/wp-json\/wp\/v2\/categories?post=5631"},{"taxonomy":"post_tag","embeddable":true,"href":"https:\/\/artistics.com\/fr\/wp-json\/wp\/v2\/tags?post=5631"}],"curies":[{"name":"wp","href":"https:\/\/api.w.org\/{rel}","templated":true}]}}