{"id":5619,"date":"2018-09-03T17:44:11","date_gmt":"2018-09-03T15:44:11","guid":{"rendered":"https:\/\/2022.devartistics.com\/artzine\/matthieu-venot-signe-la-couverture-de-gq-style\/"},"modified":"2023-07-06T10:34:54","modified_gmt":"2023-07-06T08:34:54","slug":"matthieu-venot-signe-la-couverture-de-gq-style","status":"publish","type":"post","link":"https:\/\/artistics.com\/fr\/artzine\/matthieu-venot-signe-la-couverture-de-gq-style\/","title":{"rendered":"Matthieu Venot signe la couverture de GQ Style !"},"content":{"rendered":"<p><img decoding=\"async\" src=\"https:\/\/artistics.com\/wp-content\/uploads\/2023\/04\/mvxttc-couv-pano.png\" alt=\"\" width=\"1200\" height=\"622\" \/><\/p>\n<p>Le photographe contemporain fran\u00e7ais <a href=\"https:\/\/artistics.com\/fr\/artiste\/matthieu-venot\/\" target=\"_blank\" rel=\"noopener\">Matthieu Venot<\/a>, dont nous vous pr\u00e9sentons le travail depuis bient\u00f4t 3 ans, signe le portrait de Tyler, The Creator en couverture du num\u00e9ro de rentr\u00e9e de l\u2019\u00e9dition am\u00e9ricaine du magazine GQ Style ! Matthieu Venot a \u00e9galement r\u00e9alis\u00e9 les photographies qui illustrent l\u2019interview du c\u00e9l\u00e8bre rappeur de Los Angeles dans les pages du magazine.<\/p>\n<p>Cette commande inattendue n\u2019est pas venue des \u00e9diteurs du magazine, mais de Tyler lui-m\u00eame ! Le dialogue entre les deux artistes s\u2019\u00e9tablit d\u2019abord sur Instagram : Taylor veut utiliser une photographie contemporaine de Matthieu pour illustrer l\u2019un de ses titres, <em>Crust in Their Eyes<\/em>. Celui-ci accepte et, une semaine plus tard, Tyler propose son nom aux \u00e9diteurs de GQ pour r\u00e9aliser l\u2019image de couverture du magazine. Ces derniers sont enthousiastes: \u00ab\u00a0la seule personne qui avait besoin d\u2019\u00eatre convaincue, c\u2019\u00e9tait Matthieu lui-m\u00eame\u00a0\u00bb se rappellent-ils !<\/p>\n<p>Matthieu h\u00e9site : il n\u2019a jamais r\u00e9alis\u00e9 de portrait de commande avant, son travail dans le domaine de la photographie contemporaine \u00e9tant centr\u00e9 sur la photographie d&rsquo;architecture et de paysages urbains. Mais il est conscient de l\u2019opportunit\u00e9 et d\u00e9cide de relever le d\u00e9fi. La s\u00e9ance photo a lieu \u00e0 Paris, entre l\u2019H\u00f4tel Molitor Paris, le Club Paris Jean Bouin, la Sorbonne et le campus Pierre &amp; Marie Curie.<\/p>\n<p>Le r\u00e9sultat est <a href=\"https:\/\/www.gq.com\/story\/tyler-the-creator-gq-style-fall-cover-story\">\u00e0 d\u00e9couvrir ici<\/a>. Bluffant, \u00e9videmment. On y retrouve tout son talent de coloriste et son art de la d\u00e9coupe, gr\u00e2ce auquel il fractionne le paysage urbain en vignettes graphiques, pop et joyeuses.<\/p>\n<p>On prend le pari que cette commande n\u2019est que le d\u00e9but d\u2019une longue s\u00e9rie&#8230;\u00a0F\u00e9licitations Matthieu !<\/p>\n<p><strong>&gt;&gt;&gt; Bio, vid\u00e9o, portfolio : retrouvez toutes les infos sur le photographe contemporain Matthieu Venot sur son\u00a0<a href=\"https:\/\/artistics.com\/fr\/artiste\/matthieu-venot\/\">profil Artistics<\/a>.<\/strong><\/p>\n","protected":false},"excerpt":{"rendered":"<p>Matthieu Venot, dont nous vous pr\u00e9sentons le travail depuis bient\u00f4t 3 ans, signe le portrait de Tyler, The Creator en couverture du num\u00e9ro de rentr\u00e9e de GQ Style ! Une premi\u00e8re pour l&rsquo;artiste dont le travail se concentre sur la photographie d&rsquo;architecture et de paysages urbains.<\/p>\n","protected":false},"author":1,"featured_media":4000,"comment_status":"open","ping_status":"open","sticky":false,"template":"","format":"standard","meta":{"_acf_changed":false,"_searchwp_excluded":"","inline_featured_image":false,"footnotes":""},"categories":[1184],"tags":[1214],"class_list":["post-5619","post","type-post","status-publish","format-standard","has-post-thumbnail","hentry","category-actualites-de-nos-artistes","tag-portrait-et-figure"],"acf":[],"yoast_head":"<!-- This site is optimized with the Yoast SEO Premium plugin v27.3 (Yoast SEO v27.3) - https:\/\/yoast.com\/product\/yoast-seo-premium-wordpress\/ -->\n<title>Matthieu Venot signe la couverture de GQ Style !<\/title>\n<meta name=\"description\" content=\"Matthieu Venot, dont nous vous pr\u00e9sentons le travail depuis bient\u00f4t 3 ans, signe le portrait de Tyler, The Creator en couverture du num\u00e9ro de rentr\u00e9e de GQ Style ! Une premi\u00e8re pour l&#039;artiste dont le travail se concentre sur la photographie d&#039;architecture et de paysages urbains.\" \/>\n<meta name=\"robots\" content=\"index, follow, max-snippet:-1, max-image-preview:large, max-video-preview:-1\" \/>\n<link rel=\"canonical\" href=\"https:\/\/artistics.com\/fr\/artzine\/matthieu-venot-signe-la-couverture-de-gq-style\/\" \/>\n<meta property=\"og:locale\" content=\"fr_FR\" \/>\n<meta property=\"og:type\" content=\"article\" \/>\n<meta property=\"og:title\" content=\"Matthieu Venot signe la couverture de GQ Style !\" \/>\n<meta property=\"og:description\" content=\"Matthieu Venot, dont nous vous pr\u00e9sentons le travail depuis bient\u00f4t 3 ans, signe le portrait de Tyler, The Creator en couverture du num\u00e9ro de rentr\u00e9e de GQ Style ! Une premi\u00e8re pour l&#039;artiste dont le travail se concentre sur la photographie d&#039;architecture et de paysages urbains.\" \/>\n<meta property=\"og:url\" content=\"https:\/\/artistics.com\/fr\/artzine\/matthieu-venot-signe-la-couverture-de-gq-style\/\" \/>\n<meta property=\"og:site_name\" content=\"Artistics\" \/>\n<meta property=\"article:publisher\" content=\"https:\/\/www.facebook.com\/ArtisticsMag\" \/>\n<meta property=\"article:published_time\" content=\"2018-09-03T15:44:11+00:00\" \/>\n<meta property=\"article:modified_time\" content=\"2023-07-06T08:34:54+00:00\" \/>\n<meta property=\"og:image\" content=\"https:\/\/artistics.com\/wp-content\/uploads\/2023\/04\/mvxttc-vignette-def-min.png\" \/>\n\t<meta property=\"og:image:width\" content=\"1992\" \/>\n\t<meta property=\"og:image:height\" content=\"1282\" \/>\n\t<meta property=\"og:image:type\" content=\"image\/png\" \/>\n<meta name=\"author\" content=\"Hypso\" \/>\n<meta name=\"twitter:card\" content=\"summary_large_image\" \/>\n<meta name=\"twitter:creator\" content=\"@Artistics_FR\" \/>\n<meta name=\"twitter:site\" content=\"@Artistics_FR\" \/>\n<meta name=\"twitter:label1\" content=\"\u00c9crit par\" \/>\n\t<meta name=\"twitter:data1\" content=\"Hypso\" \/>\n\t<meta name=\"twitter:label2\" content=\"Dur\u00e9e de lecture estim\u00e9e\" \/>\n\t<meta name=\"twitter:data2\" content=\"2 minutes\" \/>\n<script type=\"application\/ld+json\" class=\"yoast-schema-graph\">{\"@context\":\"https:\\\/\\\/schema.org\",\"@graph\":[{\"@type\":[\"Article\",\"BlogPosting\"],\"@id\":\"https:\\\/\\\/artistics.com\\\/fr\\\/artzine\\\/matthieu-venot-signe-la-couverture-de-gq-style\\\/#article\",\"isPartOf\":{\"@id\":\"https:\\\/\\\/artistics.com\\\/fr\\\/artzine\\\/matthieu-venot-signe-la-couverture-de-gq-style\\\/\"},\"author\":{\"name\":\"Hypso\",\"@id\":\"https:\\\/\\\/artistics.com\\\/fr\\\/#\\\/schema\\\/person\\\/06ccbcd390d4be9b22fdc66fc2e78e6c\"},\"headline\":\"Matthieu Venot signe la couverture de GQ Style !\",\"datePublished\":\"2018-09-03T15:44:11+00:00\",\"dateModified\":\"2023-07-06T08:34:54+00:00\",\"mainEntityOfPage\":{\"@id\":\"https:\\\/\\\/artistics.com\\\/fr\\\/artzine\\\/matthieu-venot-signe-la-couverture-de-gq-style\\\/\"},\"wordCount\":322,\"commentCount\":0,\"publisher\":{\"@id\":\"https:\\\/\\\/artistics.com\\\/fr\\\/#organization\"},\"image\":{\"@id\":\"https:\\\/\\\/artistics.com\\\/fr\\\/artzine\\\/matthieu-venot-signe-la-couverture-de-gq-style\\\/#primaryimage\"},\"thumbnailUrl\":\"https:\\\/\\\/artistics.com\\\/wp-content\\\/uploads\\\/2023\\\/04\\\/mvxttc-vignette-def-min.png\",\"keywords\":[\"Portrait et figure\"],\"articleSection\":[\"L\u2019actu de nos artistes\"],\"inLanguage\":\"fr-FR\",\"potentialAction\":[{\"@type\":\"CommentAction\",\"name\":\"Comment\",\"target\":[\"https:\\\/\\\/artistics.com\\\/fr\\\/artzine\\\/matthieu-venot-signe-la-couverture-de-gq-style\\\/#respond\"]}]},{\"@type\":\"WebPage\",\"@id\":\"https:\\\/\\\/artistics.com\\\/fr\\\/artzine\\\/matthieu-venot-signe-la-couverture-de-gq-style\\\/\",\"url\":\"https:\\\/\\\/artistics.com\\\/fr\\\/artzine\\\/matthieu-venot-signe-la-couverture-de-gq-style\\\/\",\"name\":\"Matthieu Venot signe la couverture de GQ Style !\",\"isPartOf\":{\"@id\":\"https:\\\/\\\/artistics.com\\\/fr\\\/#website\"},\"primaryImageOfPage\":{\"@id\":\"https:\\\/\\\/artistics.com\\\/fr\\\/artzine\\\/matthieu-venot-signe-la-couverture-de-gq-style\\\/#primaryimage\"},\"image\":{\"@id\":\"https:\\\/\\\/artistics.com\\\/fr\\\/artzine\\\/matthieu-venot-signe-la-couverture-de-gq-style\\\/#primaryimage\"},\"thumbnailUrl\":\"https:\\\/\\\/artistics.com\\\/wp-content\\\/uploads\\\/2023\\\/04\\\/mvxttc-vignette-def-min.png\",\"datePublished\":\"2018-09-03T15:44:11+00:00\",\"dateModified\":\"2023-07-06T08:34:54+00:00\",\"description\":\"Matthieu Venot, dont nous vous pr\u00e9sentons le travail depuis bient\u00f4t 3 ans, signe le portrait de Tyler, The Creator en couverture du num\u00e9ro de rentr\u00e9e de GQ Style ! Une premi\u00e8re pour l'artiste dont le travail se concentre sur la photographie d'architecture et de paysages urbains.\",\"breadcrumb\":{\"@id\":\"https:\\\/\\\/artistics.com\\\/fr\\\/artzine\\\/matthieu-venot-signe-la-couverture-de-gq-style\\\/#breadcrumb\"},\"inLanguage\":\"fr-FR\",\"potentialAction\":[{\"@type\":\"ReadAction\",\"target\":[\"https:\\\/\\\/artistics.com\\\/fr\\\/artzine\\\/matthieu-venot-signe-la-couverture-de-gq-style\\\/\"]}]},{\"@type\":\"ImageObject\",\"inLanguage\":\"fr-FR\",\"@id\":\"https:\\\/\\\/artistics.com\\\/fr\\\/artzine\\\/matthieu-venot-signe-la-couverture-de-gq-style\\\/#primaryimage\",\"url\":\"https:\\\/\\\/artistics.com\\\/wp-content\\\/uploads\\\/2023\\\/04\\\/mvxttc-vignette-def-min.png\",\"contentUrl\":\"https:\\\/\\\/artistics.com\\\/wp-content\\\/uploads\\\/2023\\\/04\\\/mvxttc-vignette-def-min.png\",\"width\":1992,\"height\":1282},{\"@type\":\"BreadcrumbList\",\"@id\":\"https:\\\/\\\/artistics.com\\\/fr\\\/artzine\\\/matthieu-venot-signe-la-couverture-de-gq-style\\\/#breadcrumb\",\"itemListElement\":[{\"@type\":\"ListItem\",\"position\":1,\"name\":\"Achat \u0153uvre d'art\",\"item\":\"https:\\\/\\\/artistics.com\\\/fr\\\/\"},{\"@type\":\"ListItem\",\"position\":2,\"name\":\"L\u2019actu de nos artistes\",\"item\":\"https:\\\/\\\/artistics.com\\\/fr\\\/artzine\\\/category\\\/actualites-de-nos-artistes\\\/\"},{\"@type\":\"ListItem\",\"position\":3,\"name\":\"Matthieu Venot signe la couverture de GQ Style !\"}]},{\"@type\":\"WebSite\",\"@id\":\"https:\\\/\\\/artistics.com\\\/fr\\\/#website\",\"url\":\"https:\\\/\\\/artistics.com\\\/fr\\\/\",\"name\":\"Artistics\",\"description\":\"The online art gallery\",\"publisher\":{\"@id\":\"https:\\\/\\\/artistics.com\\\/fr\\\/#organization\"},\"potentialAction\":[{\"@type\":\"SearchAction\",\"target\":{\"@type\":\"EntryPoint\",\"urlTemplate\":\"https:\\\/\\\/artistics.com\\\/fr\\\/?s={search_term_string}\"},\"query-input\":{\"@type\":\"PropertyValueSpecification\",\"valueRequired\":true,\"valueName\":\"search_term_string\"}}],\"inLanguage\":\"fr-FR\"},{\"@type\":\"Organization\",\"@id\":\"https:\\\/\\\/artistics.com\\\/fr\\\/#organization\",\"name\":\"Artistics\",\"url\":\"https:\\\/\\\/artistics.com\\\/fr\\\/\",\"logo\":{\"@type\":\"ImageObject\",\"inLanguage\":\"fr-FR\",\"@id\":\"https:\\\/\\\/artistics.com\\\/fr\\\/#\\\/schema\\\/logo\\\/image\\\/\",\"url\":\"https:\\\/\\\/artistics.com\\\/wp-content\\\/uploads\\\/2023\\\/02\\\/artistics-logo-web-1.svg\",\"contentUrl\":\"https:\\\/\\\/artistics.com\\\/wp-content\\\/uploads\\\/2023\\\/02\\\/artistics-logo-web-1.svg\",\"caption\":\"Artistics\"},\"image\":{\"@id\":\"https:\\\/\\\/artistics.com\\\/fr\\\/#\\\/schema\\\/logo\\\/image\\\/\"},\"sameAs\":[\"https:\\\/\\\/www.facebook.com\\\/ArtisticsMag\",\"https:\\\/\\\/x.com\\\/Artistics_FR\",\"http:\\\/\\\/www.linkedin.com\\\/company\\\/artistics\",\"https:\\\/\\\/www.instagram.com\\\/artistics_com\\\/\",\"http:\\\/\\\/www.pinterest.com\\\/ArtisticsMag\"],\"hasMerchantReturnPolicy\":{\"@type\":\"MerchantReturnPolicy\",\"merchantReturnLink\":\"https:\\\/\\\/artistics.com\\\/free-return-policy\\\/\"}},{\"@type\":\"Person\",\"@id\":\"https:\\\/\\\/artistics.com\\\/fr\\\/#\\\/schema\\\/person\\\/06ccbcd390d4be9b22fdc66fc2e78e6c\",\"name\":\"Hypso\",\"image\":{\"@type\":\"ImageObject\",\"inLanguage\":\"fr-FR\",\"@id\":\"https:\\\/\\\/secure.gravatar.com\\\/avatar\\\/df2518545b115be73a09aa9ed0fe74108171a89b0189073d31863a695ada9fcf?s=96&d=mm&r=g\",\"url\":\"https:\\\/\\\/secure.gravatar.com\\\/avatar\\\/df2518545b115be73a09aa9ed0fe74108171a89b0189073d31863a695ada9fcf?s=96&d=mm&r=g\",\"contentUrl\":\"https:\\\/\\\/secure.gravatar.com\\\/avatar\\\/df2518545b115be73a09aa9ed0fe74108171a89b0189073d31863a695ada9fcf?s=96&d=mm&r=g\",\"caption\":\"Hypso\"},\"sameAs\":[\"https:\\\/\\\/artistics.com\"]}]}<\/script>\n<!-- \/ Yoast SEO Premium plugin. -->","yoast_head_json":{"title":"Matthieu Venot signe la couverture de GQ Style !","description":"Matthieu Venot, dont nous vous pr\u00e9sentons le travail depuis bient\u00f4t 3 ans, signe le portrait de Tyler, The Creator en couverture du num\u00e9ro de rentr\u00e9e de GQ Style ! Une premi\u00e8re pour l'artiste dont le travail se concentre sur la photographie d'architecture et de paysages urbains.","robots":{"index":"index","follow":"follow","max-snippet":"max-snippet:-1","max-image-preview":"max-image-preview:large","max-video-preview":"max-video-preview:-1"},"canonical":"https:\/\/artistics.com\/fr\/artzine\/matthieu-venot-signe-la-couverture-de-gq-style\/","og_locale":"fr_FR","og_type":"article","og_title":"Matthieu Venot signe la couverture de GQ Style !","og_description":"Matthieu Venot, dont nous vous pr\u00e9sentons le travail depuis bient\u00f4t 3 ans, signe le portrait de Tyler, The Creator en couverture du num\u00e9ro de rentr\u00e9e de GQ Style ! Une premi\u00e8re pour l'artiste dont le travail se concentre sur la photographie d'architecture et de paysages urbains.","og_url":"https:\/\/artistics.com\/fr\/artzine\/matthieu-venot-signe-la-couverture-de-gq-style\/","og_site_name":"Artistics","article_publisher":"https:\/\/www.facebook.com\/ArtisticsMag","article_published_time":"2018-09-03T15:44:11+00:00","article_modified_time":"2023-07-06T08:34:54+00:00","og_image":[{"width":1992,"height":1282,"url":"https:\/\/artistics.com\/wp-content\/uploads\/2023\/04\/mvxttc-vignette-def-min.png","type":"image\/png"}],"author":"Hypso","twitter_card":"summary_large_image","twitter_creator":"@Artistics_FR","twitter_site":"@Artistics_FR","twitter_misc":{"\u00c9crit par":"Hypso","Dur\u00e9e de lecture estim\u00e9e":"2 minutes"},"schema":{"@context":"https:\/\/schema.org","@graph":[{"@type":["Article","BlogPosting"],"@id":"https:\/\/artistics.com\/fr\/artzine\/matthieu-venot-signe-la-couverture-de-gq-style\/#article","isPartOf":{"@id":"https:\/\/artistics.com\/fr\/artzine\/matthieu-venot-signe-la-couverture-de-gq-style\/"},"author":{"name":"Hypso","@id":"https:\/\/artistics.com\/fr\/#\/schema\/person\/06ccbcd390d4be9b22fdc66fc2e78e6c"},"headline":"Matthieu Venot signe la couverture de GQ Style !","datePublished":"2018-09-03T15:44:11+00:00","dateModified":"2023-07-06T08:34:54+00:00","mainEntityOfPage":{"@id":"https:\/\/artistics.com\/fr\/artzine\/matthieu-venot-signe-la-couverture-de-gq-style\/"},"wordCount":322,"commentCount":0,"publisher":{"@id":"https:\/\/artistics.com\/fr\/#organization"},"image":{"@id":"https:\/\/artistics.com\/fr\/artzine\/matthieu-venot-signe-la-couverture-de-gq-style\/#primaryimage"},"thumbnailUrl":"https:\/\/artistics.com\/wp-content\/uploads\/2023\/04\/mvxttc-vignette-def-min.png","keywords":["Portrait et figure"],"articleSection":["L\u2019actu de nos artistes"],"inLanguage":"fr-FR","potentialAction":[{"@type":"CommentAction","name":"Comment","target":["https:\/\/artistics.com\/fr\/artzine\/matthieu-venot-signe-la-couverture-de-gq-style\/#respond"]}]},{"@type":"WebPage","@id":"https:\/\/artistics.com\/fr\/artzine\/matthieu-venot-signe-la-couverture-de-gq-style\/","url":"https:\/\/artistics.com\/fr\/artzine\/matthieu-venot-signe-la-couverture-de-gq-style\/","name":"Matthieu Venot signe la couverture de GQ Style !","isPartOf":{"@id":"https:\/\/artistics.com\/fr\/#website"},"primaryImageOfPage":{"@id":"https:\/\/artistics.com\/fr\/artzine\/matthieu-venot-signe-la-couverture-de-gq-style\/#primaryimage"},"image":{"@id":"https:\/\/artistics.com\/fr\/artzine\/matthieu-venot-signe-la-couverture-de-gq-style\/#primaryimage"},"thumbnailUrl":"https:\/\/artistics.com\/wp-content\/uploads\/2023\/04\/mvxttc-vignette-def-min.png","datePublished":"2018-09-03T15:44:11+00:00","dateModified":"2023-07-06T08:34:54+00:00","description":"Matthieu Venot, dont nous vous pr\u00e9sentons le travail depuis bient\u00f4t 3 ans, signe le portrait de Tyler, The Creator en couverture du num\u00e9ro de rentr\u00e9e de GQ Style ! Une premi\u00e8re pour l'artiste dont le travail se concentre sur la photographie d'architecture et de paysages urbains.","breadcrumb":{"@id":"https:\/\/artistics.com\/fr\/artzine\/matthieu-venot-signe-la-couverture-de-gq-style\/#breadcrumb"},"inLanguage":"fr-FR","potentialAction":[{"@type":"ReadAction","target":["https:\/\/artistics.com\/fr\/artzine\/matthieu-venot-signe-la-couverture-de-gq-style\/"]}]},{"@type":"ImageObject","inLanguage":"fr-FR","@id":"https:\/\/artistics.com\/fr\/artzine\/matthieu-venot-signe-la-couverture-de-gq-style\/#primaryimage","url":"https:\/\/artistics.com\/wp-content\/uploads\/2023\/04\/mvxttc-vignette-def-min.png","contentUrl":"https:\/\/artistics.com\/wp-content\/uploads\/2023\/04\/mvxttc-vignette-def-min.png","width":1992,"height":1282},{"@type":"BreadcrumbList","@id":"https:\/\/artistics.com\/fr\/artzine\/matthieu-venot-signe-la-couverture-de-gq-style\/#breadcrumb","itemListElement":[{"@type":"ListItem","position":1,"name":"Achat \u0153uvre d'art","item":"https:\/\/artistics.com\/fr\/"},{"@type":"ListItem","position":2,"name":"L\u2019actu de nos artistes","item":"https:\/\/artistics.com\/fr\/artzine\/category\/actualites-de-nos-artistes\/"},{"@type":"ListItem","position":3,"name":"Matthieu Venot signe la couverture de GQ Style !"}]},{"@type":"WebSite","@id":"https:\/\/artistics.com\/fr\/#website","url":"https:\/\/artistics.com\/fr\/","name":"Artistics","description":"The online art gallery","publisher":{"@id":"https:\/\/artistics.com\/fr\/#organization"},"potentialAction":[{"@type":"SearchAction","target":{"@type":"EntryPoint","urlTemplate":"https:\/\/artistics.com\/fr\/?s={search_term_string}"},"query-input":{"@type":"PropertyValueSpecification","valueRequired":true,"valueName":"search_term_string"}}],"inLanguage":"fr-FR"},{"@type":"Organization","@id":"https:\/\/artistics.com\/fr\/#organization","name":"Artistics","url":"https:\/\/artistics.com\/fr\/","logo":{"@type":"ImageObject","inLanguage":"fr-FR","@id":"https:\/\/artistics.com\/fr\/#\/schema\/logo\/image\/","url":"https:\/\/artistics.com\/wp-content\/uploads\/2023\/02\/artistics-logo-web-1.svg","contentUrl":"https:\/\/artistics.com\/wp-content\/uploads\/2023\/02\/artistics-logo-web-1.svg","caption":"Artistics"},"image":{"@id":"https:\/\/artistics.com\/fr\/#\/schema\/logo\/image\/"},"sameAs":["https:\/\/www.facebook.com\/ArtisticsMag","https:\/\/x.com\/Artistics_FR","http:\/\/www.linkedin.com\/company\/artistics","https:\/\/www.instagram.com\/artistics_com\/","http:\/\/www.pinterest.com\/ArtisticsMag"],"hasMerchantReturnPolicy":{"@type":"MerchantReturnPolicy","merchantReturnLink":"https:\/\/artistics.com\/free-return-policy\/"}},{"@type":"Person","@id":"https:\/\/artistics.com\/fr\/#\/schema\/person\/06ccbcd390d4be9b22fdc66fc2e78e6c","name":"Hypso","image":{"@type":"ImageObject","inLanguage":"fr-FR","@id":"https:\/\/secure.gravatar.com\/avatar\/df2518545b115be73a09aa9ed0fe74108171a89b0189073d31863a695ada9fcf?s=96&d=mm&r=g","url":"https:\/\/secure.gravatar.com\/avatar\/df2518545b115be73a09aa9ed0fe74108171a89b0189073d31863a695ada9fcf?s=96&d=mm&r=g","contentUrl":"https:\/\/secure.gravatar.com\/avatar\/df2518545b115be73a09aa9ed0fe74108171a89b0189073d31863a695ada9fcf?s=96&d=mm&r=g","caption":"Hypso"},"sameAs":["https:\/\/artistics.com"]}]}},"_links":{"self":[{"href":"https:\/\/artistics.com\/fr\/wp-json\/wp\/v2\/posts\/5619","targetHints":{"allow":["GET"]}}],"collection":[{"href":"https:\/\/artistics.com\/fr\/wp-json\/wp\/v2\/posts"}],"about":[{"href":"https:\/\/artistics.com\/fr\/wp-json\/wp\/v2\/types\/post"}],"author":[{"embeddable":true,"href":"https:\/\/artistics.com\/fr\/wp-json\/wp\/v2\/users\/1"}],"replies":[{"embeddable":true,"href":"https:\/\/artistics.com\/fr\/wp-json\/wp\/v2\/comments?post=5619"}],"version-history":[{"count":2,"href":"https:\/\/artistics.com\/fr\/wp-json\/wp\/v2\/posts\/5619\/revisions"}],"predecessor-version":[{"id":36176,"href":"https:\/\/artistics.com\/fr\/wp-json\/wp\/v2\/posts\/5619\/revisions\/36176"}],"wp:featuredmedia":[{"embeddable":true,"href":"https:\/\/artistics.com\/fr\/wp-json\/wp\/v2\/media\/4000"}],"wp:attachment":[{"href":"https:\/\/artistics.com\/fr\/wp-json\/wp\/v2\/media?parent=5619"}],"wp:term":[{"taxonomy":"category","embeddable":true,"href":"https:\/\/artistics.com\/fr\/wp-json\/wp\/v2\/categories?post=5619"},{"taxonomy":"post_tag","embeddable":true,"href":"https:\/\/artistics.com\/fr\/wp-json\/wp\/v2\/tags?post=5619"}],"curies":[{"name":"wp","href":"https:\/\/api.w.org\/{rel}","templated":true}]}}