{"id":5495,"date":"2017-11-02T17:59:06","date_gmt":"2017-11-02T16:59:06","guid":{"rendered":"https:\/\/2022.devartistics.com\/artzine\/rendez-vous-a-fotofever\/"},"modified":"2023-04-13T03:51:07","modified_gmt":"2023-04-13T01:51:07","slug":"rendez-vous-a-fotofever","status":"publish","type":"post","link":"https:\/\/artistics.com\/fr\/artzine\/rendez-vous-a-fotofever\/","title":{"rendered":"Rendez-vous \u00e0 Fotofever"},"content":{"rendered":"<p ><strong><span >Vous aimez la photographie contemporaine et vous \u00eates amateur de d\u00e9couvertes ? Venez visiter notre stand (n\u00b0208) \u00e0 Fotofever Paris du 10 au 12 novembre prochains.<\/span><\/strong><\/p>\n<p><span >Nous y pr\u00e9senterons pour la premi\u00e8re fois en France la s\u00e9rie Affinity du photographe am\u00e9ricain <a href=\"\/?p=2786\" target=\"_blank\" rel=\"noopener\">Brad Wilson<\/a>, ainsi que la s\u00e9rie Snj\u00f3r du Fran\u00e7ais <a href=\"https:\/\/artistics.com\/fr\/?post_type=artist&#038;p=2754\" target=\"_blank\" rel=\"noopener\">Christophe Jacrot<\/a>. Deux d\u00e9marches totalement diff\u00e9rentes que nous avons choisi de r\u00e9unir autour de la\u00a0 th\u00e9matique Espaces\/Esp\u00e8ces : avec Snj\u00f3r, Christophe Jacrot nous emm\u00e8ne \u00e0 la d\u00e9couverte des vastes \u00e9tendues glac\u00e9es de l&rsquo;Islande, dans la neige et le froid. Brad Wilson, \u00e0 l&rsquo;inverse, invite la nature sauvage dans son studio, en r\u00e9alisant de troublants portraits d&rsquo;animaux de toutes esp\u00e8ces.<\/span><\/p>\n<p><span >Nous serons heureux de vous accueillir tout au long de ces trois jours pour vous faire partager leur d\u00e9marche. Venez nombreux ! <\/span><\/p>\n<p><\/p>\n<p ><a href=\"\/?p=28338\" target=\"_blank\" rel=\"noopener\"><span ><strong><span ><img decoding=\"async\" src=\"https:\/\/artistics.com\/wp-content\/uploads\/2023\/04\/mandrill-1-by-brad-wilson_5_0.jpg\" alt=\"\" width=\"620\" height=\"415\" \/><\/span><\/strong><\/span><\/a><\/p>\n<p ><span ><strong><span >Affinity, de Brad Wilson : les yeux dans les yeux avec la faune sauvage.<\/span><\/strong><\/span><\/p>\n<p><span >Avec sa s\u00e9rie \u00ab\u00a0Affinity\u00a0\u00bb, initi\u00e9e en 2010, <a href=\"\/?p=2786\" target=\"_blank\" rel=\"noopener\">Brad Wilson<\/a> tourne le dos aux codes de la photographie animali\u00e8re et invente une nouvelle fa\u00e7on de portraiturer les animaux.<\/span><\/p>\n<p><span >Ses tirages grand format procurent au spectateur un \u00e9trange sentiment de proximit\u00e9 avec les animaux sauvages qu&rsquo;il photographie en studio : surgissant d&rsquo;un fond intens\u00e9ment noir, ils semblent nous interroger sur notre condition humaine, que nous opposons si souvent \u00e0 la condition animale, comme pour nous rappeler que nous faisons partie d&rsquo;une biodiversit\u00e9 vivante, admirablement riche et interconnect\u00e9e.<\/span><\/p>\n<p >\u00a0<\/p>\n<p ><a href=\"https:\/\/artistics.com\/fr\/?post_type=product&#038;p=21957\" target=\"_blank\" rel=\"noopener\"><span ><strong><span ><img decoding=\"async\" src=\"https:\/\/artistics.com\/wp-content\/uploads\/2023\/04\/maison-rouge-by-christophe-jacrot_0.jpg\" alt=\"\" width=\"620\" height=\"413\" \/><\/span><\/strong><\/span><\/a><\/p>\n<p ><span ><strong><span >Snj\u00f3r, de Christophe Jacrot : promenade solitaire \u00e0 travers l&rsquo;Islande enneig\u00e9e.<\/span><\/strong><\/span><\/p>\n<p><span >Apr\u00e8s avoir photographi\u00e9 les m\u00e9gapoles de l&rsquo;h\u00e9misph\u00e8re nord (New York, Hong Kong, Paris\u2026) transfigur\u00e9es par les intemp\u00e9ries, <a href=\"https:\/\/artistics.com\/fr\/?post_type=artist&#038;p=2754\" target=\"_blank\" rel=\"noopener\">Christophe Jacrot<\/a> a choisi de s&rsquo;int\u00e9resser aux grands espaces. Entre fin 2014 et mi 2016, il s&rsquo;est rendu \u00e0 6 reprises en Islande, pouss\u00e9 par cette interrogation : avec le r\u00e9chauffement climatique, peut-on encore photographier en Europe \u00ab\u00a0un hiver&#8230; qui ressemble \u00e0 l&rsquo;hiver\u00a0\u00bb ?<\/span><\/p>\n<p><span >Loin des gratte-ciel triomphants de ses pr\u00e9c\u00e9dentes s\u00e9ries, de modestes habitations isol\u00e9es semblent ici chercher leur place entre un sol glac\u00e9 et un ciel pr\u00eat \u00e0 les \u00e9craser. La mer et la montagne se rencontrent pour composer des paysages presque abstraits, toujours d&rsquo;une beaut\u00e9 \u00e0 couper le souffle.<\/span><\/p>\n<p><span >La s\u00e9rie SNJOR a donn\u00e9 lieu \u00e0 la publication d&rsquo;un livre aux \u00e9ditions h&rsquo;Artpon, que Christophe Jacrot d\u00e9dicacera sur le salon Fotofever, le <strong>vendredi 10 novembre \u00e0 17h00<\/strong>.<\/span><\/p>\n","protected":false},"excerpt":{"rendered":"<p>Artistics vous donne rendez-vous  du 10 au 12 novembre prochains au Carrousel du Louvre, \u00e0 Paris, pour sa troisi\u00e8me participation au salon Fotofever.<\/p>\n","protected":false},"author":2,"featured_media":3960,"comment_status":"open","ping_status":"open","sticky":false,"template":"","format":"standard","meta":{"_acf_changed":false,"_searchwp_excluded":"","inline_featured_image":false,"footnotes":""},"categories":[1183],"tags":[],"class_list":["post-5495","post","type-post","status-publish","format-standard","has-post-thumbnail","hentry","category-la-vie-de-la-galerie"],"acf":[],"yoast_head":"<!-- This site is optimized with the Yoast SEO Premium plugin v28.3 (Yoast SEO v28.3) - https:\/\/yoast.com\/product\/yoast-seo-premium-wordpress\/ -->\n<title>Rendez-vous \u00e0 Fotofever<\/title>\n<meta name=\"description\" content=\"Artistics vous donne rendez-vous du 10 au 12 novembre prochains au Carrousel du Louvre, \u00e0 Paris, pour sa troisi\u00e8me participation au salon Fotofever.\" \/>\n<meta name=\"robots\" content=\"index, follow, max-snippet:-1, max-image-preview:large, max-video-preview:-1\" \/>\n<link rel=\"canonical\" href=\"https:\/\/artistics.com\/fr\/artzine\/rendez-vous-a-fotofever\/\" \/>\n<meta property=\"og:locale\" content=\"fr_FR\" \/>\n<meta property=\"og:type\" content=\"article\" \/>\n<meta property=\"og:title\" content=\"Rendez-vous \u00e0 Fotofever\" \/>\n<meta property=\"og:description\" content=\"Artistics vous donne rendez-vous du 10 au 12 novembre prochains au Carrousel du Louvre, \u00e0 Paris, pour sa troisi\u00e8me participation au salon Fotofever.\" \/>\n<meta property=\"og:url\" content=\"https:\/\/artistics.com\/fr\/artzine\/rendez-vous-a-fotofever\/\" \/>\n<meta property=\"og:site_name\" content=\"Artistics\" \/>\n<meta property=\"article:publisher\" content=\"https:\/\/www.facebook.com\/ArtisticsMag\" \/>\n<meta property=\"article:published_time\" content=\"2017-11-02T16:59:06+00:00\" \/>\n<meta property=\"article:modified_time\" content=\"2023-04-13T01:51:07+00:00\" \/>\n<meta property=\"og:image\" content=\"https:\/\/artistics.com\/wp-content\/uploads\/2023\/04\/ftfvr-vigentte.png\" \/>\n\t<meta property=\"og:image:width\" content=\"788\" \/>\n\t<meta property=\"og:image:height\" content=\"592\" \/>\n\t<meta property=\"og:image:type\" content=\"image\/png\" \/>\n<meta name=\"author\" content=\"Eleonora Fontana\" \/>\n<meta name=\"twitter:card\" content=\"summary_large_image\" \/>\n<meta name=\"twitter:creator\" content=\"@Artistics_FR\" \/>\n<meta name=\"twitter:site\" content=\"@Artistics_FR\" \/>\n<meta name=\"twitter:label1\" content=\"\u00c9crit par\" \/>\n\t<meta name=\"twitter:data1\" content=\"Eleonora Fontana\" \/>\n\t<meta name=\"twitter:label2\" content=\"Dur\u00e9e de lecture estim\u00e9e\" \/>\n\t<meta name=\"twitter:data2\" content=\"2 minutes\" \/>\n<script type=\"application\/ld+json\" class=\"yoast-schema-graph\">{\"@context\":\"https:\\\/\\\/schema.org\",\"@graph\":[{\"@type\":[\"Article\",\"BlogPosting\"],\"@id\":\"https:\\\/\\\/artistics.com\\\/fr\\\/artzine\\\/rendez-vous-a-fotofever\\\/#article\",\"isPartOf\":{\"@id\":\"https:\\\/\\\/artistics.com\\\/fr\\\/artzine\\\/rendez-vous-a-fotofever\\\/\"},\"author\":{\"name\":\"Eleonora Fontana\",\"@id\":\"https:\\\/\\\/artistics.com\\\/fr\\\/#\\\/schema\\\/person\\\/a39d54f18b4c5fe4a0de78e3f9236993\"},\"headline\":\"Rendez-vous \u00e0 Fotofever\",\"datePublished\":\"2017-11-02T16:59:06+00:00\",\"dateModified\":\"2023-04-13T01:51:07+00:00\",\"mainEntityOfPage\":{\"@id\":\"https:\\\/\\\/artistics.com\\\/fr\\\/artzine\\\/rendez-vous-a-fotofever\\\/\"},\"wordCount\":412,\"commentCount\":0,\"publisher\":{\"@id\":\"https:\\\/\\\/artistics.com\\\/fr\\\/#organization\"},\"image\":{\"@id\":\"https:\\\/\\\/artistics.com\\\/fr\\\/artzine\\\/rendez-vous-a-fotofever\\\/#primaryimage\"},\"thumbnailUrl\":\"https:\\\/\\\/artistics.com\\\/wp-content\\\/uploads\\\/2023\\\/04\\\/ftfvr-vigentte.png\",\"articleSection\":[\"La vie de la galerie\"],\"inLanguage\":\"fr-FR\",\"potentialAction\":[{\"@type\":\"CommentAction\",\"name\":\"Comment\",\"target\":[\"https:\\\/\\\/artistics.com\\\/fr\\\/artzine\\\/rendez-vous-a-fotofever\\\/#respond\"]}]},{\"@type\":\"WebPage\",\"@id\":\"https:\\\/\\\/artistics.com\\\/fr\\\/artzine\\\/rendez-vous-a-fotofever\\\/\",\"url\":\"https:\\\/\\\/artistics.com\\\/fr\\\/artzine\\\/rendez-vous-a-fotofever\\\/\",\"name\":\"Rendez-vous \u00e0 Fotofever\",\"isPartOf\":{\"@id\":\"https:\\\/\\\/artistics.com\\\/fr\\\/#website\"},\"primaryImageOfPage\":{\"@id\":\"https:\\\/\\\/artistics.com\\\/fr\\\/artzine\\\/rendez-vous-a-fotofever\\\/#primaryimage\"},\"image\":{\"@id\":\"https:\\\/\\\/artistics.com\\\/fr\\\/artzine\\\/rendez-vous-a-fotofever\\\/#primaryimage\"},\"thumbnailUrl\":\"https:\\\/\\\/artistics.com\\\/wp-content\\\/uploads\\\/2023\\\/04\\\/ftfvr-vigentte.png\",\"datePublished\":\"2017-11-02T16:59:06+00:00\",\"dateModified\":\"2023-04-13T01:51:07+00:00\",\"description\":\"Artistics vous donne rendez-vous du 10 au 12 novembre prochains au Carrousel du Louvre, \u00e0 Paris, pour sa troisi\u00e8me participation au salon Fotofever.\",\"breadcrumb\":{\"@id\":\"https:\\\/\\\/artistics.com\\\/fr\\\/artzine\\\/rendez-vous-a-fotofever\\\/#breadcrumb\"},\"inLanguage\":\"fr-FR\",\"potentialAction\":[{\"@type\":\"ReadAction\",\"target\":[\"https:\\\/\\\/artistics.com\\\/fr\\\/artzine\\\/rendez-vous-a-fotofever\\\/\"]}]},{\"@type\":\"ImageObject\",\"inLanguage\":\"fr-FR\",\"@id\":\"https:\\\/\\\/artistics.com\\\/fr\\\/artzine\\\/rendez-vous-a-fotofever\\\/#primaryimage\",\"url\":\"https:\\\/\\\/artistics.com\\\/wp-content\\\/uploads\\\/2023\\\/04\\\/ftfvr-vigentte.png\",\"contentUrl\":\"https:\\\/\\\/artistics.com\\\/wp-content\\\/uploads\\\/2023\\\/04\\\/ftfvr-vigentte.png\",\"width\":788,\"height\":592},{\"@type\":\"BreadcrumbList\",\"@id\":\"https:\\\/\\\/artistics.com\\\/fr\\\/artzine\\\/rendez-vous-a-fotofever\\\/#breadcrumb\",\"itemListElement\":[{\"@type\":\"ListItem\",\"position\":1,\"name\":\"Achat \u0153uvre d'art\",\"item\":\"https:\\\/\\\/artistics.com\\\/fr\\\/\"},{\"@type\":\"ListItem\",\"position\":2,\"name\":\"La vie de la galerie\",\"item\":\"https:\\\/\\\/artistics.com\\\/fr\\\/artzine\\\/category\\\/la-vie-de-la-galerie\\\/\"},{\"@type\":\"ListItem\",\"position\":3,\"name\":\"Rendez-vous \u00e0 Fotofever\"}]},{\"@type\":\"WebSite\",\"@id\":\"https:\\\/\\\/artistics.com\\\/fr\\\/#website\",\"url\":\"https:\\\/\\\/artistics.com\\\/fr\\\/\",\"name\":\"Artistics\",\"description\":\"Contemporary art gallery\",\"publisher\":{\"@id\":\"https:\\\/\\\/artistics.com\\\/fr\\\/#organization\"},\"potentialAction\":[{\"@type\":\"SearchAction\",\"target\":{\"@type\":\"EntryPoint\",\"urlTemplate\":\"https:\\\/\\\/artistics.com\\\/fr\\\/?s={search_term_string}\"},\"query-input\":{\"@type\":\"PropertyValueSpecification\",\"valueRequired\":true,\"valueName\":\"search_term_string\"}}],\"inLanguage\":\"fr-FR\"},{\"@type\":\"Organization\",\"@id\":\"https:\\\/\\\/artistics.com\\\/fr\\\/#organization\",\"name\":\"Artistics\",\"url\":\"https:\\\/\\\/artistics.com\\\/fr\\\/\",\"logo\":{\"@type\":\"ImageObject\",\"inLanguage\":\"fr-FR\",\"@id\":\"https:\\\/\\\/artistics.com\\\/fr\\\/#\\\/schema\\\/logo\\\/image\\\/\",\"url\":\"https:\\\/\\\/artistics.com\\\/wp-content\\\/uploads\\\/2026\\\/06\\\/artistics-logo-web-2.svg\",\"contentUrl\":\"https:\\\/\\\/artistics.com\\\/wp-content\\\/uploads\\\/2026\\\/06\\\/artistics-logo-web-2.svg\",\"width\":100,\"height\":100,\"caption\":\"Artistics\"},\"image\":{\"@id\":\"https:\\\/\\\/artistics.com\\\/fr\\\/#\\\/schema\\\/logo\\\/image\\\/\"},\"sameAs\":[\"https:\\\/\\\/www.facebook.com\\\/ArtisticsMag\",\"https:\\\/\\\/x.com\\\/Artistics_FR\",\"http:\\\/\\\/www.linkedin.com\\\/company\\\/artistics\",\"https:\\\/\\\/www.instagram.com\\\/artistics_com\\\/\",\"http:\\\/\\\/www.pinterest.com\\\/ArtisticsMag\"],\"hasMerchantReturnPolicy\":{\"@type\":\"MerchantReturnPolicy\",\"merchantReturnLink\":\"https:\\\/\\\/artistics.com\\\/free-return-policy\\\/\"}},{\"@type\":\"Person\",\"@id\":\"https:\\\/\\\/artistics.com\\\/fr\\\/#\\\/schema\\\/person\\\/a39d54f18b4c5fe4a0de78e3f9236993\",\"name\":\"Eleonora Fontana\",\"image\":{\"@type\":\"ImageObject\",\"inLanguage\":\"fr-FR\",\"@id\":\"https:\\\/\\\/secure.gravatar.com\\\/avatar\\\/c15608b0600d759a03e927302242286e2f196b9d8abb87856fc3a3087c242f7b?s=96&d=mm&r=g\",\"url\":\"https:\\\/\\\/secure.gravatar.com\\\/avatar\\\/c15608b0600d759a03e927302242286e2f196b9d8abb87856fc3a3087c242f7b?s=96&d=mm&r=g\",\"contentUrl\":\"https:\\\/\\\/secure.gravatar.com\\\/avatar\\\/c15608b0600d759a03e927302242286e2f196b9d8abb87856fc3a3087c242f7b?s=96&d=mm&r=g\",\"caption\":\"Eleonora Fontana\"}}]}<\/script>\n<!-- \/ Yoast SEO Premium plugin. -->","yoast_head_json":{"title":"Rendez-vous \u00e0 Fotofever","description":"Artistics vous donne rendez-vous du 10 au 12 novembre prochains au Carrousel du Louvre, \u00e0 Paris, pour sa troisi\u00e8me participation au salon Fotofever.","robots":{"index":"index","follow":"follow","max-snippet":"max-snippet:-1","max-image-preview":"max-image-preview:large","max-video-preview":"max-video-preview:-1"},"canonical":"https:\/\/artistics.com\/fr\/artzine\/rendez-vous-a-fotofever\/","og_locale":"fr_FR","og_type":"article","og_title":"Rendez-vous \u00e0 Fotofever","og_description":"Artistics vous donne rendez-vous du 10 au 12 novembre prochains au Carrousel du Louvre, \u00e0 Paris, pour sa troisi\u00e8me participation au salon Fotofever.","og_url":"https:\/\/artistics.com\/fr\/artzine\/rendez-vous-a-fotofever\/","og_site_name":"Artistics","article_publisher":"https:\/\/www.facebook.com\/ArtisticsMag","article_published_time":"2017-11-02T16:59:06+00:00","article_modified_time":"2023-04-13T01:51:07+00:00","og_image":[{"width":788,"height":592,"url":"https:\/\/artistics.com\/wp-content\/uploads\/2023\/04\/ftfvr-vigentte.png","type":"image\/png"}],"author":"Eleonora Fontana","twitter_card":"summary_large_image","twitter_creator":"@Artistics_FR","twitter_site":"@Artistics_FR","twitter_misc":{"\u00c9crit par":"Eleonora Fontana","Dur\u00e9e de lecture estim\u00e9e":"2 minutes"},"schema":{"@context":"https:\/\/schema.org","@graph":[{"@type":["Article","BlogPosting"],"@id":"https:\/\/artistics.com\/fr\/artzine\/rendez-vous-a-fotofever\/#article","isPartOf":{"@id":"https:\/\/artistics.com\/fr\/artzine\/rendez-vous-a-fotofever\/"},"author":{"name":"Eleonora Fontana","@id":"https:\/\/artistics.com\/fr\/#\/schema\/person\/a39d54f18b4c5fe4a0de78e3f9236993"},"headline":"Rendez-vous \u00e0 Fotofever","datePublished":"2017-11-02T16:59:06+00:00","dateModified":"2023-04-13T01:51:07+00:00","mainEntityOfPage":{"@id":"https:\/\/artistics.com\/fr\/artzine\/rendez-vous-a-fotofever\/"},"wordCount":412,"commentCount":0,"publisher":{"@id":"https:\/\/artistics.com\/fr\/#organization"},"image":{"@id":"https:\/\/artistics.com\/fr\/artzine\/rendez-vous-a-fotofever\/#primaryimage"},"thumbnailUrl":"https:\/\/artistics.com\/wp-content\/uploads\/2023\/04\/ftfvr-vigentte.png","articleSection":["La vie de la galerie"],"inLanguage":"fr-FR","potentialAction":[{"@type":"CommentAction","name":"Comment","target":["https:\/\/artistics.com\/fr\/artzine\/rendez-vous-a-fotofever\/#respond"]}]},{"@type":"WebPage","@id":"https:\/\/artistics.com\/fr\/artzine\/rendez-vous-a-fotofever\/","url":"https:\/\/artistics.com\/fr\/artzine\/rendez-vous-a-fotofever\/","name":"Rendez-vous \u00e0 Fotofever","isPartOf":{"@id":"https:\/\/artistics.com\/fr\/#website"},"primaryImageOfPage":{"@id":"https:\/\/artistics.com\/fr\/artzine\/rendez-vous-a-fotofever\/#primaryimage"},"image":{"@id":"https:\/\/artistics.com\/fr\/artzine\/rendez-vous-a-fotofever\/#primaryimage"},"thumbnailUrl":"https:\/\/artistics.com\/wp-content\/uploads\/2023\/04\/ftfvr-vigentte.png","datePublished":"2017-11-02T16:59:06+00:00","dateModified":"2023-04-13T01:51:07+00:00","description":"Artistics vous donne rendez-vous du 10 au 12 novembre prochains au Carrousel du Louvre, \u00e0 Paris, pour sa troisi\u00e8me participation au salon Fotofever.","breadcrumb":{"@id":"https:\/\/artistics.com\/fr\/artzine\/rendez-vous-a-fotofever\/#breadcrumb"},"inLanguage":"fr-FR","potentialAction":[{"@type":"ReadAction","target":["https:\/\/artistics.com\/fr\/artzine\/rendez-vous-a-fotofever\/"]}]},{"@type":"ImageObject","inLanguage":"fr-FR","@id":"https:\/\/artistics.com\/fr\/artzine\/rendez-vous-a-fotofever\/#primaryimage","url":"https:\/\/artistics.com\/wp-content\/uploads\/2023\/04\/ftfvr-vigentte.png","contentUrl":"https:\/\/artistics.com\/wp-content\/uploads\/2023\/04\/ftfvr-vigentte.png","width":788,"height":592},{"@type":"BreadcrumbList","@id":"https:\/\/artistics.com\/fr\/artzine\/rendez-vous-a-fotofever\/#breadcrumb","itemListElement":[{"@type":"ListItem","position":1,"name":"Achat \u0153uvre d'art","item":"https:\/\/artistics.com\/fr\/"},{"@type":"ListItem","position":2,"name":"La vie de la galerie","item":"https:\/\/artistics.com\/fr\/artzine\/category\/la-vie-de-la-galerie\/"},{"@type":"ListItem","position":3,"name":"Rendez-vous \u00e0 Fotofever"}]},{"@type":"WebSite","@id":"https:\/\/artistics.com\/fr\/#website","url":"https:\/\/artistics.com\/fr\/","name":"Artistics","description":"Contemporary art gallery","publisher":{"@id":"https:\/\/artistics.com\/fr\/#organization"},"potentialAction":[{"@type":"SearchAction","target":{"@type":"EntryPoint","urlTemplate":"https:\/\/artistics.com\/fr\/?s={search_term_string}"},"query-input":{"@type":"PropertyValueSpecification","valueRequired":true,"valueName":"search_term_string"}}],"inLanguage":"fr-FR"},{"@type":"Organization","@id":"https:\/\/artistics.com\/fr\/#organization","name":"Artistics","url":"https:\/\/artistics.com\/fr\/","logo":{"@type":"ImageObject","inLanguage":"fr-FR","@id":"https:\/\/artistics.com\/fr\/#\/schema\/logo\/image\/","url":"https:\/\/artistics.com\/wp-content\/uploads\/2026\/06\/artistics-logo-web-2.svg","contentUrl":"https:\/\/artistics.com\/wp-content\/uploads\/2026\/06\/artistics-logo-web-2.svg","width":100,"height":100,"caption":"Artistics"},"image":{"@id":"https:\/\/artistics.com\/fr\/#\/schema\/logo\/image\/"},"sameAs":["https:\/\/www.facebook.com\/ArtisticsMag","https:\/\/x.com\/Artistics_FR","http:\/\/www.linkedin.com\/company\/artistics","https:\/\/www.instagram.com\/artistics_com\/","http:\/\/www.pinterest.com\/ArtisticsMag"],"hasMerchantReturnPolicy":{"@type":"MerchantReturnPolicy","merchantReturnLink":"https:\/\/artistics.com\/free-return-policy\/"}},{"@type":"Person","@id":"https:\/\/artistics.com\/fr\/#\/schema\/person\/a39d54f18b4c5fe4a0de78e3f9236993","name":"Eleonora Fontana","image":{"@type":"ImageObject","inLanguage":"fr-FR","@id":"https:\/\/secure.gravatar.com\/avatar\/c15608b0600d759a03e927302242286e2f196b9d8abb87856fc3a3087c242f7b?s=96&d=mm&r=g","url":"https:\/\/secure.gravatar.com\/avatar\/c15608b0600d759a03e927302242286e2f196b9d8abb87856fc3a3087c242f7b?s=96&d=mm&r=g","contentUrl":"https:\/\/secure.gravatar.com\/avatar\/c15608b0600d759a03e927302242286e2f196b9d8abb87856fc3a3087c242f7b?s=96&d=mm&r=g","caption":"Eleonora Fontana"}}]}},"_links":{"self":[{"href":"https:\/\/artistics.com\/fr\/wp-json\/wp\/v2\/posts\/5495","targetHints":{"allow":["GET"]}}],"collection":[{"href":"https:\/\/artistics.com\/fr\/wp-json\/wp\/v2\/posts"}],"about":[{"href":"https:\/\/artistics.com\/fr\/wp-json\/wp\/v2\/types\/post"}],"author":[{"embeddable":true,"href":"https:\/\/artistics.com\/fr\/wp-json\/wp\/v2\/users\/2"}],"replies":[{"embeddable":true,"href":"https:\/\/artistics.com\/fr\/wp-json\/wp\/v2\/comments?post=5495"}],"version-history":[{"count":0,"href":"https:\/\/artistics.com\/fr\/wp-json\/wp\/v2\/posts\/5495\/revisions"}],"wp:featuredmedia":[{"embeddable":true,"href":"https:\/\/artistics.com\/fr\/wp-json\/wp\/v2\/media\/3960"}],"wp:attachment":[{"href":"https:\/\/artistics.com\/fr\/wp-json\/wp\/v2\/media?parent=5495"}],"wp:term":[{"taxonomy":"category","embeddable":true,"href":"https:\/\/artistics.com\/fr\/wp-json\/wp\/v2\/categories?post=5495"},{"taxonomy":"post_tag","embeddable":true,"href":"https:\/\/artistics.com\/fr\/wp-json\/wp\/v2\/tags?post=5495"}],"curies":[{"name":"wp","href":"https:\/\/api.w.org\/{rel}","templated":true}]}}