{"id":5443,"date":"2017-09-18T11:13:39","date_gmt":"2017-09-18T09:13:39","guid":{"rendered":"https:\/\/2022.devartistics.com\/artzine\/etude-les-francais-et-lart-contemporain\/"},"modified":"2023-07-11T11:07:33","modified_gmt":"2023-07-11T09:07:33","slug":"etude-les-francais-et-lart-contemporain","status":"publish","type":"post","link":"https:\/\/artistics.com\/fr\/artzine\/etude-les-francais-et-lart-contemporain\/","title":{"rendered":"Etude : les Fran\u00e7ais et l\u2019art contemporain"},"content":{"rendered":"<p><img decoding=\"async\" src=\"https:\/\/artistics.com\/wp-content\/uploads\/2023\/04\/header-etude-artistics-0.png\" alt=\"\" width=\"639\" height=\"335\" \/><\/p>\n<p>Artistics est heureux de vous pr\u00e9senter les r\u00e9sultats de la <strong>premi\u00e8re \u00e9tude sur les Fran\u00e7ais et l\u2019art contemporain<\/strong>, r\u00e9alis\u00e9e par OpinionWay aupr\u00e8s d\u2019un \u00e9chantillon de plus de 1 000 personnes repr\u00e9sentatif de la population fran\u00e7aise \u00e2g\u00e9e de 18 ans et plus.<\/p>\n<p>Cette \u00e9tude s\u2019articule autour de 3 grandes th\u00e9matiques :<br \/>\n1 \u2013 les perceptions de l\u2019art contemporain et la fr\u00e9quentation des lieux d\u00e9di\u00e9s<br \/>\n2 \u2013 l\u2019achat d\u2019art contemporain<br \/>\n3 \u2013 l\u2019achat d\u2019art sur Internet<\/p>\n<p>Pour une analyse d\u00e9taill\u00e9e, nous vous invitons \u00e0 consulter le communiqu\u00e9 de presse ci-dessous :<\/p>\n<p><iframe style=\"border: 1px solid #CCC; border-width: 1px; margin-bottom: 5px; max-width: 100%;\" src=\"https:\/\/www.slideshare.net\/slideshow\/embed_code\/key\/AlFH499TOEMCnt?startSlide=1\" width=\"670\" height=\"715\" frameborder=\"0\" marginwidth=\"0\" marginheight=\"0\" scrolling=\"no\" allowfullscreen=\"allowfullscreen\"><\/iframe><\/p>\n<div style=\"margin-bottom: 5px;\"><strong><a title=\"Etude Artistics-OpinionWay : les Fran\u00e7ais et l'art contemporain\" href=\"https:\/\/www.slideshare.net\/ArtisticsMag\/etude-artisticsopinionway-les-franais-et-lart-contemporain\" target=\"_blank\" rel=\"noopener\">Etude Artistics-OpinionWay : les Fran\u00e7ais et l&rsquo;art contemporain<\/a><\/strong> from <strong><a href=\"https:\/\/www.slideshare.net\/ArtisticsMag\" target=\"_blank\" rel=\"noopener\">Artistics<\/a><\/strong><\/div>\n<p>Ci-dessous l&rsquo;infographie qui synth\u00e9tise les principaux r\u00e9sultats de l\u2019\u00e9tude :<\/p>\n<p><iframe style=\"border: 1px solid #CCC; border-width: 1px; margin-bottom: 5px; max-width: 100%;\" src=\"https:\/\/www.slideshare.net\/slideshow\/embed_code\/key\/82cLfh35sjjein?startSlide=1\" width=\"670\" height=\"715\" frameborder=\"0\" marginwidth=\"0\" marginheight=\"0\" scrolling=\"no\" allowfullscreen=\"allowfullscreen\"><\/iframe><\/p>\n<div style=\"margin-bottom: 5px;\"><strong><a title=\"Infographie : les Fran\u00e7ais et l'achat en ligne d'art contemporain\" href=\"https:\/\/www.slideshare.net\/ArtisticsMag\/infographie-les-franais-et-lachat-en-ligne-dart-contemporain\" target=\"_blank\" rel=\"noopener\">Infographie : les Fran\u00e7ais et l&rsquo;achat en ligne d&rsquo;art contemporain<\/a><\/strong> from <strong><a href=\"https:\/\/www.slideshare.net\/ArtisticsMag\" target=\"_blank\" rel=\"noopener\">Artistics<\/a><\/strong><\/div>\n<div><\/div>\n","protected":false},"excerpt":{"rendered":"<p>D\u00e9couvrez les r\u00e9sultats de l\u2019\u00e9tude OpinionWay pour Artistics en partenariat avec Connaissance des Arts sur les Fran\u00e7ais et l\u2019art contemporain.<\/p>\n","protected":false},"author":2,"featured_media":5449,"comment_status":"open","ping_status":"open","sticky":false,"template":"","format":"standard","meta":{"_acf_changed":false,"_searchwp_excluded":"","inline_featured_image":false,"footnotes":""},"categories":[1183],"tags":[],"class_list":["post-5443","post","type-post","status-publish","format-standard","has-post-thumbnail","hentry","category-la-vie-de-la-galerie"],"acf":[],"yoast_head":"<!-- This site is optimized with the Yoast SEO Premium plugin v27.3 (Yoast SEO v27.3) - https:\/\/yoast.com\/product\/yoast-seo-premium-wordpress\/ -->\n<title>Etude : les Fran\u00e7ais et l\u2019art contemporain<\/title>\n<meta name=\"description\" content=\"D\u00e9couvrez les r\u00e9sultats de l\u2019\u00e9tude 2017 OpinionWay pour Artistics sur le rapport des Fran\u00e7ais \u00e0 l\u2019art contemporain.\" \/>\n<meta name=\"robots\" content=\"index, follow, max-snippet:-1, max-image-preview:large, max-video-preview:-1\" \/>\n<link rel=\"canonical\" href=\"https:\/\/artistics.com\/fr\/artzine\/etude-les-francais-et-lart-contemporain\/\" \/>\n<meta property=\"og:locale\" content=\"fr_FR\" \/>\n<meta property=\"og:type\" content=\"article\" \/>\n<meta property=\"og:title\" content=\"Etude : les Fran\u00e7ais et l\u2019art contemporain\" \/>\n<meta property=\"og:description\" content=\"D\u00e9couvrez les r\u00e9sultats de l\u2019\u00e9tude 2017 OpinionWay pour Artistics sur le rapport des Fran\u00e7ais \u00e0 l\u2019art contemporain.\" \/>\n<meta property=\"og:url\" content=\"https:\/\/artistics.com\/fr\/artzine\/etude-les-francais-et-lart-contemporain\/\" \/>\n<meta property=\"og:site_name\" content=\"Artistics\" \/>\n<meta property=\"article:publisher\" content=\"https:\/\/www.facebook.com\/ArtisticsMag\" \/>\n<meta property=\"article:published_time\" content=\"2017-09-18T09:13:39+00:00\" \/>\n<meta property=\"article:modified_time\" content=\"2023-07-11T09:07:33+00:00\" \/>\n<meta property=\"og:image\" content=\"https:\/\/artistics.com\/wp-content\/uploads\/2023\/04\/header-etude-4.png\" \/>\n\t<meta property=\"og:image:width\" content=\"888\" \/>\n\t<meta property=\"og:image:height\" content=\"526\" \/>\n\t<meta property=\"og:image:type\" content=\"image\/png\" \/>\n<meta name=\"author\" content=\"Eleonora Fontana\" \/>\n<meta name=\"twitter:card\" content=\"summary_large_image\" \/>\n<meta name=\"twitter:creator\" content=\"@Artistics_FR\" \/>\n<meta name=\"twitter:site\" content=\"@Artistics_FR\" \/>\n<meta name=\"twitter:label1\" content=\"\u00c9crit par\" \/>\n\t<meta name=\"twitter:data1\" content=\"Eleonora Fontana\" \/>\n\t<meta name=\"twitter:label2\" content=\"Dur\u00e9e de lecture estim\u00e9e\" \/>\n\t<meta name=\"twitter:data2\" content=\"1 minute\" \/>\n<script type=\"application\/ld+json\" class=\"yoast-schema-graph\">{\"@context\":\"https:\\\/\\\/schema.org\",\"@graph\":[{\"@type\":[\"Article\",\"BlogPosting\"],\"@id\":\"https:\\\/\\\/artistics.com\\\/fr\\\/artzine\\\/etude-les-francais-et-lart-contemporain\\\/#article\",\"isPartOf\":{\"@id\":\"https:\\\/\\\/artistics.com\\\/fr\\\/artzine\\\/etude-les-francais-et-lart-contemporain\\\/\"},\"author\":{\"name\":\"Eleonora Fontana\",\"@id\":\"https:\\\/\\\/artistics.com\\\/fr\\\/#\\\/schema\\\/person\\\/a39d54f18b4c5fe4a0de78e3f9236993\"},\"headline\":\"Etude : les Fran\u00e7ais et l\u2019art contemporain\",\"datePublished\":\"2017-09-18T09:13:39+00:00\",\"dateModified\":\"2023-07-11T09:07:33+00:00\",\"mainEntityOfPage\":{\"@id\":\"https:\\\/\\\/artistics.com\\\/fr\\\/artzine\\\/etude-les-francais-et-lart-contemporain\\\/\"},\"wordCount\":146,\"commentCount\":0,\"publisher\":{\"@id\":\"https:\\\/\\\/artistics.com\\\/fr\\\/#organization\"},\"image\":{\"@id\":\"https:\\\/\\\/artistics.com\\\/fr\\\/artzine\\\/etude-les-francais-et-lart-contemporain\\\/#primaryimage\"},\"thumbnailUrl\":\"https:\\\/\\\/artistics.com\\\/wp-content\\\/uploads\\\/2023\\\/04\\\/header-etude-4.png\",\"articleSection\":[\"La vie de la galerie\"],\"inLanguage\":\"fr-FR\",\"potentialAction\":[{\"@type\":\"CommentAction\",\"name\":\"Comment\",\"target\":[\"https:\\\/\\\/artistics.com\\\/fr\\\/artzine\\\/etude-les-francais-et-lart-contemporain\\\/#respond\"]}]},{\"@type\":\"WebPage\",\"@id\":\"https:\\\/\\\/artistics.com\\\/fr\\\/artzine\\\/etude-les-francais-et-lart-contemporain\\\/\",\"url\":\"https:\\\/\\\/artistics.com\\\/fr\\\/artzine\\\/etude-les-francais-et-lart-contemporain\\\/\",\"name\":\"Etude : les Fran\u00e7ais et l\u2019art contemporain\",\"isPartOf\":{\"@id\":\"https:\\\/\\\/artistics.com\\\/fr\\\/#website\"},\"primaryImageOfPage\":{\"@id\":\"https:\\\/\\\/artistics.com\\\/fr\\\/artzine\\\/etude-les-francais-et-lart-contemporain\\\/#primaryimage\"},\"image\":{\"@id\":\"https:\\\/\\\/artistics.com\\\/fr\\\/artzine\\\/etude-les-francais-et-lart-contemporain\\\/#primaryimage\"},\"thumbnailUrl\":\"https:\\\/\\\/artistics.com\\\/wp-content\\\/uploads\\\/2023\\\/04\\\/header-etude-4.png\",\"datePublished\":\"2017-09-18T09:13:39+00:00\",\"dateModified\":\"2023-07-11T09:07:33+00:00\",\"description\":\"D\u00e9couvrez les r\u00e9sultats de l\u2019\u00e9tude 2017 OpinionWay pour Artistics sur le rapport des Fran\u00e7ais \u00e0 l\u2019art contemporain.\",\"breadcrumb\":{\"@id\":\"https:\\\/\\\/artistics.com\\\/fr\\\/artzine\\\/etude-les-francais-et-lart-contemporain\\\/#breadcrumb\"},\"inLanguage\":\"fr-FR\",\"potentialAction\":[{\"@type\":\"ReadAction\",\"target\":[\"https:\\\/\\\/artistics.com\\\/fr\\\/artzine\\\/etude-les-francais-et-lart-contemporain\\\/\"]}]},{\"@type\":\"ImageObject\",\"inLanguage\":\"fr-FR\",\"@id\":\"https:\\\/\\\/artistics.com\\\/fr\\\/artzine\\\/etude-les-francais-et-lart-contemporain\\\/#primaryimage\",\"url\":\"https:\\\/\\\/artistics.com\\\/wp-content\\\/uploads\\\/2023\\\/04\\\/header-etude-4.png\",\"contentUrl\":\"https:\\\/\\\/artistics.com\\\/wp-content\\\/uploads\\\/2023\\\/04\\\/header-etude-4.png\",\"width\":888,\"height\":526},{\"@type\":\"BreadcrumbList\",\"@id\":\"https:\\\/\\\/artistics.com\\\/fr\\\/artzine\\\/etude-les-francais-et-lart-contemporain\\\/#breadcrumb\",\"itemListElement\":[{\"@type\":\"ListItem\",\"position\":1,\"name\":\"Achat \u0153uvre d'art\",\"item\":\"https:\\\/\\\/artistics.com\\\/fr\\\/\"},{\"@type\":\"ListItem\",\"position\":2,\"name\":\"La vie de la galerie\",\"item\":\"https:\\\/\\\/artistics.com\\\/fr\\\/artzine\\\/category\\\/la-vie-de-la-galerie\\\/\"},{\"@type\":\"ListItem\",\"position\":3,\"name\":\"Etude : les Fran\u00e7ais et l\u2019art contemporain\"}]},{\"@type\":\"WebSite\",\"@id\":\"https:\\\/\\\/artistics.com\\\/fr\\\/#website\",\"url\":\"https:\\\/\\\/artistics.com\\\/fr\\\/\",\"name\":\"Artistics\",\"description\":\"The online art gallery\",\"publisher\":{\"@id\":\"https:\\\/\\\/artistics.com\\\/fr\\\/#organization\"},\"potentialAction\":[{\"@type\":\"SearchAction\",\"target\":{\"@type\":\"EntryPoint\",\"urlTemplate\":\"https:\\\/\\\/artistics.com\\\/fr\\\/?s={search_term_string}\"},\"query-input\":{\"@type\":\"PropertyValueSpecification\",\"valueRequired\":true,\"valueName\":\"search_term_string\"}}],\"inLanguage\":\"fr-FR\"},{\"@type\":\"Organization\",\"@id\":\"https:\\\/\\\/artistics.com\\\/fr\\\/#organization\",\"name\":\"Artistics\",\"url\":\"https:\\\/\\\/artistics.com\\\/fr\\\/\",\"logo\":{\"@type\":\"ImageObject\",\"inLanguage\":\"fr-FR\",\"@id\":\"https:\\\/\\\/artistics.com\\\/fr\\\/#\\\/schema\\\/logo\\\/image\\\/\",\"url\":\"https:\\\/\\\/artistics.com\\\/wp-content\\\/uploads\\\/2023\\\/02\\\/artistics-logo-web-1.svg\",\"contentUrl\":\"https:\\\/\\\/artistics.com\\\/wp-content\\\/uploads\\\/2023\\\/02\\\/artistics-logo-web-1.svg\",\"caption\":\"Artistics\"},\"image\":{\"@id\":\"https:\\\/\\\/artistics.com\\\/fr\\\/#\\\/schema\\\/logo\\\/image\\\/\"},\"sameAs\":[\"https:\\\/\\\/www.facebook.com\\\/ArtisticsMag\",\"https:\\\/\\\/x.com\\\/Artistics_FR\",\"http:\\\/\\\/www.linkedin.com\\\/company\\\/artistics\",\"https:\\\/\\\/www.instagram.com\\\/artistics_com\\\/\",\"http:\\\/\\\/www.pinterest.com\\\/ArtisticsMag\"],\"hasMerchantReturnPolicy\":{\"@type\":\"MerchantReturnPolicy\",\"merchantReturnLink\":\"https:\\\/\\\/artistics.com\\\/free-return-policy\\\/\"}},{\"@type\":\"Person\",\"@id\":\"https:\\\/\\\/artistics.com\\\/fr\\\/#\\\/schema\\\/person\\\/a39d54f18b4c5fe4a0de78e3f9236993\",\"name\":\"Eleonora Fontana\",\"image\":{\"@type\":\"ImageObject\",\"inLanguage\":\"fr-FR\",\"@id\":\"https:\\\/\\\/secure.gravatar.com\\\/avatar\\\/c15608b0600d759a03e927302242286e2f196b9d8abb87856fc3a3087c242f7b?s=96&d=mm&r=g\",\"url\":\"https:\\\/\\\/secure.gravatar.com\\\/avatar\\\/c15608b0600d759a03e927302242286e2f196b9d8abb87856fc3a3087c242f7b?s=96&d=mm&r=g\",\"contentUrl\":\"https:\\\/\\\/secure.gravatar.com\\\/avatar\\\/c15608b0600d759a03e927302242286e2f196b9d8abb87856fc3a3087c242f7b?s=96&d=mm&r=g\",\"caption\":\"Eleonora Fontana\"}}]}<\/script>\n<!-- \/ Yoast SEO Premium plugin. -->","yoast_head_json":{"title":"Etude : les Fran\u00e7ais et l\u2019art contemporain","description":"D\u00e9couvrez les r\u00e9sultats de l\u2019\u00e9tude 2017 OpinionWay pour Artistics sur le rapport des Fran\u00e7ais \u00e0 l\u2019art contemporain.","robots":{"index":"index","follow":"follow","max-snippet":"max-snippet:-1","max-image-preview":"max-image-preview:large","max-video-preview":"max-video-preview:-1"},"canonical":"https:\/\/artistics.com\/fr\/artzine\/etude-les-francais-et-lart-contemporain\/","og_locale":"fr_FR","og_type":"article","og_title":"Etude : les Fran\u00e7ais et l\u2019art contemporain","og_description":"D\u00e9couvrez les r\u00e9sultats de l\u2019\u00e9tude 2017 OpinionWay pour Artistics sur le rapport des Fran\u00e7ais \u00e0 l\u2019art contemporain.","og_url":"https:\/\/artistics.com\/fr\/artzine\/etude-les-francais-et-lart-contemporain\/","og_site_name":"Artistics","article_publisher":"https:\/\/www.facebook.com\/ArtisticsMag","article_published_time":"2017-09-18T09:13:39+00:00","article_modified_time":"2023-07-11T09:07:33+00:00","og_image":[{"width":888,"height":526,"url":"https:\/\/artistics.com\/wp-content\/uploads\/2023\/04\/header-etude-4.png","type":"image\/png"}],"author":"Eleonora Fontana","twitter_card":"summary_large_image","twitter_creator":"@Artistics_FR","twitter_site":"@Artistics_FR","twitter_misc":{"\u00c9crit par":"Eleonora Fontana","Dur\u00e9e de lecture estim\u00e9e":"1 minute"},"schema":{"@context":"https:\/\/schema.org","@graph":[{"@type":["Article","BlogPosting"],"@id":"https:\/\/artistics.com\/fr\/artzine\/etude-les-francais-et-lart-contemporain\/#article","isPartOf":{"@id":"https:\/\/artistics.com\/fr\/artzine\/etude-les-francais-et-lart-contemporain\/"},"author":{"name":"Eleonora Fontana","@id":"https:\/\/artistics.com\/fr\/#\/schema\/person\/a39d54f18b4c5fe4a0de78e3f9236993"},"headline":"Etude : les Fran\u00e7ais et l\u2019art contemporain","datePublished":"2017-09-18T09:13:39+00:00","dateModified":"2023-07-11T09:07:33+00:00","mainEntityOfPage":{"@id":"https:\/\/artistics.com\/fr\/artzine\/etude-les-francais-et-lart-contemporain\/"},"wordCount":146,"commentCount":0,"publisher":{"@id":"https:\/\/artistics.com\/fr\/#organization"},"image":{"@id":"https:\/\/artistics.com\/fr\/artzine\/etude-les-francais-et-lart-contemporain\/#primaryimage"},"thumbnailUrl":"https:\/\/artistics.com\/wp-content\/uploads\/2023\/04\/header-etude-4.png","articleSection":["La vie de la galerie"],"inLanguage":"fr-FR","potentialAction":[{"@type":"CommentAction","name":"Comment","target":["https:\/\/artistics.com\/fr\/artzine\/etude-les-francais-et-lart-contemporain\/#respond"]}]},{"@type":"WebPage","@id":"https:\/\/artistics.com\/fr\/artzine\/etude-les-francais-et-lart-contemporain\/","url":"https:\/\/artistics.com\/fr\/artzine\/etude-les-francais-et-lart-contemporain\/","name":"Etude : les Fran\u00e7ais et l\u2019art contemporain","isPartOf":{"@id":"https:\/\/artistics.com\/fr\/#website"},"primaryImageOfPage":{"@id":"https:\/\/artistics.com\/fr\/artzine\/etude-les-francais-et-lart-contemporain\/#primaryimage"},"image":{"@id":"https:\/\/artistics.com\/fr\/artzine\/etude-les-francais-et-lart-contemporain\/#primaryimage"},"thumbnailUrl":"https:\/\/artistics.com\/wp-content\/uploads\/2023\/04\/header-etude-4.png","datePublished":"2017-09-18T09:13:39+00:00","dateModified":"2023-07-11T09:07:33+00:00","description":"D\u00e9couvrez les r\u00e9sultats de l\u2019\u00e9tude 2017 OpinionWay pour Artistics sur le rapport des Fran\u00e7ais \u00e0 l\u2019art contemporain.","breadcrumb":{"@id":"https:\/\/artistics.com\/fr\/artzine\/etude-les-francais-et-lart-contemporain\/#breadcrumb"},"inLanguage":"fr-FR","potentialAction":[{"@type":"ReadAction","target":["https:\/\/artistics.com\/fr\/artzine\/etude-les-francais-et-lart-contemporain\/"]}]},{"@type":"ImageObject","inLanguage":"fr-FR","@id":"https:\/\/artistics.com\/fr\/artzine\/etude-les-francais-et-lart-contemporain\/#primaryimage","url":"https:\/\/artistics.com\/wp-content\/uploads\/2023\/04\/header-etude-4.png","contentUrl":"https:\/\/artistics.com\/wp-content\/uploads\/2023\/04\/header-etude-4.png","width":888,"height":526},{"@type":"BreadcrumbList","@id":"https:\/\/artistics.com\/fr\/artzine\/etude-les-francais-et-lart-contemporain\/#breadcrumb","itemListElement":[{"@type":"ListItem","position":1,"name":"Achat \u0153uvre d'art","item":"https:\/\/artistics.com\/fr\/"},{"@type":"ListItem","position":2,"name":"La vie de la galerie","item":"https:\/\/artistics.com\/fr\/artzine\/category\/la-vie-de-la-galerie\/"},{"@type":"ListItem","position":3,"name":"Etude : les Fran\u00e7ais et l\u2019art contemporain"}]},{"@type":"WebSite","@id":"https:\/\/artistics.com\/fr\/#website","url":"https:\/\/artistics.com\/fr\/","name":"Artistics","description":"The online art gallery","publisher":{"@id":"https:\/\/artistics.com\/fr\/#organization"},"potentialAction":[{"@type":"SearchAction","target":{"@type":"EntryPoint","urlTemplate":"https:\/\/artistics.com\/fr\/?s={search_term_string}"},"query-input":{"@type":"PropertyValueSpecification","valueRequired":true,"valueName":"search_term_string"}}],"inLanguage":"fr-FR"},{"@type":"Organization","@id":"https:\/\/artistics.com\/fr\/#organization","name":"Artistics","url":"https:\/\/artistics.com\/fr\/","logo":{"@type":"ImageObject","inLanguage":"fr-FR","@id":"https:\/\/artistics.com\/fr\/#\/schema\/logo\/image\/","url":"https:\/\/artistics.com\/wp-content\/uploads\/2023\/02\/artistics-logo-web-1.svg","contentUrl":"https:\/\/artistics.com\/wp-content\/uploads\/2023\/02\/artistics-logo-web-1.svg","caption":"Artistics"},"image":{"@id":"https:\/\/artistics.com\/fr\/#\/schema\/logo\/image\/"},"sameAs":["https:\/\/www.facebook.com\/ArtisticsMag","https:\/\/x.com\/Artistics_FR","http:\/\/www.linkedin.com\/company\/artistics","https:\/\/www.instagram.com\/artistics_com\/","http:\/\/www.pinterest.com\/ArtisticsMag"],"hasMerchantReturnPolicy":{"@type":"MerchantReturnPolicy","merchantReturnLink":"https:\/\/artistics.com\/free-return-policy\/"}},{"@type":"Person","@id":"https:\/\/artistics.com\/fr\/#\/schema\/person\/a39d54f18b4c5fe4a0de78e3f9236993","name":"Eleonora Fontana","image":{"@type":"ImageObject","inLanguage":"fr-FR","@id":"https:\/\/secure.gravatar.com\/avatar\/c15608b0600d759a03e927302242286e2f196b9d8abb87856fc3a3087c242f7b?s=96&d=mm&r=g","url":"https:\/\/secure.gravatar.com\/avatar\/c15608b0600d759a03e927302242286e2f196b9d8abb87856fc3a3087c242f7b?s=96&d=mm&r=g","contentUrl":"https:\/\/secure.gravatar.com\/avatar\/c15608b0600d759a03e927302242286e2f196b9d8abb87856fc3a3087c242f7b?s=96&d=mm&r=g","caption":"Eleonora Fontana"}}]}},"_links":{"self":[{"href":"https:\/\/artistics.com\/fr\/wp-json\/wp\/v2\/posts\/5443","targetHints":{"allow":["GET"]}}],"collection":[{"href":"https:\/\/artistics.com\/fr\/wp-json\/wp\/v2\/posts"}],"about":[{"href":"https:\/\/artistics.com\/fr\/wp-json\/wp\/v2\/types\/post"}],"author":[{"embeddable":true,"href":"https:\/\/artistics.com\/fr\/wp-json\/wp\/v2\/users\/2"}],"replies":[{"embeddable":true,"href":"https:\/\/artistics.com\/fr\/wp-json\/wp\/v2\/comments?post=5443"}],"version-history":[{"count":3,"href":"https:\/\/artistics.com\/fr\/wp-json\/wp\/v2\/posts\/5443\/revisions"}],"predecessor-version":[{"id":36386,"href":"https:\/\/artistics.com\/fr\/wp-json\/wp\/v2\/posts\/5443\/revisions\/36386"}],"wp:featuredmedia":[{"embeddable":true,"href":"https:\/\/artistics.com\/fr\/wp-json\/wp\/v2\/media\/5449"}],"wp:attachment":[{"href":"https:\/\/artistics.com\/fr\/wp-json\/wp\/v2\/media?parent=5443"}],"wp:term":[{"taxonomy":"category","embeddable":true,"href":"https:\/\/artistics.com\/fr\/wp-json\/wp\/v2\/categories?post=5443"},{"taxonomy":"post_tag","embeddable":true,"href":"https:\/\/artistics.com\/fr\/wp-json\/wp\/v2\/tags?post=5443"}],"curies":[{"name":"wp","href":"https:\/\/api.w.org\/{rel}","templated":true}]}}