{"id":5441,"date":"2017-08-24T16:13:31","date_gmt":"2017-08-24T14:13:31","guid":{"rendered":"https:\/\/2022.devartistics.com\/artzine\/introducing-xavier-dumoulin\/"},"modified":"2023-04-25T16:11:16","modified_gmt":"2023-04-25T14:11:16","slug":"introducing-xavier-dumoulin","status":"publish","type":"post","link":"https:\/\/artistics.com\/fr\/artzine\/introducing-xavier-dumoulin\/","title":{"rendered":"Introducing Xavier Dumoulin"},"content":{"rendered":"<p>Le travail de <a href=\"https:\/\/artistics.com\/fr\/artiste\/xavier-dumoulin\/\">Xavier Dumoulin<\/a> questionne l&rsquo;obsession de l&rsquo;homme \u00e0 s&rsquo;arracher \u00e0 la nature, \u00e0 la tenir \u00e0 distance jusqu&rsquo;\u00e0 se rendre aveugle aux transformations qu&rsquo;il lui inflige et \u00e0 nier la relation de d\u00e9pendance qu&rsquo;il entretient avec elle.<\/p>\n<p>La photographie constitue pour lui un moyen d&rsquo;expression au service de son engagement. L&rsquo;Homme, jusqu&rsquo;ici absent de son travail, se situe pourtant au centre de ses interrogations. Mais il pr\u00e9f\u00e8re chercher ses traces dans les paysages, car celles-ci sont beaucoup plus \u00e9loquentes pour exprimer la place qu&rsquo;il occupe dans ce monde.<\/p>\n<p><a href=\"https:\/\/artistics.com\/fr\/artiste\/xavier-dumoulin\/\">Xavier Dumoulin<\/a> vit et travaille \u00e0 Pau, dans les Pyr\u00e9n\u00e9es-Atlantiques. Son travail est r\u00e9guli\u00e8rement expos\u00e9 en galerie et a re\u00e7u de nombreuses distinctions : prix du jury Hiiibrand Photography (Chine) en 2013, prix Fubiz et laur\u00e9at Photocollection en 2012, prim\u00e9 au concours \u00ab\u00a0Urban photo\u00a0\u00bb de la mairie de Paris en 2011. Xavier Dumoulin a \u00e9galement \u00e9t\u00e9 finaliste de la Bourse du talent en 2016 avec sa s\u00e9rie \u00ab\u00a0Limites\u00a0\u00bb.<\/p>\n<p><strong>&gt; S\u00e9rie <a href=\"https:\/\/artistics.com\/fr\/series\/xavier-dumoulin-passager-de-la-nuit-fr\/\">Passager de la nuit<\/a><\/strong><\/p>\n<p><img decoding=\"async\" src=\"https:\/\/artistics.com\/wp-content\/uploads\/2023\/04\/l3-isola-by-xavier-dumoulin_5.jpg\" alt=\"\" width=\"640\" height=\"427\" \/><\/p>\n<p>Isola, s\u00e9rie <a href=\"https:\/\/artistics.com\/fr\/series\/xavier-dumoulin-passager-de-la-nuit-fr\/\">Passager de la nuit<\/a> (2011)<\/p>\n<p>Dans cette s\u00e9rie, Xavier Dumoulin parcourt de nuit des zones p\u00e9riurbaines, ces espaces tentaculaires que l&rsquo;\u00e9clairage public, les lumi\u00e8res des abribus ou les n\u00e9ons des enseignes commerciales n&rsquo;abandonnent jamais totalement \u00e0 l&rsquo;obscurit\u00e9 de la nuit. Lumi\u00e8re partout, \u00e9toiles nulle part&#8230; rendues invisibles par l&rsquo;acharnement de l&rsquo;homme \u00e0 soumettre la nature en imposant une pr\u00e9sence lumineuse permanente.<\/p>\n<p><strong>&gt; S\u00e9rie <a href=\"https:\/\/artistics.com\/fr\/series\/xavier-dumoulin-incandescences-fr\/\">Incandescences<\/a><\/strong><\/p>\n<p><img decoding=\"async\" src=\"https:\/\/artistics.com\/wp-content\/uploads\/2023\/04\/l6-dune-by-xavier-dumoulin.jpg\" alt=\"\" width=\"640\" height=\"426\" \/><\/p>\n<p>Dune, s\u00e9rie <a href=\"https:\/\/artistics.com\/fr\/series\/xavier-dumoulin-incandescences-fr\/\">Incandescences<\/a> (2013)<\/p>\n<p>Voyageant des c\u00f4tes normandes \u00e0 l&rsquo;arri\u00e8re-pays ni\u00e7ois, Xavier Dumoulin photographie les nuits de pleine lune en adoptant un point de vue plongeant sur des villes ou des villages isol\u00e9s en pleine nature.<br \/>\nL&rsquo;\u00e9clairage artificiel transforme ces environnements urbains en coul\u00e9es de lave qui aveuglent ceux qu&rsquo;elles engloutissent. Pour lui, \u00ab\u00a0la lumi\u00e8re sens\u00e9e nous rassurer est devenue une barri\u00e8re de plus en plus herm\u00e9tique qui nous emp\u00eache de voir l&rsquo;essentiel et nous maintient dans l&rsquo;illusion\u00a0\u00bb.<\/p>\n<p><strong>&gt; S\u00e9rie <a href=\"https:\/\/artistics.com\/fr\/series\/xavier-dumoulin-limites-fr\/\">Limites<\/a><\/strong><\/p>\n<p><img decoding=\"async\" src=\"https:\/\/artistics.com\/wp-content\/uploads\/2023\/04\/l8-barrage-by-xavier-dumoulin.jpg\" alt=\"\" width=\"640\" height=\"426\" \/><\/p>\n<p>Barrage, s\u00e9rie <a href=\"https:\/\/artistics.com\/fr\/series\/xavier-dumoulin-limites-fr\/\">Limites<\/a> (2015)<\/p>\n<p>Une falaise face \u00e0 la mer, le bord d&rsquo;un lac, le pied d&rsquo;un glacier, des cimes enneig\u00e9es&#8230; Dans cette s\u00e9rie, le photographe nous donne \u00e0 voir des paysages qui semblent familiers et immuables. Dans chacun d&rsquo;eux, l&rsquo;id\u00e9e d&rsquo;une fronti\u00e8re : entre les \u00e9l\u00e9ments, entre le naturel et l&rsquo;artificiel, entre deux \u00e9tats de la mati\u00e8re&#8230; Autant de limites rendues mouvantes par les changements climatiques, invisibles et pourtant \u00e0 l&rsquo;oeuvre.<\/p>\n<p><iframe src=\"https:\/\/www.youtube.com\/embed\/1X5doC83nKM\" width=\"560\" height=\"315\" frameborder=\"0\"><\/iframe><\/p>\n","protected":false},"excerpt":{"rendered":"<p>Le travail photographique de Xavier Dumoulin explore le rapport de l&rsquo;homme \u00e0 son environnement. Photographe militant, il d\u00e9nonce les effets de la pollution lumineuse ou des changements climatiques \u00e0 travers des s\u00e9ries d&rsquo;images qui se distinguent pourtant par leur qualit\u00e9 esth\u00e9tique.<\/p>\n","protected":false},"author":1,"featured_media":3944,"comment_status":"open","ping_status":"open","sticky":false,"template":"","format":"standard","meta":{"_acf_changed":false,"_searchwp_excluded":"","inline_featured_image":false,"footnotes":""},"categories":[1186],"tags":[],"class_list":["post-5441","post","type-post","status-publish","format-standard","has-post-thumbnail","hentry","category-visite-atelier"],"acf":[],"yoast_head":"<!-- This site is optimized with the Yoast SEO Premium plugin v27.3 (Yoast SEO v27.3) - https:\/\/yoast.com\/product\/yoast-seo-premium-wordpress\/ -->\n<title>Introducing Xavier Dumoulin | Artistics<\/title>\n<meta name=\"description\" content=\"Le travail de Xavier Dumoulin explore le rapport de l&#039;homme \u00e0 son environnement. Un photographe militant \u00e0 d\u00e9couvrir sur Artistics.\" \/>\n<meta name=\"robots\" content=\"index, follow, max-snippet:-1, max-image-preview:large, max-video-preview:-1\" \/>\n<link rel=\"canonical\" href=\"https:\/\/artistics.com\/fr\/artzine\/introducing-xavier-dumoulin\/\" \/>\n<meta property=\"og:locale\" content=\"fr_FR\" \/>\n<meta property=\"og:type\" content=\"article\" \/>\n<meta property=\"og:title\" content=\"Introducing Xavier Dumoulin\" \/>\n<meta property=\"og:description\" content=\"Le travail de Xavier Dumoulin explore le rapport de l&#039;homme \u00e0 son environnement. Un photographe militant \u00e0 d\u00e9couvrir sur Artistics.\" \/>\n<meta property=\"og:url\" content=\"https:\/\/artistics.com\/fr\/artzine\/introducing-xavier-dumoulin\/\" \/>\n<meta property=\"og:site_name\" content=\"Artistics\" \/>\n<meta property=\"article:publisher\" content=\"https:\/\/www.facebook.com\/ArtisticsMag\" \/>\n<meta property=\"article:published_time\" content=\"2017-08-24T14:13:31+00:00\" \/>\n<meta property=\"article:modified_time\" content=\"2023-04-25T14:11:16+00:00\" \/>\n<meta property=\"og:image\" content=\"https:\/\/artistics.com\/wp-content\/uploads\/2023\/04\/intro-xd-3-nb.jpg\" \/>\n\t<meta property=\"og:image:width\" content=\"1202\" \/>\n\t<meta property=\"og:image:height\" content=\"709\" \/>\n\t<meta property=\"og:image:type\" content=\"image\/jpeg\" \/>\n<meta name=\"author\" content=\"Hypso\" \/>\n<meta name=\"twitter:card\" content=\"summary_large_image\" \/>\n<meta name=\"twitter:creator\" content=\"@Artistics_FR\" \/>\n<meta name=\"twitter:site\" content=\"@Artistics_FR\" \/>\n<meta name=\"twitter:label1\" content=\"\u00c9crit par\" \/>\n\t<meta name=\"twitter:data1\" content=\"Hypso\" \/>\n\t<meta name=\"twitter:label2\" content=\"Dur\u00e9e de lecture estim\u00e9e\" \/>\n\t<meta name=\"twitter:data2\" content=\"3 minutes\" \/>\n<script type=\"application\/ld+json\" class=\"yoast-schema-graph\">{\"@context\":\"https:\\\/\\\/schema.org\",\"@graph\":[{\"@type\":[\"Article\",\"BlogPosting\"],\"@id\":\"https:\\\/\\\/artistics.com\\\/fr\\\/artzine\\\/introducing-xavier-dumoulin\\\/#article\",\"isPartOf\":{\"@id\":\"https:\\\/\\\/artistics.com\\\/fr\\\/artzine\\\/introducing-xavier-dumoulin\\\/\"},\"author\":{\"name\":\"Hypso\",\"@id\":\"https:\\\/\\\/artistics.com\\\/fr\\\/#\\\/schema\\\/person\\\/06ccbcd390d4be9b22fdc66fc2e78e6c\"},\"headline\":\"Introducing Xavier Dumoulin\",\"datePublished\":\"2017-08-24T14:13:31+00:00\",\"dateModified\":\"2023-04-25T14:11:16+00:00\",\"mainEntityOfPage\":{\"@id\":\"https:\\\/\\\/artistics.com\\\/fr\\\/artzine\\\/introducing-xavier-dumoulin\\\/\"},\"wordCount\":429,\"commentCount\":0,\"publisher\":{\"@id\":\"https:\\\/\\\/artistics.com\\\/fr\\\/#organization\"},\"image\":{\"@id\":\"https:\\\/\\\/artistics.com\\\/fr\\\/artzine\\\/introducing-xavier-dumoulin\\\/#primaryimage\"},\"thumbnailUrl\":\"https:\\\/\\\/artistics.com\\\/wp-content\\\/uploads\\\/2023\\\/04\\\/intro-xd-3-nb.jpg\",\"articleSection\":[\"Visite d\u2019atelier\"],\"inLanguage\":\"fr-FR\",\"potentialAction\":[{\"@type\":\"CommentAction\",\"name\":\"Comment\",\"target\":[\"https:\\\/\\\/artistics.com\\\/fr\\\/artzine\\\/introducing-xavier-dumoulin\\\/#respond\"]}]},{\"@type\":\"WebPage\",\"@id\":\"https:\\\/\\\/artistics.com\\\/fr\\\/artzine\\\/introducing-xavier-dumoulin\\\/\",\"url\":\"https:\\\/\\\/artistics.com\\\/fr\\\/artzine\\\/introducing-xavier-dumoulin\\\/\",\"name\":\"Introducing Xavier Dumoulin | Artistics\",\"isPartOf\":{\"@id\":\"https:\\\/\\\/artistics.com\\\/fr\\\/#website\"},\"primaryImageOfPage\":{\"@id\":\"https:\\\/\\\/artistics.com\\\/fr\\\/artzine\\\/introducing-xavier-dumoulin\\\/#primaryimage\"},\"image\":{\"@id\":\"https:\\\/\\\/artistics.com\\\/fr\\\/artzine\\\/introducing-xavier-dumoulin\\\/#primaryimage\"},\"thumbnailUrl\":\"https:\\\/\\\/artistics.com\\\/wp-content\\\/uploads\\\/2023\\\/04\\\/intro-xd-3-nb.jpg\",\"datePublished\":\"2017-08-24T14:13:31+00:00\",\"dateModified\":\"2023-04-25T14:11:16+00:00\",\"description\":\"Le travail de Xavier Dumoulin explore le rapport de l'homme \u00e0 son environnement. Un photographe militant \u00e0 d\u00e9couvrir sur Artistics.\",\"breadcrumb\":{\"@id\":\"https:\\\/\\\/artistics.com\\\/fr\\\/artzine\\\/introducing-xavier-dumoulin\\\/#breadcrumb\"},\"inLanguage\":\"fr-FR\",\"potentialAction\":[{\"@type\":\"ReadAction\",\"target\":[\"https:\\\/\\\/artistics.com\\\/fr\\\/artzine\\\/introducing-xavier-dumoulin\\\/\"]}]},{\"@type\":\"ImageObject\",\"inLanguage\":\"fr-FR\",\"@id\":\"https:\\\/\\\/artistics.com\\\/fr\\\/artzine\\\/introducing-xavier-dumoulin\\\/#primaryimage\",\"url\":\"https:\\\/\\\/artistics.com\\\/wp-content\\\/uploads\\\/2023\\\/04\\\/intro-xd-3-nb.jpg\",\"contentUrl\":\"https:\\\/\\\/artistics.com\\\/wp-content\\\/uploads\\\/2023\\\/04\\\/intro-xd-3-nb.jpg\",\"width\":1202,\"height\":709},{\"@type\":\"BreadcrumbList\",\"@id\":\"https:\\\/\\\/artistics.com\\\/fr\\\/artzine\\\/introducing-xavier-dumoulin\\\/#breadcrumb\",\"itemListElement\":[{\"@type\":\"ListItem\",\"position\":1,\"name\":\"Achat \u0153uvre d'art\",\"item\":\"https:\\\/\\\/artistics.com\\\/fr\\\/\"},{\"@type\":\"ListItem\",\"position\":2,\"name\":\"Visite d\u2019atelier\",\"item\":\"https:\\\/\\\/artistics.com\\\/fr\\\/artzine\\\/category\\\/visite-atelier\\\/\"},{\"@type\":\"ListItem\",\"position\":3,\"name\":\"Introducing Xavier Dumoulin\"}]},{\"@type\":\"WebSite\",\"@id\":\"https:\\\/\\\/artistics.com\\\/fr\\\/#website\",\"url\":\"https:\\\/\\\/artistics.com\\\/fr\\\/\",\"name\":\"Artistics\",\"description\":\"The online art gallery\",\"publisher\":{\"@id\":\"https:\\\/\\\/artistics.com\\\/fr\\\/#organization\"},\"potentialAction\":[{\"@type\":\"SearchAction\",\"target\":{\"@type\":\"EntryPoint\",\"urlTemplate\":\"https:\\\/\\\/artistics.com\\\/fr\\\/?s={search_term_string}\"},\"query-input\":{\"@type\":\"PropertyValueSpecification\",\"valueRequired\":true,\"valueName\":\"search_term_string\"}}],\"inLanguage\":\"fr-FR\"},{\"@type\":\"Organization\",\"@id\":\"https:\\\/\\\/artistics.com\\\/fr\\\/#organization\",\"name\":\"Artistics\",\"url\":\"https:\\\/\\\/artistics.com\\\/fr\\\/\",\"logo\":{\"@type\":\"ImageObject\",\"inLanguage\":\"fr-FR\",\"@id\":\"https:\\\/\\\/artistics.com\\\/fr\\\/#\\\/schema\\\/logo\\\/image\\\/\",\"url\":\"https:\\\/\\\/artistics.com\\\/wp-content\\\/uploads\\\/2023\\\/02\\\/artistics-logo-web-1.svg\",\"contentUrl\":\"https:\\\/\\\/artistics.com\\\/wp-content\\\/uploads\\\/2023\\\/02\\\/artistics-logo-web-1.svg\",\"caption\":\"Artistics\"},\"image\":{\"@id\":\"https:\\\/\\\/artistics.com\\\/fr\\\/#\\\/schema\\\/logo\\\/image\\\/\"},\"sameAs\":[\"https:\\\/\\\/www.facebook.com\\\/ArtisticsMag\",\"https:\\\/\\\/x.com\\\/Artistics_FR\",\"http:\\\/\\\/www.linkedin.com\\\/company\\\/artistics\",\"https:\\\/\\\/www.instagram.com\\\/artistics_com\\\/\",\"http:\\\/\\\/www.pinterest.com\\\/ArtisticsMag\"],\"hasMerchantReturnPolicy\":{\"@type\":\"MerchantReturnPolicy\",\"merchantReturnLink\":\"https:\\\/\\\/artistics.com\\\/free-return-policy\\\/\"}},{\"@type\":\"Person\",\"@id\":\"https:\\\/\\\/artistics.com\\\/fr\\\/#\\\/schema\\\/person\\\/06ccbcd390d4be9b22fdc66fc2e78e6c\",\"name\":\"Hypso\",\"image\":{\"@type\":\"ImageObject\",\"inLanguage\":\"fr-FR\",\"@id\":\"https:\\\/\\\/secure.gravatar.com\\\/avatar\\\/df2518545b115be73a09aa9ed0fe74108171a89b0189073d31863a695ada9fcf?s=96&d=mm&r=g\",\"url\":\"https:\\\/\\\/secure.gravatar.com\\\/avatar\\\/df2518545b115be73a09aa9ed0fe74108171a89b0189073d31863a695ada9fcf?s=96&d=mm&r=g\",\"contentUrl\":\"https:\\\/\\\/secure.gravatar.com\\\/avatar\\\/df2518545b115be73a09aa9ed0fe74108171a89b0189073d31863a695ada9fcf?s=96&d=mm&r=g\",\"caption\":\"Hypso\"},\"sameAs\":[\"https:\\\/\\\/artistics.com\"]}]}<\/script>\n<!-- \/ Yoast SEO Premium plugin. -->","yoast_head_json":{"title":"Introducing Xavier Dumoulin | Artistics","description":"Le travail de Xavier Dumoulin explore le rapport de l'homme \u00e0 son environnement. Un photographe militant \u00e0 d\u00e9couvrir sur Artistics.","robots":{"index":"index","follow":"follow","max-snippet":"max-snippet:-1","max-image-preview":"max-image-preview:large","max-video-preview":"max-video-preview:-1"},"canonical":"https:\/\/artistics.com\/fr\/artzine\/introducing-xavier-dumoulin\/","og_locale":"fr_FR","og_type":"article","og_title":"Introducing Xavier Dumoulin","og_description":"Le travail de Xavier Dumoulin explore le rapport de l'homme \u00e0 son environnement. Un photographe militant \u00e0 d\u00e9couvrir sur Artistics.","og_url":"https:\/\/artistics.com\/fr\/artzine\/introducing-xavier-dumoulin\/","og_site_name":"Artistics","article_publisher":"https:\/\/www.facebook.com\/ArtisticsMag","article_published_time":"2017-08-24T14:13:31+00:00","article_modified_time":"2023-04-25T14:11:16+00:00","og_image":[{"width":1202,"height":709,"url":"https:\/\/artistics.com\/wp-content\/uploads\/2023\/04\/intro-xd-3-nb.jpg","type":"image\/jpeg"}],"author":"Hypso","twitter_card":"summary_large_image","twitter_creator":"@Artistics_FR","twitter_site":"@Artistics_FR","twitter_misc":{"\u00c9crit par":"Hypso","Dur\u00e9e de lecture estim\u00e9e":"3 minutes"},"schema":{"@context":"https:\/\/schema.org","@graph":[{"@type":["Article","BlogPosting"],"@id":"https:\/\/artistics.com\/fr\/artzine\/introducing-xavier-dumoulin\/#article","isPartOf":{"@id":"https:\/\/artistics.com\/fr\/artzine\/introducing-xavier-dumoulin\/"},"author":{"name":"Hypso","@id":"https:\/\/artistics.com\/fr\/#\/schema\/person\/06ccbcd390d4be9b22fdc66fc2e78e6c"},"headline":"Introducing Xavier Dumoulin","datePublished":"2017-08-24T14:13:31+00:00","dateModified":"2023-04-25T14:11:16+00:00","mainEntityOfPage":{"@id":"https:\/\/artistics.com\/fr\/artzine\/introducing-xavier-dumoulin\/"},"wordCount":429,"commentCount":0,"publisher":{"@id":"https:\/\/artistics.com\/fr\/#organization"},"image":{"@id":"https:\/\/artistics.com\/fr\/artzine\/introducing-xavier-dumoulin\/#primaryimage"},"thumbnailUrl":"https:\/\/artistics.com\/wp-content\/uploads\/2023\/04\/intro-xd-3-nb.jpg","articleSection":["Visite d\u2019atelier"],"inLanguage":"fr-FR","potentialAction":[{"@type":"CommentAction","name":"Comment","target":["https:\/\/artistics.com\/fr\/artzine\/introducing-xavier-dumoulin\/#respond"]}]},{"@type":"WebPage","@id":"https:\/\/artistics.com\/fr\/artzine\/introducing-xavier-dumoulin\/","url":"https:\/\/artistics.com\/fr\/artzine\/introducing-xavier-dumoulin\/","name":"Introducing Xavier Dumoulin | Artistics","isPartOf":{"@id":"https:\/\/artistics.com\/fr\/#website"},"primaryImageOfPage":{"@id":"https:\/\/artistics.com\/fr\/artzine\/introducing-xavier-dumoulin\/#primaryimage"},"image":{"@id":"https:\/\/artistics.com\/fr\/artzine\/introducing-xavier-dumoulin\/#primaryimage"},"thumbnailUrl":"https:\/\/artistics.com\/wp-content\/uploads\/2023\/04\/intro-xd-3-nb.jpg","datePublished":"2017-08-24T14:13:31+00:00","dateModified":"2023-04-25T14:11:16+00:00","description":"Le travail de Xavier Dumoulin explore le rapport de l'homme \u00e0 son environnement. Un photographe militant \u00e0 d\u00e9couvrir sur Artistics.","breadcrumb":{"@id":"https:\/\/artistics.com\/fr\/artzine\/introducing-xavier-dumoulin\/#breadcrumb"},"inLanguage":"fr-FR","potentialAction":[{"@type":"ReadAction","target":["https:\/\/artistics.com\/fr\/artzine\/introducing-xavier-dumoulin\/"]}]},{"@type":"ImageObject","inLanguage":"fr-FR","@id":"https:\/\/artistics.com\/fr\/artzine\/introducing-xavier-dumoulin\/#primaryimage","url":"https:\/\/artistics.com\/wp-content\/uploads\/2023\/04\/intro-xd-3-nb.jpg","contentUrl":"https:\/\/artistics.com\/wp-content\/uploads\/2023\/04\/intro-xd-3-nb.jpg","width":1202,"height":709},{"@type":"BreadcrumbList","@id":"https:\/\/artistics.com\/fr\/artzine\/introducing-xavier-dumoulin\/#breadcrumb","itemListElement":[{"@type":"ListItem","position":1,"name":"Achat \u0153uvre d'art","item":"https:\/\/artistics.com\/fr\/"},{"@type":"ListItem","position":2,"name":"Visite d\u2019atelier","item":"https:\/\/artistics.com\/fr\/artzine\/category\/visite-atelier\/"},{"@type":"ListItem","position":3,"name":"Introducing Xavier Dumoulin"}]},{"@type":"WebSite","@id":"https:\/\/artistics.com\/fr\/#website","url":"https:\/\/artistics.com\/fr\/","name":"Artistics","description":"The online art gallery","publisher":{"@id":"https:\/\/artistics.com\/fr\/#organization"},"potentialAction":[{"@type":"SearchAction","target":{"@type":"EntryPoint","urlTemplate":"https:\/\/artistics.com\/fr\/?s={search_term_string}"},"query-input":{"@type":"PropertyValueSpecification","valueRequired":true,"valueName":"search_term_string"}}],"inLanguage":"fr-FR"},{"@type":"Organization","@id":"https:\/\/artistics.com\/fr\/#organization","name":"Artistics","url":"https:\/\/artistics.com\/fr\/","logo":{"@type":"ImageObject","inLanguage":"fr-FR","@id":"https:\/\/artistics.com\/fr\/#\/schema\/logo\/image\/","url":"https:\/\/artistics.com\/wp-content\/uploads\/2023\/02\/artistics-logo-web-1.svg","contentUrl":"https:\/\/artistics.com\/wp-content\/uploads\/2023\/02\/artistics-logo-web-1.svg","caption":"Artistics"},"image":{"@id":"https:\/\/artistics.com\/fr\/#\/schema\/logo\/image\/"},"sameAs":["https:\/\/www.facebook.com\/ArtisticsMag","https:\/\/x.com\/Artistics_FR","http:\/\/www.linkedin.com\/company\/artistics","https:\/\/www.instagram.com\/artistics_com\/","http:\/\/www.pinterest.com\/ArtisticsMag"],"hasMerchantReturnPolicy":{"@type":"MerchantReturnPolicy","merchantReturnLink":"https:\/\/artistics.com\/free-return-policy\/"}},{"@type":"Person","@id":"https:\/\/artistics.com\/fr\/#\/schema\/person\/06ccbcd390d4be9b22fdc66fc2e78e6c","name":"Hypso","image":{"@type":"ImageObject","inLanguage":"fr-FR","@id":"https:\/\/secure.gravatar.com\/avatar\/df2518545b115be73a09aa9ed0fe74108171a89b0189073d31863a695ada9fcf?s=96&d=mm&r=g","url":"https:\/\/secure.gravatar.com\/avatar\/df2518545b115be73a09aa9ed0fe74108171a89b0189073d31863a695ada9fcf?s=96&d=mm&r=g","contentUrl":"https:\/\/secure.gravatar.com\/avatar\/df2518545b115be73a09aa9ed0fe74108171a89b0189073d31863a695ada9fcf?s=96&d=mm&r=g","caption":"Hypso"},"sameAs":["https:\/\/artistics.com"]}]}},"_links":{"self":[{"href":"https:\/\/artistics.com\/fr\/wp-json\/wp\/v2\/posts\/5441","targetHints":{"allow":["GET"]}}],"collection":[{"href":"https:\/\/artistics.com\/fr\/wp-json\/wp\/v2\/posts"}],"about":[{"href":"https:\/\/artistics.com\/fr\/wp-json\/wp\/v2\/types\/post"}],"author":[{"embeddable":true,"href":"https:\/\/artistics.com\/fr\/wp-json\/wp\/v2\/users\/1"}],"replies":[{"embeddable":true,"href":"https:\/\/artistics.com\/fr\/wp-json\/wp\/v2\/comments?post=5441"}],"version-history":[{"count":0,"href":"https:\/\/artistics.com\/fr\/wp-json\/wp\/v2\/posts\/5441\/revisions"}],"wp:featuredmedia":[{"embeddable":true,"href":"https:\/\/artistics.com\/fr\/wp-json\/wp\/v2\/media\/3944"}],"wp:attachment":[{"href":"https:\/\/artistics.com\/fr\/wp-json\/wp\/v2\/media?parent=5441"}],"wp:term":[{"taxonomy":"category","embeddable":true,"href":"https:\/\/artistics.com\/fr\/wp-json\/wp\/v2\/categories?post=5441"},{"taxonomy":"post_tag","embeddable":true,"href":"https:\/\/artistics.com\/fr\/wp-json\/wp\/v2\/tags?post=5441"}],"curies":[{"name":"wp","href":"https:\/\/api.w.org\/{rel}","templated":true}]}}