{"id":5435,"date":"2017-06-06T16:47:37","date_gmt":"2017-06-06T14:47:37","guid":{"rendered":"https:\/\/2022.devartistics.com\/artzine\/revelations-la-biennale-internationale-des-metiers-darts-et-de-la-creation\/"},"modified":"2023-04-13T03:48:04","modified_gmt":"2023-04-13T01:48:04","slug":"revelations-la-biennale-internationale-des-metiers-darts-et-de-la-creation","status":"publish","type":"post","link":"https:\/\/artistics.com\/fr\/artzine\/revelations-la-biennale-internationale-des-metiers-darts-et-de-la-creation\/","title":{"rendered":"\u00ab\u00a0R\u00e9v\u00e9lations\u00a0\u00bb, la biennale internationale des m\u00e9tiers d&rsquo;arts et de la cr\u00e9ation"},"content":{"rendered":"<p ><strong>Du 4 au 8 mai se tient pour la 3<sup>\u00e8me<\/sup> fois au Grand Palais la Biennale Internationale des m\u00e9tiers d\u2019arts\u00a0: R\u00e9v\u00e9lations. C&rsquo;est une multitude de communaut\u00e9s h\u00e9t\u00e9roclites qui se retrouvent sous la nef monumentale pour pr\u00e9senter leurs travaux.<\/strong><\/p>\n<p >R\u00e9v\u00e9lations a \u00e9t\u00e9 cr\u00e9\u00e9 par Ateliers d\u2019Art de France pour l\u2019ensemble des professionnels du secteur des m\u00e9tiers d\u2019art et de la cr\u00e9ation.\u00a0Pr\u00e8s de 400 exposants sont r\u00e9partis sur 180 stands.<\/p>\n<p><strong>\u00a0<\/strong><\/p>\n<p><strong><img decoding=\"async\"  src=\"https:\/\/artistics.com\/wp-content\/uploads\/2023\/04\/2017-05-05_10-13-21.jpg\" alt=\"\" width=\"441\" height=\"424\" \/><\/strong><\/p>\n<p><strong>\u00a0<\/strong><\/p>\n<p >Ici, le ton est au dialogue. En effet, entre les all\u00e9es a\u00e9r\u00e9es et les stands au design simple et \u00e9l\u00e9gant se c\u00f4toient des artisans\u2013cr\u00e9ateurs, des designers, des galeries, des manufactures d\u2019art, des fondations, etc. On trouve aussi bien de la joaillerie, que du mobilier d\u2019art mais \u00e9galement un grand nombre de cr\u00e9ations originales d\u00e9nu\u00e9es de toute fonctionnalit\u00e9. C\u2019est pour d\u00e9couvrir ces savoir-faire d&rsquo;exception mis au service d&rsquo;une recherche esth\u00e9tique que nous nous sommes rendus \u00e0 la biennale. <a href=\"\/?p=2774\">Fr\u00e9d\u00e9rique Domergue<\/a>, artiste que nous repr\u00e9sentons, s\u2019y trouvait \u00e9galement.<\/p>\n<p >Voici un aper\u00e7u de ce que nous avons pu voir et appr\u00e9cier.<\/p>\n<p >\u00a0<\/p>\n<p><img decoding=\"async\"  src=\"https:\/\/artistics.com\/wp-content\/uploads\/2023\/04\/img_3858-scaled.jpg\" alt=\"\" width=\"504\" height=\"374\" \/><\/p>\n<p >Le stand de <a href=\"\/?p=2774\">Fr\u00e9d\u00e9rique Domergue<\/a> \u00e0 la biennale.<\/p>\n<p >\u00a0<\/p>\n<p >Parmis les vases, amphores, coupelles et autres r\u00e9cipients, on trouve beaucoup de cr\u00e9ations en c\u00e9ramique, en porcelaine, en terre ou en gr\u00e8s \u00e9maill\u00e9. Souvent des formes abstraites, des effets de texture ou des semblants d&rsquo;objets dont la fonctionnalit\u00e9 a \u00e9t\u00e9 retir\u00e9.<\/p>\n<p >\u00a0<\/p>\n<p ><img decoding=\"async\"  src=\"https:\/\/artistics.com\/wp-content\/uploads\/2023\/04\/img_3815.jpg\" alt=\"\" width=\"489\" height=\"322\" \/><\/p>\n<p >De gauche \u00e0 droite,\u00a0<em>Modern Remains Wetness\u00a0<\/em>de Kouzo Takeuchi,\u00a0<em>Blue 14-04\u00a0<\/em>de Osamu Kojima et\u00a0<em>Moshikashitara 2\u00a0<\/em>de Tomomi Tanaka.<\/p>\n<p >\u00a0<\/p>\n<p ><img decoding=\"async\"  src=\"https:\/\/artistics.com\/wp-content\/uploads\/2023\/04\/img_3824.jpg\" alt=\"\" width=\"508\" height=\"325\" \/><\/p>\n<p ><em>Sans Titre\u00a0<\/em>de Kristin McKirdy<\/p>\n<p >\u00a0<\/p>\n<p ><img decoding=\"async\"  src=\"https:\/\/artistics.com\/wp-content\/uploads\/2023\/04\/img_3830.jpg\" alt=\"\" width=\"494\" height=\"334\" \/><\/p>\n<p ><em>Fou du roi\u00a0<\/em>de Fabienne Withofs<\/p>\n<p >\u00a0<\/p>\n<p ><img decoding=\"async\"  src=\"https:\/\/artistics.com\/wp-content\/uploads\/2023\/04\/img_3832.jpg\" alt=\"\" width=\"442\" height=\"396\" \/><\/p>\n<p ><em>Offrandes n\u00b01\u00a0<\/em>de Caroline Schmoll<\/p>\n<p >\u00a0<\/p>\n<p ><img decoding=\"async\" src=\"https:\/\/artistics.com\/wp-content\/uploads\/2023\/04\/img_3842.jpg\" alt=\"\" width=\"430\" height=\"477\" \/><\/p>\n<p >\u00a0<\/p>\n<p >Cette sculpture de Daphne CORREGAN, devenue l&#8217;embl\u00e8me de cette \u00e9dition 2017 de la biennale \u00ab\u00a0R\u00e9v\u00e9lations\u00a0\u00bb, illustre tr\u00e8s bien cette volont\u00e9 de d\u00e9tourner les objets, d&rsquo;\u00e9tablir un dialogue entre les techniques d&rsquo;artisanat d&rsquo;art et la cr\u00e9ation contemporaine.<\/p>\n<p >\u00a0<\/p>\n<p >On trouve \u00e9galement d&rsquo;autres types de sculptures parfois plus figuratives, des formes, des animaux etc. Les artistes travaillent la texture, la mati\u00e8re, ils utilisent des objets ou des outils du quotidien.<\/p>\n<p >\u00a0<\/p>\n<p >\u00a0<\/p>\n<p ><img decoding=\"async\" src=\"https:\/\/artistics.com\/wp-content\/uploads\/2023\/04\/img_3791-scaled.jpg\" alt=\"\" width=\"310\" height=\"548\" \/><\/p>\n<p >Sculpture de Quentin Garel.<\/p>\n<p >\u00a0<\/p>\n<p ><img decoding=\"async\" src=\"https:\/\/artistics.com\/wp-content\/uploads\/2023\/04\/img_3796.jpg\" alt=\"\" width=\"381\" height=\"301\" \/><img decoding=\"async\" src=\"https:\/\/artistics.com\/wp-content\/uploads\/2023\/04\/img_3801.jpg\" alt=\"\" width=\"209\" height=\"303\" \/><\/p>\n<p >Sculptures\/Installations de Mylinh Nguyen.<\/p>\n<p >\u00a0<\/p>\n<p ><img decoding=\"async\" src=\"https:\/\/artistics.com\/wp-content\/uploads\/2023\/04\/img_3807-scaled.jpg\" alt=\"\" width=\"469\" height=\"350\" \/><\/p>\n<p >Le stand et les sculptures de Olivier Mallemouche<\/p>\n<p >\u00a0<\/p>\n<p ><img decoding=\"async\" src=\"https:\/\/artistics.com\/wp-content\/uploads\/2023\/04\/img_3814.jpg\" alt=\"\" width=\"496\" height=\"294\" \/><\/p>\n<p ><em>Tiger Skin Hat III\u00a0<\/em>de Lin Yu Si<\/p>\n<p >\u00a0<\/p>\n<p >On trouve \u00e9galement des choses originales comme ces s\u00e9ries de masques. Beaucoup d&rsquo;artistes comme Elie Hirsh ont une pratique double. D&rsquo;un c\u00f4t\u00e9 un travail, une pratique artisanale et de l&rsquo;autre, des cr\u00e9ations contemporaines qui en d\u00e9coulent.<\/p>\n<p >\u00a0<\/p>\n<p ><img decoding=\"async\" src=\"https:\/\/artistics.com\/wp-content\/uploads\/2023\/04\/img_3767.jpg\" alt=\"\" width=\"467\" height=\"348\" \/><\/p>\n<p >S\u00e9rie de masques de Elie Hirsch.<\/p>\n<p >\u00a0<\/p>\n<p ><img decoding=\"async\" src=\"https:\/\/artistics.com\/wp-content\/uploads\/2023\/04\/img_3848.jpg\" alt=\"\" width=\"489\" height=\"344\" \/><\/p>\n<p >\u00a0<\/p>\n<p >On tombe tout de m\u00eame sur des cr\u00e9ations r\u00e9soluments contemporaines qui d\u00e9montrent bien la diversit\u00e9 et la richesse de cette biennale.<\/p>\n<p >\u00a0<\/p>\n<p ><img decoding=\"async\" src=\"https:\/\/artistics.com\/wp-content\/uploads\/2023\/04\/img_3781.jpg\" alt=\"\" width=\"430\" height=\"575\" \/><\/p>\n<p ><em>In-Ondes\u00a0<\/em>de Mathilde Caylou.<\/p>\n<p >\u00a0<\/p>\n<p ><img decoding=\"async\" src=\"https:\/\/artistics.com\/wp-content\/uploads\/2023\/04\/img_3764.jpg\" alt=\"\" width=\"411\" height=\"551\" \/><\/p>\n<p >Sculptures de Martine Polisset.<\/p>\n<p >\u00a0<\/p>\n<p ><img decoding=\"async\" src=\"https:\/\/artistics.com\/wp-content\/uploads\/2023\/04\/img_3784.jpg\" alt=\"\" width=\"566\" height=\"297\" \/><\/p>\n<p ><em>Mecanica Aptica \u00a0<\/em>de\u00a0Cristian Salineros.<\/p>\n<p >\u00a0<\/p>\n<p >\u00a0<\/p>\n<p >\u00a0<\/p>\n<p >\u00a0<\/p>\n<p >\u00a0<\/p>\n<p >\u00a0<\/p>\n<p >\u00a0<\/p>\n<p >\u00a0<\/p>\n","protected":false},"excerpt":{"rendered":"<p>Du 4 au 8 mai se tient pour la 3\u00e8me fois au Grand Palais la Biennale Internationale des m\u00e9tiers d\u2019arts\u00a0: R\u00e9v\u00e9lations. C&rsquo;est une multitude de communaut\u00e9s h\u00e9t\u00e9roclites qui se retrouvent sous la nef monumentale pour pr\u00e9senter leurs travaux. R\u00e9v\u00e9lations a \u00e9t\u00e9 cr\u00e9\u00e9 par Ateliers d\u2019Art de France pour l\u2019ensemble des professionnels du secteur des m\u00e9tiers [&hellip;]<\/p>\n","protected":false},"author":4,"featured_media":3866,"comment_status":"open","ping_status":"open","sticky":false,"template":"","format":"standard","meta":{"_acf_changed":false,"_searchwp_excluded":"","inline_featured_image":false,"footnotes":""},"categories":[1185],"tags":[],"class_list":["post-5435","post","type-post","status-publish","format-standard","has-post-thumbnail","hentry","category-le-monde-de-art"],"acf":[],"yoast_head":"<!-- This site is optimized with the Yoast SEO Premium plugin v27.3 (Yoast SEO v27.3) - https:\/\/yoast.com\/product\/yoast-seo-premium-wordpress\/ -->\n<title>&quot;R\u00e9v\u00e9lations&quot;, la biennale internationale des m\u00e9tiers d&#039;arts et de la cr\u00e9ation<\/title>\n<meta name=\"robots\" content=\"index, follow, max-snippet:-1, max-image-preview:large, max-video-preview:-1\" \/>\n<link rel=\"canonical\" href=\"https:\/\/artistics.com\/fr\/artzine\/revelations-la-biennale-internationale-des-metiers-darts-et-de-la-creation\/\" \/>\n<meta property=\"og:locale\" content=\"fr_FR\" \/>\n<meta property=\"og:type\" content=\"article\" \/>\n<meta property=\"og:title\" content=\"&quot;R\u00e9v\u00e9lations&quot;, la biennale internationale des m\u00e9tiers d&#039;arts et de la cr\u00e9ation\" \/>\n<meta property=\"og:description\" content=\"Du 4 au 8 mai se tient pour la 3\u00e8me fois au Grand Palais la Biennale Internationale des m\u00e9tiers d\u2019arts\u00a0: R\u00e9v\u00e9lations. C&rsquo;est une multitude de communaut\u00e9s h\u00e9t\u00e9roclites qui se retrouvent sous la nef monumentale pour pr\u00e9senter leurs travaux. R\u00e9v\u00e9lations a \u00e9t\u00e9 cr\u00e9\u00e9 par Ateliers d\u2019Art de France pour l\u2019ensemble des professionnels du secteur des m\u00e9tiers [&hellip;]\" \/>\n<meta property=\"og:url\" content=\"https:\/\/artistics.com\/fr\/artzine\/revelations-la-biennale-internationale-des-metiers-darts-et-de-la-creation\/\" \/>\n<meta property=\"og:site_name\" content=\"Artistics\" \/>\n<meta property=\"article:publisher\" content=\"https:\/\/www.facebook.com\/ArtisticsMag\" \/>\n<meta property=\"article:published_time\" content=\"2017-06-06T14:47:37+00:00\" \/>\n<meta property=\"article:modified_time\" content=\"2023-04-13T01:48:04+00:00\" \/>\n<meta property=\"og:image\" content=\"https:\/\/artistics.com\/wp-content\/uploads\/2023\/04\/revelations_2017.jpg\" \/>\n\t<meta property=\"og:image:width\" content=\"674\" \/>\n\t<meta property=\"og:image:height\" content=\"477\" \/>\n\t<meta property=\"og:image:type\" content=\"image\/jpeg\" \/>\n<meta name=\"author\" content=\"Christophe Salet\" \/>\n<meta name=\"twitter:card\" content=\"summary_large_image\" \/>\n<meta name=\"twitter:creator\" content=\"@Artistics_FR\" \/>\n<meta name=\"twitter:site\" content=\"@Artistics_FR\" \/>\n<meta name=\"twitter:label1\" content=\"\u00c9crit par\" \/>\n\t<meta name=\"twitter:data1\" content=\"Christophe Salet\" \/>\n\t<meta name=\"twitter:label2\" content=\"Dur\u00e9e de lecture estim\u00e9e\" \/>\n\t<meta name=\"twitter:data2\" content=\"2 minutes\" \/>\n<script type=\"application\/ld+json\" class=\"yoast-schema-graph\">{\"@context\":\"https:\\\/\\\/schema.org\",\"@graph\":[{\"@type\":[\"Article\",\"BlogPosting\"],\"@id\":\"https:\\\/\\\/artistics.com\\\/fr\\\/artzine\\\/revelations-la-biennale-internationale-des-metiers-darts-et-de-la-creation\\\/#article\",\"isPartOf\":{\"@id\":\"https:\\\/\\\/artistics.com\\\/fr\\\/artzine\\\/revelations-la-biennale-internationale-des-metiers-darts-et-de-la-creation\\\/\"},\"author\":{\"name\":\"Christophe Salet\",\"@id\":\"https:\\\/\\\/artistics.com\\\/fr\\\/#\\\/schema\\\/person\\\/1367e63148251e426892320f3452d474\"},\"headline\":\"\u00ab\u00a0R\u00e9v\u00e9lations\u00a0\u00bb, la biennale internationale des m\u00e9tiers d&rsquo;arts et de la cr\u00e9ation\",\"datePublished\":\"2017-06-06T14:47:37+00:00\",\"dateModified\":\"2023-04-13T01:48:04+00:00\",\"mainEntityOfPage\":{\"@id\":\"https:\\\/\\\/artistics.com\\\/fr\\\/artzine\\\/revelations-la-biennale-internationale-des-metiers-darts-et-de-la-creation\\\/\"},\"wordCount\":500,\"commentCount\":0,\"publisher\":{\"@id\":\"https:\\\/\\\/artistics.com\\\/fr\\\/#organization\"},\"image\":{\"@id\":\"https:\\\/\\\/artistics.com\\\/fr\\\/artzine\\\/revelations-la-biennale-internationale-des-metiers-darts-et-de-la-creation\\\/#primaryimage\"},\"thumbnailUrl\":\"https:\\\/\\\/artistics.com\\\/wp-content\\\/uploads\\\/2023\\\/04\\\/revelations_2017.jpg\",\"articleSection\":[\"Monde de l\u2019art\"],\"inLanguage\":\"fr-FR\",\"potentialAction\":[{\"@type\":\"CommentAction\",\"name\":\"Comment\",\"target\":[\"https:\\\/\\\/artistics.com\\\/fr\\\/artzine\\\/revelations-la-biennale-internationale-des-metiers-darts-et-de-la-creation\\\/#respond\"]}]},{\"@type\":\"WebPage\",\"@id\":\"https:\\\/\\\/artistics.com\\\/fr\\\/artzine\\\/revelations-la-biennale-internationale-des-metiers-darts-et-de-la-creation\\\/\",\"url\":\"https:\\\/\\\/artistics.com\\\/fr\\\/artzine\\\/revelations-la-biennale-internationale-des-metiers-darts-et-de-la-creation\\\/\",\"name\":\"\\\"R\u00e9v\u00e9lations\\\", la biennale internationale des m\u00e9tiers d'arts et de la cr\u00e9ation\",\"isPartOf\":{\"@id\":\"https:\\\/\\\/artistics.com\\\/fr\\\/#website\"},\"primaryImageOfPage\":{\"@id\":\"https:\\\/\\\/artistics.com\\\/fr\\\/artzine\\\/revelations-la-biennale-internationale-des-metiers-darts-et-de-la-creation\\\/#primaryimage\"},\"image\":{\"@id\":\"https:\\\/\\\/artistics.com\\\/fr\\\/artzine\\\/revelations-la-biennale-internationale-des-metiers-darts-et-de-la-creation\\\/#primaryimage\"},\"thumbnailUrl\":\"https:\\\/\\\/artistics.com\\\/wp-content\\\/uploads\\\/2023\\\/04\\\/revelations_2017.jpg\",\"datePublished\":\"2017-06-06T14:47:37+00:00\",\"dateModified\":\"2023-04-13T01:48:04+00:00\",\"breadcrumb\":{\"@id\":\"https:\\\/\\\/artistics.com\\\/fr\\\/artzine\\\/revelations-la-biennale-internationale-des-metiers-darts-et-de-la-creation\\\/#breadcrumb\"},\"inLanguage\":\"fr-FR\",\"potentialAction\":[{\"@type\":\"ReadAction\",\"target\":[\"https:\\\/\\\/artistics.com\\\/fr\\\/artzine\\\/revelations-la-biennale-internationale-des-metiers-darts-et-de-la-creation\\\/\"]}]},{\"@type\":\"ImageObject\",\"inLanguage\":\"fr-FR\",\"@id\":\"https:\\\/\\\/artistics.com\\\/fr\\\/artzine\\\/revelations-la-biennale-internationale-des-metiers-darts-et-de-la-creation\\\/#primaryimage\",\"url\":\"https:\\\/\\\/artistics.com\\\/wp-content\\\/uploads\\\/2023\\\/04\\\/revelations_2017.jpg\",\"contentUrl\":\"https:\\\/\\\/artistics.com\\\/wp-content\\\/uploads\\\/2023\\\/04\\\/revelations_2017.jpg\",\"width\":674,\"height\":477},{\"@type\":\"BreadcrumbList\",\"@id\":\"https:\\\/\\\/artistics.com\\\/fr\\\/artzine\\\/revelations-la-biennale-internationale-des-metiers-darts-et-de-la-creation\\\/#breadcrumb\",\"itemListElement\":[{\"@type\":\"ListItem\",\"position\":1,\"name\":\"Achat \u0153uvre d'art\",\"item\":\"https:\\\/\\\/artistics.com\\\/fr\\\/\"},{\"@type\":\"ListItem\",\"position\":2,\"name\":\"Monde de l\u2019art\",\"item\":\"https:\\\/\\\/artistics.com\\\/fr\\\/artzine\\\/category\\\/le-monde-de-art\\\/\"},{\"@type\":\"ListItem\",\"position\":3,\"name\":\"\u00ab\u00a0R\u00e9v\u00e9lations\u00a0\u00bb, la biennale internationale des m\u00e9tiers d&rsquo;arts et de la cr\u00e9ation\"}]},{\"@type\":\"WebSite\",\"@id\":\"https:\\\/\\\/artistics.com\\\/fr\\\/#website\",\"url\":\"https:\\\/\\\/artistics.com\\\/fr\\\/\",\"name\":\"Artistics\",\"description\":\"The online art gallery\",\"publisher\":{\"@id\":\"https:\\\/\\\/artistics.com\\\/fr\\\/#organization\"},\"potentialAction\":[{\"@type\":\"SearchAction\",\"target\":{\"@type\":\"EntryPoint\",\"urlTemplate\":\"https:\\\/\\\/artistics.com\\\/fr\\\/?s={search_term_string}\"},\"query-input\":{\"@type\":\"PropertyValueSpecification\",\"valueRequired\":true,\"valueName\":\"search_term_string\"}}],\"inLanguage\":\"fr-FR\"},{\"@type\":\"Organization\",\"@id\":\"https:\\\/\\\/artistics.com\\\/fr\\\/#organization\",\"name\":\"Artistics\",\"url\":\"https:\\\/\\\/artistics.com\\\/fr\\\/\",\"logo\":{\"@type\":\"ImageObject\",\"inLanguage\":\"fr-FR\",\"@id\":\"https:\\\/\\\/artistics.com\\\/fr\\\/#\\\/schema\\\/logo\\\/image\\\/\",\"url\":\"https:\\\/\\\/artistics.com\\\/wp-content\\\/uploads\\\/2023\\\/02\\\/artistics-logo-web-1.svg\",\"contentUrl\":\"https:\\\/\\\/artistics.com\\\/wp-content\\\/uploads\\\/2023\\\/02\\\/artistics-logo-web-1.svg\",\"caption\":\"Artistics\"},\"image\":{\"@id\":\"https:\\\/\\\/artistics.com\\\/fr\\\/#\\\/schema\\\/logo\\\/image\\\/\"},\"sameAs\":[\"https:\\\/\\\/www.facebook.com\\\/ArtisticsMag\",\"https:\\\/\\\/x.com\\\/Artistics_FR\",\"http:\\\/\\\/www.linkedin.com\\\/company\\\/artistics\",\"https:\\\/\\\/www.instagram.com\\\/artistics_com\\\/\",\"http:\\\/\\\/www.pinterest.com\\\/ArtisticsMag\"],\"hasMerchantReturnPolicy\":{\"@type\":\"MerchantReturnPolicy\",\"merchantReturnLink\":\"https:\\\/\\\/artistics.com\\\/free-return-policy\\\/\"}},{\"@type\":\"Person\",\"@id\":\"https:\\\/\\\/artistics.com\\\/fr\\\/#\\\/schema\\\/person\\\/1367e63148251e426892320f3452d474\",\"name\":\"Christophe Salet\",\"image\":{\"@type\":\"ImageObject\",\"inLanguage\":\"fr-FR\",\"@id\":\"https:\\\/\\\/secure.gravatar.com\\\/avatar\\\/91f432599f85a6d56c33b915f1b9ebc5efdabae77f9b6e054e22a9c119116cdc?s=96&d=mm&r=g\",\"url\":\"https:\\\/\\\/secure.gravatar.com\\\/avatar\\\/91f432599f85a6d56c33b915f1b9ebc5efdabae77f9b6e054e22a9c119116cdc?s=96&d=mm&r=g\",\"contentUrl\":\"https:\\\/\\\/secure.gravatar.com\\\/avatar\\\/91f432599f85a6d56c33b915f1b9ebc5efdabae77f9b6e054e22a9c119116cdc?s=96&d=mm&r=g\",\"caption\":\"Christophe Salet\"}}]}<\/script>\n<!-- \/ Yoast SEO Premium plugin. -->","yoast_head_json":{"title":"\"R\u00e9v\u00e9lations\", la biennale internationale des m\u00e9tiers d'arts et de la cr\u00e9ation","robots":{"index":"index","follow":"follow","max-snippet":"max-snippet:-1","max-image-preview":"max-image-preview:large","max-video-preview":"max-video-preview:-1"},"canonical":"https:\/\/artistics.com\/fr\/artzine\/revelations-la-biennale-internationale-des-metiers-darts-et-de-la-creation\/","og_locale":"fr_FR","og_type":"article","og_title":"\"R\u00e9v\u00e9lations\", la biennale internationale des m\u00e9tiers d'arts et de la cr\u00e9ation","og_description":"Du 4 au 8 mai se tient pour la 3\u00e8me fois au Grand Palais la Biennale Internationale des m\u00e9tiers d\u2019arts\u00a0: R\u00e9v\u00e9lations. C&rsquo;est une multitude de communaut\u00e9s h\u00e9t\u00e9roclites qui se retrouvent sous la nef monumentale pour pr\u00e9senter leurs travaux. R\u00e9v\u00e9lations a \u00e9t\u00e9 cr\u00e9\u00e9 par Ateliers d\u2019Art de France pour l\u2019ensemble des professionnels du secteur des m\u00e9tiers [&hellip;]","og_url":"https:\/\/artistics.com\/fr\/artzine\/revelations-la-biennale-internationale-des-metiers-darts-et-de-la-creation\/","og_site_name":"Artistics","article_publisher":"https:\/\/www.facebook.com\/ArtisticsMag","article_published_time":"2017-06-06T14:47:37+00:00","article_modified_time":"2023-04-13T01:48:04+00:00","og_image":[{"width":674,"height":477,"url":"https:\/\/artistics.com\/wp-content\/uploads\/2023\/04\/revelations_2017.jpg","type":"image\/jpeg"}],"author":"Christophe Salet","twitter_card":"summary_large_image","twitter_creator":"@Artistics_FR","twitter_site":"@Artistics_FR","twitter_misc":{"\u00c9crit par":"Christophe Salet","Dur\u00e9e de lecture estim\u00e9e":"2 minutes"},"schema":{"@context":"https:\/\/schema.org","@graph":[{"@type":["Article","BlogPosting"],"@id":"https:\/\/artistics.com\/fr\/artzine\/revelations-la-biennale-internationale-des-metiers-darts-et-de-la-creation\/#article","isPartOf":{"@id":"https:\/\/artistics.com\/fr\/artzine\/revelations-la-biennale-internationale-des-metiers-darts-et-de-la-creation\/"},"author":{"name":"Christophe Salet","@id":"https:\/\/artistics.com\/fr\/#\/schema\/person\/1367e63148251e426892320f3452d474"},"headline":"\u00ab\u00a0R\u00e9v\u00e9lations\u00a0\u00bb, la biennale internationale des m\u00e9tiers d&rsquo;arts et de la cr\u00e9ation","datePublished":"2017-06-06T14:47:37+00:00","dateModified":"2023-04-13T01:48:04+00:00","mainEntityOfPage":{"@id":"https:\/\/artistics.com\/fr\/artzine\/revelations-la-biennale-internationale-des-metiers-darts-et-de-la-creation\/"},"wordCount":500,"commentCount":0,"publisher":{"@id":"https:\/\/artistics.com\/fr\/#organization"},"image":{"@id":"https:\/\/artistics.com\/fr\/artzine\/revelations-la-biennale-internationale-des-metiers-darts-et-de-la-creation\/#primaryimage"},"thumbnailUrl":"https:\/\/artistics.com\/wp-content\/uploads\/2023\/04\/revelations_2017.jpg","articleSection":["Monde de l\u2019art"],"inLanguage":"fr-FR","potentialAction":[{"@type":"CommentAction","name":"Comment","target":["https:\/\/artistics.com\/fr\/artzine\/revelations-la-biennale-internationale-des-metiers-darts-et-de-la-creation\/#respond"]}]},{"@type":"WebPage","@id":"https:\/\/artistics.com\/fr\/artzine\/revelations-la-biennale-internationale-des-metiers-darts-et-de-la-creation\/","url":"https:\/\/artistics.com\/fr\/artzine\/revelations-la-biennale-internationale-des-metiers-darts-et-de-la-creation\/","name":"\"R\u00e9v\u00e9lations\", la biennale internationale des m\u00e9tiers d'arts et de la cr\u00e9ation","isPartOf":{"@id":"https:\/\/artistics.com\/fr\/#website"},"primaryImageOfPage":{"@id":"https:\/\/artistics.com\/fr\/artzine\/revelations-la-biennale-internationale-des-metiers-darts-et-de-la-creation\/#primaryimage"},"image":{"@id":"https:\/\/artistics.com\/fr\/artzine\/revelations-la-biennale-internationale-des-metiers-darts-et-de-la-creation\/#primaryimage"},"thumbnailUrl":"https:\/\/artistics.com\/wp-content\/uploads\/2023\/04\/revelations_2017.jpg","datePublished":"2017-06-06T14:47:37+00:00","dateModified":"2023-04-13T01:48:04+00:00","breadcrumb":{"@id":"https:\/\/artistics.com\/fr\/artzine\/revelations-la-biennale-internationale-des-metiers-darts-et-de-la-creation\/#breadcrumb"},"inLanguage":"fr-FR","potentialAction":[{"@type":"ReadAction","target":["https:\/\/artistics.com\/fr\/artzine\/revelations-la-biennale-internationale-des-metiers-darts-et-de-la-creation\/"]}]},{"@type":"ImageObject","inLanguage":"fr-FR","@id":"https:\/\/artistics.com\/fr\/artzine\/revelations-la-biennale-internationale-des-metiers-darts-et-de-la-creation\/#primaryimage","url":"https:\/\/artistics.com\/wp-content\/uploads\/2023\/04\/revelations_2017.jpg","contentUrl":"https:\/\/artistics.com\/wp-content\/uploads\/2023\/04\/revelations_2017.jpg","width":674,"height":477},{"@type":"BreadcrumbList","@id":"https:\/\/artistics.com\/fr\/artzine\/revelations-la-biennale-internationale-des-metiers-darts-et-de-la-creation\/#breadcrumb","itemListElement":[{"@type":"ListItem","position":1,"name":"Achat \u0153uvre d'art","item":"https:\/\/artistics.com\/fr\/"},{"@type":"ListItem","position":2,"name":"Monde de l\u2019art","item":"https:\/\/artistics.com\/fr\/artzine\/category\/le-monde-de-art\/"},{"@type":"ListItem","position":3,"name":"\u00ab\u00a0R\u00e9v\u00e9lations\u00a0\u00bb, la biennale internationale des m\u00e9tiers d&rsquo;arts et de la cr\u00e9ation"}]},{"@type":"WebSite","@id":"https:\/\/artistics.com\/fr\/#website","url":"https:\/\/artistics.com\/fr\/","name":"Artistics","description":"The online art gallery","publisher":{"@id":"https:\/\/artistics.com\/fr\/#organization"},"potentialAction":[{"@type":"SearchAction","target":{"@type":"EntryPoint","urlTemplate":"https:\/\/artistics.com\/fr\/?s={search_term_string}"},"query-input":{"@type":"PropertyValueSpecification","valueRequired":true,"valueName":"search_term_string"}}],"inLanguage":"fr-FR"},{"@type":"Organization","@id":"https:\/\/artistics.com\/fr\/#organization","name":"Artistics","url":"https:\/\/artistics.com\/fr\/","logo":{"@type":"ImageObject","inLanguage":"fr-FR","@id":"https:\/\/artistics.com\/fr\/#\/schema\/logo\/image\/","url":"https:\/\/artistics.com\/wp-content\/uploads\/2023\/02\/artistics-logo-web-1.svg","contentUrl":"https:\/\/artistics.com\/wp-content\/uploads\/2023\/02\/artistics-logo-web-1.svg","caption":"Artistics"},"image":{"@id":"https:\/\/artistics.com\/fr\/#\/schema\/logo\/image\/"},"sameAs":["https:\/\/www.facebook.com\/ArtisticsMag","https:\/\/x.com\/Artistics_FR","http:\/\/www.linkedin.com\/company\/artistics","https:\/\/www.instagram.com\/artistics_com\/","http:\/\/www.pinterest.com\/ArtisticsMag"],"hasMerchantReturnPolicy":{"@type":"MerchantReturnPolicy","merchantReturnLink":"https:\/\/artistics.com\/free-return-policy\/"}},{"@type":"Person","@id":"https:\/\/artistics.com\/fr\/#\/schema\/person\/1367e63148251e426892320f3452d474","name":"Christophe Salet","image":{"@type":"ImageObject","inLanguage":"fr-FR","@id":"https:\/\/secure.gravatar.com\/avatar\/91f432599f85a6d56c33b915f1b9ebc5efdabae77f9b6e054e22a9c119116cdc?s=96&d=mm&r=g","url":"https:\/\/secure.gravatar.com\/avatar\/91f432599f85a6d56c33b915f1b9ebc5efdabae77f9b6e054e22a9c119116cdc?s=96&d=mm&r=g","contentUrl":"https:\/\/secure.gravatar.com\/avatar\/91f432599f85a6d56c33b915f1b9ebc5efdabae77f9b6e054e22a9c119116cdc?s=96&d=mm&r=g","caption":"Christophe Salet"}}]}},"_links":{"self":[{"href":"https:\/\/artistics.com\/fr\/wp-json\/wp\/v2\/posts\/5435","targetHints":{"allow":["GET"]}}],"collection":[{"href":"https:\/\/artistics.com\/fr\/wp-json\/wp\/v2\/posts"}],"about":[{"href":"https:\/\/artistics.com\/fr\/wp-json\/wp\/v2\/types\/post"}],"author":[{"embeddable":true,"href":"https:\/\/artistics.com\/fr\/wp-json\/wp\/v2\/users\/4"}],"replies":[{"embeddable":true,"href":"https:\/\/artistics.com\/fr\/wp-json\/wp\/v2\/comments?post=5435"}],"version-history":[{"count":0,"href":"https:\/\/artistics.com\/fr\/wp-json\/wp\/v2\/posts\/5435\/revisions"}],"wp:featuredmedia":[{"embeddable":true,"href":"https:\/\/artistics.com\/fr\/wp-json\/wp\/v2\/media\/3866"}],"wp:attachment":[{"href":"https:\/\/artistics.com\/fr\/wp-json\/wp\/v2\/media?parent=5435"}],"wp:term":[{"taxonomy":"category","embeddable":true,"href":"https:\/\/artistics.com\/fr\/wp-json\/wp\/v2\/categories?post=5435"},{"taxonomy":"post_tag","embeddable":true,"href":"https:\/\/artistics.com\/fr\/wp-json\/wp\/v2\/tags?post=5435"}],"curies":[{"name":"wp","href":"https:\/\/api.w.org\/{rel}","templated":true}]}}