{"id":5425,"date":"2017-04-14T10:28:14","date_gmt":"2017-04-14T08:28:14","guid":{"rendered":"https:\/\/2022.devartistics.com\/artzine\/pad-2017-la-foire-dediee-au-design\/"},"modified":"2023-04-13T03:47:55","modified_gmt":"2023-04-13T01:47:55","slug":"pad-2017-la-foire-dediee-au-design","status":"publish","type":"post","link":"https:\/\/artistics.com\/fr\/artzine\/pad-2017-la-foire-dediee-au-design\/","title":{"rendered":"PAD 2017, la foire d\u00e9di\u00e9e au design"},"content":{"rendered":"<p><span >Du 22 au 26 mars 2017, le Jardin des Tuileries \u00e0 Paris accueille, comme chaque ann\u00e9e, le PAD et son vaste chapiteau blanc qui a la chance d&rsquo;abriter des chefs d&rsquo;oeuvres des arts d\u00e9coratifs et du design.<\/span><\/p>\n<p >Plus de 60 galeries, de France, d&rsquo;Europe et d&rsquo;ailleurs, se c\u00f4toient dans une ambiance tamis\u00e9e et luxueuse pour nous pr\u00e9senter leurs collections de pi\u00e8ces de design historique mais aussi contemporain, de sculptures, de bijoux ou encore de verreries et de c\u00e9ramiques.<\/p>\n<p>\u00a0<\/p>\n<p><img decoding=\"async\"  src=\"https:\/\/artistics.com\/wp-content\/uploads\/2023\/04\/pad-2016-2.jpg\" alt=\"\" width=\"759\" height=\"440\" \/><\/p>\n<p>\u00a0<\/p>\n<p >Motiv\u00e9s par la visite de nos deux comp\u00e8res, <a href=\"\/?p=21987\" target=\"_blank\" rel=\"noopener\">Macho<\/a> et <a href=\"\/?p=21992\" target=\"_blank\" rel=\"noopener\">Serena<\/a>, sculptures de <a href=\"\/?p=2782\" target=\"_blank\" rel=\"noopener\">Marie Louise Sorbac<\/a> recueillies pour l&rsquo;occasion par la galerie Philippe Heim, nous nous sommes donc rendus au PAD. Atmosph\u00e8re feutr\u00e9e, moquette noire \u00e9paisse, lumi\u00e8res tamis\u00e9es, nous nous sommes aventur\u00e9s le long de ces deux all\u00e9es peupl\u00e9es de meubles et d&rsquo;objets d&rsquo;art. Loin de l&rsquo;ambiance de la FIAC et de ses stands aux allures de &lsquo;white cubes&rsquo; toujours tr\u00e8s \u00e9pur\u00e9s, ici on recr\u00e9\u00e9 des espaces habit\u00e9s cossus.<\/p>\n<p >Voici un compte rendu en images de ce que nous avons vu et appr\u00e9ci\u00e9.\u00a0<\/p>\n<p>\u00a0<\/p>\n<p><img decoding=\"async\"  src=\"https:\/\/artistics.com\/wp-content\/uploads\/2023\/04\/img_6920_0.jpg\" alt=\"\" width=\"713\" height=\"713\" \/><\/p>\n<p ><strong><em>S\u00e8vres Cit\u00e9 de la C\u00e9ramique<\/em><\/strong> est pr\u00e9sente depuis deux ann\u00e9es cons\u00e9cutives au PAD de Paris et de Londres. V\u00e9ritable institution, la manufacture de S\u00e8vres promeut l&rsquo;art de la c\u00e9ramique depuis le XVIII\u00e8me si\u00e8cle. Loin d&rsquo;une repr\u00e9sentation d&rsquo;un art artisanal d\u00e9suet, S\u00e8vres n&rsquo;a de cesse de s&rsquo;entourer de v\u00e9ritables artistes, \u00e9mergents ou reconnus, qui offrent \u00e0 cette discipline un souffle r\u00e9solument contemporain: <strong>Michele de Lucchi<\/strong> (en bas \u00e0 gauche sur la photo), <strong>Ettore Sottsass<\/strong>, <strong>Aldo Bakker<\/strong> (en bas \u00e0 droite sur la photo) et bien d&rsquo;autres. Fi\u00e8rement intitul\u00e9 \u00ab\u00a0Couleurs de S\u00e8vres\u00a0\u00bb, le stand de la Cit\u00e9 de la C\u00e9ramique ne d\u00e9\u00e7oit pas par l&rsquo;originalit\u00e9 des pi\u00e8ces pr\u00e9sent\u00e9es et de leur installation.<\/p>\n<p><img decoding=\"async\" src=\"https:\/\/artistics.com\/wp-content\/uploads\/2023\/04\/0i-sottsass-sybilla01.jpg\" alt=\"\" width=\"173\" height=\"262\" \/>\u00a0 <img decoding=\"async\" src=\"https:\/\/artistics.com\/wp-content\/uploads\/2023\/04\/0i-sottsass-diane01-1.jpg\" alt=\"\" width=\"193\" height=\"262\" \/>\u00a0 <img decoding=\"async\" src=\"https:\/\/artistics.com\/wp-content\/uploads\/2023\/04\/0i-sottsass-esmeralda00-1.jpg\" alt=\"\" width=\"174\" height=\"262\" \/><\/p>\n<p>(Ici trois c\u00e9ramiques du designer italien <strong>Ettore Sottsass<\/strong>, figure \u00e9minente du <em>Memphis Group<\/em>)<\/p>\n<p>\u00a0<\/p>\n<p>\u00a0<\/p>\n<p><img decoding=\"async\" src=\"https:\/\/artistics.com\/wp-content\/uploads\/2023\/04\/wilmotte_blue_gate_table_lamp_01.jpg\" alt=\"\" width=\"273\" height=\"273\" \/>\u00a0 <img decoding=\"async\" src=\"https:\/\/artistics.com\/wp-content\/uploads\/2023\/04\/lehanneur_springlampirishgreen52cm_01-cropsq-700x0-1.jpg\" alt=\"\" width=\"274\" height=\"274\" \/><\/p>\n<p >(A gauche la \u00ab\u00a0Blue Gate Lamp\u00a0\u00bb de <strong>Victoria Wilmotte<\/strong>; \u00e0 droite la \u00ab\u00a0Spring Lamp\u00a0\u00bb de <strong>Mathieu Lehanneur<\/strong>)<\/p>\n<p >Repr\u00e9sent\u00e9s par la <strong><em>Carpenters Workshop Gallery<\/em><\/strong>, ces deux artistes, expos\u00e9s parmi d&rsquo;autres sur le stand de la galerie au PAD, incarnent l&rsquo;esprit d&rsquo;un design contemporain, \u00e0 la fois tr\u00e8s sculptural, minimaliste et po\u00e9tique.<\/p>\n<p>\u00a0<\/p>\n<p>\u00a0<\/p>\n<p><img decoding=\"async\" src=\"https:\/\/artistics.com\/wp-content\/uploads\/2023\/04\/pond-brons-bewekt-796x528_796.jpg\" alt=\"\" width=\"574\" height=\"380\" \/><\/p>\n<p>(\u00ab\u00a0Puddle Bronze\u00a0\u00bb: sculpture de l&rsquo;artiste n\u00e9erlandais <strong>Reiner Bosch<\/strong>)<\/p>\n<p >Expos\u00e9e par la galerie <strong><em>Priveekollektie<\/em><\/strong>, cette sculpture luxueuse en bronze poli retranscrit l&rsquo;action de la peinture d\u00e9goulinant et recouvrant un objet. Sc\u00e8ne de rue, objet du quotidien, l&rsquo;artiste raconte avoir \u00e9t\u00e9 inspir\u00e9 par l&rsquo;un de ses voyages au Tibet \u00e0 l&rsquo;occasion duquel il a pu observer ce ph\u00e9nom\u00e8ne de coulure de la peinture, accentu\u00e9e par l&rsquo;effet du vent, le long d&rsquo;objets alors compl\u00e8tement recouverts et transform\u00e9s par cette nouvelle peau.<\/p>\n<p>\u00a0<\/p>\n<p>\u00a0<\/p>\n<p><img decoding=\"async\" src=\"https:\/\/artistics.com\/wp-content\/uploads\/2023\/04\/armersoyer-mathiaskiss-pad.jpg\" alt=\"\" width=\"278\" height=\"278\" \/>\u00a0 <img decoding=\"async\" src=\"https:\/\/artistics.com\/wp-content\/uploads\/2023\/04\/img_6942.jpg\" alt=\"\" width=\"279\" height=\"279\" \/><\/p>\n<p>(Miroir \u00ab\u00a0JC\u00a0\u00bb du designer fran\u00e7ais <strong>Mathias Kiss<\/strong>)<\/p>\n<p >Expos\u00e9 par la <em><strong>Galerie Armel Soyer<\/strong><\/em>, ce miroir a \u00e9t\u00e9 un v\u00e9ritable \u00ab\u00a0hit\u00a0\u00bb cette ann\u00e9e sur le PAD. Photographi\u00e9 et instagram\u00e9 des centaines de fois, avant m\u00eame d&rsquo;arriver sur la foire ce miroir \u00e9tait d\u00e9j\u00e0 dans nos esprits. Cet objet, ou cette sculpture murale, n&rsquo;a plus rien d&rsquo;un miroir&#8230; Impossible d&rsquo;apercevoir son reflet. Pourtant compos\u00e9 uniquement de miroir, au sens du mat\u00e9riau, cet objet compl\u00e8tement d\u00e9construit, presque cubiste voire futuriste, est finalement un bel exemple d&rsquo;iconoclasme. Pourtant appel\u00e9 \u00ab\u00a0miroir\u00a0\u00bb, cet objet n&rsquo;a aucune fonction, en tout cas pas celle de la r\u00e9flexion, remettant ainsi en cause les principes du design et faisant de sa cr\u00e9ation un objet hybride, \u00e0 la crois\u00e9e des arts d\u00e9coratifs et de la sculpture.<\/p>\n<p>\u00a0<\/p>\n","protected":false},"excerpt":{"rendered":"<p>Du 22 au 26 mars 2017, le Jardin des Tuileries \u00e0 Paris accueille, comme chaque ann\u00e9e, le PAD et son vaste chapiteau blanc qui a la chance d&rsquo;abriter des chefs d&rsquo;oeuvres des arts d\u00e9coratifs et du design. Plus de 60 galeries, de France, d&rsquo;Europe et d&rsquo;ailleurs, se c\u00f4toient dans une ambiance tamis\u00e9e et luxueuse pour [&hellip;]<\/p>\n","protected":false},"author":4,"featured_media":3724,"comment_status":"open","ping_status":"open","sticky":false,"template":"","format":"standard","meta":{"_acf_changed":false,"_searchwp_excluded":"","inline_featured_image":false,"footnotes":""},"categories":[1185],"tags":[],"class_list":["post-5425","post","type-post","status-publish","format-standard","has-post-thumbnail","hentry","category-le-monde-de-art"],"acf":[],"yoast_head":"<!-- This site is optimized with the Yoast SEO Premium plugin v27.3 (Yoast SEO v27.3) - https:\/\/yoast.com\/product\/yoast-seo-premium-wordpress\/ -->\n<title>PAD 2017, la foire d\u00e9di\u00e9e au design<\/title>\n<meta name=\"robots\" content=\"index, follow, max-snippet:-1, max-image-preview:large, max-video-preview:-1\" \/>\n<link rel=\"canonical\" href=\"https:\/\/artistics.com\/fr\/artzine\/pad-2017-la-foire-dediee-au-design\/\" \/>\n<meta property=\"og:locale\" content=\"fr_FR\" \/>\n<meta property=\"og:type\" content=\"article\" \/>\n<meta property=\"og:title\" content=\"PAD 2017, la foire d\u00e9di\u00e9e au design\" \/>\n<meta property=\"og:description\" content=\"Du 22 au 26 mars 2017, le Jardin des Tuileries \u00e0 Paris accueille, comme chaque ann\u00e9e, le PAD et son vaste chapiteau blanc qui a la chance d&rsquo;abriter des chefs d&rsquo;oeuvres des arts d\u00e9coratifs et du design. Plus de 60 galeries, de France, d&rsquo;Europe et d&rsquo;ailleurs, se c\u00f4toient dans une ambiance tamis\u00e9e et luxueuse pour [&hellip;]\" \/>\n<meta property=\"og:url\" content=\"https:\/\/artistics.com\/fr\/artzine\/pad-2017-la-foire-dediee-au-design\/\" \/>\n<meta property=\"og:site_name\" content=\"Artistics\" \/>\n<meta property=\"article:publisher\" content=\"https:\/\/www.facebook.com\/ArtisticsMag\" \/>\n<meta property=\"article:published_time\" content=\"2017-04-14T08:28:14+00:00\" \/>\n<meta property=\"article:modified_time\" content=\"2023-04-13T01:47:55+00:00\" \/>\n<meta property=\"og:image\" content=\"https:\/\/artistics.com\/wp-content\/uploads\/2023\/04\/pad_logo.jpg\" \/>\n\t<meta property=\"og:image:width\" content=\"892\" \/>\n\t<meta property=\"og:image:height\" content=\"580\" \/>\n\t<meta property=\"og:image:type\" content=\"image\/jpeg\" \/>\n<meta name=\"author\" content=\"Christophe Salet\" \/>\n<meta name=\"twitter:card\" content=\"summary_large_image\" \/>\n<meta name=\"twitter:creator\" content=\"@Artistics_FR\" \/>\n<meta name=\"twitter:site\" content=\"@Artistics_FR\" \/>\n<meta name=\"twitter:label1\" content=\"\u00c9crit par\" \/>\n\t<meta name=\"twitter:data1\" content=\"Christophe Salet\" \/>\n\t<meta name=\"twitter:label2\" content=\"Dur\u00e9e de lecture estim\u00e9e\" \/>\n\t<meta name=\"twitter:data2\" content=\"3 minutes\" \/>\n<script type=\"application\/ld+json\" class=\"yoast-schema-graph\">{\"@context\":\"https:\\\/\\\/schema.org\",\"@graph\":[{\"@type\":[\"Article\",\"BlogPosting\"],\"@id\":\"https:\\\/\\\/artistics.com\\\/fr\\\/artzine\\\/pad-2017-la-foire-dediee-au-design\\\/#article\",\"isPartOf\":{\"@id\":\"https:\\\/\\\/artistics.com\\\/fr\\\/artzine\\\/pad-2017-la-foire-dediee-au-design\\\/\"},\"author\":{\"name\":\"Christophe Salet\",\"@id\":\"https:\\\/\\\/artistics.com\\\/fr\\\/#\\\/schema\\\/person\\\/1367e63148251e426892320f3452d474\"},\"headline\":\"PAD 2017, la foire d\u00e9di\u00e9e au design\",\"datePublished\":\"2017-04-14T08:28:14+00:00\",\"dateModified\":\"2023-04-13T01:47:55+00:00\",\"mainEntityOfPage\":{\"@id\":\"https:\\\/\\\/artistics.com\\\/fr\\\/artzine\\\/pad-2017-la-foire-dediee-au-design\\\/\"},\"wordCount\":643,\"commentCount\":0,\"publisher\":{\"@id\":\"https:\\\/\\\/artistics.com\\\/fr\\\/#organization\"},\"image\":{\"@id\":\"https:\\\/\\\/artistics.com\\\/fr\\\/artzine\\\/pad-2017-la-foire-dediee-au-design\\\/#primaryimage\"},\"thumbnailUrl\":\"https:\\\/\\\/artistics.com\\\/wp-content\\\/uploads\\\/2023\\\/04\\\/pad_logo.jpg\",\"articleSection\":[\"Monde de l\u2019art\"],\"inLanguage\":\"fr-FR\",\"potentialAction\":[{\"@type\":\"CommentAction\",\"name\":\"Comment\",\"target\":[\"https:\\\/\\\/artistics.com\\\/fr\\\/artzine\\\/pad-2017-la-foire-dediee-au-design\\\/#respond\"]}]},{\"@type\":\"WebPage\",\"@id\":\"https:\\\/\\\/artistics.com\\\/fr\\\/artzine\\\/pad-2017-la-foire-dediee-au-design\\\/\",\"url\":\"https:\\\/\\\/artistics.com\\\/fr\\\/artzine\\\/pad-2017-la-foire-dediee-au-design\\\/\",\"name\":\"PAD 2017, la foire d\u00e9di\u00e9e au design\",\"isPartOf\":{\"@id\":\"https:\\\/\\\/artistics.com\\\/fr\\\/#website\"},\"primaryImageOfPage\":{\"@id\":\"https:\\\/\\\/artistics.com\\\/fr\\\/artzine\\\/pad-2017-la-foire-dediee-au-design\\\/#primaryimage\"},\"image\":{\"@id\":\"https:\\\/\\\/artistics.com\\\/fr\\\/artzine\\\/pad-2017-la-foire-dediee-au-design\\\/#primaryimage\"},\"thumbnailUrl\":\"https:\\\/\\\/artistics.com\\\/wp-content\\\/uploads\\\/2023\\\/04\\\/pad_logo.jpg\",\"datePublished\":\"2017-04-14T08:28:14+00:00\",\"dateModified\":\"2023-04-13T01:47:55+00:00\",\"breadcrumb\":{\"@id\":\"https:\\\/\\\/artistics.com\\\/fr\\\/artzine\\\/pad-2017-la-foire-dediee-au-design\\\/#breadcrumb\"},\"inLanguage\":\"fr-FR\",\"potentialAction\":[{\"@type\":\"ReadAction\",\"target\":[\"https:\\\/\\\/artistics.com\\\/fr\\\/artzine\\\/pad-2017-la-foire-dediee-au-design\\\/\"]}]},{\"@type\":\"ImageObject\",\"inLanguage\":\"fr-FR\",\"@id\":\"https:\\\/\\\/artistics.com\\\/fr\\\/artzine\\\/pad-2017-la-foire-dediee-au-design\\\/#primaryimage\",\"url\":\"https:\\\/\\\/artistics.com\\\/wp-content\\\/uploads\\\/2023\\\/04\\\/pad_logo.jpg\",\"contentUrl\":\"https:\\\/\\\/artistics.com\\\/wp-content\\\/uploads\\\/2023\\\/04\\\/pad_logo.jpg\",\"width\":892,\"height\":580},{\"@type\":\"BreadcrumbList\",\"@id\":\"https:\\\/\\\/artistics.com\\\/fr\\\/artzine\\\/pad-2017-la-foire-dediee-au-design\\\/#breadcrumb\",\"itemListElement\":[{\"@type\":\"ListItem\",\"position\":1,\"name\":\"Achat \u0153uvre d'art\",\"item\":\"https:\\\/\\\/artistics.com\\\/fr\\\/\"},{\"@type\":\"ListItem\",\"position\":2,\"name\":\"Monde de l\u2019art\",\"item\":\"https:\\\/\\\/artistics.com\\\/fr\\\/artzine\\\/category\\\/le-monde-de-art\\\/\"},{\"@type\":\"ListItem\",\"position\":3,\"name\":\"PAD 2017, la foire d\u00e9di\u00e9e au design\"}]},{\"@type\":\"WebSite\",\"@id\":\"https:\\\/\\\/artistics.com\\\/fr\\\/#website\",\"url\":\"https:\\\/\\\/artistics.com\\\/fr\\\/\",\"name\":\"Artistics\",\"description\":\"The online art gallery\",\"publisher\":{\"@id\":\"https:\\\/\\\/artistics.com\\\/fr\\\/#organization\"},\"potentialAction\":[{\"@type\":\"SearchAction\",\"target\":{\"@type\":\"EntryPoint\",\"urlTemplate\":\"https:\\\/\\\/artistics.com\\\/fr\\\/?s={search_term_string}\"},\"query-input\":{\"@type\":\"PropertyValueSpecification\",\"valueRequired\":true,\"valueName\":\"search_term_string\"}}],\"inLanguage\":\"fr-FR\"},{\"@type\":\"Organization\",\"@id\":\"https:\\\/\\\/artistics.com\\\/fr\\\/#organization\",\"name\":\"Artistics\",\"url\":\"https:\\\/\\\/artistics.com\\\/fr\\\/\",\"logo\":{\"@type\":\"ImageObject\",\"inLanguage\":\"fr-FR\",\"@id\":\"https:\\\/\\\/artistics.com\\\/fr\\\/#\\\/schema\\\/logo\\\/image\\\/\",\"url\":\"https:\\\/\\\/artistics.com\\\/wp-content\\\/uploads\\\/2023\\\/02\\\/artistics-logo-web-1.svg\",\"contentUrl\":\"https:\\\/\\\/artistics.com\\\/wp-content\\\/uploads\\\/2023\\\/02\\\/artistics-logo-web-1.svg\",\"caption\":\"Artistics\"},\"image\":{\"@id\":\"https:\\\/\\\/artistics.com\\\/fr\\\/#\\\/schema\\\/logo\\\/image\\\/\"},\"sameAs\":[\"https:\\\/\\\/www.facebook.com\\\/ArtisticsMag\",\"https:\\\/\\\/x.com\\\/Artistics_FR\",\"http:\\\/\\\/www.linkedin.com\\\/company\\\/artistics\",\"https:\\\/\\\/www.instagram.com\\\/artistics_com\\\/\",\"http:\\\/\\\/www.pinterest.com\\\/ArtisticsMag\"],\"hasMerchantReturnPolicy\":{\"@type\":\"MerchantReturnPolicy\",\"merchantReturnLink\":\"https:\\\/\\\/artistics.com\\\/free-return-policy\\\/\"}},{\"@type\":\"Person\",\"@id\":\"https:\\\/\\\/artistics.com\\\/fr\\\/#\\\/schema\\\/person\\\/1367e63148251e426892320f3452d474\",\"name\":\"Christophe Salet\",\"image\":{\"@type\":\"ImageObject\",\"inLanguage\":\"fr-FR\",\"@id\":\"https:\\\/\\\/secure.gravatar.com\\\/avatar\\\/91f432599f85a6d56c33b915f1b9ebc5efdabae77f9b6e054e22a9c119116cdc?s=96&d=mm&r=g\",\"url\":\"https:\\\/\\\/secure.gravatar.com\\\/avatar\\\/91f432599f85a6d56c33b915f1b9ebc5efdabae77f9b6e054e22a9c119116cdc?s=96&d=mm&r=g\",\"contentUrl\":\"https:\\\/\\\/secure.gravatar.com\\\/avatar\\\/91f432599f85a6d56c33b915f1b9ebc5efdabae77f9b6e054e22a9c119116cdc?s=96&d=mm&r=g\",\"caption\":\"Christophe Salet\"}}]}<\/script>\n<!-- \/ Yoast SEO Premium plugin. -->","yoast_head_json":{"title":"PAD 2017, la foire d\u00e9di\u00e9e au design","robots":{"index":"index","follow":"follow","max-snippet":"max-snippet:-1","max-image-preview":"max-image-preview:large","max-video-preview":"max-video-preview:-1"},"canonical":"https:\/\/artistics.com\/fr\/artzine\/pad-2017-la-foire-dediee-au-design\/","og_locale":"fr_FR","og_type":"article","og_title":"PAD 2017, la foire d\u00e9di\u00e9e au design","og_description":"Du 22 au 26 mars 2017, le Jardin des Tuileries \u00e0 Paris accueille, comme chaque ann\u00e9e, le PAD et son vaste chapiteau blanc qui a la chance d&rsquo;abriter des chefs d&rsquo;oeuvres des arts d\u00e9coratifs et du design. Plus de 60 galeries, de France, d&rsquo;Europe et d&rsquo;ailleurs, se c\u00f4toient dans une ambiance tamis\u00e9e et luxueuse pour [&hellip;]","og_url":"https:\/\/artistics.com\/fr\/artzine\/pad-2017-la-foire-dediee-au-design\/","og_site_name":"Artistics","article_publisher":"https:\/\/www.facebook.com\/ArtisticsMag","article_published_time":"2017-04-14T08:28:14+00:00","article_modified_time":"2023-04-13T01:47:55+00:00","og_image":[{"width":892,"height":580,"url":"https:\/\/artistics.com\/wp-content\/uploads\/2023\/04\/pad_logo.jpg","type":"image\/jpeg"}],"author":"Christophe Salet","twitter_card":"summary_large_image","twitter_creator":"@Artistics_FR","twitter_site":"@Artistics_FR","twitter_misc":{"\u00c9crit par":"Christophe Salet","Dur\u00e9e de lecture estim\u00e9e":"3 minutes"},"schema":{"@context":"https:\/\/schema.org","@graph":[{"@type":["Article","BlogPosting"],"@id":"https:\/\/artistics.com\/fr\/artzine\/pad-2017-la-foire-dediee-au-design\/#article","isPartOf":{"@id":"https:\/\/artistics.com\/fr\/artzine\/pad-2017-la-foire-dediee-au-design\/"},"author":{"name":"Christophe Salet","@id":"https:\/\/artistics.com\/fr\/#\/schema\/person\/1367e63148251e426892320f3452d474"},"headline":"PAD 2017, la foire d\u00e9di\u00e9e au design","datePublished":"2017-04-14T08:28:14+00:00","dateModified":"2023-04-13T01:47:55+00:00","mainEntityOfPage":{"@id":"https:\/\/artistics.com\/fr\/artzine\/pad-2017-la-foire-dediee-au-design\/"},"wordCount":643,"commentCount":0,"publisher":{"@id":"https:\/\/artistics.com\/fr\/#organization"},"image":{"@id":"https:\/\/artistics.com\/fr\/artzine\/pad-2017-la-foire-dediee-au-design\/#primaryimage"},"thumbnailUrl":"https:\/\/artistics.com\/wp-content\/uploads\/2023\/04\/pad_logo.jpg","articleSection":["Monde de l\u2019art"],"inLanguage":"fr-FR","potentialAction":[{"@type":"CommentAction","name":"Comment","target":["https:\/\/artistics.com\/fr\/artzine\/pad-2017-la-foire-dediee-au-design\/#respond"]}]},{"@type":"WebPage","@id":"https:\/\/artistics.com\/fr\/artzine\/pad-2017-la-foire-dediee-au-design\/","url":"https:\/\/artistics.com\/fr\/artzine\/pad-2017-la-foire-dediee-au-design\/","name":"PAD 2017, la foire d\u00e9di\u00e9e au design","isPartOf":{"@id":"https:\/\/artistics.com\/fr\/#website"},"primaryImageOfPage":{"@id":"https:\/\/artistics.com\/fr\/artzine\/pad-2017-la-foire-dediee-au-design\/#primaryimage"},"image":{"@id":"https:\/\/artistics.com\/fr\/artzine\/pad-2017-la-foire-dediee-au-design\/#primaryimage"},"thumbnailUrl":"https:\/\/artistics.com\/wp-content\/uploads\/2023\/04\/pad_logo.jpg","datePublished":"2017-04-14T08:28:14+00:00","dateModified":"2023-04-13T01:47:55+00:00","breadcrumb":{"@id":"https:\/\/artistics.com\/fr\/artzine\/pad-2017-la-foire-dediee-au-design\/#breadcrumb"},"inLanguage":"fr-FR","potentialAction":[{"@type":"ReadAction","target":["https:\/\/artistics.com\/fr\/artzine\/pad-2017-la-foire-dediee-au-design\/"]}]},{"@type":"ImageObject","inLanguage":"fr-FR","@id":"https:\/\/artistics.com\/fr\/artzine\/pad-2017-la-foire-dediee-au-design\/#primaryimage","url":"https:\/\/artistics.com\/wp-content\/uploads\/2023\/04\/pad_logo.jpg","contentUrl":"https:\/\/artistics.com\/wp-content\/uploads\/2023\/04\/pad_logo.jpg","width":892,"height":580},{"@type":"BreadcrumbList","@id":"https:\/\/artistics.com\/fr\/artzine\/pad-2017-la-foire-dediee-au-design\/#breadcrumb","itemListElement":[{"@type":"ListItem","position":1,"name":"Achat \u0153uvre d'art","item":"https:\/\/artistics.com\/fr\/"},{"@type":"ListItem","position":2,"name":"Monde de l\u2019art","item":"https:\/\/artistics.com\/fr\/artzine\/category\/le-monde-de-art\/"},{"@type":"ListItem","position":3,"name":"PAD 2017, la foire d\u00e9di\u00e9e au design"}]},{"@type":"WebSite","@id":"https:\/\/artistics.com\/fr\/#website","url":"https:\/\/artistics.com\/fr\/","name":"Artistics","description":"The online art gallery","publisher":{"@id":"https:\/\/artistics.com\/fr\/#organization"},"potentialAction":[{"@type":"SearchAction","target":{"@type":"EntryPoint","urlTemplate":"https:\/\/artistics.com\/fr\/?s={search_term_string}"},"query-input":{"@type":"PropertyValueSpecification","valueRequired":true,"valueName":"search_term_string"}}],"inLanguage":"fr-FR"},{"@type":"Organization","@id":"https:\/\/artistics.com\/fr\/#organization","name":"Artistics","url":"https:\/\/artistics.com\/fr\/","logo":{"@type":"ImageObject","inLanguage":"fr-FR","@id":"https:\/\/artistics.com\/fr\/#\/schema\/logo\/image\/","url":"https:\/\/artistics.com\/wp-content\/uploads\/2023\/02\/artistics-logo-web-1.svg","contentUrl":"https:\/\/artistics.com\/wp-content\/uploads\/2023\/02\/artistics-logo-web-1.svg","caption":"Artistics"},"image":{"@id":"https:\/\/artistics.com\/fr\/#\/schema\/logo\/image\/"},"sameAs":["https:\/\/www.facebook.com\/ArtisticsMag","https:\/\/x.com\/Artistics_FR","http:\/\/www.linkedin.com\/company\/artistics","https:\/\/www.instagram.com\/artistics_com\/","http:\/\/www.pinterest.com\/ArtisticsMag"],"hasMerchantReturnPolicy":{"@type":"MerchantReturnPolicy","merchantReturnLink":"https:\/\/artistics.com\/free-return-policy\/"}},{"@type":"Person","@id":"https:\/\/artistics.com\/fr\/#\/schema\/person\/1367e63148251e426892320f3452d474","name":"Christophe Salet","image":{"@type":"ImageObject","inLanguage":"fr-FR","@id":"https:\/\/secure.gravatar.com\/avatar\/91f432599f85a6d56c33b915f1b9ebc5efdabae77f9b6e054e22a9c119116cdc?s=96&d=mm&r=g","url":"https:\/\/secure.gravatar.com\/avatar\/91f432599f85a6d56c33b915f1b9ebc5efdabae77f9b6e054e22a9c119116cdc?s=96&d=mm&r=g","contentUrl":"https:\/\/secure.gravatar.com\/avatar\/91f432599f85a6d56c33b915f1b9ebc5efdabae77f9b6e054e22a9c119116cdc?s=96&d=mm&r=g","caption":"Christophe Salet"}}]}},"_links":{"self":[{"href":"https:\/\/artistics.com\/fr\/wp-json\/wp\/v2\/posts\/5425","targetHints":{"allow":["GET"]}}],"collection":[{"href":"https:\/\/artistics.com\/fr\/wp-json\/wp\/v2\/posts"}],"about":[{"href":"https:\/\/artistics.com\/fr\/wp-json\/wp\/v2\/types\/post"}],"author":[{"embeddable":true,"href":"https:\/\/artistics.com\/fr\/wp-json\/wp\/v2\/users\/4"}],"replies":[{"embeddable":true,"href":"https:\/\/artistics.com\/fr\/wp-json\/wp\/v2\/comments?post=5425"}],"version-history":[{"count":0,"href":"https:\/\/artistics.com\/fr\/wp-json\/wp\/v2\/posts\/5425\/revisions"}],"wp:featuredmedia":[{"embeddable":true,"href":"https:\/\/artistics.com\/fr\/wp-json\/wp\/v2\/media\/3724"}],"wp:attachment":[{"href":"https:\/\/artistics.com\/fr\/wp-json\/wp\/v2\/media?parent=5425"}],"wp:term":[{"taxonomy":"category","embeddable":true,"href":"https:\/\/artistics.com\/fr\/wp-json\/wp\/v2\/categories?post=5425"},{"taxonomy":"post_tag","embeddable":true,"href":"https:\/\/artistics.com\/fr\/wp-json\/wp\/v2\/tags?post=5425"}],"curies":[{"name":"wp","href":"https:\/\/api.w.org\/{rel}","templated":true}]}}