{"id":5381,"date":"2016-12-21T18:03:17","date_gmt":"2016-12-21T17:03:17","guid":{"rendered":"https:\/\/2022.devartistics.com\/artzine\/5-expositions-a-voir-pendant-les-fetes\/"},"modified":"2023-07-10T11:36:05","modified_gmt":"2023-07-10T09:36:05","slug":"5-expositions-a-voir-pendant-les-fetes","status":"publish","type":"post","link":"https:\/\/artistics.com\/fr\/artzine\/5-expositions-a-voir-pendant-les-fetes\/","title":{"rendered":"5 expositions \u00e0 voir pendant les f\u00eates"},"content":{"rendered":"<p>Loin des expositions parisiennes surm\u00e9diatis\u00e9es, Artistics a s\u00e9lectionn\u00e9 5 propositions parmi la programmation curieuse et exigeante des mus\u00e9es et centres d&rsquo;art de r\u00e9gion. Si comme nous, vous avez mis l&rsquo;art contemporain au menu de vos f\u00eates de fin d&rsquo;ann\u00e9e, voici de quoi vous ouvrir l&rsquo;app\u00e9tit.<\/p>\n<p><img decoding=\"async\" src=\"https:\/\/artistics.com\/wp-content\/uploads\/2023\/04\/art_exposfetes_johancreten.png\" alt=\"\" width=\"640\" height=\"309\" \/><\/p>\n<p><strong>&gt; La Travers\u00e9e &#8211; Johan Creten<\/strong><\/p>\n<p>Le Centre R\u00e9gional d&rsquo;Art Contemporain \u00e0 S\u00e8te consacre une grande r\u00e9trospective \u00e0 Johan Creten, dont le public parisien a d\u00e9j\u00e0 eu l&rsquo;occasion d&rsquo;admirer le travail, notamment au Louvre en 2005, o\u00f9 ses oeuvres c\u00f4toyaient celles de Bernard Palissy dans les salles Renaissance, ou plus r\u00e9cemment \u00e0 la Maison Rouge, o\u00f9 une salle enti\u00e8re \u00e9tait d\u00e9di\u00e9e \u00e0 son oeuvre lors de l\u2019exposition &lsquo;CERAMIX : de Rodin \u00e0 Sch\u00fctte&rsquo;. Consid\u00e9r\u00e9 comme un pr\u00e9curseur dans le renouveau de la c\u00e9ramique dans l\u2019art contemporain, le sculpteur flamand a su s&#8217;emparer de cette technique longtemps rejet\u00e9e et d\u00e9velopper une v\u00e9ritable ma\u00eetrise qu&rsquo;il a mise \u00e0 profit pour d\u00e9ployer sa vision novatrice. Le travail du bronze \u00e0 une \u00e9chelle monumentale constitue une autre facette de son travail, illustr\u00e9e ici par des pi\u00e8ces telles que Pliny\u2019s Sorrow. Au total, La Travers\u00e9e rassemble une soixantaine de sculptures historiques et in\u00e9dites (dont certaines ont \u00e9t\u00e9 r\u00e9alis\u00e9es avec la Manufacture Nationale de S\u00e8vres) qui illustrent le myst\u00e8re de la nature o\u00f9 fleurs et algues se confrontent \u00e0 un bestiaire \u00e9trange et fascinant.<br \/>\n________________<br \/>\nJusqu&rsquo;au 17 avril 2017<br \/>\nCentre R\u00e9gional d&rsquo;Art Contemporain Occitanie, S\u00e8te<\/p>\n<p><strong>En echo sur Artistics :<\/strong><\/p>\n<ul>\n<li>Le travail novateur du bronze par le sculpteur <a href=\"https:\/\/artistics.com\/fr\/artiste\/romain-langlois\/\" target=\"_blank\" rel=\"noopener\"><strong>Romain Langlois<\/strong><\/a><\/li>\n<li>Les sculptures en c\u00e9ramique de <a href=\"https:\/\/artistics.com\/fr\/artiste\/sharon-brill\/\"><strong>Sharon Brill<\/strong><\/a><\/li>\n<\/ul>\n<p><img decoding=\"async\" src=\"https:\/\/artistics.com\/wp-content\/uploads\/2023\/04\/art_exposfetes_monopoly.png\" alt=\"\" width=\"370\" height=\"455\" \/><\/p>\n<p><strong>&gt; mono poly &#8211; exposition collective<\/strong><\/p>\n<p>En 1917, Kasimir Male\u0301vitch expose a\u0300 Moscou sa se\u0301rie de Blancs sur blanc dont le d\u00e9sormais c\u00e9l\u00e8bre &lsquo;Carre\u0301 blanc sur fond blanc&rsquo;. Depuis cette date, la peinture monochrome est devenue un genre \u00e0 part enti\u00e8re et de nombreux artistes y ont eu recours, que ce soit pour s&rsquo;\u00e9manciper des enjeux de figuration et de composition, pour explorer les mati\u00e8res et techniques, pour mener une qu\u00eate spirituelle et sensuelle, etc.<br \/>\nL&rsquo;exposition organis\u00e9e par le FRAC Poitou-Charentes puise dans les oeuvres de sa collection pour proposer un panorama de ces diff\u00e9rentes d\u00e9marches. On y croise notamment E\u0301tienne Bossut et Jean-Luc Moule\u0300ne, engag\u00e9s dans une approche du monochrome sculpturale pour le premier, photographique pour le second ; Dominique Gonzalez-F\u0153rster, qui fait du monochrome un vecteur d\u2019immersion du visiteur dans un espace mental ; ou encore Claude Rutault qui, par l&rsquo;activation de protocoles, permet le retrait relatif de l\u2019artiste et l\u2019implication de tiers dans la forme changeante de chaque \u0153uvre.<br \/>\n________________<br \/>\nJusqu&rsquo;au 3 f\u00e9vrier 2017<br \/>\nFonds R\u00e9gional d&rsquo;Art Contemporain Poitou-Charentes, Linazay<\/p>\n<p><img decoding=\"async\" src=\"https:\/\/artistics.com\/wp-content\/uploads\/2023\/04\/art_exposfetes_jmmeurice.png\" alt=\"\" width=\"640\" height=\"356\" \/><\/p>\n<p><strong>&gt; Jean-Michel Meurice, une r\u00e9trospective<\/strong><\/p>\n<p>Au d\u00e9but des ann\u00e9es 1980, Jean-Michel Meurice s&rsquo;impose comme un repr\u00e9sentant du renouveau de la peinture abstraite, associ\u00e9 depuis la d\u00e9cennie pr\u00e9c\u00e9dente au groupe Supports\/Surfaces. S\u2019il n\u2019a jamais officiellement fait partie du groupe, il s&rsquo;est engag\u00e9 d\u00e8s le d\u00e9but des ann\u00e9es 1960 dans une r\u00e9flexion de d\u00e9construction\/reconstruction de la peinture et a d\u00e9velopp\u00e9, en plus de 50 ans, une \u0153uvre constante et vigoureuse, fond\u00e9e sur une profonde connaissance des arts d\u2019Asie, d\u2019Afrique et du Moyen-Orient. Ce savoir conduit l&rsquo;artiste \u00e0 explorer sans cesse de nouveaux syst\u00e8mes de cr\u00e9ation dont le but est de donner \u00e0 la couleur toute son expression.<br \/>\nJean-Michel Meurice a \u00e9galement une longue carri\u00e8re d\u2019homme de t\u00e9l\u00e9vision et de r\u00e9alisateur de documentaires. Au d\u00e9but des ann\u00e9es 1960, il r\u00e9alise des documentaires pour la t\u00e9l\u00e9vision en faisant entrer la cam\u00e9ra dans les ateliers des artistes (Bram van Velde, Simon Hanta\u00ef, Pierre Soulages\u2026) pour montrer l&rsquo;art en train de se faire.<br \/>\nPour l&rsquo;artiste, la peinture et le cin\u00e9ma sont deux langages autonomes qui lui permettent de forger sa propre expression du monde, ce qu&rsquo;il r\u00e9sume ainsi : \u00ab\u00a0La peinture est une forme de c\u00e9l\u00e9bration du monde tandis que le cin\u00e9ma constitue l\u2019exploration du monde\u00a0\u00bb.<br \/>\nJusqu&rsquo;\u00e0 l\u2019\u00e9t\u00e9 2017, les villes de Dunkerque, de B\u00e9thune et du Touquet pr\u00e9sentent 4 expositions consacr\u00e9es \u00e0 son \u0153uvre. Ce cycle d\u00e9bute avec la r\u00e9trospective au LAAC de Dunkerque qui r\u00e9unit pr\u00e8s de cent \u0153uvres de l&rsquo;artiste (peintures, \u0153uvres sur papier, gravures) et une s\u00e9lection de films qui retracent l\u2019ensemble de sa carri\u00e8re.<br \/>\n________________<br \/>\nJusqu&rsquo;au 2 avril 2017<br \/>\nLAAC \u2013 Lieu d\u2019Art et Action contemporaine, Jardin de sculptures, Dunkerque<\/p>\n<p><strong>En echo sur Artistics :<\/strong><\/p>\n<ul>\n<li>Les associations de formes et de couleurs sur des supports en 3 dimensions de <a href=\"https:\/\/artistics.com\/fr\/artiste\/ahn-hyunju\/\" target=\"_blank\" rel=\"noopener\"><strong>Ahn Hyun-Ju<\/strong><\/a><\/li>\n<li>Les grandes compositions abstraites sur toile libre de <strong><a href=\"https:\/\/artistics.com\/fr\/artiste\/ferle\/\" target=\"_blank\" rel=\"noopener\">Ferle<\/a><\/strong><\/li>\n<\/ul>\n<p><img decoding=\"async\" src=\"https:\/\/artistics.com\/wp-content\/uploads\/2023\/04\/art_exposfetes_encodingtheurban.png\" alt=\"\" width=\"370\" height=\"412\" \/><\/p>\n<p><strong>&gt; Encoding The Urban &#8211; exposition collective<\/strong><\/p>\n<p>Un sujet, deux lieux : la Kunsthalle Mulhouse et la Kunsthaus Baselland proposent deux expositions autour d&rsquo;une quinzaine de jeunes artistes (ils sont n\u00e9s pour la plupart dans les ann\u00e9es 1980) qui ont fait du th\u00e8me de la ville le coeur de leur travail. Parmi eux : Marta Caradec avec sa s\u00e9rie Dictionnaire du Monde, Viola Korosi et son travail photographique autour de l&rsquo;invisible et de l&rsquo;image manquante, ou encore Jennifer K.Dick qui, dans la lign\u00e9e des po\u00e8tes visuels, s&#8217;empare du buffet de la gare de B\u00e2le pour pr\u00e9senter ses derniers textes.<br \/>\nDans leurs oeuvres, ces artistes \u00ab\u00a0r\u00eavent la ville, la parcourent ou s\u2019emparent de ses absurdit\u00e9s, de ses promesses. Ils la racontent en creux sans jamais s\u2019en tenir \u00e0 une description facile, la d\u00e9crivent entre les lignes dans ses d\u00e9tails ou ses absences.\u00a0\u00bb<br \/>\n________________<br \/>\nJusqu&rsquo;au 8 janvier 2017<br \/>\nKunsthalle Mulhouse<\/p>\n<p><strong>En echo sur Artistics :<\/strong><\/p>\n<ul>\n<li>Les paysages urbains sousmis \u00e0 la vision g\u00e9om\u00e9trique de <a href=\"https:\/\/artistics.com\/fr\/artiste\/ramon-enrich\/\" target=\"_blank\" rel=\"noopener\"><strong>Ramon Enrich<\/strong><\/a><\/li>\n<li>Les d\u00e9coupes urbaines du photographe<a href=\"https:\/\/artistics.com\/fr\/artiste\/matthieu-venot\/\" target=\"_blank\" rel=\"noopener\"><strong> Matthieu Venot<\/strong><\/a><\/li>\n<\/ul>\n<p><img decoding=\"async\" src=\"https:\/\/artistics.com\/wp-content\/uploads\/2023\/04\/art_exposfetes_fredrikvaerslev_allaroundamateur2.jpg\" alt=\"\" width=\"700\" height=\"525\" \/><\/p>\n<p><strong>&gt; All around amateur &#8211; Fredrik V\u00e6rslev<\/strong><\/p>\n<p>Fredrik V\u00e6slev est un artiste norv\u00e9gien n\u00e9 en 1979 et pass\u00e9 par le monde du graffiti avant d&rsquo;investir celui de l&rsquo;art contemporain. Son exposition au Consortium, intitul\u00e9e All Around Amateur (\u00ab\u00a0un amateur complet\u00a0\u00bb) t\u00e9moigne de la relation distanci\u00e9e que l&rsquo;artiste entretient avec la peinture. Ses \u00ab\u00a0Sunset Paintings\u00a0\u00bb se basent sur des photos de couchers de soleil qu&rsquo;il a prises avec son smartphone lors de voyages en avion. Elles sont r\u00e9alis\u00e9es avec un chariot m\u00e9canique utilis\u00e9 pour tracer des lignes sur les routes ou les terrains de sport. Une fois les couleurs d\u00e9pos\u00e9es sur la toile, l&rsquo;artiste et son assistant les m\u00e9langent avec de l\u2019essence de t\u00e9r\u00e9benthine jusqu\u2019\u00e0 cr\u00e9er un d\u00e9grad\u00e9 qui rappelle les tonalit\u00e9s du coucher de soleil. Cette s\u00e9rie est pr\u00e9sent\u00e9e en alternance avec une autre s\u00e9rie d&rsquo;oeuvres : de petites \u00e9tag\u00e8res qui font \u00e9cho \u00e0 une demande de la m\u00e8re de l&rsquo;artiste, laquelle lui avait demand\u00e9 d\u2019ajouter une tablette sous ses peintures pour qu\u2019elle puisse y d\u00e9poser des plantes ou des bibelots. V\u00e6rslev a ici r\u00e9alis\u00e9 lui-m\u00eame une s\u00e9rie d\u2019\u00e9tag\u00e8res et en a confi\u00e9 d\u2019autres \u00e0 six artistes qui lui sont proches.<br \/>\nLe recours d&rsquo;un c\u00f4t\u00e9 \u00e0 un proc\u00e9d\u00e9 m\u00e9canique et de l&rsquo;autre \u00e0 interventions de tiers participent de la m\u00eame d\u00e9marche : \u00ab\u00a0une mise en retrait vis-\u00e0-vis du geste pictural, un refus de l\u2019expression de soi\u00a0\u00bb.<br \/>\n________________<br \/>\nJusqu&rsquo;au 19 f\u00e9vrier 2017<br \/>\nLe consortium, Dijon<\/p>\n","protected":false},"excerpt":{"rendered":"<p>Si comme nous, vous avez mis l&rsquo;art contemporain au menu de vos f\u00eates de fin d&rsquo;ann\u00e9e, voici de quoi vous ouvrir l&rsquo;app\u00e9tit : 5 expositions choisies parmi la programmation curieuse et exigeante des mus\u00e9es et centres d&rsquo;art de r\u00e9gion.<\/p>\n","protected":false},"author":2,"featured_media":5393,"comment_status":"open","ping_status":"open","sticky":false,"template":"","format":"standard","meta":{"_acf_changed":false,"_searchwp_excluded":"","inline_featured_image":false,"footnotes":""},"categories":[1185],"tags":[],"class_list":["post-5381","post","type-post","status-publish","format-standard","has-post-thumbnail","hentry","category-le-monde-de-art"],"acf":[],"yoast_head":"<!-- This site is optimized with the Yoast SEO Premium plugin v27.3 (Yoast SEO v27.3) - https:\/\/yoast.com\/product\/yoast-seo-premium-wordpress\/ -->\n<title>5 expositions \u00e0 voir pendant les f\u00eates<\/title>\n<meta name=\"description\" content=\"Si comme nous, vous avez mis l&#039;art contemporain au menu de vos f\u00eates de fin d&#039;ann\u00e9e, voici de quoi vous ouvrir l&#039;app\u00e9tit : 5 expositions choisies parmi la programmation curieuse et exigeante des mus\u00e9es et centres d&#039;art de r\u00e9gion.\" \/>\n<meta name=\"robots\" content=\"index, follow, max-snippet:-1, max-image-preview:large, max-video-preview:-1\" \/>\n<link rel=\"canonical\" href=\"https:\/\/artistics.com\/fr\/artzine\/5-expositions-a-voir-pendant-les-fetes\/\" \/>\n<meta property=\"og:locale\" content=\"fr_FR\" \/>\n<meta property=\"og:type\" content=\"article\" \/>\n<meta property=\"og:title\" content=\"5 expositions \u00e0 voir pendant les f\u00eates\" \/>\n<meta property=\"og:description\" content=\"Si comme nous, vous avez mis l&#039;art contemporain au menu de vos f\u00eates de fin d&#039;ann\u00e9e, voici de quoi vous ouvrir l&#039;app\u00e9tit : 5 expositions choisies parmi la programmation curieuse et exigeante des mus\u00e9es et centres d&#039;art de r\u00e9gion.\" \/>\n<meta property=\"og:url\" content=\"https:\/\/artistics.com\/fr\/artzine\/5-expositions-a-voir-pendant-les-fetes\/\" \/>\n<meta property=\"og:site_name\" content=\"Artistics\" \/>\n<meta property=\"article:publisher\" content=\"https:\/\/www.facebook.com\/ArtisticsMag\" \/>\n<meta property=\"article:published_time\" content=\"2016-12-21T17:03:17+00:00\" \/>\n<meta property=\"article:modified_time\" content=\"2023-07-10T09:36:05+00:00\" \/>\n<meta property=\"og:image\" content=\"https:\/\/artistics.com\/wp-content\/uploads\/2023\/04\/art_exposfetes_fredrikvaerslev_allaroundamateur2-1.jpg\" \/>\n\t<meta property=\"og:image:width\" content=\"700\" \/>\n\t<meta property=\"og:image:height\" content=\"525\" \/>\n\t<meta property=\"og:image:type\" content=\"image\/jpeg\" \/>\n<meta name=\"author\" content=\"Eleonora Fontana\" \/>\n<meta name=\"twitter:card\" content=\"summary_large_image\" \/>\n<meta name=\"twitter:creator\" content=\"@Artistics_FR\" \/>\n<meta name=\"twitter:site\" content=\"@Artistics_FR\" \/>\n<meta name=\"twitter:label1\" content=\"\u00c9crit par\" \/>\n\t<meta name=\"twitter:data1\" content=\"Eleonora Fontana\" \/>\n\t<meta name=\"twitter:label2\" content=\"Dur\u00e9e de lecture estim\u00e9e\" \/>\n\t<meta name=\"twitter:data2\" content=\"6 minutes\" \/>\n<script type=\"application\/ld+json\" class=\"yoast-schema-graph\">{\"@context\":\"https:\\\/\\\/schema.org\",\"@graph\":[{\"@type\":[\"Article\",\"BlogPosting\"],\"@id\":\"https:\\\/\\\/artistics.com\\\/fr\\\/artzine\\\/5-expositions-a-voir-pendant-les-fetes\\\/#article\",\"isPartOf\":{\"@id\":\"https:\\\/\\\/artistics.com\\\/fr\\\/artzine\\\/5-expositions-a-voir-pendant-les-fetes\\\/\"},\"author\":{\"name\":\"Eleonora Fontana\",\"@id\":\"https:\\\/\\\/artistics.com\\\/fr\\\/#\\\/schema\\\/person\\\/a39d54f18b4c5fe4a0de78e3f9236993\"},\"headline\":\"5 expositions \u00e0 voir pendant les f\u00eates\",\"datePublished\":\"2016-12-21T17:03:17+00:00\",\"dateModified\":\"2023-07-10T09:36:05+00:00\",\"mainEntityOfPage\":{\"@id\":\"https:\\\/\\\/artistics.com\\\/fr\\\/artzine\\\/5-expositions-a-voir-pendant-les-fetes\\\/\"},\"wordCount\":1293,\"commentCount\":0,\"publisher\":{\"@id\":\"https:\\\/\\\/artistics.com\\\/fr\\\/#organization\"},\"image\":{\"@id\":\"https:\\\/\\\/artistics.com\\\/fr\\\/artzine\\\/5-expositions-a-voir-pendant-les-fetes\\\/#primaryimage\"},\"thumbnailUrl\":\"https:\\\/\\\/artistics.com\\\/wp-content\\\/uploads\\\/2023\\\/04\\\/art_exposfetes_fredrikvaerslev_allaroundamateur2-1.jpg\",\"articleSection\":[\"Monde de l\u2019art\"],\"inLanguage\":\"fr-FR\",\"potentialAction\":[{\"@type\":\"CommentAction\",\"name\":\"Comment\",\"target\":[\"https:\\\/\\\/artistics.com\\\/fr\\\/artzine\\\/5-expositions-a-voir-pendant-les-fetes\\\/#respond\"]}]},{\"@type\":\"WebPage\",\"@id\":\"https:\\\/\\\/artistics.com\\\/fr\\\/artzine\\\/5-expositions-a-voir-pendant-les-fetes\\\/\",\"url\":\"https:\\\/\\\/artistics.com\\\/fr\\\/artzine\\\/5-expositions-a-voir-pendant-les-fetes\\\/\",\"name\":\"5 expositions \u00e0 voir pendant les f\u00eates\",\"isPartOf\":{\"@id\":\"https:\\\/\\\/artistics.com\\\/fr\\\/#website\"},\"primaryImageOfPage\":{\"@id\":\"https:\\\/\\\/artistics.com\\\/fr\\\/artzine\\\/5-expositions-a-voir-pendant-les-fetes\\\/#primaryimage\"},\"image\":{\"@id\":\"https:\\\/\\\/artistics.com\\\/fr\\\/artzine\\\/5-expositions-a-voir-pendant-les-fetes\\\/#primaryimage\"},\"thumbnailUrl\":\"https:\\\/\\\/artistics.com\\\/wp-content\\\/uploads\\\/2023\\\/04\\\/art_exposfetes_fredrikvaerslev_allaroundamateur2-1.jpg\",\"datePublished\":\"2016-12-21T17:03:17+00:00\",\"dateModified\":\"2023-07-10T09:36:05+00:00\",\"description\":\"Si comme nous, vous avez mis l'art contemporain au menu de vos f\u00eates de fin d'ann\u00e9e, voici de quoi vous ouvrir l'app\u00e9tit : 5 expositions choisies parmi la programmation curieuse et exigeante des mus\u00e9es et centres d'art de r\u00e9gion.\",\"breadcrumb\":{\"@id\":\"https:\\\/\\\/artistics.com\\\/fr\\\/artzine\\\/5-expositions-a-voir-pendant-les-fetes\\\/#breadcrumb\"},\"inLanguage\":\"fr-FR\",\"potentialAction\":[{\"@type\":\"ReadAction\",\"target\":[\"https:\\\/\\\/artistics.com\\\/fr\\\/artzine\\\/5-expositions-a-voir-pendant-les-fetes\\\/\"]}]},{\"@type\":\"ImageObject\",\"inLanguage\":\"fr-FR\",\"@id\":\"https:\\\/\\\/artistics.com\\\/fr\\\/artzine\\\/5-expositions-a-voir-pendant-les-fetes\\\/#primaryimage\",\"url\":\"https:\\\/\\\/artistics.com\\\/wp-content\\\/uploads\\\/2023\\\/04\\\/art_exposfetes_fredrikvaerslev_allaroundamateur2-1.jpg\",\"contentUrl\":\"https:\\\/\\\/artistics.com\\\/wp-content\\\/uploads\\\/2023\\\/04\\\/art_exposfetes_fredrikvaerslev_allaroundamateur2-1.jpg\",\"width\":700,\"height\":525},{\"@type\":\"BreadcrumbList\",\"@id\":\"https:\\\/\\\/artistics.com\\\/fr\\\/artzine\\\/5-expositions-a-voir-pendant-les-fetes\\\/#breadcrumb\",\"itemListElement\":[{\"@type\":\"ListItem\",\"position\":1,\"name\":\"Achat \u0153uvre d'art\",\"item\":\"https:\\\/\\\/artistics.com\\\/fr\\\/\"},{\"@type\":\"ListItem\",\"position\":2,\"name\":\"Monde de l\u2019art\",\"item\":\"https:\\\/\\\/artistics.com\\\/fr\\\/artzine\\\/category\\\/le-monde-de-art\\\/\"},{\"@type\":\"ListItem\",\"position\":3,\"name\":\"5 expositions \u00e0 voir pendant les f\u00eates\"}]},{\"@type\":\"WebSite\",\"@id\":\"https:\\\/\\\/artistics.com\\\/fr\\\/#website\",\"url\":\"https:\\\/\\\/artistics.com\\\/fr\\\/\",\"name\":\"Artistics\",\"description\":\"The online art gallery\",\"publisher\":{\"@id\":\"https:\\\/\\\/artistics.com\\\/fr\\\/#organization\"},\"potentialAction\":[{\"@type\":\"SearchAction\",\"target\":{\"@type\":\"EntryPoint\",\"urlTemplate\":\"https:\\\/\\\/artistics.com\\\/fr\\\/?s={search_term_string}\"},\"query-input\":{\"@type\":\"PropertyValueSpecification\",\"valueRequired\":true,\"valueName\":\"search_term_string\"}}],\"inLanguage\":\"fr-FR\"},{\"@type\":\"Organization\",\"@id\":\"https:\\\/\\\/artistics.com\\\/fr\\\/#organization\",\"name\":\"Artistics\",\"url\":\"https:\\\/\\\/artistics.com\\\/fr\\\/\",\"logo\":{\"@type\":\"ImageObject\",\"inLanguage\":\"fr-FR\",\"@id\":\"https:\\\/\\\/artistics.com\\\/fr\\\/#\\\/schema\\\/logo\\\/image\\\/\",\"url\":\"https:\\\/\\\/artistics.com\\\/wp-content\\\/uploads\\\/2023\\\/02\\\/artistics-logo-web-1.svg\",\"contentUrl\":\"https:\\\/\\\/artistics.com\\\/wp-content\\\/uploads\\\/2023\\\/02\\\/artistics-logo-web-1.svg\",\"caption\":\"Artistics\"},\"image\":{\"@id\":\"https:\\\/\\\/artistics.com\\\/fr\\\/#\\\/schema\\\/logo\\\/image\\\/\"},\"sameAs\":[\"https:\\\/\\\/www.facebook.com\\\/ArtisticsMag\",\"https:\\\/\\\/x.com\\\/Artistics_FR\",\"http:\\\/\\\/www.linkedin.com\\\/company\\\/artistics\",\"https:\\\/\\\/www.instagram.com\\\/artistics_com\\\/\",\"http:\\\/\\\/www.pinterest.com\\\/ArtisticsMag\"],\"hasMerchantReturnPolicy\":{\"@type\":\"MerchantReturnPolicy\",\"merchantReturnLink\":\"https:\\\/\\\/artistics.com\\\/free-return-policy\\\/\"}},{\"@type\":\"Person\",\"@id\":\"https:\\\/\\\/artistics.com\\\/fr\\\/#\\\/schema\\\/person\\\/a39d54f18b4c5fe4a0de78e3f9236993\",\"name\":\"Eleonora Fontana\",\"image\":{\"@type\":\"ImageObject\",\"inLanguage\":\"fr-FR\",\"@id\":\"https:\\\/\\\/secure.gravatar.com\\\/avatar\\\/c15608b0600d759a03e927302242286e2f196b9d8abb87856fc3a3087c242f7b?s=96&d=mm&r=g\",\"url\":\"https:\\\/\\\/secure.gravatar.com\\\/avatar\\\/c15608b0600d759a03e927302242286e2f196b9d8abb87856fc3a3087c242f7b?s=96&d=mm&r=g\",\"contentUrl\":\"https:\\\/\\\/secure.gravatar.com\\\/avatar\\\/c15608b0600d759a03e927302242286e2f196b9d8abb87856fc3a3087c242f7b?s=96&d=mm&r=g\",\"caption\":\"Eleonora Fontana\"}}]}<\/script>\n<!-- \/ Yoast SEO Premium plugin. -->","yoast_head_json":{"title":"5 expositions \u00e0 voir pendant les f\u00eates","description":"Si comme nous, vous avez mis l'art contemporain au menu de vos f\u00eates de fin d'ann\u00e9e, voici de quoi vous ouvrir l'app\u00e9tit : 5 expositions choisies parmi la programmation curieuse et exigeante des mus\u00e9es et centres d'art de r\u00e9gion.","robots":{"index":"index","follow":"follow","max-snippet":"max-snippet:-1","max-image-preview":"max-image-preview:large","max-video-preview":"max-video-preview:-1"},"canonical":"https:\/\/artistics.com\/fr\/artzine\/5-expositions-a-voir-pendant-les-fetes\/","og_locale":"fr_FR","og_type":"article","og_title":"5 expositions \u00e0 voir pendant les f\u00eates","og_description":"Si comme nous, vous avez mis l'art contemporain au menu de vos f\u00eates de fin d'ann\u00e9e, voici de quoi vous ouvrir l'app\u00e9tit : 5 expositions choisies parmi la programmation curieuse et exigeante des mus\u00e9es et centres d'art de r\u00e9gion.","og_url":"https:\/\/artistics.com\/fr\/artzine\/5-expositions-a-voir-pendant-les-fetes\/","og_site_name":"Artistics","article_publisher":"https:\/\/www.facebook.com\/ArtisticsMag","article_published_time":"2016-12-21T17:03:17+00:00","article_modified_time":"2023-07-10T09:36:05+00:00","og_image":[{"width":700,"height":525,"url":"https:\/\/artistics.com\/wp-content\/uploads\/2023\/04\/art_exposfetes_fredrikvaerslev_allaroundamateur2-1.jpg","type":"image\/jpeg"}],"author":"Eleonora Fontana","twitter_card":"summary_large_image","twitter_creator":"@Artistics_FR","twitter_site":"@Artistics_FR","twitter_misc":{"\u00c9crit par":"Eleonora Fontana","Dur\u00e9e de lecture estim\u00e9e":"6 minutes"},"schema":{"@context":"https:\/\/schema.org","@graph":[{"@type":["Article","BlogPosting"],"@id":"https:\/\/artistics.com\/fr\/artzine\/5-expositions-a-voir-pendant-les-fetes\/#article","isPartOf":{"@id":"https:\/\/artistics.com\/fr\/artzine\/5-expositions-a-voir-pendant-les-fetes\/"},"author":{"name":"Eleonora Fontana","@id":"https:\/\/artistics.com\/fr\/#\/schema\/person\/a39d54f18b4c5fe4a0de78e3f9236993"},"headline":"5 expositions \u00e0 voir pendant les f\u00eates","datePublished":"2016-12-21T17:03:17+00:00","dateModified":"2023-07-10T09:36:05+00:00","mainEntityOfPage":{"@id":"https:\/\/artistics.com\/fr\/artzine\/5-expositions-a-voir-pendant-les-fetes\/"},"wordCount":1293,"commentCount":0,"publisher":{"@id":"https:\/\/artistics.com\/fr\/#organization"},"image":{"@id":"https:\/\/artistics.com\/fr\/artzine\/5-expositions-a-voir-pendant-les-fetes\/#primaryimage"},"thumbnailUrl":"https:\/\/artistics.com\/wp-content\/uploads\/2023\/04\/art_exposfetes_fredrikvaerslev_allaroundamateur2-1.jpg","articleSection":["Monde de l\u2019art"],"inLanguage":"fr-FR","potentialAction":[{"@type":"CommentAction","name":"Comment","target":["https:\/\/artistics.com\/fr\/artzine\/5-expositions-a-voir-pendant-les-fetes\/#respond"]}]},{"@type":"WebPage","@id":"https:\/\/artistics.com\/fr\/artzine\/5-expositions-a-voir-pendant-les-fetes\/","url":"https:\/\/artistics.com\/fr\/artzine\/5-expositions-a-voir-pendant-les-fetes\/","name":"5 expositions \u00e0 voir pendant les f\u00eates","isPartOf":{"@id":"https:\/\/artistics.com\/fr\/#website"},"primaryImageOfPage":{"@id":"https:\/\/artistics.com\/fr\/artzine\/5-expositions-a-voir-pendant-les-fetes\/#primaryimage"},"image":{"@id":"https:\/\/artistics.com\/fr\/artzine\/5-expositions-a-voir-pendant-les-fetes\/#primaryimage"},"thumbnailUrl":"https:\/\/artistics.com\/wp-content\/uploads\/2023\/04\/art_exposfetes_fredrikvaerslev_allaroundamateur2-1.jpg","datePublished":"2016-12-21T17:03:17+00:00","dateModified":"2023-07-10T09:36:05+00:00","description":"Si comme nous, vous avez mis l'art contemporain au menu de vos f\u00eates de fin d'ann\u00e9e, voici de quoi vous ouvrir l'app\u00e9tit : 5 expositions choisies parmi la programmation curieuse et exigeante des mus\u00e9es et centres d'art de r\u00e9gion.","breadcrumb":{"@id":"https:\/\/artistics.com\/fr\/artzine\/5-expositions-a-voir-pendant-les-fetes\/#breadcrumb"},"inLanguage":"fr-FR","potentialAction":[{"@type":"ReadAction","target":["https:\/\/artistics.com\/fr\/artzine\/5-expositions-a-voir-pendant-les-fetes\/"]}]},{"@type":"ImageObject","inLanguage":"fr-FR","@id":"https:\/\/artistics.com\/fr\/artzine\/5-expositions-a-voir-pendant-les-fetes\/#primaryimage","url":"https:\/\/artistics.com\/wp-content\/uploads\/2023\/04\/art_exposfetes_fredrikvaerslev_allaroundamateur2-1.jpg","contentUrl":"https:\/\/artistics.com\/wp-content\/uploads\/2023\/04\/art_exposfetes_fredrikvaerslev_allaroundamateur2-1.jpg","width":700,"height":525},{"@type":"BreadcrumbList","@id":"https:\/\/artistics.com\/fr\/artzine\/5-expositions-a-voir-pendant-les-fetes\/#breadcrumb","itemListElement":[{"@type":"ListItem","position":1,"name":"Achat \u0153uvre d'art","item":"https:\/\/artistics.com\/fr\/"},{"@type":"ListItem","position":2,"name":"Monde de l\u2019art","item":"https:\/\/artistics.com\/fr\/artzine\/category\/le-monde-de-art\/"},{"@type":"ListItem","position":3,"name":"5 expositions \u00e0 voir pendant les f\u00eates"}]},{"@type":"WebSite","@id":"https:\/\/artistics.com\/fr\/#website","url":"https:\/\/artistics.com\/fr\/","name":"Artistics","description":"The online art gallery","publisher":{"@id":"https:\/\/artistics.com\/fr\/#organization"},"potentialAction":[{"@type":"SearchAction","target":{"@type":"EntryPoint","urlTemplate":"https:\/\/artistics.com\/fr\/?s={search_term_string}"},"query-input":{"@type":"PropertyValueSpecification","valueRequired":true,"valueName":"search_term_string"}}],"inLanguage":"fr-FR"},{"@type":"Organization","@id":"https:\/\/artistics.com\/fr\/#organization","name":"Artistics","url":"https:\/\/artistics.com\/fr\/","logo":{"@type":"ImageObject","inLanguage":"fr-FR","@id":"https:\/\/artistics.com\/fr\/#\/schema\/logo\/image\/","url":"https:\/\/artistics.com\/wp-content\/uploads\/2023\/02\/artistics-logo-web-1.svg","contentUrl":"https:\/\/artistics.com\/wp-content\/uploads\/2023\/02\/artistics-logo-web-1.svg","caption":"Artistics"},"image":{"@id":"https:\/\/artistics.com\/fr\/#\/schema\/logo\/image\/"},"sameAs":["https:\/\/www.facebook.com\/ArtisticsMag","https:\/\/x.com\/Artistics_FR","http:\/\/www.linkedin.com\/company\/artistics","https:\/\/www.instagram.com\/artistics_com\/","http:\/\/www.pinterest.com\/ArtisticsMag"],"hasMerchantReturnPolicy":{"@type":"MerchantReturnPolicy","merchantReturnLink":"https:\/\/artistics.com\/free-return-policy\/"}},{"@type":"Person","@id":"https:\/\/artistics.com\/fr\/#\/schema\/person\/a39d54f18b4c5fe4a0de78e3f9236993","name":"Eleonora Fontana","image":{"@type":"ImageObject","inLanguage":"fr-FR","@id":"https:\/\/secure.gravatar.com\/avatar\/c15608b0600d759a03e927302242286e2f196b9d8abb87856fc3a3087c242f7b?s=96&d=mm&r=g","url":"https:\/\/secure.gravatar.com\/avatar\/c15608b0600d759a03e927302242286e2f196b9d8abb87856fc3a3087c242f7b?s=96&d=mm&r=g","contentUrl":"https:\/\/secure.gravatar.com\/avatar\/c15608b0600d759a03e927302242286e2f196b9d8abb87856fc3a3087c242f7b?s=96&d=mm&r=g","caption":"Eleonora Fontana"}}]}},"_links":{"self":[{"href":"https:\/\/artistics.com\/fr\/wp-json\/wp\/v2\/posts\/5381","targetHints":{"allow":["GET"]}}],"collection":[{"href":"https:\/\/artistics.com\/fr\/wp-json\/wp\/v2\/posts"}],"about":[{"href":"https:\/\/artistics.com\/fr\/wp-json\/wp\/v2\/types\/post"}],"author":[{"embeddable":true,"href":"https:\/\/artistics.com\/fr\/wp-json\/wp\/v2\/users\/2"}],"replies":[{"embeddable":true,"href":"https:\/\/artistics.com\/fr\/wp-json\/wp\/v2\/comments?post=5381"}],"version-history":[{"count":3,"href":"https:\/\/artistics.com\/fr\/wp-json\/wp\/v2\/posts\/5381\/revisions"}],"predecessor-version":[{"id":36356,"href":"https:\/\/artistics.com\/fr\/wp-json\/wp\/v2\/posts\/5381\/revisions\/36356"}],"wp:featuredmedia":[{"embeddable":true,"href":"https:\/\/artistics.com\/fr\/wp-json\/wp\/v2\/media\/5393"}],"wp:attachment":[{"href":"https:\/\/artistics.com\/fr\/wp-json\/wp\/v2\/media?parent=5381"}],"wp:term":[{"taxonomy":"category","embeddable":true,"href":"https:\/\/artistics.com\/fr\/wp-json\/wp\/v2\/categories?post=5381"},{"taxonomy":"post_tag","embeddable":true,"href":"https:\/\/artistics.com\/fr\/wp-json\/wp\/v2\/tags?post=5381"}],"curies":[{"name":"wp","href":"https:\/\/api.w.org\/{rel}","templated":true}]}}