{"id":5377,"date":"2016-12-05T13:33:12","date_gmt":"2016-12-05T12:33:12","guid":{"rendered":"https:\/\/2022.devartistics.com\/artzine\/christophe-jacrot-snjor\/"},"modified":"2023-04-13T03:47:11","modified_gmt":"2023-04-13T01:47:11","slug":"christophe-jacrot-snjor","status":"publish","type":"post","link":"https:\/\/artistics.com\/fr\/artzine\/christophe-jacrot-snjor\/","title":{"rendered":"Christophe Jacrot: SNJOR"},"content":{"rendered":"<p ><span >SNJOR : l&rsquo;hiver islandais vu par Christophe Jacrot<\/span><\/p>\n<p ><span ><span >Avec le r\u00e9chauffement climatique, peut-on encore photographier l&rsquo;hiver en Europe ? Pour r\u00e9pondre (positivement) \u00e0 cette question, Christophe Jacrot est all\u00e9 jusqu&rsquo;en Islande. Il en revient avec une nouvelle s\u00e9rie et un livre: SNJOR.<\/span><\/span><\/p>\n<p>\u00a0<\/p>\n<p><span ><img decoding=\"async\"  src=\"https:\/\/artistics.com\/wp-content\/uploads\/2023\/04\/artsnjor_cjacrot_chapelle_blanche_640px.jpg\" alt=\"\" \/><\/span><\/p>\n<p ><a href=\"https:\/\/artistics.com\/fr\/?post_type=product&#038;p=21955\" target=\"_blank\" rel=\"noopener\">Chapelle blanche<\/a>, s\u00e9rie \u00ab\u00a0Snj\u00f3r\u00a0\u00bb (2014-2016). Christophe Jacrot.<\/p>\n<p ><span >Apr\u00e8s avoir parcouru les m\u00e9gapoles de l&rsquo;h\u00e9misph\u00e8re nord pour saisir leur visage transfigur\u00e9 par les intemp\u00e9ries, <a href=\"https:\/\/artistics.com\/fr\/?post_type=artist&#038;p=2754\" target=\"_blank\" rel=\"noopener\">Christophe Jacrot<\/a> a choisi de tourner son objectif vers les grands espaces. Sa derni\u00e8re s\u00e9rie, SNJOR, est le r\u00e9sultat de six longs p\u00e9riples \u00e0 travers l&rsquo;Islande, r\u00e9alis\u00e9s entre fin 2014 et mi 2016.<\/span><\/p>\n<p><span >Qu&rsquo;est-ce qui a conduit ce photographe fran\u00e7ais jusqu&rsquo;\u00e0 cette fronti\u00e8re septentrionale de l&rsquo;Europe, situ\u00e9e \u00e0 seulement quelques kilom\u00e8tres du cercle polaire ? Une interrogation : avec le r\u00e9chauffement climatique dont chacun peut aujourd&rsquo;hui mesurer les effets, o\u00f9 peut-on encore\u00a0 \u00ab\u00a0photographier l&rsquo;hiver\u2026 qui ressemble \u00e0 l&rsquo;hiver\u00a0\u00bb ?<\/span><\/p>\n<p><img decoding=\"async\"  src=\"https:\/\/artistics.com\/wp-content\/uploads\/2023\/04\/artsnjor_cjacrot_la_ferme_640px.jpg\" alt=\"\" \/><\/p>\n<p ><a href=\"https:\/\/artistics.com\/fr\/?post_type=product&#038;p=28145\" target=\"_blank\" rel=\"noopener\">La Ferme<\/a>, s\u00e9rie \u00ab\u00a0Snj\u00f3r\u00a0\u00bb (2014-2016) Christophe Jacrot.<\/p>\n<p >\u00a0<\/p>\n<p ><span >Avec SNJOR (&lsquo;neige&rsquo; en islandais), il donne \u00e0 voir un \u00ab\u00a0monde \u00e0 la fois peupl\u00e9 et enneig\u00e9\u00a0\u00bb. Les gratte-ciels triomphants de ses pr\u00e9c\u00e9dentes s\u00e9ries laissent ici la place \u00e0 des habitations isol\u00e9es qui dressent leur fr\u00eale silhouette entre un sol couvert d&rsquo;un \u00e9pais manteau de neige et un ciel pr\u00eat \u00e0 les \u00e9craser. La mer et la montagne dessinent des paysages parfois presque abstraits, toujours surprenants et d&rsquo;une beaut\u00e9 \u00e0 couper le souffle. <\/span><\/p>\n<p >\u00a0<\/p>\n<p><img decoding=\"async\"  src=\"https:\/\/artistics.com\/wp-content\/uploads\/2023\/04\/artsnjor_cjacrot_le_lagon_640px.jpg\" alt=\"\" width=\"640\" height=\"427\" \/><\/p>\n<p ><span ><a href=\"https:\/\/artistics.com\/fr\/?post_type=product&#038;p=28148\" target=\"_blank\" rel=\"noopener\">Le Lagon<\/a>, s\u00e9rie \u00ab\u00a0Snj\u00f3r\u00a0\u00bb (2014-2016) Christophe Jacrot.<\/span><\/p>\n<p ><span >Une quinzaine d&rsquo;images de cette s\u00e9rie sont <a href=\"https:\/\/artistics.com\/fr\/\" target=\"_blank\" rel=\"noopener\">disponibles sur Artistics en \u00e9dition limit\u00e9e<\/a>. L&rsquo;int\u00e9gralit\u00e9 est rassembl\u00e9e dans un tr\u00e8s beau livre, paru le 17 octobre aux \u00e9ditions h\u2019Artpon et tir\u00e9 \u00e0 seulement 1200 exemplaires.<\/span><\/p>\n<p><span >Ce nouveau travail b\u00e9n\u00e9ficie d\u00e9j\u00e0 d&rsquo;un accueil critique plus qu&rsquo;enthousiaste, comme en t\u00e9moigne cette chronique de Yasmine Youssi dans La Grande Dispute du 23\/11\/2016 sur France Culture : \u00ab\u00a0C&rsquo;est juste magnifique, absolument somptueux. On a l&rsquo;impression, du fait de la qualit\u00e9 de l&rsquo;image, de sentir la neige qui tombe, sa mati\u00e8re, qui parfois vous caresse et parfois vous cingle\u00a0\u00bb (\u00e0 3mn35s).<\/span><\/p>\n<p >\u00a0<\/p>\n<p ><iframe src=\"https:\/\/www.youtube.com\/embed\/VnS2kMNMLRw\" frameborder=\"0\" width=\"560\" height=\"315\"><\/iframe><\/p>\n","protected":false},"excerpt":{"rendered":"<p>Avec le r\u00e9chauffement climatique, peut-on encore photographier l&rsquo;hiver en Europe ? Pour r\u00e9pondre (positivement) \u00e0 cette question, Christophe Jacrot est all\u00e9 jusqu&rsquo;en Islande. Il en revient avec une nouvelle s\u00e9rie et un livre: SNJOR.<\/p>\n","protected":false},"author":1,"featured_media":3576,"comment_status":"open","ping_status":"open","sticky":false,"template":"","format":"standard","meta":{"_acf_changed":false,"_searchwp_excluded":"","inline_featured_image":false,"footnotes":""},"categories":[1184],"tags":[1282,1283],"class_list":["post-5377","post","type-post","status-publish","format-standard","has-post-thumbnail","hentry","category-actualites-de-nos-artistes","tag-islande","tag-neige"],"acf":[],"yoast_head":"<!-- This site is optimized with the Yoast SEO Premium plugin v28.3 (Yoast SEO v28.3) - https:\/\/yoast.com\/product\/yoast-seo-premium-wordpress\/ -->\n<title>Christophe Jacrot: SNJOR<\/title>\n<meta name=\"description\" content=\"Avec le r\u00e9chauffement climatique, peut-on encore photographier l&#039;hiver en Europe ? Pour r\u00e9pondre (positivement) \u00e0 cette question, Christophe Jacrot est all\u00e9 jusqu&#039;en Islande. Il en revient avec une nouvelle s\u00e9rie et un livre: SNJOR.\" \/>\n<meta name=\"robots\" content=\"index, follow, max-snippet:-1, max-image-preview:large, max-video-preview:-1\" \/>\n<link rel=\"canonical\" href=\"https:\/\/artistics.com\/fr\/artzine\/christophe-jacrot-snjor\/\" \/>\n<meta property=\"og:locale\" content=\"fr_FR\" \/>\n<meta property=\"og:type\" content=\"article\" \/>\n<meta property=\"og:title\" content=\"Christophe Jacrot: SNJOR\" \/>\n<meta property=\"og:description\" content=\"Avec le r\u00e9chauffement climatique, peut-on encore photographier l&#039;hiver en Europe ? Pour r\u00e9pondre (positivement) \u00e0 cette question, Christophe Jacrot est all\u00e9 jusqu&#039;en Islande. Il en revient avec une nouvelle s\u00e9rie et un livre: SNJOR.\" \/>\n<meta property=\"og:url\" content=\"https:\/\/artistics.com\/fr\/artzine\/christophe-jacrot-snjor\/\" \/>\n<meta property=\"og:site_name\" content=\"Artistics\" \/>\n<meta property=\"article:publisher\" content=\"https:\/\/www.facebook.com\/ArtisticsMag\" \/>\n<meta property=\"article:published_time\" content=\"2016-12-05T12:33:12+00:00\" \/>\n<meta property=\"article:modified_time\" content=\"2023-04-13T01:47:11+00:00\" \/>\n<meta property=\"og:image\" content=\"https:\/\/artistics.com\/wp-content\/uploads\/2023\/04\/vignette_snjor_0.jpg\" \/>\n\t<meta property=\"og:image:width\" content=\"837\" \/>\n\t<meta property=\"og:image:height\" content=\"671\" \/>\n\t<meta property=\"og:image:type\" content=\"image\/jpeg\" \/>\n<meta name=\"author\" content=\"Hypso\" \/>\n<meta name=\"twitter:card\" content=\"summary_large_image\" \/>\n<meta name=\"twitter:creator\" content=\"@Artistics_FR\" \/>\n<meta name=\"twitter:site\" content=\"@Artistics_FR\" \/>\n<meta name=\"twitter:label1\" content=\"\u00c9crit par\" \/>\n\t<meta name=\"twitter:data1\" content=\"Hypso\" \/>\n\t<meta name=\"twitter:label2\" content=\"Dur\u00e9e de lecture estim\u00e9e\" \/>\n\t<meta name=\"twitter:data2\" content=\"2 minutes\" \/>\n<script type=\"application\/ld+json\" class=\"yoast-schema-graph\">{\"@context\":\"https:\\\/\\\/schema.org\",\"@graph\":[{\"@type\":[\"Article\",\"BlogPosting\"],\"@id\":\"https:\\\/\\\/artistics.com\\\/fr\\\/artzine\\\/christophe-jacrot-snjor\\\/#article\",\"isPartOf\":{\"@id\":\"https:\\\/\\\/artistics.com\\\/fr\\\/artzine\\\/christophe-jacrot-snjor\\\/\"},\"author\":{\"name\":\"Hypso\",\"@id\":\"https:\\\/\\\/artistics.com\\\/fr\\\/#\\\/schema\\\/person\\\/06ccbcd390d4be9b22fdc66fc2e78e6c\"},\"headline\":\"Christophe Jacrot: SNJOR\",\"datePublished\":\"2016-12-05T12:33:12+00:00\",\"dateModified\":\"2023-04-13T01:47:11+00:00\",\"mainEntityOfPage\":{\"@id\":\"https:\\\/\\\/artistics.com\\\/fr\\\/artzine\\\/christophe-jacrot-snjor\\\/\"},\"wordCount\":369,\"commentCount\":0,\"publisher\":{\"@id\":\"https:\\\/\\\/artistics.com\\\/fr\\\/#organization\"},\"image\":{\"@id\":\"https:\\\/\\\/artistics.com\\\/fr\\\/artzine\\\/christophe-jacrot-snjor\\\/#primaryimage\"},\"thumbnailUrl\":\"https:\\\/\\\/artistics.com\\\/wp-content\\\/uploads\\\/2023\\\/04\\\/vignette_snjor_0.jpg\",\"keywords\":[\"Islande\",\"neige\"],\"articleSection\":[\"L\u2019actu de nos artistes\"],\"inLanguage\":\"fr-FR\",\"potentialAction\":[{\"@type\":\"CommentAction\",\"name\":\"Comment\",\"target\":[\"https:\\\/\\\/artistics.com\\\/fr\\\/artzine\\\/christophe-jacrot-snjor\\\/#respond\"]}]},{\"@type\":\"WebPage\",\"@id\":\"https:\\\/\\\/artistics.com\\\/fr\\\/artzine\\\/christophe-jacrot-snjor\\\/\",\"url\":\"https:\\\/\\\/artistics.com\\\/fr\\\/artzine\\\/christophe-jacrot-snjor\\\/\",\"name\":\"Christophe Jacrot: SNJOR\",\"isPartOf\":{\"@id\":\"https:\\\/\\\/artistics.com\\\/fr\\\/#website\"},\"primaryImageOfPage\":{\"@id\":\"https:\\\/\\\/artistics.com\\\/fr\\\/artzine\\\/christophe-jacrot-snjor\\\/#primaryimage\"},\"image\":{\"@id\":\"https:\\\/\\\/artistics.com\\\/fr\\\/artzine\\\/christophe-jacrot-snjor\\\/#primaryimage\"},\"thumbnailUrl\":\"https:\\\/\\\/artistics.com\\\/wp-content\\\/uploads\\\/2023\\\/04\\\/vignette_snjor_0.jpg\",\"datePublished\":\"2016-12-05T12:33:12+00:00\",\"dateModified\":\"2023-04-13T01:47:11+00:00\",\"description\":\"Avec le r\u00e9chauffement climatique, peut-on encore photographier l'hiver en Europe ? Pour r\u00e9pondre (positivement) \u00e0 cette question, Christophe Jacrot est all\u00e9 jusqu'en Islande. Il en revient avec une nouvelle s\u00e9rie et un livre: SNJOR.\",\"breadcrumb\":{\"@id\":\"https:\\\/\\\/artistics.com\\\/fr\\\/artzine\\\/christophe-jacrot-snjor\\\/#breadcrumb\"},\"inLanguage\":\"fr-FR\",\"potentialAction\":[{\"@type\":\"ReadAction\",\"target\":[\"https:\\\/\\\/artistics.com\\\/fr\\\/artzine\\\/christophe-jacrot-snjor\\\/\"]}]},{\"@type\":\"ImageObject\",\"inLanguage\":\"fr-FR\",\"@id\":\"https:\\\/\\\/artistics.com\\\/fr\\\/artzine\\\/christophe-jacrot-snjor\\\/#primaryimage\",\"url\":\"https:\\\/\\\/artistics.com\\\/wp-content\\\/uploads\\\/2023\\\/04\\\/vignette_snjor_0.jpg\",\"contentUrl\":\"https:\\\/\\\/artistics.com\\\/wp-content\\\/uploads\\\/2023\\\/04\\\/vignette_snjor_0.jpg\",\"width\":837,\"height\":671},{\"@type\":\"BreadcrumbList\",\"@id\":\"https:\\\/\\\/artistics.com\\\/fr\\\/artzine\\\/christophe-jacrot-snjor\\\/#breadcrumb\",\"itemListElement\":[{\"@type\":\"ListItem\",\"position\":1,\"name\":\"Achat \u0153uvre d'art\",\"item\":\"https:\\\/\\\/artistics.com\\\/fr\\\/\"},{\"@type\":\"ListItem\",\"position\":2,\"name\":\"L\u2019actu de nos artistes\",\"item\":\"https:\\\/\\\/artistics.com\\\/fr\\\/artzine\\\/category\\\/actualites-de-nos-artistes\\\/\"},{\"@type\":\"ListItem\",\"position\":3,\"name\":\"Christophe Jacrot: SNJOR\"}]},{\"@type\":\"WebSite\",\"@id\":\"https:\\\/\\\/artistics.com\\\/fr\\\/#website\",\"url\":\"https:\\\/\\\/artistics.com\\\/fr\\\/\",\"name\":\"Artistics\",\"description\":\"Contemporary art gallery\",\"publisher\":{\"@id\":\"https:\\\/\\\/artistics.com\\\/fr\\\/#organization\"},\"potentialAction\":[{\"@type\":\"SearchAction\",\"target\":{\"@type\":\"EntryPoint\",\"urlTemplate\":\"https:\\\/\\\/artistics.com\\\/fr\\\/?s={search_term_string}\"},\"query-input\":{\"@type\":\"PropertyValueSpecification\",\"valueRequired\":true,\"valueName\":\"search_term_string\"}}],\"inLanguage\":\"fr-FR\"},{\"@type\":\"Organization\",\"@id\":\"https:\\\/\\\/artistics.com\\\/fr\\\/#organization\",\"name\":\"Artistics\",\"url\":\"https:\\\/\\\/artistics.com\\\/fr\\\/\",\"logo\":{\"@type\":\"ImageObject\",\"inLanguage\":\"fr-FR\",\"@id\":\"https:\\\/\\\/artistics.com\\\/fr\\\/#\\\/schema\\\/logo\\\/image\\\/\",\"url\":\"https:\\\/\\\/artistics.com\\\/wp-content\\\/uploads\\\/2026\\\/06\\\/artistics-logo-web-2.svg\",\"contentUrl\":\"https:\\\/\\\/artistics.com\\\/wp-content\\\/uploads\\\/2026\\\/06\\\/artistics-logo-web-2.svg\",\"width\":100,\"height\":100,\"caption\":\"Artistics\"},\"image\":{\"@id\":\"https:\\\/\\\/artistics.com\\\/fr\\\/#\\\/schema\\\/logo\\\/image\\\/\"},\"sameAs\":[\"https:\\\/\\\/www.facebook.com\\\/ArtisticsMag\",\"https:\\\/\\\/x.com\\\/Artistics_FR\",\"http:\\\/\\\/www.linkedin.com\\\/company\\\/artistics\",\"https:\\\/\\\/www.instagram.com\\\/artistics_com\\\/\",\"http:\\\/\\\/www.pinterest.com\\\/ArtisticsMag\"],\"hasMerchantReturnPolicy\":{\"@type\":\"MerchantReturnPolicy\",\"merchantReturnLink\":\"https:\\\/\\\/artistics.com\\\/free-return-policy\\\/\"}},{\"@type\":\"Person\",\"@id\":\"https:\\\/\\\/artistics.com\\\/fr\\\/#\\\/schema\\\/person\\\/06ccbcd390d4be9b22fdc66fc2e78e6c\",\"name\":\"Hypso\",\"image\":{\"@type\":\"ImageObject\",\"inLanguage\":\"fr-FR\",\"@id\":\"https:\\\/\\\/secure.gravatar.com\\\/avatar\\\/df2518545b115be73a09aa9ed0fe74108171a89b0189073d31863a695ada9fcf?s=96&d=mm&r=g\",\"url\":\"https:\\\/\\\/secure.gravatar.com\\\/avatar\\\/df2518545b115be73a09aa9ed0fe74108171a89b0189073d31863a695ada9fcf?s=96&d=mm&r=g\",\"contentUrl\":\"https:\\\/\\\/secure.gravatar.com\\\/avatar\\\/df2518545b115be73a09aa9ed0fe74108171a89b0189073d31863a695ada9fcf?s=96&d=mm&r=g\",\"caption\":\"Hypso\"},\"sameAs\":[\"https:\\\/\\\/artistics.com\"]}]}<\/script>\n<!-- \/ Yoast SEO Premium plugin. -->","yoast_head_json":{"title":"Christophe Jacrot: SNJOR","description":"Avec le r\u00e9chauffement climatique, peut-on encore photographier l'hiver en Europe ? Pour r\u00e9pondre (positivement) \u00e0 cette question, Christophe Jacrot est all\u00e9 jusqu'en Islande. Il en revient avec une nouvelle s\u00e9rie et un livre: SNJOR.","robots":{"index":"index","follow":"follow","max-snippet":"max-snippet:-1","max-image-preview":"max-image-preview:large","max-video-preview":"max-video-preview:-1"},"canonical":"https:\/\/artistics.com\/fr\/artzine\/christophe-jacrot-snjor\/","og_locale":"fr_FR","og_type":"article","og_title":"Christophe Jacrot: SNJOR","og_description":"Avec le r\u00e9chauffement climatique, peut-on encore photographier l'hiver en Europe ? Pour r\u00e9pondre (positivement) \u00e0 cette question, Christophe Jacrot est all\u00e9 jusqu'en Islande. Il en revient avec une nouvelle s\u00e9rie et un livre: SNJOR.","og_url":"https:\/\/artistics.com\/fr\/artzine\/christophe-jacrot-snjor\/","og_site_name":"Artistics","article_publisher":"https:\/\/www.facebook.com\/ArtisticsMag","article_published_time":"2016-12-05T12:33:12+00:00","article_modified_time":"2023-04-13T01:47:11+00:00","og_image":[{"width":837,"height":671,"url":"https:\/\/artistics.com\/wp-content\/uploads\/2023\/04\/vignette_snjor_0.jpg","type":"image\/jpeg"}],"author":"Hypso","twitter_card":"summary_large_image","twitter_creator":"@Artistics_FR","twitter_site":"@Artistics_FR","twitter_misc":{"\u00c9crit par":"Hypso","Dur\u00e9e de lecture estim\u00e9e":"2 minutes"},"schema":{"@context":"https:\/\/schema.org","@graph":[{"@type":["Article","BlogPosting"],"@id":"https:\/\/artistics.com\/fr\/artzine\/christophe-jacrot-snjor\/#article","isPartOf":{"@id":"https:\/\/artistics.com\/fr\/artzine\/christophe-jacrot-snjor\/"},"author":{"name":"Hypso","@id":"https:\/\/artistics.com\/fr\/#\/schema\/person\/06ccbcd390d4be9b22fdc66fc2e78e6c"},"headline":"Christophe Jacrot: SNJOR","datePublished":"2016-12-05T12:33:12+00:00","dateModified":"2023-04-13T01:47:11+00:00","mainEntityOfPage":{"@id":"https:\/\/artistics.com\/fr\/artzine\/christophe-jacrot-snjor\/"},"wordCount":369,"commentCount":0,"publisher":{"@id":"https:\/\/artistics.com\/fr\/#organization"},"image":{"@id":"https:\/\/artistics.com\/fr\/artzine\/christophe-jacrot-snjor\/#primaryimage"},"thumbnailUrl":"https:\/\/artistics.com\/wp-content\/uploads\/2023\/04\/vignette_snjor_0.jpg","keywords":["Islande","neige"],"articleSection":["L\u2019actu de nos artistes"],"inLanguage":"fr-FR","potentialAction":[{"@type":"CommentAction","name":"Comment","target":["https:\/\/artistics.com\/fr\/artzine\/christophe-jacrot-snjor\/#respond"]}]},{"@type":"WebPage","@id":"https:\/\/artistics.com\/fr\/artzine\/christophe-jacrot-snjor\/","url":"https:\/\/artistics.com\/fr\/artzine\/christophe-jacrot-snjor\/","name":"Christophe Jacrot: SNJOR","isPartOf":{"@id":"https:\/\/artistics.com\/fr\/#website"},"primaryImageOfPage":{"@id":"https:\/\/artistics.com\/fr\/artzine\/christophe-jacrot-snjor\/#primaryimage"},"image":{"@id":"https:\/\/artistics.com\/fr\/artzine\/christophe-jacrot-snjor\/#primaryimage"},"thumbnailUrl":"https:\/\/artistics.com\/wp-content\/uploads\/2023\/04\/vignette_snjor_0.jpg","datePublished":"2016-12-05T12:33:12+00:00","dateModified":"2023-04-13T01:47:11+00:00","description":"Avec le r\u00e9chauffement climatique, peut-on encore photographier l'hiver en Europe ? Pour r\u00e9pondre (positivement) \u00e0 cette question, Christophe Jacrot est all\u00e9 jusqu'en Islande. Il en revient avec une nouvelle s\u00e9rie et un livre: SNJOR.","breadcrumb":{"@id":"https:\/\/artistics.com\/fr\/artzine\/christophe-jacrot-snjor\/#breadcrumb"},"inLanguage":"fr-FR","potentialAction":[{"@type":"ReadAction","target":["https:\/\/artistics.com\/fr\/artzine\/christophe-jacrot-snjor\/"]}]},{"@type":"ImageObject","inLanguage":"fr-FR","@id":"https:\/\/artistics.com\/fr\/artzine\/christophe-jacrot-snjor\/#primaryimage","url":"https:\/\/artistics.com\/wp-content\/uploads\/2023\/04\/vignette_snjor_0.jpg","contentUrl":"https:\/\/artistics.com\/wp-content\/uploads\/2023\/04\/vignette_snjor_0.jpg","width":837,"height":671},{"@type":"BreadcrumbList","@id":"https:\/\/artistics.com\/fr\/artzine\/christophe-jacrot-snjor\/#breadcrumb","itemListElement":[{"@type":"ListItem","position":1,"name":"Achat \u0153uvre d'art","item":"https:\/\/artistics.com\/fr\/"},{"@type":"ListItem","position":2,"name":"L\u2019actu de nos artistes","item":"https:\/\/artistics.com\/fr\/artzine\/category\/actualites-de-nos-artistes\/"},{"@type":"ListItem","position":3,"name":"Christophe Jacrot: SNJOR"}]},{"@type":"WebSite","@id":"https:\/\/artistics.com\/fr\/#website","url":"https:\/\/artistics.com\/fr\/","name":"Artistics","description":"Contemporary art gallery","publisher":{"@id":"https:\/\/artistics.com\/fr\/#organization"},"potentialAction":[{"@type":"SearchAction","target":{"@type":"EntryPoint","urlTemplate":"https:\/\/artistics.com\/fr\/?s={search_term_string}"},"query-input":{"@type":"PropertyValueSpecification","valueRequired":true,"valueName":"search_term_string"}}],"inLanguage":"fr-FR"},{"@type":"Organization","@id":"https:\/\/artistics.com\/fr\/#organization","name":"Artistics","url":"https:\/\/artistics.com\/fr\/","logo":{"@type":"ImageObject","inLanguage":"fr-FR","@id":"https:\/\/artistics.com\/fr\/#\/schema\/logo\/image\/","url":"https:\/\/artistics.com\/wp-content\/uploads\/2026\/06\/artistics-logo-web-2.svg","contentUrl":"https:\/\/artistics.com\/wp-content\/uploads\/2026\/06\/artistics-logo-web-2.svg","width":100,"height":100,"caption":"Artistics"},"image":{"@id":"https:\/\/artistics.com\/fr\/#\/schema\/logo\/image\/"},"sameAs":["https:\/\/www.facebook.com\/ArtisticsMag","https:\/\/x.com\/Artistics_FR","http:\/\/www.linkedin.com\/company\/artistics","https:\/\/www.instagram.com\/artistics_com\/","http:\/\/www.pinterest.com\/ArtisticsMag"],"hasMerchantReturnPolicy":{"@type":"MerchantReturnPolicy","merchantReturnLink":"https:\/\/artistics.com\/free-return-policy\/"}},{"@type":"Person","@id":"https:\/\/artistics.com\/fr\/#\/schema\/person\/06ccbcd390d4be9b22fdc66fc2e78e6c","name":"Hypso","image":{"@type":"ImageObject","inLanguage":"fr-FR","@id":"https:\/\/secure.gravatar.com\/avatar\/df2518545b115be73a09aa9ed0fe74108171a89b0189073d31863a695ada9fcf?s=96&d=mm&r=g","url":"https:\/\/secure.gravatar.com\/avatar\/df2518545b115be73a09aa9ed0fe74108171a89b0189073d31863a695ada9fcf?s=96&d=mm&r=g","contentUrl":"https:\/\/secure.gravatar.com\/avatar\/df2518545b115be73a09aa9ed0fe74108171a89b0189073d31863a695ada9fcf?s=96&d=mm&r=g","caption":"Hypso"},"sameAs":["https:\/\/artistics.com"]}]}},"_links":{"self":[{"href":"https:\/\/artistics.com\/fr\/wp-json\/wp\/v2\/posts\/5377","targetHints":{"allow":["GET"]}}],"collection":[{"href":"https:\/\/artistics.com\/fr\/wp-json\/wp\/v2\/posts"}],"about":[{"href":"https:\/\/artistics.com\/fr\/wp-json\/wp\/v2\/types\/post"}],"author":[{"embeddable":true,"href":"https:\/\/artistics.com\/fr\/wp-json\/wp\/v2\/users\/1"}],"replies":[{"embeddable":true,"href":"https:\/\/artistics.com\/fr\/wp-json\/wp\/v2\/comments?post=5377"}],"version-history":[{"count":0,"href":"https:\/\/artistics.com\/fr\/wp-json\/wp\/v2\/posts\/5377\/revisions"}],"wp:featuredmedia":[{"embeddable":true,"href":"https:\/\/artistics.com\/fr\/wp-json\/wp\/v2\/media\/3576"}],"wp:attachment":[{"href":"https:\/\/artistics.com\/fr\/wp-json\/wp\/v2\/media?parent=5377"}],"wp:term":[{"taxonomy":"category","embeddable":true,"href":"https:\/\/artistics.com\/fr\/wp-json\/wp\/v2\/categories?post=5377"},{"taxonomy":"post_tag","embeddable":true,"href":"https:\/\/artistics.com\/fr\/wp-json\/wp\/v2\/tags?post=5377"}],"curies":[{"name":"wp","href":"https:\/\/api.w.org\/{rel}","templated":true}]}}