{"id":5293,"date":"2016-09-19T19:33:00","date_gmt":"2016-09-19T17:33:00","guid":{"rendered":"https:\/\/2022.devartistics.com\/artzine\/quand-artistics-fait-son-group-show\/"},"modified":"2023-07-04T18:32:23","modified_gmt":"2023-07-04T16:32:23","slug":"quand-artistics-fait-son-group-show","status":"publish","type":"post","link":"https:\/\/artistics.com\/fr\/artzine\/quand-artistics-fait-son-group-show\/","title":{"rendered":"Quand Artistics fait son (group) show"},"content":{"rendered":"<p>Mardi dernier, Artistics rassemblait ses clients et amis \u00e0 Paris pour une soir\u00e9e de rencontre et d&rsquo;\u00e9changes avec ses artistes. Une soir\u00e9e \u00ab\u00a0d\u00e9connect\u00e9e\u00a0\u00bb pour remercier tous ceux qui nous soutiennent et nous accompagnent depuis maintenant 3 ans. L&rsquo;occasion aussi pour eux de voir de visu pr\u00e8s de 70 oeuvres pr\u00e9sent\u00e9es toute l&rsquo;ann\u00e9e sur notre galerie en ligne, et r\u00e9parties pour l&rsquo;occasion sur les trois niveaux de l&rsquo;Espace de Nesle. Parmi les 16 artistes expos\u00e9s, onze avaient pu faire le d\u00e9placement dont Lumi Mizutani et Hachiro Kanno, fraichement arriv\u00e9s du Japon, et Gina Soden, de passage en France \u00e0 l&rsquo;occasion d&rsquo;une s\u00e9ance photo.<br \/>\nNous tenons \u00e0 remercier toutes les personnes qui nous ont fait le plaisir de leur pr\u00e9sence et vous invitons \u00e0 partager, en images, quelques moments de cette journ\u00e9e.<\/p>\n<p><iframe src=\"https:\/\/www.youtube.com\/embed\/18Vh8IB4FRA\" width=\"640\" height=\"360\" frameborder=\"0\"><\/iframe><\/p>\n<p><img decoding=\"async\" src=\"https:\/\/artistics.com\/wp-content\/uploads\/2023\/04\/art1309_a.jpg\" alt=\"\" \/><\/p>\n<p>Avant l&rsquo;ouverture des portes&#8230;<\/p>\n<p><img decoding=\"async\" src=\"https:\/\/artistics.com\/wp-content\/uploads\/2023\/04\/art1309_b.jpg\" alt=\"\" \/><\/p>\n<p><img decoding=\"async\" src=\"https:\/\/artistics.com\/wp-content\/uploads\/2023\/04\/art1309_c.jpg\" alt=\"\" \/><\/p>\n<p>Premier plan : Trois Grandes Figures Debout I, de <a href=\"https:\/\/artistics.com\/fr\/artiste\/pierre-yermia\/\">Pierre Yermia<\/a>. Au mur : Eclat, de <a href=\"https:\/\/artistics.com\/fr\/artiste\/chen-yiching\/\">Chen Yiching<\/a>.<\/p>\n<p><img decoding=\"async\" src=\"https:\/\/artistics.com\/wp-content\/uploads\/2023\/04\/art1309_d.jpg\" alt=\"\" \/><\/p>\n<p><img decoding=\"async\" src=\"https:\/\/artistics.com\/wp-content\/uploads\/2023\/04\/art1309_e.jpg\" alt=\"\" \/><\/p>\n<p>Mur de droite : TN 586 D, TN 557 D, TN 569 de <a href=\"https:\/\/artistics.com\/fr\/artiste\/hachiro-kanno\/\">Hachiro Kanno<\/a>.<\/p>\n<p><img decoding=\"async\" src=\"https:\/\/artistics.com\/wp-content\/uploads\/2023\/04\/art1309_f.jpg\" alt=\"\" \/><\/p>\n<p>Premier plan : Envol\u00e9e I de <a href=\"https:\/\/artistics.com\/fr\/artiste\/pierre-yermia\/\">Pierre Yermia<\/a>. Au mur, de gauche \u00e0 droite : Qui\u00e9tude, Hiver et Printemps de <a href=\"https:\/\/artistics.com\/fr\/artiste\/chen-yiching\/\">Chen Yiching<\/a>.<\/p>\n<p><img decoding=\"async\" src=\"https:\/\/artistics.com\/wp-content\/uploads\/2023\/04\/art1309_g.jpg\" alt=\"\" \/><\/p>\n<p>Sculptures, de gauche \u00e0 droite : Arche de <a href=\"https:\/\/artistics.com\/fr\/artiste\/delphine-brabant\/\">Delphine Brabant<\/a> et Taureau III de <a href=\"https:\/\/artistics.com\/fr\/artiste\/pierre-yermia\/\">Pierre Yermia<\/a>. Au mur, de gauche \u00e0 droite : Krankenhaus, Kaplika et Mine Changing Room II de Gina Soden, Coal Mine 6 et Coal Mine 7, de <a href=\"https:\/\/artistics.com\/fr\/artiste\/b-lang\/\">Bernhard Lang<\/a>.<\/p>\n<p><img decoding=\"async\" src=\"https:\/\/artistics.com\/wp-content\/uploads\/2023\/04\/art1309_h.jpg\" alt=\"\" \/><\/p>\n<p>Au mur, de haut en bas : Moebius #4 et Moebius #3 de <a href=\"https:\/\/artistics.com\/fr\/artiste\/ahn-hyunju\/\">Ahn Hyun-Ju<\/a>.<\/p>\n<p><img decoding=\"async\" src=\"https:\/\/artistics.com\/wp-content\/uploads\/2023\/04\/art1309_i.jpg\" alt=\"\" \/><\/p>\n<p>Au premier plan : Trois Figures assises II de <a href=\"https:\/\/artistics.com\/fr\/artiste\/pierre-yermia\/\">Pierre Yermia<\/a>.<\/p>\n<p><img decoding=\"async\" src=\"https:\/\/artistics.com\/wp-content\/uploads\/2023\/04\/art1309_j.jpg\" alt=\"\" \/><\/p>\n<p>Sculpture : Arche de <a href=\"https:\/\/artistics.com\/fr\/artiste\/delphine-brabant\/\">Delphine Brabant<\/a>. Au mur, de gauche \u00e0 droite : Krankenhaus, Kaplika et Mine Changing Room II de <a href=\"https:\/\/artistics.com\/fr\/artiste\/gina-soden\/\">Gina Soden<\/a>.<\/p>\n<p><img decoding=\"async\" src=\"https:\/\/artistics.com\/wp-content\/uploads\/2023\/04\/art1309_l.jpg\" alt=\"\" \/><\/p>\n<p>Au mur, de gauche \u00e0 droite : White Villa et Chemical Plant de <a href=\"https:\/\/artistics.com\/fr\/artiste\/gina-soden\/\">Gina Soden<\/a>.<\/p>\n<p><img decoding=\"async\" src=\"https:\/\/artistics.com\/wp-content\/uploads\/2023\/04\/art1309_m.jpg\" alt=\"\" \/><\/p>\n<p>Premier plan : sculpture de <a href=\"https:\/\/artistics.com\/fr\/artiste\/yann-guillon\/\" target=\"_blank\" rel=\"noopener\">Yann Guillon<\/a>. Au mur au fond : Tableau de <a href=\"https:\/\/artistics.com\/fr\/artiste\/frederique-domergue\/\" target=\"_blank\" rel=\"noopener\">Fr\u00e9d\u00e9rique Domergue<\/a>.<\/p>\n<p><img decoding=\"async\" src=\"https:\/\/artistics.com\/wp-content\/uploads\/2023\/04\/art1309_n.jpg\" alt=\"\" \/><\/p>\n<p>Quatre tableaux de la s\u00e9rie M\u00e9lodie Nocturne de <a href=\"https:\/\/artistics.com\/fr\/artiste\/zhang-hongyu\/\">Hongyu Zhang<\/a>.<\/p>\n<p>Arriv\u00e9e des visiteurs&#8230;<\/p>\n<p><img decoding=\"async\" src=\"https:\/\/artistics.com\/wp-content\/uploads\/2023\/04\/art1309_o.jpg\" alt=\"\" \/><\/p>\n<p><img decoding=\"async\" src=\"https:\/\/artistics.com\/wp-content\/uploads\/2023\/04\/art1309_p.jpg\" alt=\"\" \/><\/p>\n<p><img decoding=\"async\" src=\"https:\/\/artistics.com\/wp-content\/uploads\/2023\/04\/art1309_q.jpg\" alt=\"\" \/><\/p>\n<p><img decoding=\"async\" src=\"https:\/\/artistics.com\/wp-content\/uploads\/2023\/04\/art1309_r.jpg\" alt=\"\" \/><\/p>\n<p><img decoding=\"async\" src=\"https:\/\/artistics.com\/wp-content\/uploads\/2023\/04\/art1309_s.jpg\" alt=\"\" \/><\/p>\n","protected":false},"excerpt":{"rendered":"<p>Mardi dernier, Artistics rassemblait ses clients et amis \u00e0 Paris pour une soir\u00e9e de rencontre et d&rsquo;\u00e9changes avec ses artistes. Retour en images.<\/p>\n","protected":false},"author":2,"featured_media":3534,"comment_status":"open","ping_status":"open","sticky":false,"template":"","format":"standard","meta":{"_acf_changed":false,"_searchwp_excluded":"","inline_featured_image":false,"footnotes":""},"categories":[1183],"tags":[],"class_list":["post-5293","post","type-post","status-publish","format-standard","has-post-thumbnail","hentry","category-la-vie-de-la-galerie"],"acf":[],"yoast_head":"<!-- This site is optimized with the Yoast SEO Premium plugin v27.3 (Yoast SEO v27.3) - https:\/\/yoast.com\/product\/yoast-seo-premium-wordpress\/ -->\n<title>Quand Artistics fait son (group) show<\/title>\n<meta name=\"description\" content=\"Mardi dernier, Artistics rassemblait ses clients et amis \u00e0 Paris pour une soir\u00e9e de rencontre et d&#039;\u00e9changes avec ses artistes. Retour en images.\" \/>\n<meta name=\"robots\" content=\"index, follow, max-snippet:-1, max-image-preview:large, max-video-preview:-1\" \/>\n<link rel=\"canonical\" href=\"https:\/\/artistics.com\/fr\/artzine\/quand-artistics-fait-son-group-show\/\" \/>\n<meta property=\"og:locale\" content=\"fr_FR\" \/>\n<meta property=\"og:type\" content=\"article\" \/>\n<meta property=\"og:title\" content=\"Quand Artistics fait son (group) show\" \/>\n<meta property=\"og:description\" content=\"Mardi dernier, Artistics rassemblait ses clients et amis \u00e0 Paris pour une soir\u00e9e de rencontre et d&#039;\u00e9changes avec ses artistes. Retour en images.\" \/>\n<meta property=\"og:url\" content=\"https:\/\/artistics.com\/fr\/artzine\/quand-artistics-fait-son-group-show\/\" \/>\n<meta property=\"og:site_name\" content=\"Artistics\" \/>\n<meta property=\"article:publisher\" content=\"https:\/\/www.facebook.com\/ArtisticsMag\" \/>\n<meta property=\"article:published_time\" content=\"2016-09-19T17:33:00+00:00\" \/>\n<meta property=\"article:modified_time\" content=\"2023-07-04T16:32:23+00:00\" \/>\n<meta property=\"og:image\" content=\"https:\/\/artistics.com\/wp-content\/uploads\/2023\/04\/vignette_0.jpg\" \/>\n\t<meta property=\"og:image:width\" content=\"1280\" \/>\n\t<meta property=\"og:image:height\" content=\"742\" \/>\n\t<meta property=\"og:image:type\" content=\"image\/jpeg\" \/>\n<meta name=\"author\" content=\"Eleonora Fontana\" \/>\n<meta name=\"twitter:card\" content=\"summary_large_image\" \/>\n<meta name=\"twitter:creator\" content=\"@Artistics_FR\" \/>\n<meta name=\"twitter:site\" content=\"@Artistics_FR\" \/>\n<meta name=\"twitter:label1\" content=\"\u00c9crit par\" \/>\n\t<meta name=\"twitter:data1\" content=\"Eleonora Fontana\" \/>\n\t<meta name=\"twitter:label2\" content=\"Dur\u00e9e de lecture estim\u00e9e\" \/>\n\t<meta name=\"twitter:data2\" content=\"5 minutes\" \/>\n<script type=\"application\/ld+json\" class=\"yoast-schema-graph\">{\"@context\":\"https:\\\/\\\/schema.org\",\"@graph\":[{\"@type\":[\"Article\",\"BlogPosting\"],\"@id\":\"https:\\\/\\\/artistics.com\\\/fr\\\/artzine\\\/quand-artistics-fait-son-group-show\\\/#article\",\"isPartOf\":{\"@id\":\"https:\\\/\\\/artistics.com\\\/fr\\\/artzine\\\/quand-artistics-fait-son-group-show\\\/\"},\"author\":{\"name\":\"Eleonora Fontana\",\"@id\":\"https:\\\/\\\/artistics.com\\\/fr\\\/#\\\/schema\\\/person\\\/a39d54f18b4c5fe4a0de78e3f9236993\"},\"headline\":\"Quand Artistics fait son (group) show\",\"datePublished\":\"2016-09-19T17:33:00+00:00\",\"dateModified\":\"2023-07-04T16:32:23+00:00\",\"mainEntityOfPage\":{\"@id\":\"https:\\\/\\\/artistics.com\\\/fr\\\/artzine\\\/quand-artistics-fait-son-group-show\\\/\"},\"wordCount\":328,\"commentCount\":0,\"publisher\":{\"@id\":\"https:\\\/\\\/artistics.com\\\/fr\\\/#organization\"},\"image\":{\"@id\":\"https:\\\/\\\/artistics.com\\\/fr\\\/artzine\\\/quand-artistics-fait-son-group-show\\\/#primaryimage\"},\"thumbnailUrl\":\"https:\\\/\\\/artistics.com\\\/wp-content\\\/uploads\\\/2023\\\/04\\\/vignette_0.jpg\",\"articleSection\":[\"La vie de la galerie\"],\"inLanguage\":\"fr-FR\",\"potentialAction\":[{\"@type\":\"CommentAction\",\"name\":\"Comment\",\"target\":[\"https:\\\/\\\/artistics.com\\\/fr\\\/artzine\\\/quand-artistics-fait-son-group-show\\\/#respond\"]}]},{\"@type\":\"WebPage\",\"@id\":\"https:\\\/\\\/artistics.com\\\/fr\\\/artzine\\\/quand-artistics-fait-son-group-show\\\/\",\"url\":\"https:\\\/\\\/artistics.com\\\/fr\\\/artzine\\\/quand-artistics-fait-son-group-show\\\/\",\"name\":\"Quand Artistics fait son (group) show\",\"isPartOf\":{\"@id\":\"https:\\\/\\\/artistics.com\\\/fr\\\/#website\"},\"primaryImageOfPage\":{\"@id\":\"https:\\\/\\\/artistics.com\\\/fr\\\/artzine\\\/quand-artistics-fait-son-group-show\\\/#primaryimage\"},\"image\":{\"@id\":\"https:\\\/\\\/artistics.com\\\/fr\\\/artzine\\\/quand-artistics-fait-son-group-show\\\/#primaryimage\"},\"thumbnailUrl\":\"https:\\\/\\\/artistics.com\\\/wp-content\\\/uploads\\\/2023\\\/04\\\/vignette_0.jpg\",\"datePublished\":\"2016-09-19T17:33:00+00:00\",\"dateModified\":\"2023-07-04T16:32:23+00:00\",\"description\":\"Mardi dernier, Artistics rassemblait ses clients et amis \u00e0 Paris pour une soir\u00e9e de rencontre et d'\u00e9changes avec ses artistes. Retour en images.\",\"breadcrumb\":{\"@id\":\"https:\\\/\\\/artistics.com\\\/fr\\\/artzine\\\/quand-artistics-fait-son-group-show\\\/#breadcrumb\"},\"inLanguage\":\"fr-FR\",\"potentialAction\":[{\"@type\":\"ReadAction\",\"target\":[\"https:\\\/\\\/artistics.com\\\/fr\\\/artzine\\\/quand-artistics-fait-son-group-show\\\/\"]}]},{\"@type\":\"ImageObject\",\"inLanguage\":\"fr-FR\",\"@id\":\"https:\\\/\\\/artistics.com\\\/fr\\\/artzine\\\/quand-artistics-fait-son-group-show\\\/#primaryimage\",\"url\":\"https:\\\/\\\/artistics.com\\\/wp-content\\\/uploads\\\/2023\\\/04\\\/vignette_0.jpg\",\"contentUrl\":\"https:\\\/\\\/artistics.com\\\/wp-content\\\/uploads\\\/2023\\\/04\\\/vignette_0.jpg\",\"width\":1280,\"height\":742},{\"@type\":\"BreadcrumbList\",\"@id\":\"https:\\\/\\\/artistics.com\\\/fr\\\/artzine\\\/quand-artistics-fait-son-group-show\\\/#breadcrumb\",\"itemListElement\":[{\"@type\":\"ListItem\",\"position\":1,\"name\":\"Achat \u0153uvre d'art\",\"item\":\"https:\\\/\\\/artistics.com\\\/fr\\\/\"},{\"@type\":\"ListItem\",\"position\":2,\"name\":\"La vie de la galerie\",\"item\":\"https:\\\/\\\/artistics.com\\\/fr\\\/artzine\\\/category\\\/la-vie-de-la-galerie\\\/\"},{\"@type\":\"ListItem\",\"position\":3,\"name\":\"Quand Artistics fait son (group) show\"}]},{\"@type\":\"WebSite\",\"@id\":\"https:\\\/\\\/artistics.com\\\/fr\\\/#website\",\"url\":\"https:\\\/\\\/artistics.com\\\/fr\\\/\",\"name\":\"Artistics\",\"description\":\"The online art gallery\",\"publisher\":{\"@id\":\"https:\\\/\\\/artistics.com\\\/fr\\\/#organization\"},\"potentialAction\":[{\"@type\":\"SearchAction\",\"target\":{\"@type\":\"EntryPoint\",\"urlTemplate\":\"https:\\\/\\\/artistics.com\\\/fr\\\/?s={search_term_string}\"},\"query-input\":{\"@type\":\"PropertyValueSpecification\",\"valueRequired\":true,\"valueName\":\"search_term_string\"}}],\"inLanguage\":\"fr-FR\"},{\"@type\":\"Organization\",\"@id\":\"https:\\\/\\\/artistics.com\\\/fr\\\/#organization\",\"name\":\"Artistics\",\"url\":\"https:\\\/\\\/artistics.com\\\/fr\\\/\",\"logo\":{\"@type\":\"ImageObject\",\"inLanguage\":\"fr-FR\",\"@id\":\"https:\\\/\\\/artistics.com\\\/fr\\\/#\\\/schema\\\/logo\\\/image\\\/\",\"url\":\"https:\\\/\\\/artistics.com\\\/wp-content\\\/uploads\\\/2023\\\/02\\\/artistics-logo-web-1.svg\",\"contentUrl\":\"https:\\\/\\\/artistics.com\\\/wp-content\\\/uploads\\\/2023\\\/02\\\/artistics-logo-web-1.svg\",\"caption\":\"Artistics\"},\"image\":{\"@id\":\"https:\\\/\\\/artistics.com\\\/fr\\\/#\\\/schema\\\/logo\\\/image\\\/\"},\"sameAs\":[\"https:\\\/\\\/www.facebook.com\\\/ArtisticsMag\",\"https:\\\/\\\/x.com\\\/Artistics_FR\",\"http:\\\/\\\/www.linkedin.com\\\/company\\\/artistics\",\"https:\\\/\\\/www.instagram.com\\\/artistics_com\\\/\",\"http:\\\/\\\/www.pinterest.com\\\/ArtisticsMag\"],\"hasMerchantReturnPolicy\":{\"@type\":\"MerchantReturnPolicy\",\"merchantReturnLink\":\"https:\\\/\\\/artistics.com\\\/free-return-policy\\\/\"}},{\"@type\":\"Person\",\"@id\":\"https:\\\/\\\/artistics.com\\\/fr\\\/#\\\/schema\\\/person\\\/a39d54f18b4c5fe4a0de78e3f9236993\",\"name\":\"Eleonora Fontana\",\"image\":{\"@type\":\"ImageObject\",\"inLanguage\":\"fr-FR\",\"@id\":\"https:\\\/\\\/secure.gravatar.com\\\/avatar\\\/c15608b0600d759a03e927302242286e2f196b9d8abb87856fc3a3087c242f7b?s=96&d=mm&r=g\",\"url\":\"https:\\\/\\\/secure.gravatar.com\\\/avatar\\\/c15608b0600d759a03e927302242286e2f196b9d8abb87856fc3a3087c242f7b?s=96&d=mm&r=g\",\"contentUrl\":\"https:\\\/\\\/secure.gravatar.com\\\/avatar\\\/c15608b0600d759a03e927302242286e2f196b9d8abb87856fc3a3087c242f7b?s=96&d=mm&r=g\",\"caption\":\"Eleonora Fontana\"}}]}<\/script>\n<!-- \/ Yoast SEO Premium plugin. -->","yoast_head_json":{"title":"Quand Artistics fait son (group) show","description":"Mardi dernier, Artistics rassemblait ses clients et amis \u00e0 Paris pour une soir\u00e9e de rencontre et d'\u00e9changes avec ses artistes. Retour en images.","robots":{"index":"index","follow":"follow","max-snippet":"max-snippet:-1","max-image-preview":"max-image-preview:large","max-video-preview":"max-video-preview:-1"},"canonical":"https:\/\/artistics.com\/fr\/artzine\/quand-artistics-fait-son-group-show\/","og_locale":"fr_FR","og_type":"article","og_title":"Quand Artistics fait son (group) show","og_description":"Mardi dernier, Artistics rassemblait ses clients et amis \u00e0 Paris pour une soir\u00e9e de rencontre et d'\u00e9changes avec ses artistes. Retour en images.","og_url":"https:\/\/artistics.com\/fr\/artzine\/quand-artistics-fait-son-group-show\/","og_site_name":"Artistics","article_publisher":"https:\/\/www.facebook.com\/ArtisticsMag","article_published_time":"2016-09-19T17:33:00+00:00","article_modified_time":"2023-07-04T16:32:23+00:00","og_image":[{"width":1280,"height":742,"url":"https:\/\/artistics.com\/wp-content\/uploads\/2023\/04\/vignette_0.jpg","type":"image\/jpeg"}],"author":"Eleonora Fontana","twitter_card":"summary_large_image","twitter_creator":"@Artistics_FR","twitter_site":"@Artistics_FR","twitter_misc":{"\u00c9crit par":"Eleonora Fontana","Dur\u00e9e de lecture estim\u00e9e":"5 minutes"},"schema":{"@context":"https:\/\/schema.org","@graph":[{"@type":["Article","BlogPosting"],"@id":"https:\/\/artistics.com\/fr\/artzine\/quand-artistics-fait-son-group-show\/#article","isPartOf":{"@id":"https:\/\/artistics.com\/fr\/artzine\/quand-artistics-fait-son-group-show\/"},"author":{"name":"Eleonora Fontana","@id":"https:\/\/artistics.com\/fr\/#\/schema\/person\/a39d54f18b4c5fe4a0de78e3f9236993"},"headline":"Quand Artistics fait son (group) show","datePublished":"2016-09-19T17:33:00+00:00","dateModified":"2023-07-04T16:32:23+00:00","mainEntityOfPage":{"@id":"https:\/\/artistics.com\/fr\/artzine\/quand-artistics-fait-son-group-show\/"},"wordCount":328,"commentCount":0,"publisher":{"@id":"https:\/\/artistics.com\/fr\/#organization"},"image":{"@id":"https:\/\/artistics.com\/fr\/artzine\/quand-artistics-fait-son-group-show\/#primaryimage"},"thumbnailUrl":"https:\/\/artistics.com\/wp-content\/uploads\/2023\/04\/vignette_0.jpg","articleSection":["La vie de la galerie"],"inLanguage":"fr-FR","potentialAction":[{"@type":"CommentAction","name":"Comment","target":["https:\/\/artistics.com\/fr\/artzine\/quand-artistics-fait-son-group-show\/#respond"]}]},{"@type":"WebPage","@id":"https:\/\/artistics.com\/fr\/artzine\/quand-artistics-fait-son-group-show\/","url":"https:\/\/artistics.com\/fr\/artzine\/quand-artistics-fait-son-group-show\/","name":"Quand Artistics fait son (group) show","isPartOf":{"@id":"https:\/\/artistics.com\/fr\/#website"},"primaryImageOfPage":{"@id":"https:\/\/artistics.com\/fr\/artzine\/quand-artistics-fait-son-group-show\/#primaryimage"},"image":{"@id":"https:\/\/artistics.com\/fr\/artzine\/quand-artistics-fait-son-group-show\/#primaryimage"},"thumbnailUrl":"https:\/\/artistics.com\/wp-content\/uploads\/2023\/04\/vignette_0.jpg","datePublished":"2016-09-19T17:33:00+00:00","dateModified":"2023-07-04T16:32:23+00:00","description":"Mardi dernier, Artistics rassemblait ses clients et amis \u00e0 Paris pour une soir\u00e9e de rencontre et d'\u00e9changes avec ses artistes. Retour en images.","breadcrumb":{"@id":"https:\/\/artistics.com\/fr\/artzine\/quand-artistics-fait-son-group-show\/#breadcrumb"},"inLanguage":"fr-FR","potentialAction":[{"@type":"ReadAction","target":["https:\/\/artistics.com\/fr\/artzine\/quand-artistics-fait-son-group-show\/"]}]},{"@type":"ImageObject","inLanguage":"fr-FR","@id":"https:\/\/artistics.com\/fr\/artzine\/quand-artistics-fait-son-group-show\/#primaryimage","url":"https:\/\/artistics.com\/wp-content\/uploads\/2023\/04\/vignette_0.jpg","contentUrl":"https:\/\/artistics.com\/wp-content\/uploads\/2023\/04\/vignette_0.jpg","width":1280,"height":742},{"@type":"BreadcrumbList","@id":"https:\/\/artistics.com\/fr\/artzine\/quand-artistics-fait-son-group-show\/#breadcrumb","itemListElement":[{"@type":"ListItem","position":1,"name":"Achat \u0153uvre d'art","item":"https:\/\/artistics.com\/fr\/"},{"@type":"ListItem","position":2,"name":"La vie de la galerie","item":"https:\/\/artistics.com\/fr\/artzine\/category\/la-vie-de-la-galerie\/"},{"@type":"ListItem","position":3,"name":"Quand Artistics fait son (group) show"}]},{"@type":"WebSite","@id":"https:\/\/artistics.com\/fr\/#website","url":"https:\/\/artistics.com\/fr\/","name":"Artistics","description":"The online art gallery","publisher":{"@id":"https:\/\/artistics.com\/fr\/#organization"},"potentialAction":[{"@type":"SearchAction","target":{"@type":"EntryPoint","urlTemplate":"https:\/\/artistics.com\/fr\/?s={search_term_string}"},"query-input":{"@type":"PropertyValueSpecification","valueRequired":true,"valueName":"search_term_string"}}],"inLanguage":"fr-FR"},{"@type":"Organization","@id":"https:\/\/artistics.com\/fr\/#organization","name":"Artistics","url":"https:\/\/artistics.com\/fr\/","logo":{"@type":"ImageObject","inLanguage":"fr-FR","@id":"https:\/\/artistics.com\/fr\/#\/schema\/logo\/image\/","url":"https:\/\/artistics.com\/wp-content\/uploads\/2023\/02\/artistics-logo-web-1.svg","contentUrl":"https:\/\/artistics.com\/wp-content\/uploads\/2023\/02\/artistics-logo-web-1.svg","caption":"Artistics"},"image":{"@id":"https:\/\/artistics.com\/fr\/#\/schema\/logo\/image\/"},"sameAs":["https:\/\/www.facebook.com\/ArtisticsMag","https:\/\/x.com\/Artistics_FR","http:\/\/www.linkedin.com\/company\/artistics","https:\/\/www.instagram.com\/artistics_com\/","http:\/\/www.pinterest.com\/ArtisticsMag"],"hasMerchantReturnPolicy":{"@type":"MerchantReturnPolicy","merchantReturnLink":"https:\/\/artistics.com\/free-return-policy\/"}},{"@type":"Person","@id":"https:\/\/artistics.com\/fr\/#\/schema\/person\/a39d54f18b4c5fe4a0de78e3f9236993","name":"Eleonora Fontana","image":{"@type":"ImageObject","inLanguage":"fr-FR","@id":"https:\/\/secure.gravatar.com\/avatar\/c15608b0600d759a03e927302242286e2f196b9d8abb87856fc3a3087c242f7b?s=96&d=mm&r=g","url":"https:\/\/secure.gravatar.com\/avatar\/c15608b0600d759a03e927302242286e2f196b9d8abb87856fc3a3087c242f7b?s=96&d=mm&r=g","contentUrl":"https:\/\/secure.gravatar.com\/avatar\/c15608b0600d759a03e927302242286e2f196b9d8abb87856fc3a3087c242f7b?s=96&d=mm&r=g","caption":"Eleonora Fontana"}}]}},"_links":{"self":[{"href":"https:\/\/artistics.com\/fr\/wp-json\/wp\/v2\/posts\/5293","targetHints":{"allow":["GET"]}}],"collection":[{"href":"https:\/\/artistics.com\/fr\/wp-json\/wp\/v2\/posts"}],"about":[{"href":"https:\/\/artistics.com\/fr\/wp-json\/wp\/v2\/types\/post"}],"author":[{"embeddable":true,"href":"https:\/\/artistics.com\/fr\/wp-json\/wp\/v2\/users\/2"}],"replies":[{"embeddable":true,"href":"https:\/\/artistics.com\/fr\/wp-json\/wp\/v2\/comments?post=5293"}],"version-history":[{"count":3,"href":"https:\/\/artistics.com\/fr\/wp-json\/wp\/v2\/posts\/5293\/revisions"}],"predecessor-version":[{"id":35978,"href":"https:\/\/artistics.com\/fr\/wp-json\/wp\/v2\/posts\/5293\/revisions\/35978"}],"wp:featuredmedia":[{"embeddable":true,"href":"https:\/\/artistics.com\/fr\/wp-json\/wp\/v2\/media\/3534"}],"wp:attachment":[{"href":"https:\/\/artistics.com\/fr\/wp-json\/wp\/v2\/media?parent=5293"}],"wp:term":[{"taxonomy":"category","embeddable":true,"href":"https:\/\/artistics.com\/fr\/wp-json\/wp\/v2\/categories?post=5293"},{"taxonomy":"post_tag","embeddable":true,"href":"https:\/\/artistics.com\/fr\/wp-json\/wp\/v2\/tags?post=5293"}],"curies":[{"name":"wp","href":"https:\/\/api.w.org\/{rel}","templated":true}]}}