{"id":5269,"date":"2016-09-06T19:50:21","date_gmt":"2016-09-06T17:50:21","guid":{"rendered":"https:\/\/2022.devartistics.com\/artzine\/cecile-raynal-des-betes-en-ce-chateau\/"},"modified":"2023-04-13T03:45:28","modified_gmt":"2023-04-13T01:45:28","slug":"cecile-raynal-des-betes-en-ce-chateau","status":"publish","type":"post","link":"https:\/\/artistics.com\/fr\/artzine\/cecile-raynal-des-betes-en-ce-chateau\/","title":{"rendered":"C\u00e9cile Raynal : Des b\u00eates en ce ch\u00e2teau"},"content":{"rendered":"<p ><strong><span >C\u00e9cile Raynal : Des b\u00eates en ce ch\u00e2teau<\/span><\/strong><\/p>\n<p><em><strong><span ><span >Quatre ans apr\u00e8s sa premi\u00e8re exposition en ce lieu, l\u2019artiste C\u00e9cile Raynal investit \u00e0 nouveau le Ch\u00e2teau des Terrasses, \u00e0 Cap d\u2019Ail, avec une cinquantaine de sculptures cr\u00e9\u00e9es lors de ses derni\u00e8res r\u00e9sidences.<\/span> <\/span><\/strong><\/em><\/p>\n<p><img decoding=\"async\"  src=\"https:\/\/artistics.com\/wp-content\/uploads\/2023\/04\/affiche2.png\" alt=\"\" \/><\/p>\n<p>\u00a0 <\/p>\n<p ><span >Le ch\u00e2teau des Terrasses est l\u2019un des hauts lieux du patrimoine Belle Epoque de la Riviera. Pour la seconde fois, la mairie de Cap d\u2019Ail a invit\u00e9 l\u2019artiste <a href=\"https:\/\/artistics.com\/fr\/artiste\/cecile-raynal\/\" target=\"_blank\" rel=\"noopener\">C\u00e9cile Raynal<\/a> \u00e0 peupler le b\u00e2timent et ses jardins de ses \u00e9tonnants \u00ab\u00a0portraits sculpt\u00e9s\u00a0\u00bb. Le nom de l\u2019exposition, Des b\u00eates en ce ch\u00e2teau, sonne comme une question adress\u00e9e aux visiteurs : parmi la cinquantaine de sculptures expos\u00e9es, on trouve des animaux bien s\u00fbr, mais aussi des portraits d\u2019adolescent(e)s et d\u2019adultes, que C\u00e9cile Raynal a rencontr\u00e9s ces deux derni\u00e8res ann\u00e9es \u00e0 l\u2019occasion de r\u00e9sidences dans deux unit\u00e9s p\u00e9dopsychiatriques.<\/span><\/p>\n<p><span >En effet, chez l\u2019artiste, la pratique de la sculptrice se nourrit de rencontres : celles qu\u2019elle fait \u00e0 l\u2019occasion de r\u00e9sidences avec celles et ceux qu\u2019habituellement on ne rencontre pas : les pensionnaires d\u2019une prison, d\u2019une maison de retraite, les patients d\u2019un h\u00f4pital, les marins d\u2019un cargo au long cours\u2026 Cela fait maintenant 10 ans que <a href=\"https:\/\/artistics.com\/fr\/artiste\/cecile-raynal\/\" target=\"_blank\" rel=\"noopener\">C\u00e9cile Raynal<\/a> d\u00e9place son atelier dans ces espaces clos, ferm\u00e9s, interdits ou \u00e9vit\u00e9s ; et qu\u2019elle invite celles et ceux qui y s\u00e9journent ou y vivent \u00e0 se poser le temps d\u2019une sculpture. <\/span><span >C\u2019est dans cet atelier nomade que naissent ses portraits de gr\u00e8s noir, dont \u00e9mane \u00e0 la fois force et vuln\u00e9rabilit\u00e9, pr\u00e9sence farouche et tendre.<\/span><\/p>\n<p><span >Entre chaque r\u00e9sidence, C\u00e9cile Raynal vient s\u2019ancrer dans un autre atelier, fixe celui-ci, en Normandie : ce lieu racine, retir\u00e9, o\u00f9 le travail se commence et se recommence, m\u00fbrit, s\u2019enrichit, se trouve et se finalise. La sculptrice recourt \u00e0 des gr\u00e8s tr\u00e8s chamott\u00e9s, seuls capables de supporter le choc thermique des cuissons \u00e0 1200\u00b0 et des enfumages qui leur succ\u00e8dent. Cette derni\u00e8re \u00e9tape, inspir\u00e9e de la m\u00e9thode du raku japonais, apporte \u00e0 ses pi\u00e8ces les noirs, les gris et les m\u00e9tallisations qui rendent incertaine l\u2019origine du mat\u00e9riau utilis\u00e9. <\/span><\/p>\n<p><span >Mais revenons \u00e0 nos \u00ab\u00a0b\u00eates en ce ch\u00e2teau\u00a0\u00bb ? Qui sont-elles exactement ? S\u2019agit-t-il des loups, renards, li\u00e8vres et autres chats qui peuplent le parcours de l\u2019exposition ? Ou bien bient\u00f4t chacun de ces portraits, humains comme animaux, la b\u00eate \u00e9tant peut-\u00eatre en chacun de nous ? <\/span><\/p>\n<p><span >Le journal que l\u2019artiste tient \u00e0 l\u2019occasion de ses r\u00e9sidences nous livre des cl\u00e9s de lecture. Ainsi, ce passage du printemps 2016, cons\u00e9cutif \u00e0 une <a href=\"https:\/\/artistics.com\/fr\/artzine\/cecile-raynal-a-paris\/\" target=\"_blank\" rel=\"noopener\">r\u00e9sidence et une exposition \u00e0 l\u2019Institut Mutualiste Montsouris<\/a> :<\/span><\/p>\n<p><em><span >\u00ab\u00a0Les figures animales qui peuplent mes installations viennent en \u00e9cho des relations complexes que nous entretenons chacun(e) avec elles, avec les intentions que nous leur pr\u00eatons, au gr\u00e9 de nos projections qui varient d\u2019un territoire, d\u2019une culture \u00e0 l\u2019autre, mais qui manifestement, la plupart du temps, aboutissent \u00e0 leur destruction. Dans mon travail, la B\u00eate se pose en effet en reflet, je dis reflet donc part de nous-m\u00eame. Les b\u00eates que je repr\u00e9sente sont irr\u00e9v\u00e9rencieuses, indomptables, non domesticables et parfois f\u00e9roces. <\/span><\/em><br \/><em><span >La pr\u00e9sence insistante et r\u00e9currente du loup justement a ouvert une s\u00e9rie sur le secret et autour du secret, l\u2019indicible, l\u2019autre \u00e0\u00a0 l\u2019int\u00e9rieur de chacun d\u2019entre nous. Un secret, \u00e7a ligote, \u00e7a p\u00e8se son poids de complicit\u00e9s autour d\u2019un silence et cela n\u00e9cessite une d\u00e9livrance. Certaines des sculptures \u00e9voquent ce paradoxe.<\/span><\/em><br \/><em><span >Des correspondances, sortes \u00ab\u202f d\u2019affinit\u00e9s \u00e9lectives \u202f\u00bb entre les figures animales et humaines s\u2019y construisent. Je suppose par associations, fantasmes, m\u00e9moire archa\u00efque, m\u00e9moire de l\u2019enfance.\u00a0\u00bb<\/span><\/em><\/p>\n<p><strong><span >Au sujet de l\u2019artiste :<\/span><\/strong><br \/><span >N\u00e9e en 1966, <a href=\"https:\/\/artistics.com\/fr\/artiste\/cecile-raynal\/\" target=\"_blank\" rel=\"noopener\">C\u00e9cile Raynal<\/a> suit des \u00e9tudes de Beaux-arts dans diff\u00e9rentes institutions : Le Havre, Toulouse et Londres. L\u2019artiste se confronte tr\u00e8s vite aux techniques du modelage et au travail de la fonte. Autre tropisme de ses attaches artistiques, C\u00e9cile Raynal consacre une part importante de sa carri\u00e8re \u00e0 la danse, jusqu\u2019\u00e0 devenir responsable d\u2019un festival de chor\u00e9graphie qu\u2019elle cr\u00e9e et dirige durant plusieurs ann\u00e9es sous l\u2019\u00e9gide de l\u2019Universit\u00e9 du Havre. Son approche du corps structure d\u00e9j\u00e0 ses cr\u00e9ations et va devenir le fil conducteur de son \u0153uvre.\u00a0 Depuis 2008, C\u00e9cile se consacre \u00e0 la sculpture et vit d\u2019alternances entre atelier et r\u00e9sidences. Apr\u00e8s une expatriation de quelques ann\u00e9es en Afrique de l\u2019ouest, elle vit et travaille en Normandie, pr\u00e8s de la mer qui lui est essentielle. <\/span><\/p>\n<p><strong><span >Des b\u00eates en ce ch\u00e2teau<\/span><\/strong><br \/><span >Du 16 septembre 2016 au 18 novembre 2016<\/span><br \/><span >Ch\u00e2teau des Terrasses<\/span><br \/><span >1 avenue du G\u00e9n\u00e9ral de Gaulle 06320 Cap d\u2019Ail<\/span><\/p>\n<p >\u00a0<\/p>\n<p>\u00a0<img decoding=\"async\"  src=\"https:\/\/artistics.com\/wp-content\/uploads\/2023\/04\/craynal_expocapdail11.jpg\" alt=\"\" \/><\/p>\n<p>\u00a0<\/p>\n<p>\u00a0<img decoding=\"async\"  src=\"https:\/\/artistics.com\/wp-content\/uploads\/2023\/04\/craynal_expocapdail8.jpg\" alt=\"\" \/><\/p>\n<p><img decoding=\"async\"  src=\"https:\/\/artistics.com\/wp-content\/uploads\/2023\/04\/craynal_expocapdail16.jpg\" alt=\"\" width=\"620\" height=\"827\" \/><\/p>\n<p><img decoding=\"async\"  src=\"https:\/\/artistics.com\/wp-content\/uploads\/2023\/04\/craynal_expocapdail15.jpg\" alt=\"\" \/><\/p>\n<p><img decoding=\"async\"  src=\"https:\/\/artistics.com\/wp-content\/uploads\/2023\/04\/craynal_expocapdail10.jpg\" alt=\"\" \/><\/p>\n<p><img decoding=\"async\"  src=\"https:\/\/artistics.com\/wp-content\/uploads\/2023\/04\/craynal_expocapdail12.jpg\" alt=\"\" \/><\/p>\n<p><img decoding=\"async\"  src=\"https:\/\/artistics.com\/wp-content\/uploads\/2023\/04\/craynal_expocapdail14.jpg\" alt=\"\" \/><\/p>\n<p>\u00a0<\/p>\n<p>L&rsquo;exposition pr\u00e9sente \u00e9galement des pie\u0300ces de la se\u0301rie Hommes d\u2019e\u0301quipage (ci-dessous), modele\u0301es durant une re\u0301sidence de 90 jours sur le porte- conteneur Fort St Pierre, en 2012.<\/p>\n<p><img decoding=\"async\"  src=\"https:\/\/artistics.com\/wp-content\/uploads\/2023\/04\/craynal_expocapdail6.jpg\" alt=\"\" width=\"620\" height=\"892\" \/><\/p>\n<p><img decoding=\"async\"  src=\"https:\/\/artistics.com\/wp-content\/uploads\/2023\/04\/craynal_expocapdail7.jpg\" alt=\"\" width=\"620\" height=\"439\" \/><\/p>\n<p >\u00a0<\/p>\n<p >\u00a0<\/p>\n<p >\u00a0<\/p>\n<p >\u00a0<\/p>\n","protected":false},"excerpt":{"rendered":"<p>Quatre ans apr\u00e8s sa premi\u00e8re exposition en ce lieu, l\u2019artiste C\u00e9cile Raynal investit \u00e0 nouveau le Ch\u00e2teau des Terrasses, \u00e0 Cap d\u2019Ail, avec une cinquantaine de sculptures cr\u00e9\u00e9es lors de ses derni\u00e8res r\u00e9sidences.<\/p>\n","protected":false},"author":2,"featured_media":5291,"comment_status":"open","ping_status":"open","sticky":false,"template":"","format":"standard","meta":{"_acf_changed":false,"_searchwp_excluded":"","inline_featured_image":false,"footnotes":""},"categories":[1184],"tags":[],"class_list":["post-5269","post","type-post","status-publish","format-standard","has-post-thumbnail","hentry","category-actualites-de-nos-artistes"],"acf":[],"yoast_head":"<!-- This site is optimized with the Yoast SEO Premium plugin v27.3 (Yoast SEO v27.3) - https:\/\/yoast.com\/product\/yoast-seo-premium-wordpress\/ -->\n<title>C\u00e9cile Raynal : Des b\u00eates en ce ch\u00e2teau<\/title>\n<meta name=\"description\" content=\"Quatre ans apr\u00e8s sa premi\u00e8re exposition en ce lieu, l\u2019artiste C\u00e9cile Raynal investit \u00e0 nouveau le Ch\u00e2teau des Terrasses, \u00e0 Cap d\u2019Ail, avec une cinquantaine de sculptures cr\u00e9\u00e9es lors de ses derni\u00e8res r\u00e9sidences.\" \/>\n<meta name=\"robots\" content=\"index, follow, max-snippet:-1, max-image-preview:large, max-video-preview:-1\" \/>\n<link rel=\"canonical\" href=\"https:\/\/artistics.com\/fr\/artzine\/cecile-raynal-des-betes-en-ce-chateau\/\" \/>\n<meta property=\"og:locale\" content=\"fr_FR\" \/>\n<meta property=\"og:type\" content=\"article\" \/>\n<meta property=\"og:title\" content=\"C\u00e9cile Raynal : Des b\u00eates en ce ch\u00e2teau\" \/>\n<meta property=\"og:description\" content=\"Quatre ans apr\u00e8s sa premi\u00e8re exposition en ce lieu, l\u2019artiste C\u00e9cile Raynal investit \u00e0 nouveau le Ch\u00e2teau des Terrasses, \u00e0 Cap d\u2019Ail, avec une cinquantaine de sculptures cr\u00e9\u00e9es lors de ses derni\u00e8res r\u00e9sidences.\" \/>\n<meta property=\"og:url\" content=\"https:\/\/artistics.com\/fr\/artzine\/cecile-raynal-des-betes-en-ce-chateau\/\" \/>\n<meta property=\"og:site_name\" content=\"Artistics\" \/>\n<meta property=\"article:publisher\" content=\"https:\/\/www.facebook.com\/ArtisticsMag\" \/>\n<meta property=\"article:published_time\" content=\"2016-09-06T17:50:21+00:00\" \/>\n<meta property=\"article:modified_time\" content=\"2023-04-13T01:45:28+00:00\" \/>\n<meta property=\"og:image\" content=\"https:\/\/artistics.com\/wp-content\/uploads\/2023\/04\/craynal_vignette.jpg\" \/>\n\t<meta property=\"og:image:width\" content=\"568\" \/>\n\t<meta property=\"og:image:height\" content=\"407\" \/>\n\t<meta property=\"og:image:type\" content=\"image\/jpeg\" \/>\n<meta name=\"author\" content=\"Eleonora Fontana\" \/>\n<meta name=\"twitter:card\" content=\"summary_large_image\" \/>\n<meta name=\"twitter:creator\" content=\"@Artistics_FR\" \/>\n<meta name=\"twitter:site\" content=\"@Artistics_FR\" \/>\n<meta name=\"twitter:label1\" content=\"\u00c9crit par\" \/>\n\t<meta name=\"twitter:data1\" content=\"Eleonora Fontana\" \/>\n\t<meta name=\"twitter:label2\" content=\"Dur\u00e9e de lecture estim\u00e9e\" \/>\n\t<meta name=\"twitter:data2\" content=\"4 minutes\" \/>\n<script type=\"application\/ld+json\" class=\"yoast-schema-graph\">{\"@context\":\"https:\\\/\\\/schema.org\",\"@graph\":[{\"@type\":[\"Article\",\"BlogPosting\"],\"@id\":\"https:\\\/\\\/artistics.com\\\/fr\\\/artzine\\\/cecile-raynal-des-betes-en-ce-chateau\\\/#article\",\"isPartOf\":{\"@id\":\"https:\\\/\\\/artistics.com\\\/fr\\\/artzine\\\/cecile-raynal-des-betes-en-ce-chateau\\\/\"},\"author\":{\"name\":\"Eleonora Fontana\",\"@id\":\"https:\\\/\\\/artistics.com\\\/fr\\\/#\\\/schema\\\/person\\\/a39d54f18b4c5fe4a0de78e3f9236993\"},\"headline\":\"C\u00e9cile Raynal : Des b\u00eates en ce ch\u00e2teau\",\"datePublished\":\"2016-09-06T17:50:21+00:00\",\"dateModified\":\"2023-04-13T01:45:28+00:00\",\"mainEntityOfPage\":{\"@id\":\"https:\\\/\\\/artistics.com\\\/fr\\\/artzine\\\/cecile-raynal-des-betes-en-ce-chateau\\\/\"},\"wordCount\":882,\"commentCount\":0,\"publisher\":{\"@id\":\"https:\\\/\\\/artistics.com\\\/fr\\\/#organization\"},\"image\":{\"@id\":\"https:\\\/\\\/artistics.com\\\/fr\\\/artzine\\\/cecile-raynal-des-betes-en-ce-chateau\\\/#primaryimage\"},\"thumbnailUrl\":\"https:\\\/\\\/artistics.com\\\/wp-content\\\/uploads\\\/2023\\\/04\\\/craynal_vignette.jpg\",\"articleSection\":[\"L\u2019actu de nos artistes\"],\"inLanguage\":\"fr-FR\",\"potentialAction\":[{\"@type\":\"CommentAction\",\"name\":\"Comment\",\"target\":[\"https:\\\/\\\/artistics.com\\\/fr\\\/artzine\\\/cecile-raynal-des-betes-en-ce-chateau\\\/#respond\"]}]},{\"@type\":\"WebPage\",\"@id\":\"https:\\\/\\\/artistics.com\\\/fr\\\/artzine\\\/cecile-raynal-des-betes-en-ce-chateau\\\/\",\"url\":\"https:\\\/\\\/artistics.com\\\/fr\\\/artzine\\\/cecile-raynal-des-betes-en-ce-chateau\\\/\",\"name\":\"C\u00e9cile Raynal : Des b\u00eates en ce ch\u00e2teau\",\"isPartOf\":{\"@id\":\"https:\\\/\\\/artistics.com\\\/fr\\\/#website\"},\"primaryImageOfPage\":{\"@id\":\"https:\\\/\\\/artistics.com\\\/fr\\\/artzine\\\/cecile-raynal-des-betes-en-ce-chateau\\\/#primaryimage\"},\"image\":{\"@id\":\"https:\\\/\\\/artistics.com\\\/fr\\\/artzine\\\/cecile-raynal-des-betes-en-ce-chateau\\\/#primaryimage\"},\"thumbnailUrl\":\"https:\\\/\\\/artistics.com\\\/wp-content\\\/uploads\\\/2023\\\/04\\\/craynal_vignette.jpg\",\"datePublished\":\"2016-09-06T17:50:21+00:00\",\"dateModified\":\"2023-04-13T01:45:28+00:00\",\"description\":\"Quatre ans apr\u00e8s sa premi\u00e8re exposition en ce lieu, l\u2019artiste C\u00e9cile Raynal investit \u00e0 nouveau le Ch\u00e2teau des Terrasses, \u00e0 Cap d\u2019Ail, avec une cinquantaine de sculptures cr\u00e9\u00e9es lors de ses derni\u00e8res r\u00e9sidences.\",\"breadcrumb\":{\"@id\":\"https:\\\/\\\/artistics.com\\\/fr\\\/artzine\\\/cecile-raynal-des-betes-en-ce-chateau\\\/#breadcrumb\"},\"inLanguage\":\"fr-FR\",\"potentialAction\":[{\"@type\":\"ReadAction\",\"target\":[\"https:\\\/\\\/artistics.com\\\/fr\\\/artzine\\\/cecile-raynal-des-betes-en-ce-chateau\\\/\"]}]},{\"@type\":\"ImageObject\",\"inLanguage\":\"fr-FR\",\"@id\":\"https:\\\/\\\/artistics.com\\\/fr\\\/artzine\\\/cecile-raynal-des-betes-en-ce-chateau\\\/#primaryimage\",\"url\":\"https:\\\/\\\/artistics.com\\\/wp-content\\\/uploads\\\/2023\\\/04\\\/craynal_vignette.jpg\",\"contentUrl\":\"https:\\\/\\\/artistics.com\\\/wp-content\\\/uploads\\\/2023\\\/04\\\/craynal_vignette.jpg\",\"width\":568,\"height\":407},{\"@type\":\"BreadcrumbList\",\"@id\":\"https:\\\/\\\/artistics.com\\\/fr\\\/artzine\\\/cecile-raynal-des-betes-en-ce-chateau\\\/#breadcrumb\",\"itemListElement\":[{\"@type\":\"ListItem\",\"position\":1,\"name\":\"Achat \u0153uvre d'art\",\"item\":\"https:\\\/\\\/artistics.com\\\/fr\\\/\"},{\"@type\":\"ListItem\",\"position\":2,\"name\":\"L\u2019actu de nos artistes\",\"item\":\"https:\\\/\\\/artistics.com\\\/fr\\\/artzine\\\/category\\\/actualites-de-nos-artistes\\\/\"},{\"@type\":\"ListItem\",\"position\":3,\"name\":\"C\u00e9cile Raynal : Des b\u00eates en ce ch\u00e2teau\"}]},{\"@type\":\"WebSite\",\"@id\":\"https:\\\/\\\/artistics.com\\\/fr\\\/#website\",\"url\":\"https:\\\/\\\/artistics.com\\\/fr\\\/\",\"name\":\"Artistics\",\"description\":\"The online art gallery\",\"publisher\":{\"@id\":\"https:\\\/\\\/artistics.com\\\/fr\\\/#organization\"},\"potentialAction\":[{\"@type\":\"SearchAction\",\"target\":{\"@type\":\"EntryPoint\",\"urlTemplate\":\"https:\\\/\\\/artistics.com\\\/fr\\\/?s={search_term_string}\"},\"query-input\":{\"@type\":\"PropertyValueSpecification\",\"valueRequired\":true,\"valueName\":\"search_term_string\"}}],\"inLanguage\":\"fr-FR\"},{\"@type\":\"Organization\",\"@id\":\"https:\\\/\\\/artistics.com\\\/fr\\\/#organization\",\"name\":\"Artistics\",\"url\":\"https:\\\/\\\/artistics.com\\\/fr\\\/\",\"logo\":{\"@type\":\"ImageObject\",\"inLanguage\":\"fr-FR\",\"@id\":\"https:\\\/\\\/artistics.com\\\/fr\\\/#\\\/schema\\\/logo\\\/image\\\/\",\"url\":\"https:\\\/\\\/artistics.com\\\/wp-content\\\/uploads\\\/2023\\\/02\\\/artistics-logo-web-1.svg\",\"contentUrl\":\"https:\\\/\\\/artistics.com\\\/wp-content\\\/uploads\\\/2023\\\/02\\\/artistics-logo-web-1.svg\",\"caption\":\"Artistics\"},\"image\":{\"@id\":\"https:\\\/\\\/artistics.com\\\/fr\\\/#\\\/schema\\\/logo\\\/image\\\/\"},\"sameAs\":[\"https:\\\/\\\/www.facebook.com\\\/ArtisticsMag\",\"https:\\\/\\\/x.com\\\/Artistics_FR\",\"http:\\\/\\\/www.linkedin.com\\\/company\\\/artistics\",\"https:\\\/\\\/www.instagram.com\\\/artistics_com\\\/\",\"http:\\\/\\\/www.pinterest.com\\\/ArtisticsMag\"],\"hasMerchantReturnPolicy\":{\"@type\":\"MerchantReturnPolicy\",\"merchantReturnLink\":\"https:\\\/\\\/artistics.com\\\/free-return-policy\\\/\"}},{\"@type\":\"Person\",\"@id\":\"https:\\\/\\\/artistics.com\\\/fr\\\/#\\\/schema\\\/person\\\/a39d54f18b4c5fe4a0de78e3f9236993\",\"name\":\"Eleonora Fontana\",\"image\":{\"@type\":\"ImageObject\",\"inLanguage\":\"fr-FR\",\"@id\":\"https:\\\/\\\/secure.gravatar.com\\\/avatar\\\/c15608b0600d759a03e927302242286e2f196b9d8abb87856fc3a3087c242f7b?s=96&d=mm&r=g\",\"url\":\"https:\\\/\\\/secure.gravatar.com\\\/avatar\\\/c15608b0600d759a03e927302242286e2f196b9d8abb87856fc3a3087c242f7b?s=96&d=mm&r=g\",\"contentUrl\":\"https:\\\/\\\/secure.gravatar.com\\\/avatar\\\/c15608b0600d759a03e927302242286e2f196b9d8abb87856fc3a3087c242f7b?s=96&d=mm&r=g\",\"caption\":\"Eleonora Fontana\"}}]}<\/script>\n<!-- \/ Yoast SEO Premium plugin. -->","yoast_head_json":{"title":"C\u00e9cile Raynal : Des b\u00eates en ce ch\u00e2teau","description":"Quatre ans apr\u00e8s sa premi\u00e8re exposition en ce lieu, l\u2019artiste C\u00e9cile Raynal investit \u00e0 nouveau le Ch\u00e2teau des Terrasses, \u00e0 Cap d\u2019Ail, avec une cinquantaine de sculptures cr\u00e9\u00e9es lors de ses derni\u00e8res r\u00e9sidences.","robots":{"index":"index","follow":"follow","max-snippet":"max-snippet:-1","max-image-preview":"max-image-preview:large","max-video-preview":"max-video-preview:-1"},"canonical":"https:\/\/artistics.com\/fr\/artzine\/cecile-raynal-des-betes-en-ce-chateau\/","og_locale":"fr_FR","og_type":"article","og_title":"C\u00e9cile Raynal : Des b\u00eates en ce ch\u00e2teau","og_description":"Quatre ans apr\u00e8s sa premi\u00e8re exposition en ce lieu, l\u2019artiste C\u00e9cile Raynal investit \u00e0 nouveau le Ch\u00e2teau des Terrasses, \u00e0 Cap d\u2019Ail, avec une cinquantaine de sculptures cr\u00e9\u00e9es lors de ses derni\u00e8res r\u00e9sidences.","og_url":"https:\/\/artistics.com\/fr\/artzine\/cecile-raynal-des-betes-en-ce-chateau\/","og_site_name":"Artistics","article_publisher":"https:\/\/www.facebook.com\/ArtisticsMag","article_published_time":"2016-09-06T17:50:21+00:00","article_modified_time":"2023-04-13T01:45:28+00:00","og_image":[{"width":568,"height":407,"url":"https:\/\/artistics.com\/wp-content\/uploads\/2023\/04\/craynal_vignette.jpg","type":"image\/jpeg"}],"author":"Eleonora Fontana","twitter_card":"summary_large_image","twitter_creator":"@Artistics_FR","twitter_site":"@Artistics_FR","twitter_misc":{"\u00c9crit par":"Eleonora Fontana","Dur\u00e9e de lecture estim\u00e9e":"4 minutes"},"schema":{"@context":"https:\/\/schema.org","@graph":[{"@type":["Article","BlogPosting"],"@id":"https:\/\/artistics.com\/fr\/artzine\/cecile-raynal-des-betes-en-ce-chateau\/#article","isPartOf":{"@id":"https:\/\/artistics.com\/fr\/artzine\/cecile-raynal-des-betes-en-ce-chateau\/"},"author":{"name":"Eleonora Fontana","@id":"https:\/\/artistics.com\/fr\/#\/schema\/person\/a39d54f18b4c5fe4a0de78e3f9236993"},"headline":"C\u00e9cile Raynal : Des b\u00eates en ce ch\u00e2teau","datePublished":"2016-09-06T17:50:21+00:00","dateModified":"2023-04-13T01:45:28+00:00","mainEntityOfPage":{"@id":"https:\/\/artistics.com\/fr\/artzine\/cecile-raynal-des-betes-en-ce-chateau\/"},"wordCount":882,"commentCount":0,"publisher":{"@id":"https:\/\/artistics.com\/fr\/#organization"},"image":{"@id":"https:\/\/artistics.com\/fr\/artzine\/cecile-raynal-des-betes-en-ce-chateau\/#primaryimage"},"thumbnailUrl":"https:\/\/artistics.com\/wp-content\/uploads\/2023\/04\/craynal_vignette.jpg","articleSection":["L\u2019actu de nos artistes"],"inLanguage":"fr-FR","potentialAction":[{"@type":"CommentAction","name":"Comment","target":["https:\/\/artistics.com\/fr\/artzine\/cecile-raynal-des-betes-en-ce-chateau\/#respond"]}]},{"@type":"WebPage","@id":"https:\/\/artistics.com\/fr\/artzine\/cecile-raynal-des-betes-en-ce-chateau\/","url":"https:\/\/artistics.com\/fr\/artzine\/cecile-raynal-des-betes-en-ce-chateau\/","name":"C\u00e9cile Raynal : Des b\u00eates en ce ch\u00e2teau","isPartOf":{"@id":"https:\/\/artistics.com\/fr\/#website"},"primaryImageOfPage":{"@id":"https:\/\/artistics.com\/fr\/artzine\/cecile-raynal-des-betes-en-ce-chateau\/#primaryimage"},"image":{"@id":"https:\/\/artistics.com\/fr\/artzine\/cecile-raynal-des-betes-en-ce-chateau\/#primaryimage"},"thumbnailUrl":"https:\/\/artistics.com\/wp-content\/uploads\/2023\/04\/craynal_vignette.jpg","datePublished":"2016-09-06T17:50:21+00:00","dateModified":"2023-04-13T01:45:28+00:00","description":"Quatre ans apr\u00e8s sa premi\u00e8re exposition en ce lieu, l\u2019artiste C\u00e9cile Raynal investit \u00e0 nouveau le Ch\u00e2teau des Terrasses, \u00e0 Cap d\u2019Ail, avec une cinquantaine de sculptures cr\u00e9\u00e9es lors de ses derni\u00e8res r\u00e9sidences.","breadcrumb":{"@id":"https:\/\/artistics.com\/fr\/artzine\/cecile-raynal-des-betes-en-ce-chateau\/#breadcrumb"},"inLanguage":"fr-FR","potentialAction":[{"@type":"ReadAction","target":["https:\/\/artistics.com\/fr\/artzine\/cecile-raynal-des-betes-en-ce-chateau\/"]}]},{"@type":"ImageObject","inLanguage":"fr-FR","@id":"https:\/\/artistics.com\/fr\/artzine\/cecile-raynal-des-betes-en-ce-chateau\/#primaryimage","url":"https:\/\/artistics.com\/wp-content\/uploads\/2023\/04\/craynal_vignette.jpg","contentUrl":"https:\/\/artistics.com\/wp-content\/uploads\/2023\/04\/craynal_vignette.jpg","width":568,"height":407},{"@type":"BreadcrumbList","@id":"https:\/\/artistics.com\/fr\/artzine\/cecile-raynal-des-betes-en-ce-chateau\/#breadcrumb","itemListElement":[{"@type":"ListItem","position":1,"name":"Achat \u0153uvre d'art","item":"https:\/\/artistics.com\/fr\/"},{"@type":"ListItem","position":2,"name":"L\u2019actu de nos artistes","item":"https:\/\/artistics.com\/fr\/artzine\/category\/actualites-de-nos-artistes\/"},{"@type":"ListItem","position":3,"name":"C\u00e9cile Raynal : Des b\u00eates en ce ch\u00e2teau"}]},{"@type":"WebSite","@id":"https:\/\/artistics.com\/fr\/#website","url":"https:\/\/artistics.com\/fr\/","name":"Artistics","description":"The online art gallery","publisher":{"@id":"https:\/\/artistics.com\/fr\/#organization"},"potentialAction":[{"@type":"SearchAction","target":{"@type":"EntryPoint","urlTemplate":"https:\/\/artistics.com\/fr\/?s={search_term_string}"},"query-input":{"@type":"PropertyValueSpecification","valueRequired":true,"valueName":"search_term_string"}}],"inLanguage":"fr-FR"},{"@type":"Organization","@id":"https:\/\/artistics.com\/fr\/#organization","name":"Artistics","url":"https:\/\/artistics.com\/fr\/","logo":{"@type":"ImageObject","inLanguage":"fr-FR","@id":"https:\/\/artistics.com\/fr\/#\/schema\/logo\/image\/","url":"https:\/\/artistics.com\/wp-content\/uploads\/2023\/02\/artistics-logo-web-1.svg","contentUrl":"https:\/\/artistics.com\/wp-content\/uploads\/2023\/02\/artistics-logo-web-1.svg","caption":"Artistics"},"image":{"@id":"https:\/\/artistics.com\/fr\/#\/schema\/logo\/image\/"},"sameAs":["https:\/\/www.facebook.com\/ArtisticsMag","https:\/\/x.com\/Artistics_FR","http:\/\/www.linkedin.com\/company\/artistics","https:\/\/www.instagram.com\/artistics_com\/","http:\/\/www.pinterest.com\/ArtisticsMag"],"hasMerchantReturnPolicy":{"@type":"MerchantReturnPolicy","merchantReturnLink":"https:\/\/artistics.com\/free-return-policy\/"}},{"@type":"Person","@id":"https:\/\/artistics.com\/fr\/#\/schema\/person\/a39d54f18b4c5fe4a0de78e3f9236993","name":"Eleonora Fontana","image":{"@type":"ImageObject","inLanguage":"fr-FR","@id":"https:\/\/secure.gravatar.com\/avatar\/c15608b0600d759a03e927302242286e2f196b9d8abb87856fc3a3087c242f7b?s=96&d=mm&r=g","url":"https:\/\/secure.gravatar.com\/avatar\/c15608b0600d759a03e927302242286e2f196b9d8abb87856fc3a3087c242f7b?s=96&d=mm&r=g","contentUrl":"https:\/\/secure.gravatar.com\/avatar\/c15608b0600d759a03e927302242286e2f196b9d8abb87856fc3a3087c242f7b?s=96&d=mm&r=g","caption":"Eleonora Fontana"}}]}},"_links":{"self":[{"href":"https:\/\/artistics.com\/fr\/wp-json\/wp\/v2\/posts\/5269","targetHints":{"allow":["GET"]}}],"collection":[{"href":"https:\/\/artistics.com\/fr\/wp-json\/wp\/v2\/posts"}],"about":[{"href":"https:\/\/artistics.com\/fr\/wp-json\/wp\/v2\/types\/post"}],"author":[{"embeddable":true,"href":"https:\/\/artistics.com\/fr\/wp-json\/wp\/v2\/users\/2"}],"replies":[{"embeddable":true,"href":"https:\/\/artistics.com\/fr\/wp-json\/wp\/v2\/comments?post=5269"}],"version-history":[{"count":0,"href":"https:\/\/artistics.com\/fr\/wp-json\/wp\/v2\/posts\/5269\/revisions"}],"wp:featuredmedia":[{"embeddable":true,"href":"https:\/\/artistics.com\/fr\/wp-json\/wp\/v2\/media\/5291"}],"wp:attachment":[{"href":"https:\/\/artistics.com\/fr\/wp-json\/wp\/v2\/media?parent=5269"}],"wp:term":[{"taxonomy":"category","embeddable":true,"href":"https:\/\/artistics.com\/fr\/wp-json\/wp\/v2\/categories?post=5269"},{"taxonomy":"post_tag","embeddable":true,"href":"https:\/\/artistics.com\/fr\/wp-json\/wp\/v2\/tags?post=5269"}],"curies":[{"name":"wp","href":"https:\/\/api.w.org\/{rel}","templated":true}]}}