{"id":5245,"date":"2021-12-01T12:48:31","date_gmt":"2021-12-01T11:48:31","guid":{"rendered":"https:\/\/2022.devartistics.com\/artzine\/quel-encadrement-choisir-pour-ses-photos-dart\/"},"modified":"2023-07-11T16:18:38","modified_gmt":"2023-07-11T14:18:38","slug":"quel-encadrement-choisir-pour-ses-photos-dart","status":"publish","type":"post","link":"https:\/\/artistics.com\/fr\/artzine\/quel-encadrement-choisir-pour-ses-photos-dart\/","title":{"rendered":"Quel encadrement choisir pour ses photos d\u2019art ?"},"content":{"rendered":"<p><strong>Quel encadrement choisir pour ses photos d\u2019art ?<\/strong><\/p>\n<p><img decoding=\"async\" src=\"https:\/\/artistics.com\/wp-content\/uploads\/2023\/04\/polka_galerie.jpg\" alt=\"\" width=\"662\" height=\"264\" \/><\/p>\n<p><em>Vue d&rsquo;une exposition \u00e0 la galerie Polka, Paris<\/em><\/p>\n<p>Vous venez d\u2019acheter une photographie d\u2019art et vous souhaitez choisir un encadrement adapt\u00e9 ? Artistics tente de vous aider en vous pr\u00e9sentant les trois solutions les que nous utilisons le plus fr\u00e9quemment pour mettre en valeur les <a href=\"https:\/\/artistics.com\/fr\/categorie-oeuvre\/photographie-contemporaine\/\" target=\"_blank\" rel=\"noopener\">photographies contemporaines<\/a> des artistes de la galerie : le cadre sous verre, la caisse am\u00e9ricaine et le contrecollage. Choisissez ainsi ce qui convient le mieux \u00e0 votre \u0153uvre d\u2019art pour \u00eatre s\u00fbr de la sublimer.<\/p>\n<p><strong>L\u2019encadrement sous verre<\/strong><\/p>\n<p><img decoding=\"async\" src=\"https:\/\/artistics.com\/wp-content\/uploads\/2023\/04\/sous_verre_2.jpg\" alt=\"\" width=\"474\" height=\"355\" \/><br \/>\n<em>Encadrement sous verre de deux photos avec passe-partout; source: Olivier Desclos, photographe<\/em><\/p>\n<p>C\u2019est ce type d\u2019encadrement qui prot\u00e9gera au mieux votre tirage de la poussi\u00e8re.<\/p>\n<p>Pour les petits et les moyens formats on trouve dans le commerce beaucoup de cadres de dimensions standards, mais il faut choisir celui qui s\u2019adaptera \u00e9l\u00e9gamment \u00e0 votre \u0153uvre et \u00e0 l\u2019ameublement de la pi\u00e8ce qui accueillera la photo.<\/p>\n<p>Un encadrement sous verre est habituellement compos\u00e9 des \u00e9l\u00e9ments suivants :<\/p>\n<p>&#8211; Une baguette en bois ou en aluminium : sa largeur (entre 1,5 et 5 cm) peut varier en fonction des dimensions de la photo. En ce qui concerne les couleurs, le noir convient \u00e0 la plupart des photos, mais le choix est souvent li\u00e9 \u00e0 vos go\u00fbts et \u00e0 l\u2019environnement de la pi\u00e8ce dans laquelle sera accroch\u00e9e la photo.<br \/>\n&#8211; Un passe-partout (appel\u00e9 aussi \u2018\u2019marie-louise\u2019\u2019) : il s\u2019agit d\u2019une pi\u00e8ce en carton ou en papier \u00e9pais de couleur clair qui vient se placer entre l\u2019\u0153uvre et la baguette. Cette bordure permet de prot\u00e9ger l\u2019\u0153uvre d\u2019un contact direct avec le verre ou la baguette et assure en m\u00eame temps une fonction d\u00e9corative.<br \/>\n&#8211; Un dos avec une accroche permettant d\u2019accrocher le cadre au mur avec un clou, ou un \u00ab crochet X \u00bb pour les grands formats.<br \/>\n&#8211; Un vitrage en verre ou en plexiglas : le plexiglas est normalement utilis\u00e9 au-del\u00e0 du format 40&#215;50 cm afin de r\u00e9duire la lourdeur et le risque de casse de l\u2019encadrement au cours d\u2019un transport.<\/p>\n<p><img decoding=\"async\" src=\"https:\/\/artistics.com\/wp-content\/uploads\/2023\/04\/ginasoden_situation_chemicalplant.jpg\" alt=\"\" width=\"549\" height=\"366\" \/><br \/>\n<em>Photos de <a href=\"https:\/\/artistics.com\/fr\/artiste\/gina-soden\/\" target=\"_blank\" rel=\"noopener\">Gina Soden<\/a> avec encadrement sous verre et baquette en bois blanc<\/em><\/p>\n<p>Pour les photos d\u2019art qui seront accroch\u00e9es en face d\u2019une source de lumi\u00e8re naturelle (fen\u00eatres, portes\u2026) ou artificielle (spots, plafonniers, lampadaires) nous vous sugg\u00e9rons d\u2019utiliser un verre antireflet. Le traitement antireflet sur la surface du verre permet de diminuer la part de lumi\u00e8re r\u00e9fl\u00e9chie et rend ainsi le verre \u00ab invisible \u00bb aux yeux. Cette solution est plus co\u00fbteuse mais bien plus valorisante pour votre \u0153uvre d\u2019art.<\/p>\n<p>L&rsquo;enccadrement sous verre avec verre antireflet\u00a0 est la solution pl\u00e9biscit\u00e9e par plusieurs artistes de la galerie : Christophe Jacrot pour ses <a href=\"https:\/\/artistics.com\/fr\/categorie-oeuvre\/photographie-contemporaine\/photographie-nature-et-paysage\/\" target=\"_blank\" rel=\"noopener\">photographies de paysage<\/a> urbains ou naturels, Gina Soden pour ses <a href=\"https:\/\/artistics.com\/fr\/categorie-oeuvre\/photographie-contemporaine\/lieux-abandonnes\/\" target=\"_blank\" rel=\"noopener\">photographies de lieux abandonn\u00e9s<\/a>.<\/p>\n<p><strong>Le contrecollage<\/strong><\/p>\n<p><img decoding=\"async\" src=\"https:\/\/artistics.com\/wp-content\/uploads\/2023\/04\/venot_contrecollage.jpg\" alt=\"\" width=\"507\" height=\"535\" \/><br \/>\n<em>Une photo de <a href=\"https:\/\/artistics.com\/fr\/artiste\/matthieu-venot\/\" target=\"_blank\" rel=\"noopener\">Matthieu Venot<\/a> contrecoll\u00e9e sur aluminium avec ch\u00e2ssis dorsal<\/em><\/p>\n<p>Le contrecollage est un syst\u00e8me qui n\u2019implique ni cadre, ni verre. Il permet de pr\u00e9senter un tirage photographique sur un support rigide facile \u00e0 accrocher au mur.<\/p>\n<p>Ce processus ne peut \u00eatre r\u00e9alis\u00e9 que par des professionnels (laboratoire photo ou encadreur). Une fois sorti, le tirage est contrecoll\u00e9 sur un support rigide : soit une plaque d\u2019aluminium (de 1 \u00e0 3mm), soit sur du Dibond (mat\u00e9riau composite plus l\u00e9ger que l\u2019aluminium). Dans le m\u00eame registre, il est possible aussi d\u2019opter pour une finition Diasec. Dans ce cas-l\u00e0, le tirage photo est pris entre deux couches de plexiglass (de 4 mm chacune environ), cette transparence des mat\u00e9riaux donne un aspect beaucoup plus brillant \u00e0 votre photographie.<\/p>\n<p><img decoding=\"async\" src=\"https:\/\/artistics.com\/wp-content\/uploads\/2023\/04\/contrecollage_2.jpg\" alt=\"\" width=\"413\" height=\"300\" \/><img decoding=\"async\" src=\"https:\/\/artistics.com\/wp-content\/uploads\/2023\/04\/diasec.jpg\" alt=\"\" width=\"413\" height=\"300\" \/><\/p>\n<p><em>Contrecollage sur Dibond (haut) et sur Diasec (bas), source: Lumas<\/em><\/p>\n<p>Il vous faut ensuite choisir un syst\u00e8me d\u2019accroche. Il est possible d\u2019ajouter au dos de ces supports rigides soit de simples crochets, permettant ainsi de suspendre le tout \u00e0 des clous (ou crochets X), ou bien un ch\u00e2ssis en aluminium qui donnera un aspect plus rigide au contrecollage et permettra surtout de l\u2019\u00e9carter du mur de quelques centim\u00e8tres pour un rendu plus qualitatif (le ch\u00e2ssis se suspend \u00e9galement \u00e0 des clous ou crochets).<\/p>\n<p>Le contrecollage est l&rsquo;option privil\u00e9gi\u00e9e par Matthieu Venot pour ses <a href=\"https:\/\/artistics.com\/fr\/categorie-oeuvre\/photographie-contemporaine\/photographie-de-paysage-urbain\/\">photographies de paysage urbains<\/a> ou encore Bernhard Lang pour ses <a href=\"https:\/\/artistics.com\/fr\/categorie-oeuvre\/photographie-contemporaine\/vues-aeriennes\/\" target=\"_blank\" rel=\"noopener\">photographies a\u00e9riennes<\/a>.<\/p>\n<p><strong>La caisse am\u00e9ricaine <\/strong><\/p>\n<p><img decoding=\"async\" src=\"https:\/\/artistics.com\/wp-content\/uploads\/2023\/04\/caisse_americaine_3.jpg\" alt=\"\" width=\"493\" height=\"352\" \/><img decoding=\"async\" src=\"https:\/\/artistics.com\/wp-content\/uploads\/2023\/04\/caisse_americaine_1.png\" alt=\"\" width=\"310\" height=\"310\" \/><br \/>\n<em>Caisse am\u00e9ricaine en ch\u00eane et en bois noir, sources: Ma Belle Photo et Artdeqo<\/em><\/p>\n<p>La caisse am\u00e9ricaine repr\u00e9sente la solution la plus utilis\u00e9e par les galeries d\u2019art et vous permettra de mettre en valeur votre photo de fa\u00e7on sobre et \u00e9l\u00e9gante.<\/p>\n<p>Cette solution d\u2019encadrement implique que le tirage soit d\u2019abord contrecoll\u00e9 sur un support (comme \u00e9voqu\u00e9 plus haut). Le tout vient ensuite s\u2019ins\u00e9rer dans cet encadrement qui dispose d\u2019un fond (appel\u00e9 \u00ab caisse am\u00e9ricaine \u00bb) dont la sp\u00e9cificit\u00e9 r\u00e9side dans le fait que le tirage contrecoll\u00e9 ne touche ni le fond, ni les bords de la baguette. Il semble flotter \u00e0 l\u2019int\u00e9rieur du cadre de fa\u00e7on tr\u00e8s esth\u00e9tique.<\/p>\n<p><img decoding=\"async\" src=\"https:\/\/artistics.com\/wp-content\/uploads\/2023\/04\/caisse-americaine-2.jpg\" alt=\"\" width=\"512\" height=\"341\" \/><br \/>\n<em>D\u00e9tail d&rsquo;une caissse am\u00e9ricaine, source: Micka\u00ebl Bonnami, photographe<\/em><\/p>\n<p>Les finitions de ce type d\u2019encadrement, mat\u00e9riau et couleur, sont ici aussi \u00e0 choisir en fonction de vos go\u00fbts.<\/p>\n<p>Vous trouverez d&rsquo;autres photos de tirages encadr\u00e9s avec une caisse am\u00e9ricaine sur\u00a0certains portraits d&rsquo;animaux de Brad Wilson, comme <a href=\"https:\/\/artistics.com\/fr\/oeuvre\/orangutan-1-los-angeles-ca-2011\/\" target=\"_blank\" rel=\"noopener\">celui-ci<\/a>.<\/p>\n<p><strong>Pour r\u00e9sumer :<\/strong><\/p>\n<p>Si vous voulez une solution simple et peu co\u00fbteuse optez pour l\u2019encadrement sous verre : il prot\u00e9gera tr\u00e8s bien votre photo et vous pourrez en trouver facilement dans le commerce pour des formats standards. Faites cependant attention aux reflets de la lumi\u00e8re sur le verre (que vous pouvez \u00e9viter en optant pour un verre antireflet).<\/p>\n<p>Si vous souhaitez une solution plus contemporaine optez plut\u00f4t pour le contrecollage : cette solution s\u2019adapte \u00e0 tous les formats et reste raisonnable en termes de prix. Le b\u00e9mol de ce type d\u2019encadrement est que le tirage n\u2019est pas prot\u00e9g\u00e9 (\u00e0 moins d\u2019opter pour le Diasec) il faut donc faire attention en le manipulant.<\/p>\n<p>Si vous voulez une solution de qualit\u00e9 proche de ce que l\u2019on peut voir dans les galeries d\u2019art et que vous n\u2019avez pas peur d\u2019y mettre le prix optez pour la caisse am\u00e9ricaine.<br \/>\nPour un travail soign\u00e9, nous vous recommandons bien entendu de faire appel \u00e0 un encadreur professionnel. N&rsquo;h\u00e9sitez pas \u00e0 demander conseil au galeriste chez lequel vous achetez le tirage d&rsquo;art, il saura vous orienter vers un atelier pr\u00e8s de chez vous.<\/p>\n<p><strong>Si vous avez d\u2019autres questions n\u2019h\u00e9sitez pas \u00e0 <a href=\"mailto:contact@artistics.com\">nous contacter.<\/a><\/strong><\/p>\n<p><strong>Si la photographie contemporaine vous int\u00e9resse, nous vous invitons \u00e0 consulter les galeries des <a href=\"https:\/\/artistics.com\/fr\/type-artiste\/photographes-contemporains\/\" target=\"_blank\" rel=\"noopener\">photographes repr\u00e9sent\u00e9s par la galerie<\/a>.<\/strong><\/p>\n<p>Sur le m\u00eame sujet :<\/p>\n<div>\n<div><a href=\"https:\/\/artistics.com\/fr\/artzine\/comment-encadrer-une-photographie-dart\/\" target=\"_blank\" rel=\"noopener\">Comment encadrer une photographie d&rsquo;art ?\u00a0<\/a><\/div>\n<div><a href=\"https:\/\/artistics.com\/fr\/artzine\/comment-accrocher-un-tableau-nos-conseils\/\" target=\"_blank\" rel=\"noopener\">Comment accrocher un tableau ? Nos conseils\u00a0<\/a><\/div>\n<div><a href=\"https:\/\/artistics.com\/fr\/artzine\/disposition-composition-accrochez-vos-tableaux-avec-style\/\" target=\"_blank\" rel=\"noopener\">Disposition &#8211; Composition : Comment accrocher vos tableaux avec style ?\u00a0<\/a><\/div>\n<\/div>\n<p><strong>\u00a0<\/strong><\/p>\n","protected":false},"excerpt":{"rendered":"<p>Vous venez d\u2019acheter une photographie d\u2019art et vous souhaitez choisir un encadrement adapt\u00e9 ? Artistics tente de vous aider en vous pr\u00e9sentant trois solutions diff\u00e9rentes : le cadre sous verre, la caisse am\u00e9ricaine et le contrecollage. Choisissez ainsi ce qui convient le mieux \u00e0 votre \u0153uvre d\u2019art pour \u00eatre s\u00fbr de la sublimer.<\/p>\n","protected":false},"author":2,"featured_media":4346,"comment_status":"open","ping_status":"open","sticky":false,"template":"","format":"standard","meta":{"_acf_changed":false,"_searchwp_excluded":"","inline_featured_image":false,"footnotes":""},"categories":[1187],"tags":[],"class_list":["post-5245","post","type-post","status-publish","format-standard","has-post-thumbnail","hentry","category-le-guide-acheteur-art"],"acf":[],"yoast_head":"<!-- This site is optimized with the Yoast SEO Premium plugin v27.3 (Yoast SEO v27.3) - https:\/\/yoast.com\/product\/yoast-seo-premium-wordpress\/ -->\n<title>Quel encadrement choisir pour ses photos d\u2019art ?<\/title>\n<meta name=\"description\" content=\"Vous venez d\u2019acheter une photographie d\u2019art et vous souhaitez choisir un encadrement adapt\u00e9 ? Artistics tente de vous aider en vous pr\u00e9sentant trois solutions diff\u00e9rentes : le cadre sous verre, la caisse am\u00e9ricaine et le contrecollage. Choisissez ainsi ce qui convient le mieux \u00e0 votre \u0153uvre d\u2019art pour \u00eatre s\u00fbr de la sublimer.\" \/>\n<meta name=\"robots\" content=\"index, follow, max-snippet:-1, max-image-preview:large, max-video-preview:-1\" \/>\n<link rel=\"canonical\" href=\"https:\/\/artistics.com\/fr\/artzine\/quel-encadrement-choisir-pour-ses-photos-dart\/\" \/>\n<meta property=\"og:locale\" content=\"fr_FR\" \/>\n<meta property=\"og:type\" content=\"article\" \/>\n<meta property=\"og:title\" content=\"Quel encadrement choisir pour ses photos d\u2019art ?\" \/>\n<meta property=\"og:description\" content=\"Vous venez d\u2019acheter une photographie d\u2019art et vous souhaitez choisir un encadrement adapt\u00e9 ? Artistics tente de vous aider en vous pr\u00e9sentant trois solutions diff\u00e9rentes : le cadre sous verre, la caisse am\u00e9ricaine et le contrecollage. Choisissez ainsi ce qui convient le mieux \u00e0 votre \u0153uvre d\u2019art pour \u00eatre s\u00fbr de la sublimer.\" \/>\n<meta property=\"og:url\" content=\"https:\/\/artistics.com\/fr\/artzine\/quel-encadrement-choisir-pour-ses-photos-dart\/\" \/>\n<meta property=\"og:site_name\" content=\"Artistics\" \/>\n<meta property=\"article:publisher\" content=\"https:\/\/www.facebook.com\/ArtisticsMag\" \/>\n<meta property=\"article:published_time\" content=\"2021-12-01T11:48:31+00:00\" \/>\n<meta property=\"article:modified_time\" content=\"2023-07-11T14:18:38+00:00\" \/>\n<meta property=\"og:image\" content=\"https:\/\/artistics.com\/wp-content\/uploads\/2023\/04\/articles_new44_polka_galerie.jpg\" \/>\n\t<meta property=\"og:image:width\" content=\"1746\" \/>\n\t<meta property=\"og:image:height\" content=\"697\" \/>\n\t<meta property=\"og:image:type\" content=\"image\/jpeg\" \/>\n<meta name=\"author\" content=\"Eleonora Fontana\" \/>\n<meta name=\"twitter:card\" content=\"summary_large_image\" \/>\n<meta name=\"twitter:creator\" content=\"@Artistics_FR\" \/>\n<meta name=\"twitter:site\" content=\"@Artistics_FR\" \/>\n<meta name=\"twitter:label1\" content=\"\u00c9crit par\" \/>\n\t<meta name=\"twitter:data1\" content=\"Eleonora Fontana\" \/>\n\t<meta name=\"twitter:label2\" content=\"Dur\u00e9e de lecture estim\u00e9e\" \/>\n\t<meta name=\"twitter:data2\" content=\"7 minutes\" \/>\n<script type=\"application\/ld+json\" class=\"yoast-schema-graph\">{\"@context\":\"https:\\\/\\\/schema.org\",\"@graph\":[{\"@type\":[\"Article\",\"BlogPosting\"],\"@id\":\"https:\\\/\\\/artistics.com\\\/fr\\\/artzine\\\/quel-encadrement-choisir-pour-ses-photos-dart\\\/#article\",\"isPartOf\":{\"@id\":\"https:\\\/\\\/artistics.com\\\/fr\\\/artzine\\\/quel-encadrement-choisir-pour-ses-photos-dart\\\/\"},\"author\":{\"name\":\"Eleonora Fontana\",\"@id\":\"https:\\\/\\\/artistics.com\\\/fr\\\/#\\\/schema\\\/person\\\/a39d54f18b4c5fe4a0de78e3f9236993\"},\"headline\":\"Quel encadrement choisir pour ses photos d\u2019art ?\",\"datePublished\":\"2021-12-01T11:48:31+00:00\",\"dateModified\":\"2023-07-11T14:18:38+00:00\",\"mainEntityOfPage\":{\"@id\":\"https:\\\/\\\/artistics.com\\\/fr\\\/artzine\\\/quel-encadrement-choisir-pour-ses-photos-dart\\\/\"},\"wordCount\":1188,\"commentCount\":0,\"publisher\":{\"@id\":\"https:\\\/\\\/artistics.com\\\/fr\\\/#organization\"},\"image\":{\"@id\":\"https:\\\/\\\/artistics.com\\\/fr\\\/artzine\\\/quel-encadrement-choisir-pour-ses-photos-dart\\\/#primaryimage\"},\"thumbnailUrl\":\"https:\\\/\\\/artistics.com\\\/wp-content\\\/uploads\\\/2023\\\/04\\\/articles_new44_polka_galerie.jpg\",\"articleSection\":[\"Le guide de l\u2019acheteur d\u2019art\"],\"inLanguage\":\"fr-FR\",\"potentialAction\":[{\"@type\":\"CommentAction\",\"name\":\"Comment\",\"target\":[\"https:\\\/\\\/artistics.com\\\/fr\\\/artzine\\\/quel-encadrement-choisir-pour-ses-photos-dart\\\/#respond\"]}]},{\"@type\":\"WebPage\",\"@id\":\"https:\\\/\\\/artistics.com\\\/fr\\\/artzine\\\/quel-encadrement-choisir-pour-ses-photos-dart\\\/\",\"url\":\"https:\\\/\\\/artistics.com\\\/fr\\\/artzine\\\/quel-encadrement-choisir-pour-ses-photos-dart\\\/\",\"name\":\"Quel encadrement choisir pour ses photos d\u2019art ?\",\"isPartOf\":{\"@id\":\"https:\\\/\\\/artistics.com\\\/fr\\\/#website\"},\"primaryImageOfPage\":{\"@id\":\"https:\\\/\\\/artistics.com\\\/fr\\\/artzine\\\/quel-encadrement-choisir-pour-ses-photos-dart\\\/#primaryimage\"},\"image\":{\"@id\":\"https:\\\/\\\/artistics.com\\\/fr\\\/artzine\\\/quel-encadrement-choisir-pour-ses-photos-dart\\\/#primaryimage\"},\"thumbnailUrl\":\"https:\\\/\\\/artistics.com\\\/wp-content\\\/uploads\\\/2023\\\/04\\\/articles_new44_polka_galerie.jpg\",\"datePublished\":\"2021-12-01T11:48:31+00:00\",\"dateModified\":\"2023-07-11T14:18:38+00:00\",\"description\":\"Vous venez d\u2019acheter une photographie d\u2019art et vous souhaitez choisir un encadrement adapt\u00e9 ? Artistics tente de vous aider en vous pr\u00e9sentant trois solutions diff\u00e9rentes : le cadre sous verre, la caisse am\u00e9ricaine et le contrecollage. Choisissez ainsi ce qui convient le mieux \u00e0 votre \u0153uvre d\u2019art pour \u00eatre s\u00fbr de la sublimer.\",\"breadcrumb\":{\"@id\":\"https:\\\/\\\/artistics.com\\\/fr\\\/artzine\\\/quel-encadrement-choisir-pour-ses-photos-dart\\\/#breadcrumb\"},\"inLanguage\":\"fr-FR\",\"potentialAction\":[{\"@type\":\"ReadAction\",\"target\":[\"https:\\\/\\\/artistics.com\\\/fr\\\/artzine\\\/quel-encadrement-choisir-pour-ses-photos-dart\\\/\"]}]},{\"@type\":\"ImageObject\",\"inLanguage\":\"fr-FR\",\"@id\":\"https:\\\/\\\/artistics.com\\\/fr\\\/artzine\\\/quel-encadrement-choisir-pour-ses-photos-dart\\\/#primaryimage\",\"url\":\"https:\\\/\\\/artistics.com\\\/wp-content\\\/uploads\\\/2023\\\/04\\\/articles_new44_polka_galerie.jpg\",\"contentUrl\":\"https:\\\/\\\/artistics.com\\\/wp-content\\\/uploads\\\/2023\\\/04\\\/articles_new44_polka_galerie.jpg\",\"width\":1746,\"height\":697},{\"@type\":\"BreadcrumbList\",\"@id\":\"https:\\\/\\\/artistics.com\\\/fr\\\/artzine\\\/quel-encadrement-choisir-pour-ses-photos-dart\\\/#breadcrumb\",\"itemListElement\":[{\"@type\":\"ListItem\",\"position\":1,\"name\":\"Achat \u0153uvre d'art\",\"item\":\"https:\\\/\\\/artistics.com\\\/fr\\\/\"},{\"@type\":\"ListItem\",\"position\":2,\"name\":\"Le guide de l\u2019acheteur d\u2019art\",\"item\":\"https:\\\/\\\/artistics.com\\\/fr\\\/artzine\\\/category\\\/le-guide-acheteur-art\\\/\"},{\"@type\":\"ListItem\",\"position\":3,\"name\":\"Quel encadrement choisir pour ses photos d\u2019art ?\"}]},{\"@type\":\"WebSite\",\"@id\":\"https:\\\/\\\/artistics.com\\\/fr\\\/#website\",\"url\":\"https:\\\/\\\/artistics.com\\\/fr\\\/\",\"name\":\"Artistics\",\"description\":\"The online art gallery\",\"publisher\":{\"@id\":\"https:\\\/\\\/artistics.com\\\/fr\\\/#organization\"},\"potentialAction\":[{\"@type\":\"SearchAction\",\"target\":{\"@type\":\"EntryPoint\",\"urlTemplate\":\"https:\\\/\\\/artistics.com\\\/fr\\\/?s={search_term_string}\"},\"query-input\":{\"@type\":\"PropertyValueSpecification\",\"valueRequired\":true,\"valueName\":\"search_term_string\"}}],\"inLanguage\":\"fr-FR\"},{\"@type\":\"Organization\",\"@id\":\"https:\\\/\\\/artistics.com\\\/fr\\\/#organization\",\"name\":\"Artistics\",\"url\":\"https:\\\/\\\/artistics.com\\\/fr\\\/\",\"logo\":{\"@type\":\"ImageObject\",\"inLanguage\":\"fr-FR\",\"@id\":\"https:\\\/\\\/artistics.com\\\/fr\\\/#\\\/schema\\\/logo\\\/image\\\/\",\"url\":\"https:\\\/\\\/artistics.com\\\/wp-content\\\/uploads\\\/2023\\\/02\\\/artistics-logo-web-1.svg\",\"contentUrl\":\"https:\\\/\\\/artistics.com\\\/wp-content\\\/uploads\\\/2023\\\/02\\\/artistics-logo-web-1.svg\",\"caption\":\"Artistics\"},\"image\":{\"@id\":\"https:\\\/\\\/artistics.com\\\/fr\\\/#\\\/schema\\\/logo\\\/image\\\/\"},\"sameAs\":[\"https:\\\/\\\/www.facebook.com\\\/ArtisticsMag\",\"https:\\\/\\\/x.com\\\/Artistics_FR\",\"http:\\\/\\\/www.linkedin.com\\\/company\\\/artistics\",\"https:\\\/\\\/www.instagram.com\\\/artistics_com\\\/\",\"http:\\\/\\\/www.pinterest.com\\\/ArtisticsMag\"],\"hasMerchantReturnPolicy\":{\"@type\":\"MerchantReturnPolicy\",\"merchantReturnLink\":\"https:\\\/\\\/artistics.com\\\/free-return-policy\\\/\"}},{\"@type\":\"Person\",\"@id\":\"https:\\\/\\\/artistics.com\\\/fr\\\/#\\\/schema\\\/person\\\/a39d54f18b4c5fe4a0de78e3f9236993\",\"name\":\"Eleonora Fontana\",\"image\":{\"@type\":\"ImageObject\",\"inLanguage\":\"fr-FR\",\"@id\":\"https:\\\/\\\/secure.gravatar.com\\\/avatar\\\/c15608b0600d759a03e927302242286e2f196b9d8abb87856fc3a3087c242f7b?s=96&d=mm&r=g\",\"url\":\"https:\\\/\\\/secure.gravatar.com\\\/avatar\\\/c15608b0600d759a03e927302242286e2f196b9d8abb87856fc3a3087c242f7b?s=96&d=mm&r=g\",\"contentUrl\":\"https:\\\/\\\/secure.gravatar.com\\\/avatar\\\/c15608b0600d759a03e927302242286e2f196b9d8abb87856fc3a3087c242f7b?s=96&d=mm&r=g\",\"caption\":\"Eleonora Fontana\"}}]}<\/script>\n<!-- \/ Yoast SEO Premium plugin. -->","yoast_head_json":{"title":"Quel encadrement choisir pour ses photos d\u2019art ?","description":"Vous venez d\u2019acheter une photographie d\u2019art et vous souhaitez choisir un encadrement adapt\u00e9 ? Artistics tente de vous aider en vous pr\u00e9sentant trois solutions diff\u00e9rentes : le cadre sous verre, la caisse am\u00e9ricaine et le contrecollage. Choisissez ainsi ce qui convient le mieux \u00e0 votre \u0153uvre d\u2019art pour \u00eatre s\u00fbr de la sublimer.","robots":{"index":"index","follow":"follow","max-snippet":"max-snippet:-1","max-image-preview":"max-image-preview:large","max-video-preview":"max-video-preview:-1"},"canonical":"https:\/\/artistics.com\/fr\/artzine\/quel-encadrement-choisir-pour-ses-photos-dart\/","og_locale":"fr_FR","og_type":"article","og_title":"Quel encadrement choisir pour ses photos d\u2019art ?","og_description":"Vous venez d\u2019acheter une photographie d\u2019art et vous souhaitez choisir un encadrement adapt\u00e9 ? Artistics tente de vous aider en vous pr\u00e9sentant trois solutions diff\u00e9rentes : le cadre sous verre, la caisse am\u00e9ricaine et le contrecollage. Choisissez ainsi ce qui convient le mieux \u00e0 votre \u0153uvre d\u2019art pour \u00eatre s\u00fbr de la sublimer.","og_url":"https:\/\/artistics.com\/fr\/artzine\/quel-encadrement-choisir-pour-ses-photos-dart\/","og_site_name":"Artistics","article_publisher":"https:\/\/www.facebook.com\/ArtisticsMag","article_published_time":"2021-12-01T11:48:31+00:00","article_modified_time":"2023-07-11T14:18:38+00:00","og_image":[{"width":1746,"height":697,"url":"https:\/\/artistics.com\/wp-content\/uploads\/2023\/04\/articles_new44_polka_galerie.jpg","type":"image\/jpeg"}],"author":"Eleonora Fontana","twitter_card":"summary_large_image","twitter_creator":"@Artistics_FR","twitter_site":"@Artistics_FR","twitter_misc":{"\u00c9crit par":"Eleonora Fontana","Dur\u00e9e de lecture estim\u00e9e":"7 minutes"},"schema":{"@context":"https:\/\/schema.org","@graph":[{"@type":["Article","BlogPosting"],"@id":"https:\/\/artistics.com\/fr\/artzine\/quel-encadrement-choisir-pour-ses-photos-dart\/#article","isPartOf":{"@id":"https:\/\/artistics.com\/fr\/artzine\/quel-encadrement-choisir-pour-ses-photos-dart\/"},"author":{"name":"Eleonora Fontana","@id":"https:\/\/artistics.com\/fr\/#\/schema\/person\/a39d54f18b4c5fe4a0de78e3f9236993"},"headline":"Quel encadrement choisir pour ses photos d\u2019art ?","datePublished":"2021-12-01T11:48:31+00:00","dateModified":"2023-07-11T14:18:38+00:00","mainEntityOfPage":{"@id":"https:\/\/artistics.com\/fr\/artzine\/quel-encadrement-choisir-pour-ses-photos-dart\/"},"wordCount":1188,"commentCount":0,"publisher":{"@id":"https:\/\/artistics.com\/fr\/#organization"},"image":{"@id":"https:\/\/artistics.com\/fr\/artzine\/quel-encadrement-choisir-pour-ses-photos-dart\/#primaryimage"},"thumbnailUrl":"https:\/\/artistics.com\/wp-content\/uploads\/2023\/04\/articles_new44_polka_galerie.jpg","articleSection":["Le guide de l\u2019acheteur d\u2019art"],"inLanguage":"fr-FR","potentialAction":[{"@type":"CommentAction","name":"Comment","target":["https:\/\/artistics.com\/fr\/artzine\/quel-encadrement-choisir-pour-ses-photos-dart\/#respond"]}]},{"@type":"WebPage","@id":"https:\/\/artistics.com\/fr\/artzine\/quel-encadrement-choisir-pour-ses-photos-dart\/","url":"https:\/\/artistics.com\/fr\/artzine\/quel-encadrement-choisir-pour-ses-photos-dart\/","name":"Quel encadrement choisir pour ses photos d\u2019art ?","isPartOf":{"@id":"https:\/\/artistics.com\/fr\/#website"},"primaryImageOfPage":{"@id":"https:\/\/artistics.com\/fr\/artzine\/quel-encadrement-choisir-pour-ses-photos-dart\/#primaryimage"},"image":{"@id":"https:\/\/artistics.com\/fr\/artzine\/quel-encadrement-choisir-pour-ses-photos-dart\/#primaryimage"},"thumbnailUrl":"https:\/\/artistics.com\/wp-content\/uploads\/2023\/04\/articles_new44_polka_galerie.jpg","datePublished":"2021-12-01T11:48:31+00:00","dateModified":"2023-07-11T14:18:38+00:00","description":"Vous venez d\u2019acheter une photographie d\u2019art et vous souhaitez choisir un encadrement adapt\u00e9 ? Artistics tente de vous aider en vous pr\u00e9sentant trois solutions diff\u00e9rentes : le cadre sous verre, la caisse am\u00e9ricaine et le contrecollage. Choisissez ainsi ce qui convient le mieux \u00e0 votre \u0153uvre d\u2019art pour \u00eatre s\u00fbr de la sublimer.","breadcrumb":{"@id":"https:\/\/artistics.com\/fr\/artzine\/quel-encadrement-choisir-pour-ses-photos-dart\/#breadcrumb"},"inLanguage":"fr-FR","potentialAction":[{"@type":"ReadAction","target":["https:\/\/artistics.com\/fr\/artzine\/quel-encadrement-choisir-pour-ses-photos-dart\/"]}]},{"@type":"ImageObject","inLanguage":"fr-FR","@id":"https:\/\/artistics.com\/fr\/artzine\/quel-encadrement-choisir-pour-ses-photos-dart\/#primaryimage","url":"https:\/\/artistics.com\/wp-content\/uploads\/2023\/04\/articles_new44_polka_galerie.jpg","contentUrl":"https:\/\/artistics.com\/wp-content\/uploads\/2023\/04\/articles_new44_polka_galerie.jpg","width":1746,"height":697},{"@type":"BreadcrumbList","@id":"https:\/\/artistics.com\/fr\/artzine\/quel-encadrement-choisir-pour-ses-photos-dart\/#breadcrumb","itemListElement":[{"@type":"ListItem","position":1,"name":"Achat \u0153uvre d'art","item":"https:\/\/artistics.com\/fr\/"},{"@type":"ListItem","position":2,"name":"Le guide de l\u2019acheteur d\u2019art","item":"https:\/\/artistics.com\/fr\/artzine\/category\/le-guide-acheteur-art\/"},{"@type":"ListItem","position":3,"name":"Quel encadrement choisir pour ses photos d\u2019art ?"}]},{"@type":"WebSite","@id":"https:\/\/artistics.com\/fr\/#website","url":"https:\/\/artistics.com\/fr\/","name":"Artistics","description":"The online art gallery","publisher":{"@id":"https:\/\/artistics.com\/fr\/#organization"},"potentialAction":[{"@type":"SearchAction","target":{"@type":"EntryPoint","urlTemplate":"https:\/\/artistics.com\/fr\/?s={search_term_string}"},"query-input":{"@type":"PropertyValueSpecification","valueRequired":true,"valueName":"search_term_string"}}],"inLanguage":"fr-FR"},{"@type":"Organization","@id":"https:\/\/artistics.com\/fr\/#organization","name":"Artistics","url":"https:\/\/artistics.com\/fr\/","logo":{"@type":"ImageObject","inLanguage":"fr-FR","@id":"https:\/\/artistics.com\/fr\/#\/schema\/logo\/image\/","url":"https:\/\/artistics.com\/wp-content\/uploads\/2023\/02\/artistics-logo-web-1.svg","contentUrl":"https:\/\/artistics.com\/wp-content\/uploads\/2023\/02\/artistics-logo-web-1.svg","caption":"Artistics"},"image":{"@id":"https:\/\/artistics.com\/fr\/#\/schema\/logo\/image\/"},"sameAs":["https:\/\/www.facebook.com\/ArtisticsMag","https:\/\/x.com\/Artistics_FR","http:\/\/www.linkedin.com\/company\/artistics","https:\/\/www.instagram.com\/artistics_com\/","http:\/\/www.pinterest.com\/ArtisticsMag"],"hasMerchantReturnPolicy":{"@type":"MerchantReturnPolicy","merchantReturnLink":"https:\/\/artistics.com\/free-return-policy\/"}},{"@type":"Person","@id":"https:\/\/artistics.com\/fr\/#\/schema\/person\/a39d54f18b4c5fe4a0de78e3f9236993","name":"Eleonora Fontana","image":{"@type":"ImageObject","inLanguage":"fr-FR","@id":"https:\/\/secure.gravatar.com\/avatar\/c15608b0600d759a03e927302242286e2f196b9d8abb87856fc3a3087c242f7b?s=96&d=mm&r=g","url":"https:\/\/secure.gravatar.com\/avatar\/c15608b0600d759a03e927302242286e2f196b9d8abb87856fc3a3087c242f7b?s=96&d=mm&r=g","contentUrl":"https:\/\/secure.gravatar.com\/avatar\/c15608b0600d759a03e927302242286e2f196b9d8abb87856fc3a3087c242f7b?s=96&d=mm&r=g","caption":"Eleonora Fontana"}}]}},"_links":{"self":[{"href":"https:\/\/artistics.com\/fr\/wp-json\/wp\/v2\/posts\/5245","targetHints":{"allow":["GET"]}}],"collection":[{"href":"https:\/\/artistics.com\/fr\/wp-json\/wp\/v2\/posts"}],"about":[{"href":"https:\/\/artistics.com\/fr\/wp-json\/wp\/v2\/types\/post"}],"author":[{"embeddable":true,"href":"https:\/\/artistics.com\/fr\/wp-json\/wp\/v2\/users\/2"}],"replies":[{"embeddable":true,"href":"https:\/\/artistics.com\/fr\/wp-json\/wp\/v2\/comments?post=5245"}],"version-history":[{"count":3,"href":"https:\/\/artistics.com\/fr\/wp-json\/wp\/v2\/posts\/5245\/revisions"}],"predecessor-version":[{"id":36449,"href":"https:\/\/artistics.com\/fr\/wp-json\/wp\/v2\/posts\/5245\/revisions\/36449"}],"wp:featuredmedia":[{"embeddable":true,"href":"https:\/\/artistics.com\/fr\/wp-json\/wp\/v2\/media\/4346"}],"wp:attachment":[{"href":"https:\/\/artistics.com\/fr\/wp-json\/wp\/v2\/media?parent=5245"}],"wp:term":[{"taxonomy":"category","embeddable":true,"href":"https:\/\/artistics.com\/fr\/wp-json\/wp\/v2\/categories?post=5245"},{"taxonomy":"post_tag","embeddable":true,"href":"https:\/\/artistics.com\/fr\/wp-json\/wp\/v2\/tags?post=5245"}],"curies":[{"name":"wp","href":"https:\/\/api.w.org\/{rel}","templated":true}]}}