{"id":5205,"date":"2015-10-12T12:35:30","date_gmt":"2015-10-12T10:35:30","guid":{"rendered":"https:\/\/2022.devartistics.com\/artzine\/introducing-matthieu-venot\/"},"modified":"2023-04-25T16:53:43","modified_gmt":"2023-04-25T14:53:43","slug":"introducing-matthieu-venot","status":"publish","type":"post","link":"https:\/\/artistics.com\/fr\/artzine\/introducing-matthieu-venot\/","title":{"rendered":"Introducing Matthieu Venot"},"content":{"rendered":"<p>Vivant \u00e0 Brest, <a href=\"https:\/\/artistics.com\/fr\/artiste\/matthieu-venot\/\">Matthieu Venot<\/a> s&rsquo;est fait conna\u00eetre en photographiant cette ville sous un angle in\u00e9dit : pleine de couleurs et de formes g\u00e9om\u00e9triques qui se d\u00e9tachent sur un grand ciel bleu. En se concentrant sur des d\u00e9tails architecturaux, il compose des images tr\u00e8s graphiques, o\u00f9 l\u2019abstraction prend le pas sur la repr\u00e9sentation du paysage urbain.<\/p>\n<p><img decoding=\"async\" src=\"https:\/\/artistics.com\/wp-content\/uploads\/2023\/04\/article_new11_1st1_venot_artist_photo_prism_1.jpg\" alt=\"\" width=\"640\" height=\"640\" \/><\/p>\n<p>Sans Titre I, s\u00e9rie Prism.<\/p>\n<p>Dans l\u2019objectif de <a href=\"https:\/\/artistics.com\/fr\/artiste\/matthieu-venot\/\"><strong>Matthieu Venot<\/strong><\/a>, la ville de Brest prend des airs de Miami Beach, c\u00f4t\u00e9 Ocean Drive : ciel sans nuage, fa\u00e7ades aux couleurs pastel et aux lignes \u00e9pur\u00e9es. Le cadrage serr\u00e9 et l\u2019absence de toute pr\u00e9sence humaine entretiennent le doute.<\/p>\n<p>Le photographe n\u2019est pourtant pas un \u00ab\u00a0inventeur d\u2019Am\u00e9riques\u00a0\u00bb, qui chercherait \u00e0 produire une image id\u00e9alis\u00e9e de sa ville, ou \u00e0 recr\u00e9er une cit\u00e9 chim\u00e9rique \u00e0 partir d\u2019\u00e9l\u00e9ments isol\u00e9s. S\u2019il avoue pr\u00e9f\u00e9rer l\u2019environnement de villes r\u00e9put\u00e9es \u00ab\u00a0pas tr\u00e8s belles\u00a0\u00bb, <a href=\"https:\/\/artistics.com\/fr\/artiste\/matthieu-venot\/\"><strong>Matthieu Venot<\/strong><\/a> se sert uniquement de leur d\u00e9cor pour composer des tableaux o\u00f9 l\u2019objet photographi\u00e9 (une fa\u00e7ade, un toit, un balcon, une rampe d\u2019escalier\u2026) se dissout et dispara\u00eet au profit d\u2019un assemblage d\u2019aplats de couleurs et de motifs tr\u00e8s graphiques : \u00ab\u00a0C\u2019est de la photographie, mais \u00e7a pourrait \u00eatre de la peinture : je choisis le cadre, \u00e0 l\u2019int\u00e9rieur duquel je mets des formes et des couleurs que je trouve en g\u00e9n\u00e9ral dans des bouts d\u2019architecture.\u00a0\u00bb<\/p>\n<p>Dans plusieurs de ses s\u00e9ries (Prism, Firework, Who Want Sky) le bleu du ciel sert de toile de fond \u00e0 cet exercice de composition. Matthieu Venot privil\u00e9gie les lumi\u00e8res de milieu de journ\u00e9e, qui font ressortir les couleurs des sols ou des b\u00e2timents qu\u2019il d\u00e9coupe et isole.<\/p>\n<p>Au-del\u00e0 de quelques r\u00e9f\u00e9rences assum\u00e9es (les photographes Josef Schulz, Ward Roberts, Matthias Heiderich), ses photos traduisent l\u2019influence du cin\u00e9aste Jacques Tati \u00ab\u00a0pour ses plans tr\u00e8s travaill\u00e9s\u00a0\u00bb et de ses pr\u00e9f\u00e9rences musicales (il a longtemps travaill\u00e9 dans l\u2019univers musical), en particulier l\u2019\u00e9lectro exp\u00e9rimentale \u00ab\u00a0pour ce c\u00f4t\u00e9 un peu lancinant, \u00e9pur\u00e9, voil\u00e9&#8230;\u00a0\u00bb<\/p>\n<p>Au-del\u00e0 de son aspect solaire, la photographie de <a href=\"https:\/\/artistics.com\/fr\/artiste\/matthieu-venot\/\"><strong>Matthieu Venot<\/strong><\/a> se montre capable de g\u00e9n\u00e9rer des \u00e9motions ambivalentes, et l\u2019impression de joie de vivre et d\u2019optimisme qui s\u2019en d\u00e9gage peut parfois se teinter de m\u00e9lancolie, comme dans sa derni\u00e8re s\u00e9rie Faded Glory (gloire fan\u00e9e). Surtout, son travail nous rappelle que la beaut\u00e9 que nous trouvons (ou pas) dans notre environnement d\u00e9pend aussi de la perspective que nous adoptons pour le regarder.<\/p>\n<p>A propos de l\u2019artiste :<br \/>\n<a href=\"https:\/\/artistics.com\/fr\/artiste\/matthieu-venot\/\"><strong>Matthieu Venot<\/strong><\/a>, photographe autodidacte de 36 ans, fait partie de cette g\u00e9n\u00e9ration d\u2019artistes qui s\u2019est fait conna\u00eetre gr\u00e2ce aux r\u00e9seaux sociaux. Arriv\u00e9 \u00e0 Brest en 2008, il abandonne son travail d\u2019ing\u00e9nieur du son quatre ans plus tard pour se consacrer \u00e0 la photographie. Ses clich\u00e9s graphiques et color\u00e9s au format carr\u00e9, qui offrent un regard inattendu sur l\u2019environnement urbain brestois, cr\u00e9ent rapidement un engouement parmi les amateurs d\u2019art connect\u00e9s. La popularit\u00e9 de son compte Instagram (il compte aujourd\u2019hui pr\u00e8s de 75 000 abonn\u00e9s) attire l\u2019attention des m\u00e9dias fran\u00e7ais et \u00e9trangers, qui relaient son travail et participent \u00e0 sa diffusion. En 2014, son travail est expos\u00e9 pour la premi\u00e8re fois \u00e0 Brest (studio Les Etablis) puis, quelques mois plus tard, \u00e0 Paris, dans le cadre de Perspective Carr\u00e9e, une exposition con\u00e7ue par lesphotographes.org. En septembre 2015, il est invit\u00e9 avec une dizaine d\u2019autres Instagramers \u00e0 photographier le palais de l\u2019Elys\u00e9e (si\u00e8ge de la pr\u00e9sidence de la R\u00e9publique Fran\u00e7aise) dans le cadre de l\u2019op\u00e9ration #emptyelysee.<\/p>\n<p><iframe src=\"https:\/\/www.youtube.com\/embed\/OANvHS-DQE4\" width=\"560\" height=\"315\" frameborder=\"0\"><\/iframe><\/p>\n<p><img decoding=\"async\" src=\"https:\/\/artistics.com\/wp-content\/uploads\/2023\/04\/article_new11_2st7_venot_artist_photo_prism_1.jpg\" alt=\"\" width=\"640\" height=\"640\" \/><\/p>\n<p>Sans Titre VII, s\u00e9rie Prism.<\/p>\n<p><img decoding=\"async\" src=\"https:\/\/artistics.com\/wp-content\/uploads\/2023\/04\/article_new11_3m_venot_firework_st3_0.jpg\" alt=\"\" width=\"640\" height=\"640\" \/><\/p>\n<p>Sans Titre III, s\u00e9rie Firework.<\/p>\n<p><img decoding=\"async\" src=\"https:\/\/artistics.com\/wp-content\/uploads\/2023\/04\/article_new11_4st10_venot_artist_photo_troubles_1-1.jpg\" alt=\"\" width=\"640\" height=\"640\" \/><\/p>\n<p>Sans Titre X, s\u00e9rie Ain\u2019t got no Troubles.<\/p>\n<p><img decoding=\"async\" src=\"https:\/\/artistics.com\/wp-content\/uploads\/2023\/04\/article_new11_5m_venot_fadedglory_st1.jpg\" alt=\"\" width=\"640\" height=\"640\" \/><\/p>\n<p>Sans Titre I, s\u00e9rie Faded Glory.<\/p>\n","protected":false},"excerpt":{"rendered":"<p>Vivant \u00e0 Brest, Matthieu Venot s&rsquo;est fait conna\u00eetre en photographiant cette ville sous un angle in\u00e9dit : pleine de couleurs et de formes g\u00e9om\u00e9triques qui se d\u00e9tachent sur un grand ciel bleu. En se concentrant sur des d\u00e9tails architecturaux, il compose des images tr\u00e8s graphiques, o\u00f9 l\u2019abstraction prend le pas sur la repr\u00e9sentation du paysage urbain.<\/p>\n","protected":false},"author":1,"featured_media":3326,"comment_status":"open","ping_status":"open","sticky":false,"template":"","format":"standard","meta":{"_acf_changed":false,"_searchwp_excluded":"","inline_featured_image":false,"footnotes":""},"categories":[1186],"tags":[],"class_list":["post-5205","post","type-post","status-publish","format-standard","has-post-thumbnail","hentry","category-visite-atelier"],"acf":[],"yoast_head":"<!-- This site is optimized with the Yoast SEO Premium plugin v27.3 (Yoast SEO v27.3) - https:\/\/yoast.com\/product\/yoast-seo-premium-wordpress\/ -->\n<title>Photographie : d\u00e9couvrez Matthieu Venot | Artistics<\/title>\n<meta name=\"description\" content=\"Matthieu Venot s&#039;est fait conna\u00eetre en photographiant sa ville de Brest sous un angle in\u00e9dit, avec des fa\u00e7ades en couleurs se d\u00e9tachant sur un grand ciel bleu.\" \/>\n<meta name=\"robots\" content=\"index, follow, max-snippet:-1, max-image-preview:large, max-video-preview:-1\" \/>\n<link rel=\"canonical\" href=\"https:\/\/artistics.com\/fr\/artzine\/introducing-matthieu-venot\/\" \/>\n<meta property=\"og:locale\" content=\"fr_FR\" \/>\n<meta property=\"og:type\" content=\"article\" \/>\n<meta property=\"og:title\" content=\"Introducing Matthieu Venot\" \/>\n<meta property=\"og:description\" content=\"Matthieu Venot s&#039;est fait conna\u00eetre en photographiant sa ville de Brest sous un angle in\u00e9dit, avec des fa\u00e7ades en couleurs se d\u00e9tachant sur un grand ciel bleu.\" \/>\n<meta property=\"og:url\" content=\"https:\/\/artistics.com\/fr\/artzine\/introducing-matthieu-venot\/\" \/>\n<meta property=\"og:site_name\" content=\"Artistics\" \/>\n<meta property=\"article:publisher\" content=\"https:\/\/www.facebook.com\/ArtisticsMag\" \/>\n<meta property=\"article:published_time\" content=\"2015-10-12T10:35:30+00:00\" \/>\n<meta property=\"article:modified_time\" content=\"2023-04-25T14:53:43+00:00\" \/>\n<meta property=\"og:image\" content=\"https:\/\/artistics.com\/wp-content\/uploads\/2023\/04\/new_m_venot_couv_nb.jpg\" \/>\n\t<meta property=\"og:image:width\" content=\"1112\" \/>\n\t<meta property=\"og:image:height\" content=\"610\" \/>\n\t<meta property=\"og:image:type\" content=\"image\/jpeg\" \/>\n<meta name=\"author\" content=\"Hypso\" \/>\n<meta name=\"twitter:card\" content=\"summary_large_image\" \/>\n<meta name=\"twitter:creator\" content=\"@Artistics_FR\" \/>\n<meta name=\"twitter:site\" content=\"@Artistics_FR\" \/>\n<meta name=\"twitter:label1\" content=\"\u00c9crit par\" \/>\n\t<meta name=\"twitter:data1\" content=\"Hypso\" \/>\n\t<meta name=\"twitter:label2\" content=\"Dur\u00e9e de lecture estim\u00e9e\" \/>\n\t<meta name=\"twitter:data2\" content=\"4 minutes\" \/>\n<script type=\"application\/ld+json\" class=\"yoast-schema-graph\">{\"@context\":\"https:\\\/\\\/schema.org\",\"@graph\":[{\"@type\":[\"Article\",\"BlogPosting\"],\"@id\":\"https:\\\/\\\/artistics.com\\\/fr\\\/artzine\\\/introducing-matthieu-venot\\\/#article\",\"isPartOf\":{\"@id\":\"https:\\\/\\\/artistics.com\\\/fr\\\/artzine\\\/introducing-matthieu-venot\\\/\"},\"author\":{\"name\":\"Hypso\",\"@id\":\"https:\\\/\\\/artistics.com\\\/fr\\\/#\\\/schema\\\/person\\\/06ccbcd390d4be9b22fdc66fc2e78e6c\"},\"headline\":\"Introducing Matthieu Venot\",\"datePublished\":\"2015-10-12T10:35:30+00:00\",\"dateModified\":\"2023-04-25T14:53:43+00:00\",\"mainEntityOfPage\":{\"@id\":\"https:\\\/\\\/artistics.com\\\/fr\\\/artzine\\\/introducing-matthieu-venot\\\/\"},\"wordCount\":676,\"commentCount\":0,\"publisher\":{\"@id\":\"https:\\\/\\\/artistics.com\\\/fr\\\/#organization\"},\"image\":{\"@id\":\"https:\\\/\\\/artistics.com\\\/fr\\\/artzine\\\/introducing-matthieu-venot\\\/#primaryimage\"},\"thumbnailUrl\":\"https:\\\/\\\/artistics.com\\\/wp-content\\\/uploads\\\/2023\\\/04\\\/new_m_venot_couv_nb.jpg\",\"articleSection\":[\"Visite d\u2019atelier\"],\"inLanguage\":\"fr-FR\",\"potentialAction\":[{\"@type\":\"CommentAction\",\"name\":\"Comment\",\"target\":[\"https:\\\/\\\/artistics.com\\\/fr\\\/artzine\\\/introducing-matthieu-venot\\\/#respond\"]}]},{\"@type\":\"WebPage\",\"@id\":\"https:\\\/\\\/artistics.com\\\/fr\\\/artzine\\\/introducing-matthieu-venot\\\/\",\"url\":\"https:\\\/\\\/artistics.com\\\/fr\\\/artzine\\\/introducing-matthieu-venot\\\/\",\"name\":\"Photographie : d\u00e9couvrez Matthieu Venot | Artistics\",\"isPartOf\":{\"@id\":\"https:\\\/\\\/artistics.com\\\/fr\\\/#website\"},\"primaryImageOfPage\":{\"@id\":\"https:\\\/\\\/artistics.com\\\/fr\\\/artzine\\\/introducing-matthieu-venot\\\/#primaryimage\"},\"image\":{\"@id\":\"https:\\\/\\\/artistics.com\\\/fr\\\/artzine\\\/introducing-matthieu-venot\\\/#primaryimage\"},\"thumbnailUrl\":\"https:\\\/\\\/artistics.com\\\/wp-content\\\/uploads\\\/2023\\\/04\\\/new_m_venot_couv_nb.jpg\",\"datePublished\":\"2015-10-12T10:35:30+00:00\",\"dateModified\":\"2023-04-25T14:53:43+00:00\",\"description\":\"Matthieu Venot s'est fait conna\u00eetre en photographiant sa ville de Brest sous un angle in\u00e9dit, avec des fa\u00e7ades en couleurs se d\u00e9tachant sur un grand ciel bleu.\",\"breadcrumb\":{\"@id\":\"https:\\\/\\\/artistics.com\\\/fr\\\/artzine\\\/introducing-matthieu-venot\\\/#breadcrumb\"},\"inLanguage\":\"fr-FR\",\"potentialAction\":[{\"@type\":\"ReadAction\",\"target\":[\"https:\\\/\\\/artistics.com\\\/fr\\\/artzine\\\/introducing-matthieu-venot\\\/\"]}]},{\"@type\":\"ImageObject\",\"inLanguage\":\"fr-FR\",\"@id\":\"https:\\\/\\\/artistics.com\\\/fr\\\/artzine\\\/introducing-matthieu-venot\\\/#primaryimage\",\"url\":\"https:\\\/\\\/artistics.com\\\/wp-content\\\/uploads\\\/2023\\\/04\\\/new_m_venot_couv_nb.jpg\",\"contentUrl\":\"https:\\\/\\\/artistics.com\\\/wp-content\\\/uploads\\\/2023\\\/04\\\/new_m_venot_couv_nb.jpg\",\"width\":1112,\"height\":610},{\"@type\":\"BreadcrumbList\",\"@id\":\"https:\\\/\\\/artistics.com\\\/fr\\\/artzine\\\/introducing-matthieu-venot\\\/#breadcrumb\",\"itemListElement\":[{\"@type\":\"ListItem\",\"position\":1,\"name\":\"Achat \u0153uvre d'art\",\"item\":\"https:\\\/\\\/artistics.com\\\/fr\\\/\"},{\"@type\":\"ListItem\",\"position\":2,\"name\":\"Visite d\u2019atelier\",\"item\":\"https:\\\/\\\/artistics.com\\\/fr\\\/artzine\\\/category\\\/visite-atelier\\\/\"},{\"@type\":\"ListItem\",\"position\":3,\"name\":\"Introducing Matthieu Venot\"}]},{\"@type\":\"WebSite\",\"@id\":\"https:\\\/\\\/artistics.com\\\/fr\\\/#website\",\"url\":\"https:\\\/\\\/artistics.com\\\/fr\\\/\",\"name\":\"Artistics\",\"description\":\"The online art gallery\",\"publisher\":{\"@id\":\"https:\\\/\\\/artistics.com\\\/fr\\\/#organization\"},\"potentialAction\":[{\"@type\":\"SearchAction\",\"target\":{\"@type\":\"EntryPoint\",\"urlTemplate\":\"https:\\\/\\\/artistics.com\\\/fr\\\/?s={search_term_string}\"},\"query-input\":{\"@type\":\"PropertyValueSpecification\",\"valueRequired\":true,\"valueName\":\"search_term_string\"}}],\"inLanguage\":\"fr-FR\"},{\"@type\":\"Organization\",\"@id\":\"https:\\\/\\\/artistics.com\\\/fr\\\/#organization\",\"name\":\"Artistics\",\"url\":\"https:\\\/\\\/artistics.com\\\/fr\\\/\",\"logo\":{\"@type\":\"ImageObject\",\"inLanguage\":\"fr-FR\",\"@id\":\"https:\\\/\\\/artistics.com\\\/fr\\\/#\\\/schema\\\/logo\\\/image\\\/\",\"url\":\"https:\\\/\\\/artistics.com\\\/wp-content\\\/uploads\\\/2023\\\/02\\\/artistics-logo-web-1.svg\",\"contentUrl\":\"https:\\\/\\\/artistics.com\\\/wp-content\\\/uploads\\\/2023\\\/02\\\/artistics-logo-web-1.svg\",\"caption\":\"Artistics\"},\"image\":{\"@id\":\"https:\\\/\\\/artistics.com\\\/fr\\\/#\\\/schema\\\/logo\\\/image\\\/\"},\"sameAs\":[\"https:\\\/\\\/www.facebook.com\\\/ArtisticsMag\",\"https:\\\/\\\/x.com\\\/Artistics_FR\",\"http:\\\/\\\/www.linkedin.com\\\/company\\\/artistics\",\"https:\\\/\\\/www.instagram.com\\\/artistics_com\\\/\",\"http:\\\/\\\/www.pinterest.com\\\/ArtisticsMag\"],\"hasMerchantReturnPolicy\":{\"@type\":\"MerchantReturnPolicy\",\"merchantReturnLink\":\"https:\\\/\\\/artistics.com\\\/free-return-policy\\\/\"}},{\"@type\":\"Person\",\"@id\":\"https:\\\/\\\/artistics.com\\\/fr\\\/#\\\/schema\\\/person\\\/06ccbcd390d4be9b22fdc66fc2e78e6c\",\"name\":\"Hypso\",\"image\":{\"@type\":\"ImageObject\",\"inLanguage\":\"fr-FR\",\"@id\":\"https:\\\/\\\/secure.gravatar.com\\\/avatar\\\/df2518545b115be73a09aa9ed0fe74108171a89b0189073d31863a695ada9fcf?s=96&d=mm&r=g\",\"url\":\"https:\\\/\\\/secure.gravatar.com\\\/avatar\\\/df2518545b115be73a09aa9ed0fe74108171a89b0189073d31863a695ada9fcf?s=96&d=mm&r=g\",\"contentUrl\":\"https:\\\/\\\/secure.gravatar.com\\\/avatar\\\/df2518545b115be73a09aa9ed0fe74108171a89b0189073d31863a695ada9fcf?s=96&d=mm&r=g\",\"caption\":\"Hypso\"},\"sameAs\":[\"https:\\\/\\\/artistics.com\"]}]}<\/script>\n<!-- \/ Yoast SEO Premium plugin. -->","yoast_head_json":{"title":"Photographie : d\u00e9couvrez Matthieu Venot | Artistics","description":"Matthieu Venot s'est fait conna\u00eetre en photographiant sa ville de Brest sous un angle in\u00e9dit, avec des fa\u00e7ades en couleurs se d\u00e9tachant sur un grand ciel bleu.","robots":{"index":"index","follow":"follow","max-snippet":"max-snippet:-1","max-image-preview":"max-image-preview:large","max-video-preview":"max-video-preview:-1"},"canonical":"https:\/\/artistics.com\/fr\/artzine\/introducing-matthieu-venot\/","og_locale":"fr_FR","og_type":"article","og_title":"Introducing Matthieu Venot","og_description":"Matthieu Venot s'est fait conna\u00eetre en photographiant sa ville de Brest sous un angle in\u00e9dit, avec des fa\u00e7ades en couleurs se d\u00e9tachant sur un grand ciel bleu.","og_url":"https:\/\/artistics.com\/fr\/artzine\/introducing-matthieu-venot\/","og_site_name":"Artistics","article_publisher":"https:\/\/www.facebook.com\/ArtisticsMag","article_published_time":"2015-10-12T10:35:30+00:00","article_modified_time":"2023-04-25T14:53:43+00:00","og_image":[{"width":1112,"height":610,"url":"https:\/\/artistics.com\/wp-content\/uploads\/2023\/04\/new_m_venot_couv_nb.jpg","type":"image\/jpeg"}],"author":"Hypso","twitter_card":"summary_large_image","twitter_creator":"@Artistics_FR","twitter_site":"@Artistics_FR","twitter_misc":{"\u00c9crit par":"Hypso","Dur\u00e9e de lecture estim\u00e9e":"4 minutes"},"schema":{"@context":"https:\/\/schema.org","@graph":[{"@type":["Article","BlogPosting"],"@id":"https:\/\/artistics.com\/fr\/artzine\/introducing-matthieu-venot\/#article","isPartOf":{"@id":"https:\/\/artistics.com\/fr\/artzine\/introducing-matthieu-venot\/"},"author":{"name":"Hypso","@id":"https:\/\/artistics.com\/fr\/#\/schema\/person\/06ccbcd390d4be9b22fdc66fc2e78e6c"},"headline":"Introducing Matthieu Venot","datePublished":"2015-10-12T10:35:30+00:00","dateModified":"2023-04-25T14:53:43+00:00","mainEntityOfPage":{"@id":"https:\/\/artistics.com\/fr\/artzine\/introducing-matthieu-venot\/"},"wordCount":676,"commentCount":0,"publisher":{"@id":"https:\/\/artistics.com\/fr\/#organization"},"image":{"@id":"https:\/\/artistics.com\/fr\/artzine\/introducing-matthieu-venot\/#primaryimage"},"thumbnailUrl":"https:\/\/artistics.com\/wp-content\/uploads\/2023\/04\/new_m_venot_couv_nb.jpg","articleSection":["Visite d\u2019atelier"],"inLanguage":"fr-FR","potentialAction":[{"@type":"CommentAction","name":"Comment","target":["https:\/\/artistics.com\/fr\/artzine\/introducing-matthieu-venot\/#respond"]}]},{"@type":"WebPage","@id":"https:\/\/artistics.com\/fr\/artzine\/introducing-matthieu-venot\/","url":"https:\/\/artistics.com\/fr\/artzine\/introducing-matthieu-venot\/","name":"Photographie : d\u00e9couvrez Matthieu Venot | Artistics","isPartOf":{"@id":"https:\/\/artistics.com\/fr\/#website"},"primaryImageOfPage":{"@id":"https:\/\/artistics.com\/fr\/artzine\/introducing-matthieu-venot\/#primaryimage"},"image":{"@id":"https:\/\/artistics.com\/fr\/artzine\/introducing-matthieu-venot\/#primaryimage"},"thumbnailUrl":"https:\/\/artistics.com\/wp-content\/uploads\/2023\/04\/new_m_venot_couv_nb.jpg","datePublished":"2015-10-12T10:35:30+00:00","dateModified":"2023-04-25T14:53:43+00:00","description":"Matthieu Venot s'est fait conna\u00eetre en photographiant sa ville de Brest sous un angle in\u00e9dit, avec des fa\u00e7ades en couleurs se d\u00e9tachant sur un grand ciel bleu.","breadcrumb":{"@id":"https:\/\/artistics.com\/fr\/artzine\/introducing-matthieu-venot\/#breadcrumb"},"inLanguage":"fr-FR","potentialAction":[{"@type":"ReadAction","target":["https:\/\/artistics.com\/fr\/artzine\/introducing-matthieu-venot\/"]}]},{"@type":"ImageObject","inLanguage":"fr-FR","@id":"https:\/\/artistics.com\/fr\/artzine\/introducing-matthieu-venot\/#primaryimage","url":"https:\/\/artistics.com\/wp-content\/uploads\/2023\/04\/new_m_venot_couv_nb.jpg","contentUrl":"https:\/\/artistics.com\/wp-content\/uploads\/2023\/04\/new_m_venot_couv_nb.jpg","width":1112,"height":610},{"@type":"BreadcrumbList","@id":"https:\/\/artistics.com\/fr\/artzine\/introducing-matthieu-venot\/#breadcrumb","itemListElement":[{"@type":"ListItem","position":1,"name":"Achat \u0153uvre d'art","item":"https:\/\/artistics.com\/fr\/"},{"@type":"ListItem","position":2,"name":"Visite d\u2019atelier","item":"https:\/\/artistics.com\/fr\/artzine\/category\/visite-atelier\/"},{"@type":"ListItem","position":3,"name":"Introducing Matthieu Venot"}]},{"@type":"WebSite","@id":"https:\/\/artistics.com\/fr\/#website","url":"https:\/\/artistics.com\/fr\/","name":"Artistics","description":"The online art gallery","publisher":{"@id":"https:\/\/artistics.com\/fr\/#organization"},"potentialAction":[{"@type":"SearchAction","target":{"@type":"EntryPoint","urlTemplate":"https:\/\/artistics.com\/fr\/?s={search_term_string}"},"query-input":{"@type":"PropertyValueSpecification","valueRequired":true,"valueName":"search_term_string"}}],"inLanguage":"fr-FR"},{"@type":"Organization","@id":"https:\/\/artistics.com\/fr\/#organization","name":"Artistics","url":"https:\/\/artistics.com\/fr\/","logo":{"@type":"ImageObject","inLanguage":"fr-FR","@id":"https:\/\/artistics.com\/fr\/#\/schema\/logo\/image\/","url":"https:\/\/artistics.com\/wp-content\/uploads\/2023\/02\/artistics-logo-web-1.svg","contentUrl":"https:\/\/artistics.com\/wp-content\/uploads\/2023\/02\/artistics-logo-web-1.svg","caption":"Artistics"},"image":{"@id":"https:\/\/artistics.com\/fr\/#\/schema\/logo\/image\/"},"sameAs":["https:\/\/www.facebook.com\/ArtisticsMag","https:\/\/x.com\/Artistics_FR","http:\/\/www.linkedin.com\/company\/artistics","https:\/\/www.instagram.com\/artistics_com\/","http:\/\/www.pinterest.com\/ArtisticsMag"],"hasMerchantReturnPolicy":{"@type":"MerchantReturnPolicy","merchantReturnLink":"https:\/\/artistics.com\/free-return-policy\/"}},{"@type":"Person","@id":"https:\/\/artistics.com\/fr\/#\/schema\/person\/06ccbcd390d4be9b22fdc66fc2e78e6c","name":"Hypso","image":{"@type":"ImageObject","inLanguage":"fr-FR","@id":"https:\/\/secure.gravatar.com\/avatar\/df2518545b115be73a09aa9ed0fe74108171a89b0189073d31863a695ada9fcf?s=96&d=mm&r=g","url":"https:\/\/secure.gravatar.com\/avatar\/df2518545b115be73a09aa9ed0fe74108171a89b0189073d31863a695ada9fcf?s=96&d=mm&r=g","contentUrl":"https:\/\/secure.gravatar.com\/avatar\/df2518545b115be73a09aa9ed0fe74108171a89b0189073d31863a695ada9fcf?s=96&d=mm&r=g","caption":"Hypso"},"sameAs":["https:\/\/artistics.com"]}]}},"_links":{"self":[{"href":"https:\/\/artistics.com\/fr\/wp-json\/wp\/v2\/posts\/5205","targetHints":{"allow":["GET"]}}],"collection":[{"href":"https:\/\/artistics.com\/fr\/wp-json\/wp\/v2\/posts"}],"about":[{"href":"https:\/\/artistics.com\/fr\/wp-json\/wp\/v2\/types\/post"}],"author":[{"embeddable":true,"href":"https:\/\/artistics.com\/fr\/wp-json\/wp\/v2\/users\/1"}],"replies":[{"embeddable":true,"href":"https:\/\/artistics.com\/fr\/wp-json\/wp\/v2\/comments?post=5205"}],"version-history":[{"count":0,"href":"https:\/\/artistics.com\/fr\/wp-json\/wp\/v2\/posts\/5205\/revisions"}],"wp:featuredmedia":[{"embeddable":true,"href":"https:\/\/artistics.com\/fr\/wp-json\/wp\/v2\/media\/3326"}],"wp:attachment":[{"href":"https:\/\/artistics.com\/fr\/wp-json\/wp\/v2\/media?parent=5205"}],"wp:term":[{"taxonomy":"category","embeddable":true,"href":"https:\/\/artistics.com\/fr\/wp-json\/wp\/v2\/categories?post=5205"},{"taxonomy":"post_tag","embeddable":true,"href":"https:\/\/artistics.com\/fr\/wp-json\/wp\/v2\/tags?post=5205"}],"curies":[{"name":"wp","href":"https:\/\/api.w.org\/{rel}","templated":true}]}}