{"id":5017,"date":"2016-04-21T12:15:11","date_gmt":"2016-04-21T10:15:11","guid":{"rendered":"https:\/\/2022.devartistics.com\/artzine\/un-illusionniste-aux-arts-decos\/"},"modified":"2023-07-11T16:56:20","modified_gmt":"2023-07-11T14:56:20","slug":"un-illusionniste-aux-arts-decos","status":"publish","type":"post","link":"https:\/\/artistics.com\/fr\/artzine\/un-illusionniste-aux-arts-decos\/","title":{"rendered":"Un illusionniste aux Arts d\u00e9cos"},"content":{"rendered":"<p>Deux sculptures de <a href=\"https:\/\/artistics.com\/fr\/artiste\/romain-langlois\/\" target=\"_blank\" rel=\"noopener\">Romain Langlois<\/a> r\u00e9alis\u00e9es en collaboration avec Eric Papon aux Fontaines p\u00e9trifiantes de Saint Nectaire sont expos\u00e9es jusqu\u2019au 3 avril au Mus\u00e9e des Arts d\u00e9coratifs de Paris. Un \u00e9v\u00e9nement \u00e0 ne pas manquer.<\/p><figure class=\"wp-block-image\"><img decoding=\"async\" src=\"https:\/\/artistics.com\/wp-content\/uploads\/2023\/04\/article_new9_1expo_lempreinte_du_geste_romain_langlois_1.jpg\" alt=\"\"\/><\/figure><p>Le sculpteur <a href=\"https:\/\/artistics.com\/fr\/artiste\/romain-langlois\/\" target=\"_blank\" rel=\"noopener\">Romain Langlois<\/a> est l\u2019un des 18 cr\u00e9ateurs r\u00e9unis au Mus\u00e9e des Arts d\u00e9coratifs de Paris par l\u2019exposition L\u2019empreinte du geste, organis\u00e9e dans le cadre des Journ\u00e9es Europ\u00e9ennes des M\u00e9tiers d\u2019Art 2016.<\/p><p>Il y pr\u00e9sente deux sculptures \u00e9tonnantes, r\u00e9alis\u00e9es avec Eric Papon, l\u2019un des derniers artisans en France et dans le monde \u00e0 ma\u00eetriser les techniques de la cristallisation et de la p\u00e9trification. Les deux hommes ont entam\u00e9 une collaboration en 2013, dont est notamment issue \u00ab\u00a0Vestige\u00a0\u00bb.<\/p><p>\u00ab\u00a0Aven\u00a0\u00bb et \u00ab\u00a0Cellule anthropoc\u00e8ne\u00a0\u00bb ont \u00e9t\u00e9 r\u00e9alis\u00e9es aux Fontaines p\u00e9trifiantes de Saint Nectaire gr\u00e2ce au m\u00eame proc\u00e9d\u00e9 : un moule est plac\u00e9 pendant de longs mois sous la fontaine p\u00e9trifiante. La cristallisation progressive du carbonate de calcium, ma\u00eetris\u00e9e quotidiennement par l\u2019artisan, donne peu \u00e0 peu naissance aux \u0153uvres.<\/p><figure class=\"wp-block-image alignnone\"><img decoding=\"async\" src=\"https:\/\/artistics.com\/wp-content\/uploads\/2023\/04\/article_new9_2expo_lempreinte_du_geste_romain_langlois_cellule_anthropocene_1.jpg\" alt=\"\"\/><figcaption class=\"wp-element-caption\">Cellule anthropoc\u00e8ne, de Romain Langlois et Eric Papon. Bronze et calcite, 2016. 4 \u00e9preuves d\u2019art. L138 x l72 x h110<span style=\"font-size: revert; color: initial; font-family: -apple-system, BlinkMacSystemFont, 'Segoe UI', Roboto, Oxygen-Sans, Ubuntu, Cantarell, 'Helvetica Neue', sans-serif;\"> cm<\/span><\/figcaption><\/figure><p>Fascin\u00e9 depuis longtemps par la transmutation de la mati\u00e8re, le sculpteur explore avec passion ce proc\u00e9d\u00e9 surprenant, qui permet d&rsquo;obtenir en quelques mois ce que la nature aurait produit en plusieurs centaines de milliers d\u2019ann\u00e9es. Pour ces nouvelles cr\u00e9ations, il a exp\u00e9riment\u00e9 encore plus avant les propri\u00e9t\u00e9s du mat\u00e9riau en testant notamment son adh\u00e9rence avec le bronze. Une tentative r\u00e9ussie, comme en t\u00e9moigne \u00ab\u00a0Cellule anthropoc\u00e8ne\u00a0\u00bb.<\/p><p>Poursuivant une d\u00e9marche initi\u00e9e depuis plusieurs ann\u00e9es, l\u2019artiste s\u2019empare de d\u00e9chets qu\u2019il collecte dans des d\u00e9charges (ici, des morceaux de bois mis au rebut) et op\u00e8re un changement de mati\u00e8re en m\u00eame temps que de subtiles modifications : un polissage qui cr\u00e9e des reflets dor\u00e9s ou la pr\u00e9sence de\u2026 stalactites \u00e0 l\u2019int\u00e9rieur de la pi\u00e8ce.<\/p><p>Le regard du spectateur, d\u2019abord confondu par le mim\u00e9tisme avec l\u2019objet originel, est arr\u00eat\u00e9 par ces d\u00e9tails incongrus. Avec d\u00e9licatesse, sans rien imposer, <a href=\"https:\/\/artistics.com\/fr\/artiste\/romain-langlois\/\" target=\"_blank\" rel=\"noopener\">Romain Langlois<\/a> cr\u00e9e un questionnement sur l&rsquo;interaction de l&rsquo;homme avec son environnement, et pousse chacun \u00e0 s\u2019interroger sur ce qu\u2019il choisit de regarder ou bien d\u2019ignorer.<\/p><figure class=\"wp-block-image alignnone\"><img decoding=\"async\" src=\"https:\/\/artistics.com\/wp-content\/uploads\/2023\/04\/article_new9_4expo_lempreinte_du_geste_romain_langlois_aven_1.jpg\" alt=\"\"\/><figcaption class=\"wp-element-caption\">Aven, de Romain Langlois et Eric Papon. Calcite, 2016. Pi\u00e8ce unique. L63 x l39 x h50.<\/figcaption><\/figure><p>&#8211; &#8211; &#8211; &#8211; &#8211; &#8211; &#8211; &#8211; &#8211; &#8211; &#8211; &#8211; &#8211; &#8211; &#8211; &#8211; &#8211;<\/p><p>Exposition L\u2019empreinte du geste<br>Du 29 mars au 3 avril 2016<br>Mus\u00e9e des Arts d\u00e9coratifs &#8211; Hall des mar\u00e9chaux<br>103, rue de Rivoli &#8211; 75001 Paris<\/p>","protected":false},"excerpt":{"rendered":"<p>Deux sculptures de Romain Langlois r\u00e9alis\u00e9es en collaboration avec Eric Papon aux Fontaines p\u00e9trifiantes de Saint Nectaire sont expos\u00e9es jusqu\u2019au 3 avril au Mus\u00e9e des Arts d\u00e9coratifs de Paris. Un \u00e9v\u00e9nement \u00e0 ne pas manquer.<\/p>\n","protected":false},"author":2,"featured_media":3391,"comment_status":"open","ping_status":"open","sticky":false,"template":"","format":"standard","meta":{"_acf_changed":false,"_searchwp_excluded":"","inline_featured_image":false,"footnotes":""},"categories":[1184],"tags":[1221,1263,1190],"class_list":["post-5017","post","type-post","status-publish","format-standard","has-post-thumbnail","hentry","category-actualites-de-nos-artistes","tag-exposition","tag-romain-langlois","tag-sculpture"],"acf":[],"yoast_head":"<!-- This site is optimized with the Yoast SEO Premium plugin v27.3 (Yoast SEO v27.3) - https:\/\/yoast.com\/product\/yoast-seo-premium-wordpress\/ -->\n<title>Un illusionniste aux Arts d\u00e9cos<\/title>\n<meta name=\"description\" content=\"Deux sculptures de Romain Langlois r\u00e9alis\u00e9es en collaboration avec Eric Papon aux Fontaines p\u00e9trifiantes de Saint Nectaire sont expos\u00e9es jusqu\u2019au 3 avril au Mus\u00e9e des Arts d\u00e9coratifs de Paris. Un \u00e9v\u00e9nement \u00e0 ne pas manquer.\" \/>\n<meta name=\"robots\" content=\"index, follow, max-snippet:-1, max-image-preview:large, max-video-preview:-1\" \/>\n<link rel=\"canonical\" href=\"https:\/\/artistics.com\/fr\/artzine\/un-illusionniste-aux-arts-decos\/\" \/>\n<meta property=\"og:locale\" content=\"fr_FR\" \/>\n<meta property=\"og:type\" content=\"article\" \/>\n<meta property=\"og:title\" content=\"Un illusionniste aux Arts d\u00e9cos\" \/>\n<meta property=\"og:description\" content=\"Deux sculptures de Romain Langlois r\u00e9alis\u00e9es en collaboration avec Eric Papon aux Fontaines p\u00e9trifiantes de Saint Nectaire sont expos\u00e9es jusqu\u2019au 3 avril au Mus\u00e9e des Arts d\u00e9coratifs de Paris. Un \u00e9v\u00e9nement \u00e0 ne pas manquer.\" \/>\n<meta property=\"og:url\" content=\"https:\/\/artistics.com\/fr\/artzine\/un-illusionniste-aux-arts-decos\/\" \/>\n<meta property=\"og:site_name\" content=\"Artistics\" \/>\n<meta property=\"article:publisher\" content=\"https:\/\/www.facebook.com\/ArtisticsMag\" \/>\n<meta property=\"article:published_time\" content=\"2016-04-21T10:15:11+00:00\" \/>\n<meta property=\"article:modified_time\" content=\"2023-07-11T14:56:20+00:00\" \/>\n<meta property=\"og:image\" content=\"https:\/\/artistics.com\/wp-content\/uploads\/2023\/04\/articles_new1_expo_lempreinte_du_geste_romain_langlois_1_0.jpg\" \/>\n\t<meta property=\"og:image:width\" content=\"320\" \/>\n\t<meta property=\"og:image:height\" content=\"239\" \/>\n\t<meta property=\"og:image:type\" content=\"image\/jpeg\" \/>\n<meta name=\"author\" content=\"Eleonora Fontana\" \/>\n<meta name=\"twitter:card\" content=\"summary_large_image\" \/>\n<meta name=\"twitter:creator\" content=\"@Artistics_FR\" \/>\n<meta name=\"twitter:site\" content=\"@Artistics_FR\" \/>\n<meta name=\"twitter:label1\" content=\"\u00c9crit par\" \/>\n\t<meta name=\"twitter:data1\" content=\"Eleonora Fontana\" \/>\n\t<meta name=\"twitter:label2\" content=\"Dur\u00e9e de lecture estim\u00e9e\" \/>\n\t<meta name=\"twitter:data2\" content=\"3 minutes\" \/>\n<script type=\"application\/ld+json\" class=\"yoast-schema-graph\">{\"@context\":\"https:\\\/\\\/schema.org\",\"@graph\":[{\"@type\":[\"Article\",\"BlogPosting\"],\"@id\":\"https:\\\/\\\/artistics.com\\\/fr\\\/artzine\\\/un-illusionniste-aux-arts-decos\\\/#article\",\"isPartOf\":{\"@id\":\"https:\\\/\\\/artistics.com\\\/fr\\\/artzine\\\/un-illusionniste-aux-arts-decos\\\/\"},\"author\":{\"name\":\"Eleonora Fontana\",\"@id\":\"https:\\\/\\\/artistics.com\\\/fr\\\/#\\\/schema\\\/person\\\/a39d54f18b4c5fe4a0de78e3f9236993\"},\"headline\":\"Un illusionniste aux Arts d\u00e9cos\",\"datePublished\":\"2016-04-21T10:15:11+00:00\",\"dateModified\":\"2023-07-11T14:56:20+00:00\",\"mainEntityOfPage\":{\"@id\":\"https:\\\/\\\/artistics.com\\\/fr\\\/artzine\\\/un-illusionniste-aux-arts-decos\\\/\"},\"wordCount\":483,\"commentCount\":0,\"publisher\":{\"@id\":\"https:\\\/\\\/artistics.com\\\/fr\\\/#organization\"},\"image\":{\"@id\":\"https:\\\/\\\/artistics.com\\\/fr\\\/artzine\\\/un-illusionniste-aux-arts-decos\\\/#primaryimage\"},\"thumbnailUrl\":\"https:\\\/\\\/artistics.com\\\/wp-content\\\/uploads\\\/2023\\\/04\\\/articles_new1_expo_lempreinte_du_geste_romain_langlois_1_0.jpg\",\"keywords\":[\"exposition\",\"Romain Langlois\",\"sculpture\"],\"articleSection\":[\"L\u2019actu de nos artistes\"],\"inLanguage\":\"fr-FR\",\"potentialAction\":[{\"@type\":\"CommentAction\",\"name\":\"Comment\",\"target\":[\"https:\\\/\\\/artistics.com\\\/fr\\\/artzine\\\/un-illusionniste-aux-arts-decos\\\/#respond\"]}]},{\"@type\":\"WebPage\",\"@id\":\"https:\\\/\\\/artistics.com\\\/fr\\\/artzine\\\/un-illusionniste-aux-arts-decos\\\/\",\"url\":\"https:\\\/\\\/artistics.com\\\/fr\\\/artzine\\\/un-illusionniste-aux-arts-decos\\\/\",\"name\":\"Un illusionniste aux Arts d\u00e9cos\",\"isPartOf\":{\"@id\":\"https:\\\/\\\/artistics.com\\\/fr\\\/#website\"},\"primaryImageOfPage\":{\"@id\":\"https:\\\/\\\/artistics.com\\\/fr\\\/artzine\\\/un-illusionniste-aux-arts-decos\\\/#primaryimage\"},\"image\":{\"@id\":\"https:\\\/\\\/artistics.com\\\/fr\\\/artzine\\\/un-illusionniste-aux-arts-decos\\\/#primaryimage\"},\"thumbnailUrl\":\"https:\\\/\\\/artistics.com\\\/wp-content\\\/uploads\\\/2023\\\/04\\\/articles_new1_expo_lempreinte_du_geste_romain_langlois_1_0.jpg\",\"datePublished\":\"2016-04-21T10:15:11+00:00\",\"dateModified\":\"2023-07-11T14:56:20+00:00\",\"description\":\"Deux sculptures de Romain Langlois r\u00e9alis\u00e9es en collaboration avec Eric Papon aux Fontaines p\u00e9trifiantes de Saint Nectaire sont expos\u00e9es jusqu\u2019au 3 avril au Mus\u00e9e des Arts d\u00e9coratifs de Paris. Un \u00e9v\u00e9nement \u00e0 ne pas manquer.\",\"breadcrumb\":{\"@id\":\"https:\\\/\\\/artistics.com\\\/fr\\\/artzine\\\/un-illusionniste-aux-arts-decos\\\/#breadcrumb\"},\"inLanguage\":\"fr-FR\",\"potentialAction\":[{\"@type\":\"ReadAction\",\"target\":[\"https:\\\/\\\/artistics.com\\\/fr\\\/artzine\\\/un-illusionniste-aux-arts-decos\\\/\"]}]},{\"@type\":\"ImageObject\",\"inLanguage\":\"fr-FR\",\"@id\":\"https:\\\/\\\/artistics.com\\\/fr\\\/artzine\\\/un-illusionniste-aux-arts-decos\\\/#primaryimage\",\"url\":\"https:\\\/\\\/artistics.com\\\/wp-content\\\/uploads\\\/2023\\\/04\\\/articles_new1_expo_lempreinte_du_geste_romain_langlois_1_0.jpg\",\"contentUrl\":\"https:\\\/\\\/artistics.com\\\/wp-content\\\/uploads\\\/2023\\\/04\\\/articles_new1_expo_lempreinte_du_geste_romain_langlois_1_0.jpg\",\"width\":320,\"height\":239},{\"@type\":\"BreadcrumbList\",\"@id\":\"https:\\\/\\\/artistics.com\\\/fr\\\/artzine\\\/un-illusionniste-aux-arts-decos\\\/#breadcrumb\",\"itemListElement\":[{\"@type\":\"ListItem\",\"position\":1,\"name\":\"Achat \u0153uvre d'art\",\"item\":\"https:\\\/\\\/artistics.com\\\/fr\\\/\"},{\"@type\":\"ListItem\",\"position\":2,\"name\":\"L\u2019actu de nos artistes\",\"item\":\"https:\\\/\\\/artistics.com\\\/fr\\\/artzine\\\/category\\\/actualites-de-nos-artistes\\\/\"},{\"@type\":\"ListItem\",\"position\":3,\"name\":\"Un illusionniste aux Arts d\u00e9cos\"}]},{\"@type\":\"WebSite\",\"@id\":\"https:\\\/\\\/artistics.com\\\/fr\\\/#website\",\"url\":\"https:\\\/\\\/artistics.com\\\/fr\\\/\",\"name\":\"Artistics\",\"description\":\"The online art gallery\",\"publisher\":{\"@id\":\"https:\\\/\\\/artistics.com\\\/fr\\\/#organization\"},\"potentialAction\":[{\"@type\":\"SearchAction\",\"target\":{\"@type\":\"EntryPoint\",\"urlTemplate\":\"https:\\\/\\\/artistics.com\\\/fr\\\/?s={search_term_string}\"},\"query-input\":{\"@type\":\"PropertyValueSpecification\",\"valueRequired\":true,\"valueName\":\"search_term_string\"}}],\"inLanguage\":\"fr-FR\"},{\"@type\":\"Organization\",\"@id\":\"https:\\\/\\\/artistics.com\\\/fr\\\/#organization\",\"name\":\"Artistics\",\"url\":\"https:\\\/\\\/artistics.com\\\/fr\\\/\",\"logo\":{\"@type\":\"ImageObject\",\"inLanguage\":\"fr-FR\",\"@id\":\"https:\\\/\\\/artistics.com\\\/fr\\\/#\\\/schema\\\/logo\\\/image\\\/\",\"url\":\"https:\\\/\\\/artistics.com\\\/wp-content\\\/uploads\\\/2023\\\/02\\\/artistics-logo-web-1.svg\",\"contentUrl\":\"https:\\\/\\\/artistics.com\\\/wp-content\\\/uploads\\\/2023\\\/02\\\/artistics-logo-web-1.svg\",\"caption\":\"Artistics\"},\"image\":{\"@id\":\"https:\\\/\\\/artistics.com\\\/fr\\\/#\\\/schema\\\/logo\\\/image\\\/\"},\"sameAs\":[\"https:\\\/\\\/www.facebook.com\\\/ArtisticsMag\",\"https:\\\/\\\/x.com\\\/Artistics_FR\",\"http:\\\/\\\/www.linkedin.com\\\/company\\\/artistics\",\"https:\\\/\\\/www.instagram.com\\\/artistics_com\\\/\",\"http:\\\/\\\/www.pinterest.com\\\/ArtisticsMag\"],\"hasMerchantReturnPolicy\":{\"@type\":\"MerchantReturnPolicy\",\"merchantReturnLink\":\"https:\\\/\\\/artistics.com\\\/free-return-policy\\\/\"}},{\"@type\":\"Person\",\"@id\":\"https:\\\/\\\/artistics.com\\\/fr\\\/#\\\/schema\\\/person\\\/a39d54f18b4c5fe4a0de78e3f9236993\",\"name\":\"Eleonora Fontana\",\"image\":{\"@type\":\"ImageObject\",\"inLanguage\":\"fr-FR\",\"@id\":\"https:\\\/\\\/secure.gravatar.com\\\/avatar\\\/c15608b0600d759a03e927302242286e2f196b9d8abb87856fc3a3087c242f7b?s=96&d=mm&r=g\",\"url\":\"https:\\\/\\\/secure.gravatar.com\\\/avatar\\\/c15608b0600d759a03e927302242286e2f196b9d8abb87856fc3a3087c242f7b?s=96&d=mm&r=g\",\"contentUrl\":\"https:\\\/\\\/secure.gravatar.com\\\/avatar\\\/c15608b0600d759a03e927302242286e2f196b9d8abb87856fc3a3087c242f7b?s=96&d=mm&r=g\",\"caption\":\"Eleonora Fontana\"}}]}<\/script>\n<!-- \/ Yoast SEO Premium plugin. -->","yoast_head_json":{"title":"Un illusionniste aux Arts d\u00e9cos","description":"Deux sculptures de Romain Langlois r\u00e9alis\u00e9es en collaboration avec Eric Papon aux Fontaines p\u00e9trifiantes de Saint Nectaire sont expos\u00e9es jusqu\u2019au 3 avril au Mus\u00e9e des Arts d\u00e9coratifs de Paris. Un \u00e9v\u00e9nement \u00e0 ne pas manquer.","robots":{"index":"index","follow":"follow","max-snippet":"max-snippet:-1","max-image-preview":"max-image-preview:large","max-video-preview":"max-video-preview:-1"},"canonical":"https:\/\/artistics.com\/fr\/artzine\/un-illusionniste-aux-arts-decos\/","og_locale":"fr_FR","og_type":"article","og_title":"Un illusionniste aux Arts d\u00e9cos","og_description":"Deux sculptures de Romain Langlois r\u00e9alis\u00e9es en collaboration avec Eric Papon aux Fontaines p\u00e9trifiantes de Saint Nectaire sont expos\u00e9es jusqu\u2019au 3 avril au Mus\u00e9e des Arts d\u00e9coratifs de Paris. Un \u00e9v\u00e9nement \u00e0 ne pas manquer.","og_url":"https:\/\/artistics.com\/fr\/artzine\/un-illusionniste-aux-arts-decos\/","og_site_name":"Artistics","article_publisher":"https:\/\/www.facebook.com\/ArtisticsMag","article_published_time":"2016-04-21T10:15:11+00:00","article_modified_time":"2023-07-11T14:56:20+00:00","og_image":[{"width":320,"height":239,"url":"https:\/\/artistics.com\/wp-content\/uploads\/2023\/04\/articles_new1_expo_lempreinte_du_geste_romain_langlois_1_0.jpg","type":"image\/jpeg"}],"author":"Eleonora Fontana","twitter_card":"summary_large_image","twitter_creator":"@Artistics_FR","twitter_site":"@Artistics_FR","twitter_misc":{"\u00c9crit par":"Eleonora Fontana","Dur\u00e9e de lecture estim\u00e9e":"3 minutes"},"schema":{"@context":"https:\/\/schema.org","@graph":[{"@type":["Article","BlogPosting"],"@id":"https:\/\/artistics.com\/fr\/artzine\/un-illusionniste-aux-arts-decos\/#article","isPartOf":{"@id":"https:\/\/artistics.com\/fr\/artzine\/un-illusionniste-aux-arts-decos\/"},"author":{"name":"Eleonora Fontana","@id":"https:\/\/artistics.com\/fr\/#\/schema\/person\/a39d54f18b4c5fe4a0de78e3f9236993"},"headline":"Un illusionniste aux Arts d\u00e9cos","datePublished":"2016-04-21T10:15:11+00:00","dateModified":"2023-07-11T14:56:20+00:00","mainEntityOfPage":{"@id":"https:\/\/artistics.com\/fr\/artzine\/un-illusionniste-aux-arts-decos\/"},"wordCount":483,"commentCount":0,"publisher":{"@id":"https:\/\/artistics.com\/fr\/#organization"},"image":{"@id":"https:\/\/artistics.com\/fr\/artzine\/un-illusionniste-aux-arts-decos\/#primaryimage"},"thumbnailUrl":"https:\/\/artistics.com\/wp-content\/uploads\/2023\/04\/articles_new1_expo_lempreinte_du_geste_romain_langlois_1_0.jpg","keywords":["exposition","Romain Langlois","sculpture"],"articleSection":["L\u2019actu de nos artistes"],"inLanguage":"fr-FR","potentialAction":[{"@type":"CommentAction","name":"Comment","target":["https:\/\/artistics.com\/fr\/artzine\/un-illusionniste-aux-arts-decos\/#respond"]}]},{"@type":"WebPage","@id":"https:\/\/artistics.com\/fr\/artzine\/un-illusionniste-aux-arts-decos\/","url":"https:\/\/artistics.com\/fr\/artzine\/un-illusionniste-aux-arts-decos\/","name":"Un illusionniste aux Arts d\u00e9cos","isPartOf":{"@id":"https:\/\/artistics.com\/fr\/#website"},"primaryImageOfPage":{"@id":"https:\/\/artistics.com\/fr\/artzine\/un-illusionniste-aux-arts-decos\/#primaryimage"},"image":{"@id":"https:\/\/artistics.com\/fr\/artzine\/un-illusionniste-aux-arts-decos\/#primaryimage"},"thumbnailUrl":"https:\/\/artistics.com\/wp-content\/uploads\/2023\/04\/articles_new1_expo_lempreinte_du_geste_romain_langlois_1_0.jpg","datePublished":"2016-04-21T10:15:11+00:00","dateModified":"2023-07-11T14:56:20+00:00","description":"Deux sculptures de Romain Langlois r\u00e9alis\u00e9es en collaboration avec Eric Papon aux Fontaines p\u00e9trifiantes de Saint Nectaire sont expos\u00e9es jusqu\u2019au 3 avril au Mus\u00e9e des Arts d\u00e9coratifs de Paris. Un \u00e9v\u00e9nement \u00e0 ne pas manquer.","breadcrumb":{"@id":"https:\/\/artistics.com\/fr\/artzine\/un-illusionniste-aux-arts-decos\/#breadcrumb"},"inLanguage":"fr-FR","potentialAction":[{"@type":"ReadAction","target":["https:\/\/artistics.com\/fr\/artzine\/un-illusionniste-aux-arts-decos\/"]}]},{"@type":"ImageObject","inLanguage":"fr-FR","@id":"https:\/\/artistics.com\/fr\/artzine\/un-illusionniste-aux-arts-decos\/#primaryimage","url":"https:\/\/artistics.com\/wp-content\/uploads\/2023\/04\/articles_new1_expo_lempreinte_du_geste_romain_langlois_1_0.jpg","contentUrl":"https:\/\/artistics.com\/wp-content\/uploads\/2023\/04\/articles_new1_expo_lempreinte_du_geste_romain_langlois_1_0.jpg","width":320,"height":239},{"@type":"BreadcrumbList","@id":"https:\/\/artistics.com\/fr\/artzine\/un-illusionniste-aux-arts-decos\/#breadcrumb","itemListElement":[{"@type":"ListItem","position":1,"name":"Achat \u0153uvre d'art","item":"https:\/\/artistics.com\/fr\/"},{"@type":"ListItem","position":2,"name":"L\u2019actu de nos artistes","item":"https:\/\/artistics.com\/fr\/artzine\/category\/actualites-de-nos-artistes\/"},{"@type":"ListItem","position":3,"name":"Un illusionniste aux Arts d\u00e9cos"}]},{"@type":"WebSite","@id":"https:\/\/artistics.com\/fr\/#website","url":"https:\/\/artistics.com\/fr\/","name":"Artistics","description":"The online art gallery","publisher":{"@id":"https:\/\/artistics.com\/fr\/#organization"},"potentialAction":[{"@type":"SearchAction","target":{"@type":"EntryPoint","urlTemplate":"https:\/\/artistics.com\/fr\/?s={search_term_string}"},"query-input":{"@type":"PropertyValueSpecification","valueRequired":true,"valueName":"search_term_string"}}],"inLanguage":"fr-FR"},{"@type":"Organization","@id":"https:\/\/artistics.com\/fr\/#organization","name":"Artistics","url":"https:\/\/artistics.com\/fr\/","logo":{"@type":"ImageObject","inLanguage":"fr-FR","@id":"https:\/\/artistics.com\/fr\/#\/schema\/logo\/image\/","url":"https:\/\/artistics.com\/wp-content\/uploads\/2023\/02\/artistics-logo-web-1.svg","contentUrl":"https:\/\/artistics.com\/wp-content\/uploads\/2023\/02\/artistics-logo-web-1.svg","caption":"Artistics"},"image":{"@id":"https:\/\/artistics.com\/fr\/#\/schema\/logo\/image\/"},"sameAs":["https:\/\/www.facebook.com\/ArtisticsMag","https:\/\/x.com\/Artistics_FR","http:\/\/www.linkedin.com\/company\/artistics","https:\/\/www.instagram.com\/artistics_com\/","http:\/\/www.pinterest.com\/ArtisticsMag"],"hasMerchantReturnPolicy":{"@type":"MerchantReturnPolicy","merchantReturnLink":"https:\/\/artistics.com\/free-return-policy\/"}},{"@type":"Person","@id":"https:\/\/artistics.com\/fr\/#\/schema\/person\/a39d54f18b4c5fe4a0de78e3f9236993","name":"Eleonora Fontana","image":{"@type":"ImageObject","inLanguage":"fr-FR","@id":"https:\/\/secure.gravatar.com\/avatar\/c15608b0600d759a03e927302242286e2f196b9d8abb87856fc3a3087c242f7b?s=96&d=mm&r=g","url":"https:\/\/secure.gravatar.com\/avatar\/c15608b0600d759a03e927302242286e2f196b9d8abb87856fc3a3087c242f7b?s=96&d=mm&r=g","contentUrl":"https:\/\/secure.gravatar.com\/avatar\/c15608b0600d759a03e927302242286e2f196b9d8abb87856fc3a3087c242f7b?s=96&d=mm&r=g","caption":"Eleonora Fontana"}}]}},"_links":{"self":[{"href":"https:\/\/artistics.com\/fr\/wp-json\/wp\/v2\/posts\/5017","targetHints":{"allow":["GET"]}}],"collection":[{"href":"https:\/\/artistics.com\/fr\/wp-json\/wp\/v2\/posts"}],"about":[{"href":"https:\/\/artistics.com\/fr\/wp-json\/wp\/v2\/types\/post"}],"author":[{"embeddable":true,"href":"https:\/\/artistics.com\/fr\/wp-json\/wp\/v2\/users\/2"}],"replies":[{"embeddable":true,"href":"https:\/\/artistics.com\/fr\/wp-json\/wp\/v2\/comments?post=5017"}],"version-history":[{"count":3,"href":"https:\/\/artistics.com\/fr\/wp-json\/wp\/v2\/posts\/5017\/revisions"}],"predecessor-version":[{"id":36474,"href":"https:\/\/artistics.com\/fr\/wp-json\/wp\/v2\/posts\/5017\/revisions\/36474"}],"wp:featuredmedia":[{"embeddable":true,"href":"https:\/\/artistics.com\/fr\/wp-json\/wp\/v2\/media\/3391"}],"wp:attachment":[{"href":"https:\/\/artistics.com\/fr\/wp-json\/wp\/v2\/media?parent=5017"}],"wp:term":[{"taxonomy":"category","embeddable":true,"href":"https:\/\/artistics.com\/fr\/wp-json\/wp\/v2\/categories?post=5017"},{"taxonomy":"post_tag","embeddable":true,"href":"https:\/\/artistics.com\/fr\/wp-json\/wp\/v2\/tags?post=5017"}],"curies":[{"name":"wp","href":"https:\/\/api.w.org\/{rel}","templated":true}]}}