{"id":4888,"date":"2015-10-06T16:50:46","date_gmt":"2015-10-06T14:50:46","guid":{"rendered":"https:\/\/2022.devartistics.com\/artzine\/cecile-raynal-a-paris\/"},"modified":"2023-04-13T03:41:56","modified_gmt":"2023-04-13T01:41:56","slug":"cecile-raynal-a-paris","status":"publish","type":"post","link":"https:\/\/artistics.com\/fr\/artzine\/cecile-raynal-a-paris\/","title":{"rendered":"C\u00e9cile Raynal \u00e0 Paris"},"content":{"rendered":"<p ><strong><span ><span >C\u00e9cile Raynal : Des Ombres d\u2019Alice au Vestibule des Pommes<\/span><\/span><\/strong><\/p>\n<p><span >De f\u00e9vrier \u00e0 septembre 2015, la sculptrice C\u00e9cile Raynal a effectu\u00e9 une r\u00e9sidence au sein du d\u00e9partement de psychiatrie de l\u2019adolescent de l\u2019Institut Mutualiste Montsouris, \u00e0 Paris. L\u2019exposition \u00ab\u00a0Des Ombres d\u2019Alice au Vestibule des Pommes\u00a0\u00bb pr\u00e9sente les oeuvres r\u00e9alis\u00e9es \u00e0 cette occasion, ainsi que celles n\u00e9es de sa pr\u00e9c\u00e9dente immersion au CHU de Rouen, en 2014.<\/span><\/p>\n<p><img decoding=\"async\" src=\"https:\/\/artistics.com\/wp-content\/uploads\/2023\/04\/article11_cecile_raynal_duo1.jpg\" alt=\"\" width=\"640\" height=\"480\" \/><\/p>\n<p><span >L\u2019exposition pr\u00e9sent\u00e9e \u00e0 l\u2019Institut Mutualiste Montsouris du 8 octobre 2015 au 8 janvier 2016 rassemble les oeuvres issues de deux r\u00e9sidences de <a href=\"https:\/\/artistics.com\/fr\/artiste\/cecile-raynal\/\" target=\"_blank\" rel=\"noopener\">C\u00e9cile Raynal<\/a> en service de psychiatrie de l\u2019adolescent : l\u2019une en 2014 au CHU de Rouen, l\u2019autre en 2015 \u00e0 l\u2019Institut Montsouris.<\/span><\/p>\n<p><span >La pratique de la sculptrice <a href=\"https:\/\/artistics.com\/fr\/artiste\/cecile-raynal\/\" target=\"_blank\" rel=\"noopener\">C\u00e9cile Raynal<\/a> s\u2019exerce sur les rencontres qu\u2019elle provoque avec les habitants des communaut\u00e9s qu\u2019elle traverse, les protagonistes devenant acteurs\/mod\u00e8les de leurs repr\u00e9sentations. Cette d\u00e9marche l\u2019a d\u00e9j\u00e0 conduit \u00e0 s\u00e9journer dans un lyc\u00e9e, un centre de d\u00e9tention, une maison de retraite, un porte-conteneurs, les trois h\u00f4pitaux du CHU de Montr\u00e9al\u2026 Autant de lieux de travail, d\u2019isolement et de communaut\u00e9s humaines \u00e9ph\u00e9m\u00e8res.<\/span><\/p>\n<p><span >L\u2019ann\u00e9e derni\u00e8re, la sculptrice a rencontr\u00e9 durant dix mois les adolescent(e)s de l\u2019unit\u00e9 p\u00e9dopsychiatrique du CHU de Rouen, menant en simultan\u00e9 des ateliers de pratique du modelage et du dessin avec les adolescents et son propre travail de cr\u00e9ation. Le professeur Maurice Corcos, \u00e0 l\u2019Institut Mutualiste Montsouris, s\u2019est int\u00e9ress\u00e9 \u00e0 ce projet et lui a propos\u00e9 d\u2019intervenir au sein du d\u00e9partement de Psychiatrie de l&rsquo;adolescent qu\u2019il dirige. La r\u00e9sidence dans l\u2019Institut Mutualiste Montsouris, r\u00e9alis\u00e9e de f\u00e9vrier \u00e0 septembre 2015, s\u2019inscrit donc dans le prolongement de cette premi\u00e8re immersion dans l\u2019espace d\u2019hospitalisation d\u2019adolescents, comme un chapitre deux.<\/span><\/p>\n<p><span ><img decoding=\"async\" src=\"https:\/\/artistics.com\/wp-content\/uploads\/2023\/04\/article22_cecile_raynal_les_ombres_dalice.jpg\" alt=\"\" width=\"640\" height=\"475\" \/>\u00a0<\/span><\/p>\n<p><strong><span >Chapitre 1 : Les Ombres d\u2019Alice (de janvier \u00e0 juillet 2014)<\/span><\/strong><\/p>\n<p><span >De janvier \u00e0 juillet 2014, <a href=\"https:\/\/artistics.com\/fr\/artiste\/cecile-raynal\/\" target=\"_blank\" rel=\"noopener\">C\u00e9cile Raynal<\/a> a donc effectu\u00e9 une premi\u00e8re r\u00e9sidence dans l\u2019unit\u00e9 de soin p\u00e9dopsychiatrique dirig\u00e9e par la Professeur Priscille Gerardin au sein du CHU de Rouen. Une r\u00e9sidence au cours de laquelle l\u2019artiste a associ\u00e9 les rencontres avec les adolescents (tr\u00e8s majoritairement des filles) \u00e0 l\u2019univers d\u2019Alice.<\/span><\/p>\n<p ><em><span >\u00ab\u00a0Face aux jeunes filles anorexiques, au vide qu\u2019elles nourrissent de leur absence de nutrition, \u00e0 leur simulacre de contr\u00f4le, face \u00e0 leur corps coupant, sec et si fragile, j\u2019ai propos\u00e9 tr\u00e8s vite une \u00e9chapp\u00e9e dans la litt\u00e9rature d\u2019Alice et son pays cauchemardesque. Avec elles, j\u2019ai relu et reli\u00e9 les aventures de ce personnage presque d\u00e9sincarn\u00e9, qui rapetisse ou grandit d\u00e9mesur\u00e9ment selon les rencontres qu\u2019elle fait avec une nourriture injonctive. Si l\u2019anorexie vient filtrer l\u2019angoisse chez ces patientes, Alice est venue filtrer la mienne face \u00e0 elles. Dans le monde d\u2019Alice, tout parle : animaux, objet, plantes, nourriture, tout s\u2019anime et d\u00e9rive. Les sculptures issues de ces rencontres ont associ\u00e9 la pr\u00e9sence animale aux portraits, sur un mode consolant et quelquefois ironique.\u00a0\u00bb<\/span><\/em><\/p>\n<p ><span >D\u00e9j\u00e0 expos\u00e9 lors de l\u2019<a href=\"https:\/\/artistics.com\/fr\/artzine\/les-traversees-de-cecile-raynal\/\" target=\"_blank\" rel=\"noopener\">exposition Travers\u00e9\/es \u00e0 Rouen<\/a> (automne 2014), les \u0153uvres r\u00e9alis\u00e9es au cours de cette r\u00e9sidence sont int\u00e9gr\u00e9es au parcours de l\u2019exposition Des Ombres d\u2019Alice au Vestibule des Pommes.<\/span><\/p>\n<p ><img decoding=\"async\" src=\"https:\/\/artistics.com\/wp-content\/uploads\/2023\/04\/article33_cecile_raynal_vestibule_des_pommes_duo.jpg\" alt=\"\" width=\"640\" height=\"433\" \/><\/p>\n<p><strong><span >Chapitre 2 : Le Vestibule des Pommes (de f\u00e9vrier \u00e0 septembre 2015)<\/span><\/strong><\/p>\n<p><span >La r\u00e9sidence dans l\u2019espace d\u2019hospitalisation d\u2019adolescents de l\u2019Institut Mutualiste Montsouris constitue comme un prolongement \u00e0 l\u2019immersion pr\u00e9c\u00e9dente. <\/span><\/p>\n<p><em><span >\u00ab\u00a0Durant le temps d\u2019immersion \u00e0 Montsouris, je me suis accompagn\u00e9e de la pomme comme \u00ab\u00a0objet\u00a0\u00bb symbolique, omnipr\u00e9sent dans les contes et les mythes (Blanche Neige, Eve et sa culpabilit\u00e9 \u00e9ternelle, Newton, Guillaume Tell m\u00eame, Green Apple, P\u00e2ris et son jugement vengeur) et dans l\u2019univers de Magritte. Et la proposition que j&rsquo;ai faite, me semble-t-il, a de nouveau rassur\u00e9 les adolescents, filles et gar\u00e7ons, hospitalis\u00e9s. En parall\u00e8le, certaines de ces rencontres ont permis des \u00e9changes plus intimes autour de la r\u00e9alisation de portraits sculpt\u00e9s, certains adolescents et soignants se laissant regarder durant des s\u00e9quences o\u00f9, tandis que je sculptais, nous abordions diff\u00e9rents sujets de la vie, de l\u2019art, du corps, de la repr\u00e9sentation, de l\u2019impossibilit\u00e9 de se ressembler parfois.\u00a0\u00bb<\/span><\/em><\/p>\n<p ><strong><span >L&rsquo;exposition :\u00a0 Des Ombres d\u2019Alice au Vestibule des Pommes<\/span><\/strong><\/p>\n<p><span >Les sculptures n\u00e9es des rencontres ayant eu lieu au cours de ces deux r\u00e9sidences sont donc pr\u00e9sent\u00e9es tout au long d\u2019un parcours qui m\u00e8ne du hall central de l\u2019Institut Mutualiste Montsouris jusqu&rsquo;au b\u00e2timent dans lequel se situe le d\u00e9partement de p\u00e9dopsychiatrie. Au total, 35 pi\u00e8ces sculpt\u00e9es r\u00e9unies en 17 installations. Figures d&rsquo;adolescent(e)s et portraits de soignant(e)s c\u00f4toient des figures d&rsquo;animaux, de pommes, et aussi des repr\u00e9sentations de cuillers, fourchettes et couteaux : v\u00e9hicules de la nourriture et donc \u00e0 la fois outils de soin et de violence dans la vie des jeunes gens souffrant d&rsquo;anorexie ou de troubles psychiques.<\/span><\/p>\n<p><strong><span >Informations pratiques:<\/span><\/strong><br \/><span >Exposition du 8 octobre 2015 au 8 janvier 2016<\/span><br \/><span >Ouverte en libre acc\u00e8s, tous les jours de 9h \u00e0 20h, dans le hall de l\u2019h\u00f4pital, le couloir des visiteurs et dans le hall du d\u00e9partement de psychiatrie de l\u2019adolescent et du jeune adulte.<\/span><br \/><span >Institut Mutualiste Montsouris 42, boulevard Jourdan \u2013 75014 Paris<\/span><br \/><span >Vernissage le jeudi 8 octobre \u00e0 18h<\/span><\/p>\n<p >\n<p><img decoding=\"async\" src=\"https:\/\/artistics.com\/wp-content\/uploads\/2023\/04\/article44_atelier_vestibule_de_pommes.jpg\" alt=\"\" width=\"640\" height=\"430\" \/><\/p>\n<p ><img decoding=\"async\" src=\"https:\/\/artistics.com\/wp-content\/uploads\/2023\/04\/article55_atelier_vestibule_de_pommes.jpg\" alt=\"\" width=\"428\" height=\"640\" \/><\/p>\n<p >\u00a0<\/p>\n<p ><img decoding=\"async\" src=\"https:\/\/artistics.com\/wp-content\/uploads\/2023\/04\/article66_atelier_vestibule_de_pommes.jpg\" alt=\"\" width=\"640\" height=\"427\" \/><\/p>\n<p>\u00a0<\/p>\n<p><img decoding=\"async\"  src=\"https:\/\/artistics.com\/wp-content\/uploads\/2023\/04\/article77_atelier_vestibule_de_pommes.jpg\" alt=\"\" width=\"483\" height=\"640\" \/><\/p>\n<p>\u00a0<\/p>\n","protected":false},"excerpt":{"rendered":"<p>Du 8 octobre 2015 au 8 janvier 2016, d\u00e9couvrez \u00e0 l\u2019Institut Mutualiste Montsouris de paris les oeuvres de C\u00e9cile Raynal cr\u00e9\u00e9es lors de deux r\u00e9sidences en service de psychiatrie de l\u2019adolescent.<\/p>\n","protected":false},"author":1,"featured_media":4904,"comment_status":"open","ping_status":"open","sticky":false,"template":"","format":"standard","meta":{"_acf_changed":false,"_searchwp_excluded":"","inline_featured_image":false,"footnotes":""},"categories":[1184],"tags":[1246,1221,1259,1190],"class_list":["post-4888","post","type-post","status-publish","format-standard","has-post-thumbnail","hentry","category-actualites-de-nos-artistes","tag-cecile-raynal","tag-exposition","tag-residence","tag-sculpture"],"acf":[],"yoast_head":"<!-- This site is optimized with the Yoast SEO Premium plugin v28.3 (Yoast SEO v28.3) - https:\/\/yoast.com\/product\/yoast-seo-premium-wordpress\/ -->\n<title>C\u00e9cile Raynal \u00e0 Paris<\/title>\n<meta name=\"description\" content=\"Du 8 octobre 2015 au 8 janvier 2016, d\u00e9couvrez \u00e0 l\u2019Institut Mutualiste Montsouris de paris les oeuvres de C\u00e9cile Raynal cr\u00e9\u00e9es lors de deux r\u00e9sidences en service de psychiatrie de l\u2019adolescent.\" \/>\n<meta name=\"robots\" content=\"index, follow, max-snippet:-1, max-image-preview:large, max-video-preview:-1\" \/>\n<link rel=\"canonical\" href=\"https:\/\/artistics.com\/fr\/artzine\/cecile-raynal-a-paris\/\" \/>\n<meta property=\"og:locale\" content=\"fr_FR\" \/>\n<meta property=\"og:type\" content=\"article\" \/>\n<meta property=\"og:title\" content=\"C\u00e9cile Raynal \u00e0 Paris\" \/>\n<meta property=\"og:description\" content=\"Du 8 octobre 2015 au 8 janvier 2016, d\u00e9couvrez \u00e0 l\u2019Institut Mutualiste Montsouris de paris les oeuvres de C\u00e9cile Raynal cr\u00e9\u00e9es lors de deux r\u00e9sidences en service de psychiatrie de l\u2019adolescent.\" \/>\n<meta property=\"og:url\" content=\"https:\/\/artistics.com\/fr\/artzine\/cecile-raynal-a-paris\/\" \/>\n<meta property=\"og:site_name\" content=\"Artistics\" \/>\n<meta property=\"article:publisher\" content=\"https:\/\/www.facebook.com\/ArtisticsMag\" \/>\n<meta property=\"article:published_time\" content=\"2015-10-06T14:50:46+00:00\" \/>\n<meta property=\"article:modified_time\" content=\"2023-04-13T01:41:56+00:00\" \/>\n<meta property=\"og:image\" content=\"https:\/\/artistics.com\/wp-content\/uploads\/2023\/04\/new_c_raynal_expo_paris-couv.jpg\" \/>\n\t<meta property=\"og:image:width\" content=\"640\" \/>\n\t<meta property=\"og:image:height\" content=\"377\" \/>\n\t<meta property=\"og:image:type\" content=\"image\/jpeg\" \/>\n<meta name=\"author\" content=\"Hypso\" \/>\n<meta name=\"twitter:card\" content=\"summary_large_image\" \/>\n<meta name=\"twitter:creator\" content=\"@Artistics_FR\" \/>\n<meta name=\"twitter:site\" content=\"@Artistics_FR\" \/>\n<meta name=\"twitter:label1\" content=\"\u00c9crit par\" \/>\n\t<meta name=\"twitter:data1\" content=\"Hypso\" \/>\n\t<meta name=\"twitter:label2\" content=\"Dur\u00e9e de lecture estim\u00e9e\" \/>\n\t<meta name=\"twitter:data2\" content=\"5 minutes\" \/>\n<script type=\"application\/ld+json\" class=\"yoast-schema-graph\">{\"@context\":\"https:\\\/\\\/schema.org\",\"@graph\":[{\"@type\":[\"Article\",\"BlogPosting\"],\"@id\":\"https:\\\/\\\/artistics.com\\\/fr\\\/artzine\\\/cecile-raynal-a-paris\\\/#article\",\"isPartOf\":{\"@id\":\"https:\\\/\\\/artistics.com\\\/fr\\\/artzine\\\/cecile-raynal-a-paris\\\/\"},\"author\":{\"name\":\"Hypso\",\"@id\":\"https:\\\/\\\/artistics.com\\\/fr\\\/#\\\/schema\\\/person\\\/06ccbcd390d4be9b22fdc66fc2e78e6c\"},\"headline\":\"C\u00e9cile Raynal \u00e0 Paris\",\"datePublished\":\"2015-10-06T14:50:46+00:00\",\"dateModified\":\"2023-04-13T01:41:56+00:00\",\"mainEntityOfPage\":{\"@id\":\"https:\\\/\\\/artistics.com\\\/fr\\\/artzine\\\/cecile-raynal-a-paris\\\/\"},\"wordCount\":919,\"commentCount\":0,\"publisher\":{\"@id\":\"https:\\\/\\\/artistics.com\\\/fr\\\/#organization\"},\"image\":{\"@id\":\"https:\\\/\\\/artistics.com\\\/fr\\\/artzine\\\/cecile-raynal-a-paris\\\/#primaryimage\"},\"thumbnailUrl\":\"https:\\\/\\\/artistics.com\\\/wp-content\\\/uploads\\\/2023\\\/04\\\/new_c_raynal_expo_paris-couv.jpg\",\"keywords\":[\"C\u00e9cile Raynal\",\"exposition\",\"r\u00e9sidence\",\"sculpture\"],\"articleSection\":[\"L\u2019actu de nos artistes\"],\"inLanguage\":\"fr-FR\",\"potentialAction\":[{\"@type\":\"CommentAction\",\"name\":\"Comment\",\"target\":[\"https:\\\/\\\/artistics.com\\\/fr\\\/artzine\\\/cecile-raynal-a-paris\\\/#respond\"]}]},{\"@type\":\"WebPage\",\"@id\":\"https:\\\/\\\/artistics.com\\\/fr\\\/artzine\\\/cecile-raynal-a-paris\\\/\",\"url\":\"https:\\\/\\\/artistics.com\\\/fr\\\/artzine\\\/cecile-raynal-a-paris\\\/\",\"name\":\"C\u00e9cile Raynal \u00e0 Paris\",\"isPartOf\":{\"@id\":\"https:\\\/\\\/artistics.com\\\/fr\\\/#website\"},\"primaryImageOfPage\":{\"@id\":\"https:\\\/\\\/artistics.com\\\/fr\\\/artzine\\\/cecile-raynal-a-paris\\\/#primaryimage\"},\"image\":{\"@id\":\"https:\\\/\\\/artistics.com\\\/fr\\\/artzine\\\/cecile-raynal-a-paris\\\/#primaryimage\"},\"thumbnailUrl\":\"https:\\\/\\\/artistics.com\\\/wp-content\\\/uploads\\\/2023\\\/04\\\/new_c_raynal_expo_paris-couv.jpg\",\"datePublished\":\"2015-10-06T14:50:46+00:00\",\"dateModified\":\"2023-04-13T01:41:56+00:00\",\"description\":\"Du 8 octobre 2015 au 8 janvier 2016, d\u00e9couvrez \u00e0 l\u2019Institut Mutualiste Montsouris de paris les oeuvres de C\u00e9cile Raynal cr\u00e9\u00e9es lors de deux r\u00e9sidences en service de psychiatrie de l\u2019adolescent.\",\"breadcrumb\":{\"@id\":\"https:\\\/\\\/artistics.com\\\/fr\\\/artzine\\\/cecile-raynal-a-paris\\\/#breadcrumb\"},\"inLanguage\":\"fr-FR\",\"potentialAction\":[{\"@type\":\"ReadAction\",\"target\":[\"https:\\\/\\\/artistics.com\\\/fr\\\/artzine\\\/cecile-raynal-a-paris\\\/\"]}]},{\"@type\":\"ImageObject\",\"inLanguage\":\"fr-FR\",\"@id\":\"https:\\\/\\\/artistics.com\\\/fr\\\/artzine\\\/cecile-raynal-a-paris\\\/#primaryimage\",\"url\":\"https:\\\/\\\/artistics.com\\\/wp-content\\\/uploads\\\/2023\\\/04\\\/new_c_raynal_expo_paris-couv.jpg\",\"contentUrl\":\"https:\\\/\\\/artistics.com\\\/wp-content\\\/uploads\\\/2023\\\/04\\\/new_c_raynal_expo_paris-couv.jpg\",\"width\":640,\"height\":377},{\"@type\":\"BreadcrumbList\",\"@id\":\"https:\\\/\\\/artistics.com\\\/fr\\\/artzine\\\/cecile-raynal-a-paris\\\/#breadcrumb\",\"itemListElement\":[{\"@type\":\"ListItem\",\"position\":1,\"name\":\"Achat \u0153uvre d'art\",\"item\":\"https:\\\/\\\/artistics.com\\\/fr\\\/\"},{\"@type\":\"ListItem\",\"position\":2,\"name\":\"L\u2019actu de nos artistes\",\"item\":\"https:\\\/\\\/artistics.com\\\/fr\\\/artzine\\\/category\\\/actualites-de-nos-artistes\\\/\"},{\"@type\":\"ListItem\",\"position\":3,\"name\":\"C\u00e9cile Raynal \u00e0 Paris\"}]},{\"@type\":\"WebSite\",\"@id\":\"https:\\\/\\\/artistics.com\\\/fr\\\/#website\",\"url\":\"https:\\\/\\\/artistics.com\\\/fr\\\/\",\"name\":\"Artistics\",\"description\":\"Contemporary art gallery\",\"publisher\":{\"@id\":\"https:\\\/\\\/artistics.com\\\/fr\\\/#organization\"},\"potentialAction\":[{\"@type\":\"SearchAction\",\"target\":{\"@type\":\"EntryPoint\",\"urlTemplate\":\"https:\\\/\\\/artistics.com\\\/fr\\\/?s={search_term_string}\"},\"query-input\":{\"@type\":\"PropertyValueSpecification\",\"valueRequired\":true,\"valueName\":\"search_term_string\"}}],\"inLanguage\":\"fr-FR\"},{\"@type\":\"Organization\",\"@id\":\"https:\\\/\\\/artistics.com\\\/fr\\\/#organization\",\"name\":\"Artistics\",\"url\":\"https:\\\/\\\/artistics.com\\\/fr\\\/\",\"logo\":{\"@type\":\"ImageObject\",\"inLanguage\":\"fr-FR\",\"@id\":\"https:\\\/\\\/artistics.com\\\/fr\\\/#\\\/schema\\\/logo\\\/image\\\/\",\"url\":\"https:\\\/\\\/artistics.com\\\/wp-content\\\/uploads\\\/2026\\\/06\\\/artistics-logo-web-2.svg\",\"contentUrl\":\"https:\\\/\\\/artistics.com\\\/wp-content\\\/uploads\\\/2026\\\/06\\\/artistics-logo-web-2.svg\",\"width\":100,\"height\":100,\"caption\":\"Artistics\"},\"image\":{\"@id\":\"https:\\\/\\\/artistics.com\\\/fr\\\/#\\\/schema\\\/logo\\\/image\\\/\"},\"sameAs\":[\"https:\\\/\\\/www.facebook.com\\\/ArtisticsMag\",\"https:\\\/\\\/x.com\\\/Artistics_FR\",\"http:\\\/\\\/www.linkedin.com\\\/company\\\/artistics\",\"https:\\\/\\\/www.instagram.com\\\/artistics_com\\\/\",\"http:\\\/\\\/www.pinterest.com\\\/ArtisticsMag\"],\"hasMerchantReturnPolicy\":{\"@type\":\"MerchantReturnPolicy\",\"merchantReturnLink\":\"https:\\\/\\\/artistics.com\\\/free-return-policy\\\/\"}},{\"@type\":\"Person\",\"@id\":\"https:\\\/\\\/artistics.com\\\/fr\\\/#\\\/schema\\\/person\\\/06ccbcd390d4be9b22fdc66fc2e78e6c\",\"name\":\"Hypso\",\"image\":{\"@type\":\"ImageObject\",\"inLanguage\":\"fr-FR\",\"@id\":\"https:\\\/\\\/secure.gravatar.com\\\/avatar\\\/df2518545b115be73a09aa9ed0fe74108171a89b0189073d31863a695ada9fcf?s=96&d=mm&r=g\",\"url\":\"https:\\\/\\\/secure.gravatar.com\\\/avatar\\\/df2518545b115be73a09aa9ed0fe74108171a89b0189073d31863a695ada9fcf?s=96&d=mm&r=g\",\"contentUrl\":\"https:\\\/\\\/secure.gravatar.com\\\/avatar\\\/df2518545b115be73a09aa9ed0fe74108171a89b0189073d31863a695ada9fcf?s=96&d=mm&r=g\",\"caption\":\"Hypso\"},\"sameAs\":[\"https:\\\/\\\/artistics.com\"]}]}<\/script>\n<!-- \/ Yoast SEO Premium plugin. -->","yoast_head_json":{"title":"C\u00e9cile Raynal \u00e0 Paris","description":"Du 8 octobre 2015 au 8 janvier 2016, d\u00e9couvrez \u00e0 l\u2019Institut Mutualiste Montsouris de paris les oeuvres de C\u00e9cile Raynal cr\u00e9\u00e9es lors de deux r\u00e9sidences en service de psychiatrie de l\u2019adolescent.","robots":{"index":"index","follow":"follow","max-snippet":"max-snippet:-1","max-image-preview":"max-image-preview:large","max-video-preview":"max-video-preview:-1"},"canonical":"https:\/\/artistics.com\/fr\/artzine\/cecile-raynal-a-paris\/","og_locale":"fr_FR","og_type":"article","og_title":"C\u00e9cile Raynal \u00e0 Paris","og_description":"Du 8 octobre 2015 au 8 janvier 2016, d\u00e9couvrez \u00e0 l\u2019Institut Mutualiste Montsouris de paris les oeuvres de C\u00e9cile Raynal cr\u00e9\u00e9es lors de deux r\u00e9sidences en service de psychiatrie de l\u2019adolescent.","og_url":"https:\/\/artistics.com\/fr\/artzine\/cecile-raynal-a-paris\/","og_site_name":"Artistics","article_publisher":"https:\/\/www.facebook.com\/ArtisticsMag","article_published_time":"2015-10-06T14:50:46+00:00","article_modified_time":"2023-04-13T01:41:56+00:00","og_image":[{"width":640,"height":377,"url":"https:\/\/artistics.com\/wp-content\/uploads\/2023\/04\/new_c_raynal_expo_paris-couv.jpg","type":"image\/jpeg"}],"author":"Hypso","twitter_card":"summary_large_image","twitter_creator":"@Artistics_FR","twitter_site":"@Artistics_FR","twitter_misc":{"\u00c9crit par":"Hypso","Dur\u00e9e de lecture estim\u00e9e":"5 minutes"},"schema":{"@context":"https:\/\/schema.org","@graph":[{"@type":["Article","BlogPosting"],"@id":"https:\/\/artistics.com\/fr\/artzine\/cecile-raynal-a-paris\/#article","isPartOf":{"@id":"https:\/\/artistics.com\/fr\/artzine\/cecile-raynal-a-paris\/"},"author":{"name":"Hypso","@id":"https:\/\/artistics.com\/fr\/#\/schema\/person\/06ccbcd390d4be9b22fdc66fc2e78e6c"},"headline":"C\u00e9cile Raynal \u00e0 Paris","datePublished":"2015-10-06T14:50:46+00:00","dateModified":"2023-04-13T01:41:56+00:00","mainEntityOfPage":{"@id":"https:\/\/artistics.com\/fr\/artzine\/cecile-raynal-a-paris\/"},"wordCount":919,"commentCount":0,"publisher":{"@id":"https:\/\/artistics.com\/fr\/#organization"},"image":{"@id":"https:\/\/artistics.com\/fr\/artzine\/cecile-raynal-a-paris\/#primaryimage"},"thumbnailUrl":"https:\/\/artistics.com\/wp-content\/uploads\/2023\/04\/new_c_raynal_expo_paris-couv.jpg","keywords":["C\u00e9cile Raynal","exposition","r\u00e9sidence","sculpture"],"articleSection":["L\u2019actu de nos artistes"],"inLanguage":"fr-FR","potentialAction":[{"@type":"CommentAction","name":"Comment","target":["https:\/\/artistics.com\/fr\/artzine\/cecile-raynal-a-paris\/#respond"]}]},{"@type":"WebPage","@id":"https:\/\/artistics.com\/fr\/artzine\/cecile-raynal-a-paris\/","url":"https:\/\/artistics.com\/fr\/artzine\/cecile-raynal-a-paris\/","name":"C\u00e9cile Raynal \u00e0 Paris","isPartOf":{"@id":"https:\/\/artistics.com\/fr\/#website"},"primaryImageOfPage":{"@id":"https:\/\/artistics.com\/fr\/artzine\/cecile-raynal-a-paris\/#primaryimage"},"image":{"@id":"https:\/\/artistics.com\/fr\/artzine\/cecile-raynal-a-paris\/#primaryimage"},"thumbnailUrl":"https:\/\/artistics.com\/wp-content\/uploads\/2023\/04\/new_c_raynal_expo_paris-couv.jpg","datePublished":"2015-10-06T14:50:46+00:00","dateModified":"2023-04-13T01:41:56+00:00","description":"Du 8 octobre 2015 au 8 janvier 2016, d\u00e9couvrez \u00e0 l\u2019Institut Mutualiste Montsouris de paris les oeuvres de C\u00e9cile Raynal cr\u00e9\u00e9es lors de deux r\u00e9sidences en service de psychiatrie de l\u2019adolescent.","breadcrumb":{"@id":"https:\/\/artistics.com\/fr\/artzine\/cecile-raynal-a-paris\/#breadcrumb"},"inLanguage":"fr-FR","potentialAction":[{"@type":"ReadAction","target":["https:\/\/artistics.com\/fr\/artzine\/cecile-raynal-a-paris\/"]}]},{"@type":"ImageObject","inLanguage":"fr-FR","@id":"https:\/\/artistics.com\/fr\/artzine\/cecile-raynal-a-paris\/#primaryimage","url":"https:\/\/artistics.com\/wp-content\/uploads\/2023\/04\/new_c_raynal_expo_paris-couv.jpg","contentUrl":"https:\/\/artistics.com\/wp-content\/uploads\/2023\/04\/new_c_raynal_expo_paris-couv.jpg","width":640,"height":377},{"@type":"BreadcrumbList","@id":"https:\/\/artistics.com\/fr\/artzine\/cecile-raynal-a-paris\/#breadcrumb","itemListElement":[{"@type":"ListItem","position":1,"name":"Achat \u0153uvre d'art","item":"https:\/\/artistics.com\/fr\/"},{"@type":"ListItem","position":2,"name":"L\u2019actu de nos artistes","item":"https:\/\/artistics.com\/fr\/artzine\/category\/actualites-de-nos-artistes\/"},{"@type":"ListItem","position":3,"name":"C\u00e9cile Raynal \u00e0 Paris"}]},{"@type":"WebSite","@id":"https:\/\/artistics.com\/fr\/#website","url":"https:\/\/artistics.com\/fr\/","name":"Artistics","description":"Contemporary art gallery","publisher":{"@id":"https:\/\/artistics.com\/fr\/#organization"},"potentialAction":[{"@type":"SearchAction","target":{"@type":"EntryPoint","urlTemplate":"https:\/\/artistics.com\/fr\/?s={search_term_string}"},"query-input":{"@type":"PropertyValueSpecification","valueRequired":true,"valueName":"search_term_string"}}],"inLanguage":"fr-FR"},{"@type":"Organization","@id":"https:\/\/artistics.com\/fr\/#organization","name":"Artistics","url":"https:\/\/artistics.com\/fr\/","logo":{"@type":"ImageObject","inLanguage":"fr-FR","@id":"https:\/\/artistics.com\/fr\/#\/schema\/logo\/image\/","url":"https:\/\/artistics.com\/wp-content\/uploads\/2026\/06\/artistics-logo-web-2.svg","contentUrl":"https:\/\/artistics.com\/wp-content\/uploads\/2026\/06\/artistics-logo-web-2.svg","width":100,"height":100,"caption":"Artistics"},"image":{"@id":"https:\/\/artistics.com\/fr\/#\/schema\/logo\/image\/"},"sameAs":["https:\/\/www.facebook.com\/ArtisticsMag","https:\/\/x.com\/Artistics_FR","http:\/\/www.linkedin.com\/company\/artistics","https:\/\/www.instagram.com\/artistics_com\/","http:\/\/www.pinterest.com\/ArtisticsMag"],"hasMerchantReturnPolicy":{"@type":"MerchantReturnPolicy","merchantReturnLink":"https:\/\/artistics.com\/free-return-policy\/"}},{"@type":"Person","@id":"https:\/\/artistics.com\/fr\/#\/schema\/person\/06ccbcd390d4be9b22fdc66fc2e78e6c","name":"Hypso","image":{"@type":"ImageObject","inLanguage":"fr-FR","@id":"https:\/\/secure.gravatar.com\/avatar\/df2518545b115be73a09aa9ed0fe74108171a89b0189073d31863a695ada9fcf?s=96&d=mm&r=g","url":"https:\/\/secure.gravatar.com\/avatar\/df2518545b115be73a09aa9ed0fe74108171a89b0189073d31863a695ada9fcf?s=96&d=mm&r=g","contentUrl":"https:\/\/secure.gravatar.com\/avatar\/df2518545b115be73a09aa9ed0fe74108171a89b0189073d31863a695ada9fcf?s=96&d=mm&r=g","caption":"Hypso"},"sameAs":["https:\/\/artistics.com"]}]}},"_links":{"self":[{"href":"https:\/\/artistics.com\/fr\/wp-json\/wp\/v2\/posts\/4888","targetHints":{"allow":["GET"]}}],"collection":[{"href":"https:\/\/artistics.com\/fr\/wp-json\/wp\/v2\/posts"}],"about":[{"href":"https:\/\/artistics.com\/fr\/wp-json\/wp\/v2\/types\/post"}],"author":[{"embeddable":true,"href":"https:\/\/artistics.com\/fr\/wp-json\/wp\/v2\/users\/1"}],"replies":[{"embeddable":true,"href":"https:\/\/artistics.com\/fr\/wp-json\/wp\/v2\/comments?post=4888"}],"version-history":[{"count":0,"href":"https:\/\/artistics.com\/fr\/wp-json\/wp\/v2\/posts\/4888\/revisions"}],"wp:featuredmedia":[{"embeddable":true,"href":"https:\/\/artistics.com\/fr\/wp-json\/wp\/v2\/media\/4904"}],"wp:attachment":[{"href":"https:\/\/artistics.com\/fr\/wp-json\/wp\/v2\/media?parent=4888"}],"wp:term":[{"taxonomy":"category","embeddable":true,"href":"https:\/\/artistics.com\/fr\/wp-json\/wp\/v2\/categories?post=4888"},{"taxonomy":"post_tag","embeddable":true,"href":"https:\/\/artistics.com\/fr\/wp-json\/wp\/v2\/tags?post=4888"}],"curies":[{"name":"wp","href":"https:\/\/api.w.org\/{rel}","templated":true}]}}