{"id":4834,"date":"2014-10-22T21:17:32","date_gmt":"2014-10-22T19:17:32","guid":{"rendered":"https:\/\/2022.devartistics.com\/artzine\/fiac-la-folle-semaine\/"},"modified":"2023-06-29T12:51:41","modified_gmt":"2023-06-29T10:51:41","slug":"fiac-la-folle-semaine","status":"publish","type":"post","link":"https:\/\/artistics.com\/fr\/artzine\/fiac-la-folle-semaine\/","title":{"rendered":"FIAC : la folle semaine"},"content":{"rendered":"<p>FIAC : la folle semaine<\/p>\n<p>Apr\u00e8s Londres, c\u2019est au tour de Paris d\u2019accueillir le petit monde de l\u2019art contemporain. Autour de la FIAC, la capitale proposera aux amateurs d\u2019art une programmation qui devrait marquer les esprits. Notre s\u00e9lection\u2026<\/p>\n<p><img decoding=\"async\" src=\"https:\/\/artistics.com\/wp-content\/uploads\/2023\/04\/article1FIAC_LOGOWEB.jpg\" alt=\"\" width=\"450\" height=\"385\" \/><\/p>\n<p><strong>LUNDI<\/strong><\/p>\n<p>Ce sera sans doute l\u2019un des \u00e9v\u00e9nements les plus marquants de cette folle semaine, celui dont on parle d\u00e9j\u00e0 depuis plusieurs mois et qui devrait alimenter les conservations des prochains jours : l\u2019inauguration de la Fondation Louis Vuitton, pr\u00e8s du Jardin d&rsquo;acclimatation, \u00e0 Paris. Elle abritera une partie de la collection d&rsquo;art contemporain de Bernard Arnault, le pr\u00e9sident de LVMH, dans un b\u00e2timent con\u00e7u par l&rsquo;architecte Frank Gehry. Ceux qui n\u2019auront pas eu la chance d\u2019\u00eatre invit\u00e9s au vernissage devront patienter jusqu\u2019au 27 octobre, date de l\u2019ouverture officielle au public.<\/p>\n<p>Fondation Louis Vuitton<br \/>\n8 Avenue du Mahatma Gandhi, 75116 Paris<\/p>\n<p><img decoding=\"async\" src=\"https:\/\/artistics.com\/wp-content\/uploads\/2023\/04\/article2FIAC_fiac202014_1.jpg\" alt=\"\" width=\"168\" height=\"255\" \/> \u00a0 \u00a0 \u00a0 \u00a0 \u00a0<img decoding=\"async\" src=\"https:\/\/artistics.com\/wp-content\/uploads\/2023\/04\/article3FIAC_Officielle_1.jpg\" alt=\"\" width=\"420\" height=\"257\" \/><\/p>\n<p><strong>De MARDI \u00e0 JEUDI<\/strong><\/p>\n<p>Pendant trois jours, les foires On et Off se passent le relais pour entrouvrir leurs portes aux collectionneurs, avant l\u2019ouverture officielle au public. Honneur aux derniers arriv\u00e9s avec (Off)icielle, le nouvel \u00e9v\u00e9nement de la FIAC \u00ab\u00a0ax\u00e9 sur le principe de la d\u00e9couverte\u00a0\u00bb. Avant-premi\u00e8re le mardi 21 octobre de 15h \u00e0 21h (uniquement sur invitation).<br \/>\nLe m\u00eame soir, c\u2019est le vernissage de Slick qui, pour sa 9e \u00e9dition, rassemble une trentaine de galeries et propose un espace baptis\u00e9 \u2018La Plateforme\u2019 pr\u00e9sentant une dizaine de projets d\u2019artistes \u00e9mergents.<br \/>\nLe lendemain, vernissage de la FIAC avec cette ann\u00e9e 191 galeries sous la verri\u00e8re du Grand Palais, et enfin jeudi, celui de la YIA Art Fair. Pour sa 4e \u00e9dition, le \u00ab\u00a0salon d\u2019art contemporain engag\u00e9 en faveur des sc\u00e8nes \u00e9mergentes \u00e0 Paris\u00a0\u00bb accueille 65 galeries au Carreau du Temple.<\/p>\n<p><strong>(Off)icielle<\/strong><br \/>\nLes Docks \u2013 Cit\u00e9 de la mode et du design (34 Quai d\u2019Austerlitz, 75013 Paris)<br \/>\nDu 22 au 26 octobre<\/p>\n<p><strong>Slick Attitude<\/strong><br \/>\nPont Alexandre III (Port des Champs-Elys\u00e9es, 75008 Paris)<br \/>\nDu 22 au 26 octobre<\/p>\n<p><strong>FIAC<\/strong><br \/>\nGrand Palais<br \/>\nAvenue Winston Churchill, 75008 Paris<br \/>\nDu 23 au 26 octobre<\/p>\n<p><strong>YIA Art Fair #04<\/strong><br \/>\nLe Carreau du Temple (2, rue Eug\u00e8ne Spuller, 75003 Paris)<br \/>\nDu 24 au 26 octobre<\/p>\n<p><img decoding=\"async\" src=\"https:\/\/artistics.com\/wp-content\/uploads\/2023\/04\/article4FIAC_Nocturne20des20galeries_1.jpg\" alt=\"\" width=\"317\" height=\"458\" \/><br \/>\n<strong>JEUDI<\/strong><\/p>\n<p>Jeudi soir, les galeries parisiennes restent ouvertes jusqu\u2019\u00e0 22h. Les amateurs d\u2019art pourront parcourir les quartiers de Saint-Germain, de Matignon, du Marais ou de Belleville \u00e0 travers plus de 90 expositions et d\u00e9couvrir une programmation riche en \u00e9v\u00e8nements : vernissages, performances, signatures d\u2019ouvrages, rencontres avec les artistes&#8230;<\/p>\n<p><strong>Nocturne des galeries parisiennes<\/strong><br \/>\nJeudi 23 octobre 2014 jusqu\u2019\u00e0 22h<\/p>\n<p><img decoding=\"async\" src=\"https:\/\/artistics.com\/wp-content\/uploads\/2023\/04\/article5Paul_McCarthy_0.jpg\" alt=\"\" width=\"321\" height=\"453\" \/><\/p>\n<p><strong>VENDREDI<\/strong><\/p>\n<p>Celui par qui le scandale arrive\u2026 L\u2019artiste Paul McCarthy, qui a cr\u00e9\u00e9 la pol\u00e9mique avant m\u00eame le d\u00e9but de la foire avec son installation Place Vend\u00f4me, devrait \u00e0 nouveau d\u00e9frayer la chronique en fin de semaine avec le vernissage vendredi de sa \u00ab\u00a0Chocolate Factory\u00a0\u00bb \u00e0 la Monnaie de Paris. Ames sensibles s\u2019abstenir.<br \/>\nA noter que le lendemain (samedi donc \u00e0 16h), Paul McCarthy inaugurera le programme de conversations hebdomadaires \u00ab\u00a0Paul in Paris \/ Paris in Paul\u00a0\u00bb \u00e0 l\u2019Ecole des Beaux Arts de Paris.<\/p>\n<p><strong>Chocolate Factory<\/strong><br \/>\nMonnaie de Paris (11 quai de Conti, 75006 Paris)<br \/>\nDu 25 octobre 2014 au 4 janvier 2015<\/p>\n<p><strong>Paul in Paris \/ Paris in Paul<\/strong><br \/>\nEcole Nationale Sup\u00e9rieure des Beaux Arts de Paris<br \/>\nAmphith\u00e9\u00e2tre d\u2019honneur (14 Rue Bonaparte, 75006 Paris)<br \/>\n25 octobre 2014 \u00e0 16h<\/p>\n<p><img decoding=\"async\" src=\"https:\/\/artistics.com\/wp-content\/uploads\/2023\/04\/article6FIAC_Musee20picasso20paris.jpg\" alt=\"\" width=\"321\" height=\"310\" \/><\/p>\n<p><strong>SAMEDI<\/strong><\/p>\n<p>Ironie du sort, c\u2019est la r\u00e9ouverture du Mus\u00e9e Picasso qui, apr\u00e8s avoir d\u00e9fray\u00e9 la chronique et les passions au cours des derniers mois, devrait rassembler tout le monde en fin de semaine dans un concert de louanges et d\u2019applaudissements.<\/p>\n<p><strong>Mus\u00e9e Picasso<\/strong><br \/>\nH\u00f4tel Sal\u00e9 (5, rue de Thorigny, 75003 Paris)<br \/>\nLes 25 et 26 octobre, le Mus\u00e9e ouvrira ses portes gratuitement et sans r\u00e9servation.<\/p>\n","protected":false},"excerpt":{"rendered":"<p>Apr\u00e8s Londres, c\u2019est au tour de Paris d\u2019accueillir le petit monde de l\u2019art contemporain. Autour de la FIAC, la capitale proposera aux amateurs d\u2019art une programmation qui devrait marquer les esprits. Notre s\u00e9lection\u2026<\/p>\n","protected":false},"author":2,"featured_media":3180,"comment_status":"open","ping_status":"open","sticky":false,"template":"","format":"standard","meta":{"_acf_changed":false,"_searchwp_excluded":"","inline_featured_image":false,"footnotes":""},"categories":[1185],"tags":[1251,1252,1253,1254,1255,1256],"class_list":["post-4834","post","type-post","status-publish","format-standard","has-post-thumbnail","hentry","category-le-monde-de-art","tag-officielle","tag-fiac","tag-fondation-louis-vuitton","tag-musee-picasso","tag-slick","tag-yia"],"acf":[],"yoast_head":"<!-- This site is optimized with the Yoast SEO Premium plugin v28.3 (Yoast SEO v28.3) - https:\/\/yoast.com\/product\/yoast-seo-premium-wordpress\/ -->\n<title>FIAC : la folle semaine<\/title>\n<meta name=\"description\" content=\"Apr\u00e8s Londres, c\u2019est au tour de Paris d\u2019accueillir le petit monde de l\u2019art contemporain. Autour de la FIAC, la capitale proposera aux amateurs d\u2019art une programmation qui devrait marquer les esprits. Notre s\u00e9lection\u2026\" \/>\n<meta name=\"robots\" content=\"index, follow, max-snippet:-1, max-image-preview:large, max-video-preview:-1\" \/>\n<link rel=\"canonical\" href=\"https:\/\/artistics.com\/fr\/artzine\/fiac-la-folle-semaine\/\" \/>\n<meta property=\"og:locale\" content=\"fr_FR\" \/>\n<meta property=\"og:type\" content=\"article\" \/>\n<meta property=\"og:title\" content=\"FIAC : la folle semaine\" \/>\n<meta property=\"og:description\" content=\"Apr\u00e8s Londres, c\u2019est au tour de Paris d\u2019accueillir le petit monde de l\u2019art contemporain. Autour de la FIAC, la capitale proposera aux amateurs d\u2019art une programmation qui devrait marquer les esprits. Notre s\u00e9lection\u2026\" \/>\n<meta property=\"og:url\" content=\"https:\/\/artistics.com\/fr\/artzine\/fiac-la-folle-semaine\/\" \/>\n<meta property=\"og:site_name\" content=\"Artistics\" \/>\n<meta property=\"article:publisher\" content=\"https:\/\/www.facebook.com\/ArtisticsMag\" \/>\n<meta property=\"article:published_time\" content=\"2014-10-22T19:17:32+00:00\" \/>\n<meta property=\"article:modified_time\" content=\"2023-06-29T10:51:41+00:00\" \/>\n<meta property=\"og:image\" content=\"https:\/\/artistics.com\/wp-content\/uploads\/2023\/04\/new5749fiac_logoweb_0.jpg\" \/>\n\t<meta property=\"og:image:width\" content=\"1988\" \/>\n\t<meta property=\"og:image:height\" content=\"1703\" \/>\n\t<meta property=\"og:image:type\" content=\"image\/jpeg\" \/>\n<meta name=\"author\" content=\"Eleonora Fontana\" \/>\n<meta name=\"twitter:card\" content=\"summary_large_image\" \/>\n<meta name=\"twitter:creator\" content=\"@Artistics_FR\" \/>\n<meta name=\"twitter:site\" content=\"@Artistics_FR\" \/>\n<meta name=\"twitter:label1\" content=\"\u00c9crit par\" \/>\n\t<meta name=\"twitter:data1\" content=\"Eleonora Fontana\" \/>\n\t<meta name=\"twitter:label2\" content=\"Dur\u00e9e de lecture estim\u00e9e\" \/>\n\t<meta name=\"twitter:data2\" content=\"4 minutes\" \/>\n<script type=\"application\/ld+json\" class=\"yoast-schema-graph\">{\"@context\":\"https:\\\/\\\/schema.org\",\"@graph\":[{\"@type\":[\"Article\",\"BlogPosting\"],\"@id\":\"https:\\\/\\\/artistics.com\\\/fr\\\/artzine\\\/fiac-la-folle-semaine\\\/#article\",\"isPartOf\":{\"@id\":\"https:\\\/\\\/artistics.com\\\/fr\\\/artzine\\\/fiac-la-folle-semaine\\\/\"},\"author\":{\"name\":\"Eleonora Fontana\",\"@id\":\"https:\\\/\\\/artistics.com\\\/fr\\\/#\\\/schema\\\/person\\\/a39d54f18b4c5fe4a0de78e3f9236993\"},\"headline\":\"FIAC : la folle semaine\",\"datePublished\":\"2014-10-22T19:17:32+00:00\",\"dateModified\":\"2023-06-29T10:51:41+00:00\",\"mainEntityOfPage\":{\"@id\":\"https:\\\/\\\/artistics.com\\\/fr\\\/artzine\\\/fiac-la-folle-semaine\\\/\"},\"wordCount\":613,\"commentCount\":0,\"publisher\":{\"@id\":\"https:\\\/\\\/artistics.com\\\/fr\\\/#organization\"},\"image\":{\"@id\":\"https:\\\/\\\/artistics.com\\\/fr\\\/artzine\\\/fiac-la-folle-semaine\\\/#primaryimage\"},\"thumbnailUrl\":\"https:\\\/\\\/artistics.com\\\/wp-content\\\/uploads\\\/2023\\\/04\\\/new5749fiac_logoweb_0.jpg\",\"keywords\":[\"(off)icielle\",\"FIAC\",\"fondation Louis Vuitton\",\"Mus\u00e9e Picasso\",\"slick\",\"YIA\"],\"articleSection\":[\"Monde de l\u2019art\"],\"inLanguage\":\"fr-FR\",\"potentialAction\":[{\"@type\":\"CommentAction\",\"name\":\"Comment\",\"target\":[\"https:\\\/\\\/artistics.com\\\/fr\\\/artzine\\\/fiac-la-folle-semaine\\\/#respond\"]}]},{\"@type\":\"WebPage\",\"@id\":\"https:\\\/\\\/artistics.com\\\/fr\\\/artzine\\\/fiac-la-folle-semaine\\\/\",\"url\":\"https:\\\/\\\/artistics.com\\\/fr\\\/artzine\\\/fiac-la-folle-semaine\\\/\",\"name\":\"FIAC : la folle semaine\",\"isPartOf\":{\"@id\":\"https:\\\/\\\/artistics.com\\\/fr\\\/#website\"},\"primaryImageOfPage\":{\"@id\":\"https:\\\/\\\/artistics.com\\\/fr\\\/artzine\\\/fiac-la-folle-semaine\\\/#primaryimage\"},\"image\":{\"@id\":\"https:\\\/\\\/artistics.com\\\/fr\\\/artzine\\\/fiac-la-folle-semaine\\\/#primaryimage\"},\"thumbnailUrl\":\"https:\\\/\\\/artistics.com\\\/wp-content\\\/uploads\\\/2023\\\/04\\\/new5749fiac_logoweb_0.jpg\",\"datePublished\":\"2014-10-22T19:17:32+00:00\",\"dateModified\":\"2023-06-29T10:51:41+00:00\",\"description\":\"Apr\u00e8s Londres, c\u2019est au tour de Paris d\u2019accueillir le petit monde de l\u2019art contemporain. Autour de la FIAC, la capitale proposera aux amateurs d\u2019art une programmation qui devrait marquer les esprits. Notre s\u00e9lection\u2026\",\"breadcrumb\":{\"@id\":\"https:\\\/\\\/artistics.com\\\/fr\\\/artzine\\\/fiac-la-folle-semaine\\\/#breadcrumb\"},\"inLanguage\":\"fr-FR\",\"potentialAction\":[{\"@type\":\"ReadAction\",\"target\":[\"https:\\\/\\\/artistics.com\\\/fr\\\/artzine\\\/fiac-la-folle-semaine\\\/\"]}]},{\"@type\":\"ImageObject\",\"inLanguage\":\"fr-FR\",\"@id\":\"https:\\\/\\\/artistics.com\\\/fr\\\/artzine\\\/fiac-la-folle-semaine\\\/#primaryimage\",\"url\":\"https:\\\/\\\/artistics.com\\\/wp-content\\\/uploads\\\/2023\\\/04\\\/new5749fiac_logoweb_0.jpg\",\"contentUrl\":\"https:\\\/\\\/artistics.com\\\/wp-content\\\/uploads\\\/2023\\\/04\\\/new5749fiac_logoweb_0.jpg\",\"width\":1988,\"height\":1703},{\"@type\":\"BreadcrumbList\",\"@id\":\"https:\\\/\\\/artistics.com\\\/fr\\\/artzine\\\/fiac-la-folle-semaine\\\/#breadcrumb\",\"itemListElement\":[{\"@type\":\"ListItem\",\"position\":1,\"name\":\"Achat \u0153uvre d'art\",\"item\":\"https:\\\/\\\/artistics.com\\\/fr\\\/\"},{\"@type\":\"ListItem\",\"position\":2,\"name\":\"Monde de l\u2019art\",\"item\":\"https:\\\/\\\/artistics.com\\\/fr\\\/artzine\\\/category\\\/le-monde-de-art\\\/\"},{\"@type\":\"ListItem\",\"position\":3,\"name\":\"FIAC : la folle semaine\"}]},{\"@type\":\"WebSite\",\"@id\":\"https:\\\/\\\/artistics.com\\\/fr\\\/#website\",\"url\":\"https:\\\/\\\/artistics.com\\\/fr\\\/\",\"name\":\"Artistics\",\"description\":\"Contemporary art gallery\",\"publisher\":{\"@id\":\"https:\\\/\\\/artistics.com\\\/fr\\\/#organization\"},\"potentialAction\":[{\"@type\":\"SearchAction\",\"target\":{\"@type\":\"EntryPoint\",\"urlTemplate\":\"https:\\\/\\\/artistics.com\\\/fr\\\/?s={search_term_string}\"},\"query-input\":{\"@type\":\"PropertyValueSpecification\",\"valueRequired\":true,\"valueName\":\"search_term_string\"}}],\"inLanguage\":\"fr-FR\"},{\"@type\":\"Organization\",\"@id\":\"https:\\\/\\\/artistics.com\\\/fr\\\/#organization\",\"name\":\"Artistics\",\"url\":\"https:\\\/\\\/artistics.com\\\/fr\\\/\",\"logo\":{\"@type\":\"ImageObject\",\"inLanguage\":\"fr-FR\",\"@id\":\"https:\\\/\\\/artistics.com\\\/fr\\\/#\\\/schema\\\/logo\\\/image\\\/\",\"url\":\"https:\\\/\\\/artistics.com\\\/wp-content\\\/uploads\\\/2026\\\/06\\\/artistics-logo-web-2.svg\",\"contentUrl\":\"https:\\\/\\\/artistics.com\\\/wp-content\\\/uploads\\\/2026\\\/06\\\/artistics-logo-web-2.svg\",\"width\":100,\"height\":100,\"caption\":\"Artistics\"},\"image\":{\"@id\":\"https:\\\/\\\/artistics.com\\\/fr\\\/#\\\/schema\\\/logo\\\/image\\\/\"},\"sameAs\":[\"https:\\\/\\\/www.facebook.com\\\/ArtisticsMag\",\"https:\\\/\\\/x.com\\\/Artistics_FR\",\"http:\\\/\\\/www.linkedin.com\\\/company\\\/artistics\",\"https:\\\/\\\/www.instagram.com\\\/artistics_com\\\/\",\"http:\\\/\\\/www.pinterest.com\\\/ArtisticsMag\"],\"hasMerchantReturnPolicy\":{\"@type\":\"MerchantReturnPolicy\",\"merchantReturnLink\":\"https:\\\/\\\/artistics.com\\\/free-return-policy\\\/\"}},{\"@type\":\"Person\",\"@id\":\"https:\\\/\\\/artistics.com\\\/fr\\\/#\\\/schema\\\/person\\\/a39d54f18b4c5fe4a0de78e3f9236993\",\"name\":\"Eleonora Fontana\",\"image\":{\"@type\":\"ImageObject\",\"inLanguage\":\"fr-FR\",\"@id\":\"https:\\\/\\\/secure.gravatar.com\\\/avatar\\\/c15608b0600d759a03e927302242286e2f196b9d8abb87856fc3a3087c242f7b?s=96&d=mm&r=g\",\"url\":\"https:\\\/\\\/secure.gravatar.com\\\/avatar\\\/c15608b0600d759a03e927302242286e2f196b9d8abb87856fc3a3087c242f7b?s=96&d=mm&r=g\",\"contentUrl\":\"https:\\\/\\\/secure.gravatar.com\\\/avatar\\\/c15608b0600d759a03e927302242286e2f196b9d8abb87856fc3a3087c242f7b?s=96&d=mm&r=g\",\"caption\":\"Eleonora Fontana\"}}]}<\/script>\n<!-- \/ Yoast SEO Premium plugin. -->","yoast_head_json":{"title":"FIAC : la folle semaine","description":"Apr\u00e8s Londres, c\u2019est au tour de Paris d\u2019accueillir le petit monde de l\u2019art contemporain. Autour de la FIAC, la capitale proposera aux amateurs d\u2019art une programmation qui devrait marquer les esprits. Notre s\u00e9lection\u2026","robots":{"index":"index","follow":"follow","max-snippet":"max-snippet:-1","max-image-preview":"max-image-preview:large","max-video-preview":"max-video-preview:-1"},"canonical":"https:\/\/artistics.com\/fr\/artzine\/fiac-la-folle-semaine\/","og_locale":"fr_FR","og_type":"article","og_title":"FIAC : la folle semaine","og_description":"Apr\u00e8s Londres, c\u2019est au tour de Paris d\u2019accueillir le petit monde de l\u2019art contemporain. Autour de la FIAC, la capitale proposera aux amateurs d\u2019art une programmation qui devrait marquer les esprits. Notre s\u00e9lection\u2026","og_url":"https:\/\/artistics.com\/fr\/artzine\/fiac-la-folle-semaine\/","og_site_name":"Artistics","article_publisher":"https:\/\/www.facebook.com\/ArtisticsMag","article_published_time":"2014-10-22T19:17:32+00:00","article_modified_time":"2023-06-29T10:51:41+00:00","og_image":[{"width":1988,"height":1703,"url":"https:\/\/artistics.com\/wp-content\/uploads\/2023\/04\/new5749fiac_logoweb_0.jpg","type":"image\/jpeg"}],"author":"Eleonora Fontana","twitter_card":"summary_large_image","twitter_creator":"@Artistics_FR","twitter_site":"@Artistics_FR","twitter_misc":{"\u00c9crit par":"Eleonora Fontana","Dur\u00e9e de lecture estim\u00e9e":"4 minutes"},"schema":{"@context":"https:\/\/schema.org","@graph":[{"@type":["Article","BlogPosting"],"@id":"https:\/\/artistics.com\/fr\/artzine\/fiac-la-folle-semaine\/#article","isPartOf":{"@id":"https:\/\/artistics.com\/fr\/artzine\/fiac-la-folle-semaine\/"},"author":{"name":"Eleonora Fontana","@id":"https:\/\/artistics.com\/fr\/#\/schema\/person\/a39d54f18b4c5fe4a0de78e3f9236993"},"headline":"FIAC : la folle semaine","datePublished":"2014-10-22T19:17:32+00:00","dateModified":"2023-06-29T10:51:41+00:00","mainEntityOfPage":{"@id":"https:\/\/artistics.com\/fr\/artzine\/fiac-la-folle-semaine\/"},"wordCount":613,"commentCount":0,"publisher":{"@id":"https:\/\/artistics.com\/fr\/#organization"},"image":{"@id":"https:\/\/artistics.com\/fr\/artzine\/fiac-la-folle-semaine\/#primaryimage"},"thumbnailUrl":"https:\/\/artistics.com\/wp-content\/uploads\/2023\/04\/new5749fiac_logoweb_0.jpg","keywords":["(off)icielle","FIAC","fondation Louis Vuitton","Mus\u00e9e Picasso","slick","YIA"],"articleSection":["Monde de l\u2019art"],"inLanguage":"fr-FR","potentialAction":[{"@type":"CommentAction","name":"Comment","target":["https:\/\/artistics.com\/fr\/artzine\/fiac-la-folle-semaine\/#respond"]}]},{"@type":"WebPage","@id":"https:\/\/artistics.com\/fr\/artzine\/fiac-la-folle-semaine\/","url":"https:\/\/artistics.com\/fr\/artzine\/fiac-la-folle-semaine\/","name":"FIAC : la folle semaine","isPartOf":{"@id":"https:\/\/artistics.com\/fr\/#website"},"primaryImageOfPage":{"@id":"https:\/\/artistics.com\/fr\/artzine\/fiac-la-folle-semaine\/#primaryimage"},"image":{"@id":"https:\/\/artistics.com\/fr\/artzine\/fiac-la-folle-semaine\/#primaryimage"},"thumbnailUrl":"https:\/\/artistics.com\/wp-content\/uploads\/2023\/04\/new5749fiac_logoweb_0.jpg","datePublished":"2014-10-22T19:17:32+00:00","dateModified":"2023-06-29T10:51:41+00:00","description":"Apr\u00e8s Londres, c\u2019est au tour de Paris d\u2019accueillir le petit monde de l\u2019art contemporain. Autour de la FIAC, la capitale proposera aux amateurs d\u2019art une programmation qui devrait marquer les esprits. Notre s\u00e9lection\u2026","breadcrumb":{"@id":"https:\/\/artistics.com\/fr\/artzine\/fiac-la-folle-semaine\/#breadcrumb"},"inLanguage":"fr-FR","potentialAction":[{"@type":"ReadAction","target":["https:\/\/artistics.com\/fr\/artzine\/fiac-la-folle-semaine\/"]}]},{"@type":"ImageObject","inLanguage":"fr-FR","@id":"https:\/\/artistics.com\/fr\/artzine\/fiac-la-folle-semaine\/#primaryimage","url":"https:\/\/artistics.com\/wp-content\/uploads\/2023\/04\/new5749fiac_logoweb_0.jpg","contentUrl":"https:\/\/artistics.com\/wp-content\/uploads\/2023\/04\/new5749fiac_logoweb_0.jpg","width":1988,"height":1703},{"@type":"BreadcrumbList","@id":"https:\/\/artistics.com\/fr\/artzine\/fiac-la-folle-semaine\/#breadcrumb","itemListElement":[{"@type":"ListItem","position":1,"name":"Achat \u0153uvre d'art","item":"https:\/\/artistics.com\/fr\/"},{"@type":"ListItem","position":2,"name":"Monde de l\u2019art","item":"https:\/\/artistics.com\/fr\/artzine\/category\/le-monde-de-art\/"},{"@type":"ListItem","position":3,"name":"FIAC : la folle semaine"}]},{"@type":"WebSite","@id":"https:\/\/artistics.com\/fr\/#website","url":"https:\/\/artistics.com\/fr\/","name":"Artistics","description":"Contemporary art gallery","publisher":{"@id":"https:\/\/artistics.com\/fr\/#organization"},"potentialAction":[{"@type":"SearchAction","target":{"@type":"EntryPoint","urlTemplate":"https:\/\/artistics.com\/fr\/?s={search_term_string}"},"query-input":{"@type":"PropertyValueSpecification","valueRequired":true,"valueName":"search_term_string"}}],"inLanguage":"fr-FR"},{"@type":"Organization","@id":"https:\/\/artistics.com\/fr\/#organization","name":"Artistics","url":"https:\/\/artistics.com\/fr\/","logo":{"@type":"ImageObject","inLanguage":"fr-FR","@id":"https:\/\/artistics.com\/fr\/#\/schema\/logo\/image\/","url":"https:\/\/artistics.com\/wp-content\/uploads\/2026\/06\/artistics-logo-web-2.svg","contentUrl":"https:\/\/artistics.com\/wp-content\/uploads\/2026\/06\/artistics-logo-web-2.svg","width":100,"height":100,"caption":"Artistics"},"image":{"@id":"https:\/\/artistics.com\/fr\/#\/schema\/logo\/image\/"},"sameAs":["https:\/\/www.facebook.com\/ArtisticsMag","https:\/\/x.com\/Artistics_FR","http:\/\/www.linkedin.com\/company\/artistics","https:\/\/www.instagram.com\/artistics_com\/","http:\/\/www.pinterest.com\/ArtisticsMag"],"hasMerchantReturnPolicy":{"@type":"MerchantReturnPolicy","merchantReturnLink":"https:\/\/artistics.com\/free-return-policy\/"}},{"@type":"Person","@id":"https:\/\/artistics.com\/fr\/#\/schema\/person\/a39d54f18b4c5fe4a0de78e3f9236993","name":"Eleonora Fontana","image":{"@type":"ImageObject","inLanguage":"fr-FR","@id":"https:\/\/secure.gravatar.com\/avatar\/c15608b0600d759a03e927302242286e2f196b9d8abb87856fc3a3087c242f7b?s=96&d=mm&r=g","url":"https:\/\/secure.gravatar.com\/avatar\/c15608b0600d759a03e927302242286e2f196b9d8abb87856fc3a3087c242f7b?s=96&d=mm&r=g","contentUrl":"https:\/\/secure.gravatar.com\/avatar\/c15608b0600d759a03e927302242286e2f196b9d8abb87856fc3a3087c242f7b?s=96&d=mm&r=g","caption":"Eleonora Fontana"}}]}},"_links":{"self":[{"href":"https:\/\/artistics.com\/fr\/wp-json\/wp\/v2\/posts\/4834","targetHints":{"allow":["GET"]}}],"collection":[{"href":"https:\/\/artistics.com\/fr\/wp-json\/wp\/v2\/posts"}],"about":[{"href":"https:\/\/artistics.com\/fr\/wp-json\/wp\/v2\/types\/post"}],"author":[{"embeddable":true,"href":"https:\/\/artistics.com\/fr\/wp-json\/wp\/v2\/users\/2"}],"replies":[{"embeddable":true,"href":"https:\/\/artistics.com\/fr\/wp-json\/wp\/v2\/comments?post=4834"}],"version-history":[{"count":1,"href":"https:\/\/artistics.com\/fr\/wp-json\/wp\/v2\/posts\/4834\/revisions"}],"predecessor-version":[{"id":35705,"href":"https:\/\/artistics.com\/fr\/wp-json\/wp\/v2\/posts\/4834\/revisions\/35705"}],"wp:featuredmedia":[{"embeddable":true,"href":"https:\/\/artistics.com\/fr\/wp-json\/wp\/v2\/media\/3180"}],"wp:attachment":[{"href":"https:\/\/artistics.com\/fr\/wp-json\/wp\/v2\/media?parent=4834"}],"wp:term":[{"taxonomy":"category","embeddable":true,"href":"https:\/\/artistics.com\/fr\/wp-json\/wp\/v2\/categories?post=4834"},{"taxonomy":"post_tag","embeddable":true,"href":"https:\/\/artistics.com\/fr\/wp-json\/wp\/v2\/tags?post=4834"}],"curies":[{"name":"wp","href":"https:\/\/api.w.org\/{rel}","templated":true}]}}