{"id":4720,"date":"2013-12-16T15:01:19","date_gmt":"2013-12-16T14:01:19","guid":{"rendered":"https:\/\/2022.devartistics.com\/artzine\/j-15-impots-investir-dans-lart-pour-reduire-la-note\/"},"modified":"2023-06-29T10:53:00","modified_gmt":"2023-06-29T08:53:00","slug":"j-15-impots-investir-dans-lart-pour-reduire-la-note","status":"publish","type":"post","link":"https:\/\/artistics.com\/fr\/artzine\/j-15-impots-investir-dans-lart-pour-reduire-la-note\/","title":{"rendered":"[J-15] Imp\u00f4ts : investir dans l\u2019art pour r\u00e9duire la note"},"content":{"rendered":"<p><strong>[J-15] Imp\u00f4ts : investir dans l\u2019art pour r\u00e9duire la note<\/strong><\/p>\n<p><strong>Vous dirigez une entreprise, vous exercez une profession lib\u00e9rale ou vous \u00eates assujetti \u00e0 l&rsquo;ISF? Investir dans l\u2019art vous permet \u00e0 la fois d\u2019augmenter votre patrimoine et de r\u00e9aliser des \u00e9conomies d\u2019imp\u00f4ts. Un levier \u00e0 ne pas n\u00e9gliger dans un contexte de hausse de la taxation\u2026 mais plus que 15 jours pour agir !<\/strong><\/p>\n<p><strong>&gt; Entreprises et professions lib\u00e9rales<\/strong><\/p>\n<ul>\n<li>L&rsquo;article 238bis AB du CGI pr\u00e9cise que : \u00ab\u00a0les entreprises qui font l\u2019acquisition d\u2019\u0153uvres d\u2019artistes vivants peuvent d\u00e9duire du r\u00e9sultat de l\u2019exercice d\u2019acquisition et des 4 ann\u00e9es suivantes, par parts \u00e9gales, une somme \u00e9quivalente \u00a0au prix d\u2019acquisition de l\u2019\u0153uvre. Ce m\u00e9canisme permet ainsi de r\u00e9duire pendant 5 ans, 20% du prix d\u2019acquisition d\u2019\u0153uvres d\u2019artistes vivants.<\/li>\n<\/ul>\n<ul>\n<li>Cet avantage fiscal est conditionn\u00e9 par 4 \u00e9l\u00e9ments :<\/li>\n<li>&#8211; Les \u0153uvres acquises doivent \u00eatre inscrites \u00e0 un compte d\u2019actifs immobilis\u00e9s.<\/li>\n<li>&#8211; La d\u00e9duction effectu\u00e9e au titre de chaque exercice ne doit pas exc\u00e9der 0,5 % du chiffre d\u2019affaires de l\u2019ann\u00e9e.<\/li>\n<li>&#8211; L\u2019\u0153uvre doit \u00eatre expos\u00e9e durant les 5 ann\u00e9es, dans un lieu librement accessible aux employ\u00e9s et aux visiteurs de l\u2019entreprise.<\/li>\n<li>&#8211; L\u2019entreprise doit inscrire \u00e0 un compte de r\u00e9serve sp\u00e9ciale au passif du bilan une somme \u00e9gale \u00e0 la d\u00e9duction op\u00e9r\u00e9e, sachant que cette somme sera r\u00e9int\u00e9gr\u00e9e au r\u00e9sultat imposable en cas de changements d\u2019affectation ou de cession de l\u2019\u0153uvre ou de pr\u00e9l\u00e8vement sur le compte de r\u00e9serve.<\/li>\n<\/ul>\n<p><strong>&gt; Particuliers<\/strong><\/p>\n<ul>\n<li>Exon\u00e9ration \u00a0I.S.F :<\/li>\n<li>L&rsquo;article 885I du CGI pr\u00e9cise que : \u00ab\u00a0les \u0153uvres d\u2019art ne sont pas assujetties \u00e0 l\u2019Imp\u00f4t de Solidarit\u00e9 sur la Fortune. Elles ne sont pas inscrites dans la d\u00e9claration de l\u2019ISF et les montants consacr\u00e9s \u00e0 l\u2019acquisition sont non imposables. Cette disposition fiscale est applicable aussi bien aux peintures, dessins, gouaches, aquarelles qu\u2019aux sculptures et aux bronzes.\u00a0\u00bb<\/li>\n<li>Taxation et avantage des plus-values :<\/li>\n<li>L&rsquo;article 271 du CGI pr\u00e9cise que : \u00ab\u00a0en cas de revente d\u2019une \u0153uvre d\u2019art, le vendeur, s\u2019il dispose d\u2019une facture, peut choisir deux options. La taxation forfaitaire de 5 % ou l\u2019application du r\u00e9gime g\u00e9n\u00e9ral des plus-values (r\u00e9gime identique \u00e0 celui des plus-values immobili\u00e8res avec exon\u00e9ration au bout de 15 ans). S\u2019il ne dispose pas de facture, le vendeur devra payer la taxe de 5% qui sera acquitt\u00e9e par l\u2019interm\u00e9diaire de vente pour le compte du vendeur. En ce qui concerne la transmission de patrimoine : sous certaines conditions, les \u0153uvres d\u2019art peuvent \u00eatre, en cas de succession, int\u00e9gr\u00e9es dans le forfait de 5% des meubles meublants.\u00a0\u00bb<\/li>\n<\/ul>\n","protected":false},"excerpt":{"rendered":"<p>Vous dirigez une entreprise, vous exercez une profession lib\u00e9rale ou vous \u00eates assujetti \u00e0 l&rsquo;ISF ? Investir dans l\u2019art vous permet \u00e0 la fois d\u2019augmenter votre patrimoine et de r\u00e9aliser des \u00e9conomies d\u2019imp\u00f4ts. Un levier \u00e0 ne pas n\u00e9gliger dans un contexte de hausse de la taxation\u2026 mais plus que 15 jours pour agir !<\/p>\n","protected":false},"author":2,"featured_media":4722,"comment_status":"open","ping_status":"open","sticky":false,"template":"","format":"standard","meta":{"_acf_changed":false,"_searchwp_excluded":"","inline_featured_image":false,"footnotes":""},"categories":[1187],"tags":[],"class_list":["post-4720","post","type-post","status-publish","format-standard","has-post-thumbnail","hentry","category-le-guide-acheteur-art"],"acf":[],"yoast_head":"<!-- This site is optimized with the Yoast SEO Premium plugin v28.3 (Yoast SEO v28.3) - https:\/\/yoast.com\/product\/yoast-seo-premium-wordpress\/ -->\n<title>[J-15] Imp\u00f4ts : investir dans l\u2019art pour r\u00e9duire la note<\/title>\n<meta name=\"description\" content=\"Vous dirigez une entreprise, vous exercez une profession lib\u00e9rale ou vous \u00eates assujetti \u00e0 l&#039;ISF ? Investir dans l\u2019art vous permet \u00e0 la fois d\u2019augmenter votre patrimoine et de r\u00e9aliser des \u00e9conomies d\u2019imp\u00f4ts. Un levier \u00e0 ne pas n\u00e9gliger dans un contexte de hausse de la taxation\u2026 mais plus que 15 jours pour agir !\" \/>\n<meta name=\"robots\" content=\"index, follow, max-snippet:-1, max-image-preview:large, max-video-preview:-1\" \/>\n<link rel=\"canonical\" href=\"https:\/\/artistics.com\/fr\/artzine\/j-15-impots-investir-dans-lart-pour-reduire-la-note\/\" \/>\n<meta property=\"og:locale\" content=\"fr_FR\" \/>\n<meta property=\"og:type\" content=\"article\" \/>\n<meta property=\"og:title\" content=\"[J-15] Imp\u00f4ts : investir dans l\u2019art pour r\u00e9duire la note\" \/>\n<meta property=\"og:description\" content=\"Vous dirigez une entreprise, vous exercez une profession lib\u00e9rale ou vous \u00eates assujetti \u00e0 l&#039;ISF ? Investir dans l\u2019art vous permet \u00e0 la fois d\u2019augmenter votre patrimoine et de r\u00e9aliser des \u00e9conomies d\u2019imp\u00f4ts. Un levier \u00e0 ne pas n\u00e9gliger dans un contexte de hausse de la taxation\u2026 mais plus que 15 jours pour agir !\" \/>\n<meta property=\"og:url\" content=\"https:\/\/artistics.com\/fr\/artzine\/j-15-impots-investir-dans-lart-pour-reduire-la-note\/\" \/>\n<meta property=\"og:site_name\" content=\"Artistics\" \/>\n<meta property=\"article:publisher\" content=\"https:\/\/www.facebook.com\/ArtisticsMag\" \/>\n<meta property=\"article:published_time\" content=\"2013-12-16T14:01:19+00:00\" \/>\n<meta property=\"article:modified_time\" content=\"2023-06-29T08:53:00+00:00\" \/>\n<meta property=\"og:image\" content=\"https:\/\/artistics.com\/wp-content\/uploads\/2023\/04\/new2819illart_dollarwarhol_s.jpg\" \/>\n\t<meta property=\"og:image:width\" content=\"320\" \/>\n\t<meta property=\"og:image:height\" content=\"206\" \/>\n\t<meta property=\"og:image:type\" content=\"image\/jpeg\" \/>\n<meta name=\"author\" content=\"Eleonora Fontana\" \/>\n<meta name=\"twitter:card\" content=\"summary_large_image\" \/>\n<meta name=\"twitter:creator\" content=\"@Artistics_FR\" \/>\n<meta name=\"twitter:site\" content=\"@Artistics_FR\" \/>\n<meta name=\"twitter:label1\" content=\"\u00c9crit par\" \/>\n\t<meta name=\"twitter:data1\" content=\"Eleonora Fontana\" \/>\n\t<meta name=\"twitter:label2\" content=\"Dur\u00e9e de lecture estim\u00e9e\" \/>\n\t<meta name=\"twitter:data2\" content=\"2 minutes\" \/>\n<script type=\"application\/ld+json\" class=\"yoast-schema-graph\">{\"@context\":\"https:\\\/\\\/schema.org\",\"@graph\":[{\"@type\":[\"Article\",\"BlogPosting\"],\"@id\":\"https:\\\/\\\/artistics.com\\\/fr\\\/artzine\\\/j-15-impots-investir-dans-lart-pour-reduire-la-note\\\/#article\",\"isPartOf\":{\"@id\":\"https:\\\/\\\/artistics.com\\\/fr\\\/artzine\\\/j-15-impots-investir-dans-lart-pour-reduire-la-note\\\/\"},\"author\":{\"name\":\"Eleonora Fontana\",\"@id\":\"https:\\\/\\\/artistics.com\\\/fr\\\/#\\\/schema\\\/person\\\/a39d54f18b4c5fe4a0de78e3f9236993\"},\"headline\":\"[J-15] Imp\u00f4ts : investir dans l\u2019art pour r\u00e9duire la note\",\"datePublished\":\"2013-12-16T14:01:19+00:00\",\"dateModified\":\"2023-06-29T08:53:00+00:00\",\"mainEntityOfPage\":{\"@id\":\"https:\\\/\\\/artistics.com\\\/fr\\\/artzine\\\/j-15-impots-investir-dans-lart-pour-reduire-la-note\\\/\"},\"wordCount\":480,\"commentCount\":0,\"publisher\":{\"@id\":\"https:\\\/\\\/artistics.com\\\/fr\\\/#organization\"},\"image\":{\"@id\":\"https:\\\/\\\/artistics.com\\\/fr\\\/artzine\\\/j-15-impots-investir-dans-lart-pour-reduire-la-note\\\/#primaryimage\"},\"thumbnailUrl\":\"https:\\\/\\\/artistics.com\\\/wp-content\\\/uploads\\\/2023\\\/04\\\/new2819illart_dollarwarhol_s.jpg\",\"articleSection\":[\"Le guide de l\u2019acheteur d\u2019art\"],\"inLanguage\":\"fr-FR\",\"potentialAction\":[{\"@type\":\"CommentAction\",\"name\":\"Comment\",\"target\":[\"https:\\\/\\\/artistics.com\\\/fr\\\/artzine\\\/j-15-impots-investir-dans-lart-pour-reduire-la-note\\\/#respond\"]}]},{\"@type\":\"WebPage\",\"@id\":\"https:\\\/\\\/artistics.com\\\/fr\\\/artzine\\\/j-15-impots-investir-dans-lart-pour-reduire-la-note\\\/\",\"url\":\"https:\\\/\\\/artistics.com\\\/fr\\\/artzine\\\/j-15-impots-investir-dans-lart-pour-reduire-la-note\\\/\",\"name\":\"[J-15] Imp\u00f4ts : investir dans l\u2019art pour r\u00e9duire la note\",\"isPartOf\":{\"@id\":\"https:\\\/\\\/artistics.com\\\/fr\\\/#website\"},\"primaryImageOfPage\":{\"@id\":\"https:\\\/\\\/artistics.com\\\/fr\\\/artzine\\\/j-15-impots-investir-dans-lart-pour-reduire-la-note\\\/#primaryimage\"},\"image\":{\"@id\":\"https:\\\/\\\/artistics.com\\\/fr\\\/artzine\\\/j-15-impots-investir-dans-lart-pour-reduire-la-note\\\/#primaryimage\"},\"thumbnailUrl\":\"https:\\\/\\\/artistics.com\\\/wp-content\\\/uploads\\\/2023\\\/04\\\/new2819illart_dollarwarhol_s.jpg\",\"datePublished\":\"2013-12-16T14:01:19+00:00\",\"dateModified\":\"2023-06-29T08:53:00+00:00\",\"description\":\"Vous dirigez une entreprise, vous exercez une profession lib\u00e9rale ou vous \u00eates assujetti \u00e0 l'ISF ? Investir dans l\u2019art vous permet \u00e0 la fois d\u2019augmenter votre patrimoine et de r\u00e9aliser des \u00e9conomies d\u2019imp\u00f4ts. Un levier \u00e0 ne pas n\u00e9gliger dans un contexte de hausse de la taxation\u2026 mais plus que 15 jours pour agir !\",\"breadcrumb\":{\"@id\":\"https:\\\/\\\/artistics.com\\\/fr\\\/artzine\\\/j-15-impots-investir-dans-lart-pour-reduire-la-note\\\/#breadcrumb\"},\"inLanguage\":\"fr-FR\",\"potentialAction\":[{\"@type\":\"ReadAction\",\"target\":[\"https:\\\/\\\/artistics.com\\\/fr\\\/artzine\\\/j-15-impots-investir-dans-lart-pour-reduire-la-note\\\/\"]}]},{\"@type\":\"ImageObject\",\"inLanguage\":\"fr-FR\",\"@id\":\"https:\\\/\\\/artistics.com\\\/fr\\\/artzine\\\/j-15-impots-investir-dans-lart-pour-reduire-la-note\\\/#primaryimage\",\"url\":\"https:\\\/\\\/artistics.com\\\/wp-content\\\/uploads\\\/2023\\\/04\\\/new2819illart_dollarwarhol_s.jpg\",\"contentUrl\":\"https:\\\/\\\/artistics.com\\\/wp-content\\\/uploads\\\/2023\\\/04\\\/new2819illart_dollarwarhol_s.jpg\",\"width\":320,\"height\":206},{\"@type\":\"BreadcrumbList\",\"@id\":\"https:\\\/\\\/artistics.com\\\/fr\\\/artzine\\\/j-15-impots-investir-dans-lart-pour-reduire-la-note\\\/#breadcrumb\",\"itemListElement\":[{\"@type\":\"ListItem\",\"position\":1,\"name\":\"Achat \u0153uvre d'art\",\"item\":\"https:\\\/\\\/artistics.com\\\/fr\\\/\"},{\"@type\":\"ListItem\",\"position\":2,\"name\":\"Le guide de l\u2019acheteur d\u2019art\",\"item\":\"https:\\\/\\\/artistics.com\\\/fr\\\/artzine\\\/category\\\/le-guide-acheteur-art\\\/\"},{\"@type\":\"ListItem\",\"position\":3,\"name\":\"[J-15] Imp\u00f4ts : investir dans l\u2019art pour r\u00e9duire la note\"}]},{\"@type\":\"WebSite\",\"@id\":\"https:\\\/\\\/artistics.com\\\/fr\\\/#website\",\"url\":\"https:\\\/\\\/artistics.com\\\/fr\\\/\",\"name\":\"Artistics\",\"description\":\"Contemporary art gallery\",\"publisher\":{\"@id\":\"https:\\\/\\\/artistics.com\\\/fr\\\/#organization\"},\"potentialAction\":[{\"@type\":\"SearchAction\",\"target\":{\"@type\":\"EntryPoint\",\"urlTemplate\":\"https:\\\/\\\/artistics.com\\\/fr\\\/?s={search_term_string}\"},\"query-input\":{\"@type\":\"PropertyValueSpecification\",\"valueRequired\":true,\"valueName\":\"search_term_string\"}}],\"inLanguage\":\"fr-FR\"},{\"@type\":\"Organization\",\"@id\":\"https:\\\/\\\/artistics.com\\\/fr\\\/#organization\",\"name\":\"Artistics\",\"url\":\"https:\\\/\\\/artistics.com\\\/fr\\\/\",\"logo\":{\"@type\":\"ImageObject\",\"inLanguage\":\"fr-FR\",\"@id\":\"https:\\\/\\\/artistics.com\\\/fr\\\/#\\\/schema\\\/logo\\\/image\\\/\",\"url\":\"https:\\\/\\\/artistics.com\\\/wp-content\\\/uploads\\\/2026\\\/06\\\/artistics-logo-web-2.svg\",\"contentUrl\":\"https:\\\/\\\/artistics.com\\\/wp-content\\\/uploads\\\/2026\\\/06\\\/artistics-logo-web-2.svg\",\"width\":100,\"height\":100,\"caption\":\"Artistics\"},\"image\":{\"@id\":\"https:\\\/\\\/artistics.com\\\/fr\\\/#\\\/schema\\\/logo\\\/image\\\/\"},\"sameAs\":[\"https:\\\/\\\/www.facebook.com\\\/ArtisticsMag\",\"https:\\\/\\\/x.com\\\/Artistics_FR\",\"http:\\\/\\\/www.linkedin.com\\\/company\\\/artistics\",\"https:\\\/\\\/www.instagram.com\\\/artistics_com\\\/\",\"http:\\\/\\\/www.pinterest.com\\\/ArtisticsMag\"],\"hasMerchantReturnPolicy\":{\"@type\":\"MerchantReturnPolicy\",\"merchantReturnLink\":\"https:\\\/\\\/artistics.com\\\/free-return-policy\\\/\"}},{\"@type\":\"Person\",\"@id\":\"https:\\\/\\\/artistics.com\\\/fr\\\/#\\\/schema\\\/person\\\/a39d54f18b4c5fe4a0de78e3f9236993\",\"name\":\"Eleonora Fontana\",\"image\":{\"@type\":\"ImageObject\",\"inLanguage\":\"fr-FR\",\"@id\":\"https:\\\/\\\/secure.gravatar.com\\\/avatar\\\/c15608b0600d759a03e927302242286e2f196b9d8abb87856fc3a3087c242f7b?s=96&d=mm&r=g\",\"url\":\"https:\\\/\\\/secure.gravatar.com\\\/avatar\\\/c15608b0600d759a03e927302242286e2f196b9d8abb87856fc3a3087c242f7b?s=96&d=mm&r=g\",\"contentUrl\":\"https:\\\/\\\/secure.gravatar.com\\\/avatar\\\/c15608b0600d759a03e927302242286e2f196b9d8abb87856fc3a3087c242f7b?s=96&d=mm&r=g\",\"caption\":\"Eleonora Fontana\"}}]}<\/script>\n<!-- \/ Yoast SEO Premium plugin. -->","yoast_head_json":{"title":"[J-15] Imp\u00f4ts : investir dans l\u2019art pour r\u00e9duire la note","description":"Vous dirigez une entreprise, vous exercez une profession lib\u00e9rale ou vous \u00eates assujetti \u00e0 l'ISF ? Investir dans l\u2019art vous permet \u00e0 la fois d\u2019augmenter votre patrimoine et de r\u00e9aliser des \u00e9conomies d\u2019imp\u00f4ts. Un levier \u00e0 ne pas n\u00e9gliger dans un contexte de hausse de la taxation\u2026 mais plus que 15 jours pour agir !","robots":{"index":"index","follow":"follow","max-snippet":"max-snippet:-1","max-image-preview":"max-image-preview:large","max-video-preview":"max-video-preview:-1"},"canonical":"https:\/\/artistics.com\/fr\/artzine\/j-15-impots-investir-dans-lart-pour-reduire-la-note\/","og_locale":"fr_FR","og_type":"article","og_title":"[J-15] Imp\u00f4ts : investir dans l\u2019art pour r\u00e9duire la note","og_description":"Vous dirigez une entreprise, vous exercez une profession lib\u00e9rale ou vous \u00eates assujetti \u00e0 l'ISF ? Investir dans l\u2019art vous permet \u00e0 la fois d\u2019augmenter votre patrimoine et de r\u00e9aliser des \u00e9conomies d\u2019imp\u00f4ts. Un levier \u00e0 ne pas n\u00e9gliger dans un contexte de hausse de la taxation\u2026 mais plus que 15 jours pour agir !","og_url":"https:\/\/artistics.com\/fr\/artzine\/j-15-impots-investir-dans-lart-pour-reduire-la-note\/","og_site_name":"Artistics","article_publisher":"https:\/\/www.facebook.com\/ArtisticsMag","article_published_time":"2013-12-16T14:01:19+00:00","article_modified_time":"2023-06-29T08:53:00+00:00","og_image":[{"width":320,"height":206,"url":"https:\/\/artistics.com\/wp-content\/uploads\/2023\/04\/new2819illart_dollarwarhol_s.jpg","type":"image\/jpeg"}],"author":"Eleonora Fontana","twitter_card":"summary_large_image","twitter_creator":"@Artistics_FR","twitter_site":"@Artistics_FR","twitter_misc":{"\u00c9crit par":"Eleonora Fontana","Dur\u00e9e de lecture estim\u00e9e":"2 minutes"},"schema":{"@context":"https:\/\/schema.org","@graph":[{"@type":["Article","BlogPosting"],"@id":"https:\/\/artistics.com\/fr\/artzine\/j-15-impots-investir-dans-lart-pour-reduire-la-note\/#article","isPartOf":{"@id":"https:\/\/artistics.com\/fr\/artzine\/j-15-impots-investir-dans-lart-pour-reduire-la-note\/"},"author":{"name":"Eleonora Fontana","@id":"https:\/\/artistics.com\/fr\/#\/schema\/person\/a39d54f18b4c5fe4a0de78e3f9236993"},"headline":"[J-15] Imp\u00f4ts : investir dans l\u2019art pour r\u00e9duire la note","datePublished":"2013-12-16T14:01:19+00:00","dateModified":"2023-06-29T08:53:00+00:00","mainEntityOfPage":{"@id":"https:\/\/artistics.com\/fr\/artzine\/j-15-impots-investir-dans-lart-pour-reduire-la-note\/"},"wordCount":480,"commentCount":0,"publisher":{"@id":"https:\/\/artistics.com\/fr\/#organization"},"image":{"@id":"https:\/\/artistics.com\/fr\/artzine\/j-15-impots-investir-dans-lart-pour-reduire-la-note\/#primaryimage"},"thumbnailUrl":"https:\/\/artistics.com\/wp-content\/uploads\/2023\/04\/new2819illart_dollarwarhol_s.jpg","articleSection":["Le guide de l\u2019acheteur d\u2019art"],"inLanguage":"fr-FR","potentialAction":[{"@type":"CommentAction","name":"Comment","target":["https:\/\/artistics.com\/fr\/artzine\/j-15-impots-investir-dans-lart-pour-reduire-la-note\/#respond"]}]},{"@type":"WebPage","@id":"https:\/\/artistics.com\/fr\/artzine\/j-15-impots-investir-dans-lart-pour-reduire-la-note\/","url":"https:\/\/artistics.com\/fr\/artzine\/j-15-impots-investir-dans-lart-pour-reduire-la-note\/","name":"[J-15] Imp\u00f4ts : investir dans l\u2019art pour r\u00e9duire la note","isPartOf":{"@id":"https:\/\/artistics.com\/fr\/#website"},"primaryImageOfPage":{"@id":"https:\/\/artistics.com\/fr\/artzine\/j-15-impots-investir-dans-lart-pour-reduire-la-note\/#primaryimage"},"image":{"@id":"https:\/\/artistics.com\/fr\/artzine\/j-15-impots-investir-dans-lart-pour-reduire-la-note\/#primaryimage"},"thumbnailUrl":"https:\/\/artistics.com\/wp-content\/uploads\/2023\/04\/new2819illart_dollarwarhol_s.jpg","datePublished":"2013-12-16T14:01:19+00:00","dateModified":"2023-06-29T08:53:00+00:00","description":"Vous dirigez une entreprise, vous exercez une profession lib\u00e9rale ou vous \u00eates assujetti \u00e0 l'ISF ? Investir dans l\u2019art vous permet \u00e0 la fois d\u2019augmenter votre patrimoine et de r\u00e9aliser des \u00e9conomies d\u2019imp\u00f4ts. Un levier \u00e0 ne pas n\u00e9gliger dans un contexte de hausse de la taxation\u2026 mais plus que 15 jours pour agir !","breadcrumb":{"@id":"https:\/\/artistics.com\/fr\/artzine\/j-15-impots-investir-dans-lart-pour-reduire-la-note\/#breadcrumb"},"inLanguage":"fr-FR","potentialAction":[{"@type":"ReadAction","target":["https:\/\/artistics.com\/fr\/artzine\/j-15-impots-investir-dans-lart-pour-reduire-la-note\/"]}]},{"@type":"ImageObject","inLanguage":"fr-FR","@id":"https:\/\/artistics.com\/fr\/artzine\/j-15-impots-investir-dans-lart-pour-reduire-la-note\/#primaryimage","url":"https:\/\/artistics.com\/wp-content\/uploads\/2023\/04\/new2819illart_dollarwarhol_s.jpg","contentUrl":"https:\/\/artistics.com\/wp-content\/uploads\/2023\/04\/new2819illart_dollarwarhol_s.jpg","width":320,"height":206},{"@type":"BreadcrumbList","@id":"https:\/\/artistics.com\/fr\/artzine\/j-15-impots-investir-dans-lart-pour-reduire-la-note\/#breadcrumb","itemListElement":[{"@type":"ListItem","position":1,"name":"Achat \u0153uvre d'art","item":"https:\/\/artistics.com\/fr\/"},{"@type":"ListItem","position":2,"name":"Le guide de l\u2019acheteur d\u2019art","item":"https:\/\/artistics.com\/fr\/artzine\/category\/le-guide-acheteur-art\/"},{"@type":"ListItem","position":3,"name":"[J-15] Imp\u00f4ts : investir dans l\u2019art pour r\u00e9duire la note"}]},{"@type":"WebSite","@id":"https:\/\/artistics.com\/fr\/#website","url":"https:\/\/artistics.com\/fr\/","name":"Artistics","description":"Contemporary art gallery","publisher":{"@id":"https:\/\/artistics.com\/fr\/#organization"},"potentialAction":[{"@type":"SearchAction","target":{"@type":"EntryPoint","urlTemplate":"https:\/\/artistics.com\/fr\/?s={search_term_string}"},"query-input":{"@type":"PropertyValueSpecification","valueRequired":true,"valueName":"search_term_string"}}],"inLanguage":"fr-FR"},{"@type":"Organization","@id":"https:\/\/artistics.com\/fr\/#organization","name":"Artistics","url":"https:\/\/artistics.com\/fr\/","logo":{"@type":"ImageObject","inLanguage":"fr-FR","@id":"https:\/\/artistics.com\/fr\/#\/schema\/logo\/image\/","url":"https:\/\/artistics.com\/wp-content\/uploads\/2026\/06\/artistics-logo-web-2.svg","contentUrl":"https:\/\/artistics.com\/wp-content\/uploads\/2026\/06\/artistics-logo-web-2.svg","width":100,"height":100,"caption":"Artistics"},"image":{"@id":"https:\/\/artistics.com\/fr\/#\/schema\/logo\/image\/"},"sameAs":["https:\/\/www.facebook.com\/ArtisticsMag","https:\/\/x.com\/Artistics_FR","http:\/\/www.linkedin.com\/company\/artistics","https:\/\/www.instagram.com\/artistics_com\/","http:\/\/www.pinterest.com\/ArtisticsMag"],"hasMerchantReturnPolicy":{"@type":"MerchantReturnPolicy","merchantReturnLink":"https:\/\/artistics.com\/free-return-policy\/"}},{"@type":"Person","@id":"https:\/\/artistics.com\/fr\/#\/schema\/person\/a39d54f18b4c5fe4a0de78e3f9236993","name":"Eleonora Fontana","image":{"@type":"ImageObject","inLanguage":"fr-FR","@id":"https:\/\/secure.gravatar.com\/avatar\/c15608b0600d759a03e927302242286e2f196b9d8abb87856fc3a3087c242f7b?s=96&d=mm&r=g","url":"https:\/\/secure.gravatar.com\/avatar\/c15608b0600d759a03e927302242286e2f196b9d8abb87856fc3a3087c242f7b?s=96&d=mm&r=g","contentUrl":"https:\/\/secure.gravatar.com\/avatar\/c15608b0600d759a03e927302242286e2f196b9d8abb87856fc3a3087c242f7b?s=96&d=mm&r=g","caption":"Eleonora Fontana"}}]}},"_links":{"self":[{"href":"https:\/\/artistics.com\/fr\/wp-json\/wp\/v2\/posts\/4720","targetHints":{"allow":["GET"]}}],"collection":[{"href":"https:\/\/artistics.com\/fr\/wp-json\/wp\/v2\/posts"}],"about":[{"href":"https:\/\/artistics.com\/fr\/wp-json\/wp\/v2\/types\/post"}],"author":[{"embeddable":true,"href":"https:\/\/artistics.com\/fr\/wp-json\/wp\/v2\/users\/2"}],"replies":[{"embeddable":true,"href":"https:\/\/artistics.com\/fr\/wp-json\/wp\/v2\/comments?post=4720"}],"version-history":[{"count":2,"href":"https:\/\/artistics.com\/fr\/wp-json\/wp\/v2\/posts\/4720\/revisions"}],"predecessor-version":[{"id":35688,"href":"https:\/\/artistics.com\/fr\/wp-json\/wp\/v2\/posts\/4720\/revisions\/35688"}],"wp:featuredmedia":[{"embeddable":true,"href":"https:\/\/artistics.com\/fr\/wp-json\/wp\/v2\/media\/4722"}],"wp:attachment":[{"href":"https:\/\/artistics.com\/fr\/wp-json\/wp\/v2\/media?parent=4720"}],"wp:term":[{"taxonomy":"category","embeddable":true,"href":"https:\/\/artistics.com\/fr\/wp-json\/wp\/v2\/categories?post=4720"},{"taxonomy":"post_tag","embeddable":true,"href":"https:\/\/artistics.com\/fr\/wp-json\/wp\/v2\/tags?post=4720"}],"curies":[{"name":"wp","href":"https:\/\/api.w.org\/{rel}","templated":true}]}}