{"id":47138,"date":"2024-01-23T16:28:33","date_gmt":"2024-01-23T15:28:33","guid":{"rendered":"https:\/\/artistics.com\/artzine\/pavlina-kvita-participates-in-sculptura-2-brussels\/"},"modified":"2024-02-08T11:25:43","modified_gmt":"2024-02-08T10:25:43","slug":"pavlina-kvita-participe-a-sculptura2-bruxelles","status":"publish","type":"post","link":"https:\/\/artistics.com\/fr\/artzine\/pavlina-kvita-participe-a-sculptura2-bruxelles\/","title":{"rendered":"Pavlina Kvita participe \u00e0 SCULPTURA#2, Bruxelles"},"content":{"rendered":"<h2 class=\"wp-block-heading\" id=\"h-l-artiste-tcheque-pavlina-kvita-representee-par-la-galerie-artistics-a-ete-selectionnee-aux-cotes-de-40-autres-artistes-europeens-pour-participer-a-la-seconde-edition-de-sculptura-le-festival-qui-met-en-lumiere-la-sculpture-contemporaine-et-l-art-de-l-installation-elle-y-presente-jusqu-au-10-mars-prochain-deux-oeuvres-monumentales-big-creature-2022-et-guardian-2023\">L\u2019artiste tch\u00e8que Pavl\u00edna Kvita, repr\u00e9sent\u00e9e par la galerie Artistics, a \u00e9t\u00e9 s\u00e9lectionn\u00e9e aux c\u00f4t\u00e9s de 40 autres artistes europ\u00e9ens pour participer \u00e0 la seconde \u00e9dition de SCULPTURA, le festival qui met en lumi\u00e8re la sculpture contemporaine et l\u2019art de l\u2019installation. Elle y pr\u00e9sente jusqu\u2019au 10 mars prochain deux \u0153uvres monumentales : Big Creature (2022) et Guardian (2023).<\/h2><div style=\"height:40px\" aria-hidden=\"true\" class=\"wp-block-spacer\"><\/div><figure class=\"wp-block-image size-large\"><a href=\"https:\/\/artistics.com\/fr\/oeuvre\/guardian-ii\/\"><img decoding=\"async\" width=\"1024\" height=\"683\" src=\"https:\/\/artistics.com\/wp-content\/uploads\/2024\/01\/2024-01-pavlina-kvita-sculptura-brussels-credits-dagmar-knerova-5-1024x683.jpg\" alt=\"\" class=\"wp-image-47274\" srcset=\"https:\/\/artistics.com\/wp-content\/uploads\/2024\/01\/2024-01-pavlina-kvita-sculptura-brussels-credits-dagmar-knerova-5-1024x683.jpg 1024w, https:\/\/artistics.com\/wp-content\/uploads\/2024\/01\/2024-01-pavlina-kvita-sculptura-brussels-credits-dagmar-knerova-5-300x200.jpg 300w, https:\/\/artistics.com\/wp-content\/uploads\/2024\/01\/2024-01-pavlina-kvita-sculptura-brussels-credits-dagmar-knerova-5-768x512.jpg 768w, https:\/\/artistics.com\/wp-content\/uploads\/2024\/01\/2024-01-pavlina-kvita-sculptura-brussels-credits-dagmar-knerova-5-1536x1024.jpg 1536w, https:\/\/artistics.com\/wp-content\/uploads\/2024\/01\/2024-01-pavlina-kvita-sculptura-brussels-credits-dagmar-knerova-5-2048x1365.jpg 2048w, https:\/\/artistics.com\/wp-content\/uploads\/2024\/01\/2024-01-pavlina-kvita-sculptura-brussels-credits-dagmar-knerova-5-550x367.jpg 550w\" sizes=\"(max-width: 1024px) 100vw, 1024px\" \/><\/a><figcaption class=\"wp-element-caption\">Pavl\u00edna Kvita: Guardian (2023). Glass fiber reinforced concrete, 250 x 210 x 180cm. \u00a9 Dagmar Kne\u0159ov\u00e1<\/figcaption><\/figure><figure class=\"wp-block-gallery has-nested-images columns-default is-cropped wp-block-gallery-1 is-layout-flex wp-block-gallery-is-layout-flex\"><figure class=\"wp-block-image size-large\"><a href=\"https:\/\/artistics.com\/fr\/oeuvre\/guardian-ii\/\"><img decoding=\"async\" width=\"682\" height=\"1024\" data-id=\"47293\" src=\"https:\/\/artistics.com\/wp-content\/uploads\/2024\/01\/2024-01-pavlina-kvita-sculptura-brussels-credits-dagmar-knerova-1-682x1024.jpeg\" alt=\"\" class=\"wp-image-47293\" srcset=\"https:\/\/artistics.com\/wp-content\/uploads\/2024\/01\/2024-01-pavlina-kvita-sculptura-brussels-credits-dagmar-knerova-1-682x1024.jpeg 682w, https:\/\/artistics.com\/wp-content\/uploads\/2024\/01\/2024-01-pavlina-kvita-sculptura-brussels-credits-dagmar-knerova-1-200x300.jpeg 200w, https:\/\/artistics.com\/wp-content\/uploads\/2024\/01\/2024-01-pavlina-kvita-sculptura-brussels-credits-dagmar-knerova-1-768x1152.jpeg 768w, https:\/\/artistics.com\/wp-content\/uploads\/2024\/01\/2024-01-pavlina-kvita-sculptura-brussels-credits-dagmar-knerova-1-1024x1536.jpeg 1024w, https:\/\/artistics.com\/wp-content\/uploads\/2024\/01\/2024-01-pavlina-kvita-sculptura-brussels-credits-dagmar-knerova-1-550x825.jpeg 550w, https:\/\/artistics.com\/wp-content\/uploads\/2024\/01\/2024-01-pavlina-kvita-sculptura-brussels-credits-dagmar-knerova-1-300x450.jpeg 300w, https:\/\/artistics.com\/wp-content\/uploads\/2024\/01\/2024-01-pavlina-kvita-sculptura-brussels-credits-dagmar-knerova-1.jpeg 1333w\" sizes=\"(max-width: 682px) 100vw, 682px\" \/><\/a><figcaption class=\"wp-element-caption\">Pavl\u00edna Kvita: Guardian (2023).  Glass fiber reinforced concrete, 250 x 210 x 180cm. \u00a9 Dagmar Kne\u0159ov\u00e1<\/figcaption><\/figure>\n\n<figure class=\"wp-block-image size-large\"><a href=\"https:\/\/artistics.com\/fr\/oeuvre\/guardian-ii\/\"><img decoding=\"async\" width=\"683\" height=\"1024\" data-id=\"47277\" src=\"https:\/\/artistics.com\/wp-content\/uploads\/2024\/01\/2024-01-pavlina-kvita-sculptura-brussels-credits-dagmar-knerova-3-683x1024.jpg\" alt=\"\" class=\"wp-image-47277\" srcset=\"https:\/\/artistics.com\/wp-content\/uploads\/2024\/01\/2024-01-pavlina-kvita-sculptura-brussels-credits-dagmar-knerova-3-683x1024.jpg 683w, https:\/\/artistics.com\/wp-content\/uploads\/2024\/01\/2024-01-pavlina-kvita-sculptura-brussels-credits-dagmar-knerova-3-200x300.jpg 200w, https:\/\/artistics.com\/wp-content\/uploads\/2024\/01\/2024-01-pavlina-kvita-sculptura-brussels-credits-dagmar-knerova-3-768x1152.jpg 768w, https:\/\/artistics.com\/wp-content\/uploads\/2024\/01\/2024-01-pavlina-kvita-sculptura-brussels-credits-dagmar-knerova-3-1024x1536.jpg 1024w, https:\/\/artistics.com\/wp-content\/uploads\/2024\/01\/2024-01-pavlina-kvita-sculptura-brussels-credits-dagmar-knerova-3-1365x2048.jpg 1365w, https:\/\/artistics.com\/wp-content\/uploads\/2024\/01\/2024-01-pavlina-kvita-sculptura-brussels-credits-dagmar-knerova-3-550x825.jpg 550w, https:\/\/artistics.com\/wp-content\/uploads\/2024\/01\/2024-01-pavlina-kvita-sculptura-brussels-credits-dagmar-knerova-3-300x450.jpg 300w, https:\/\/artistics.com\/wp-content\/uploads\/2024\/01\/2024-01-pavlina-kvita-sculptura-brussels-credits-dagmar-knerova-3-scaled.jpg 1707w\" sizes=\"(max-width: 683px) 100vw, 683px\" \/><\/a><figcaption class=\"wp-element-caption\">Pavl\u00edna Kvita: Guardian (2023).  Glass fiber reinforced concrete, 250 x 210 x 180cm. \u00a9 Dagmar Kne\u0159ov\u00e1<\/figcaption><\/figure><\/figure><div style=\"height:40px\" aria-hidden=\"true\" class=\"wp-block-spacer\"><\/div><p>Lanc\u00e9 par l\u2019organisation \u00e0 but non lucratif Brussels Sculpture Festival VZW, le festival Sculptura se donne pour mission de promouvoir la cr\u00e9ation contemporaine dans le domaine de la sculpture et de l\u2019installation dans la r\u00e9gion bruxelloise et au-del\u00e0. Apr\u00e8s une premi\u00e8re \u00e9dition en 2023 qui avait rassembl\u00e9 une vingtaine d\u2019artistes, ce second opus se veut plus ambitieux et investit l\u2019espace public : au-del\u00e0 de l\u2019exposition \u00e0 la gare maritime, la programmation comprend un parc de sculptures sur le site de Tour &amp; Taxis et des expositions dans divers lieux de la capitale belge.<\/p><p>Cette \u00e9dition 2024 a \u00e9t\u00e9 reconnu comme activit\u00e9 culturelle officielle sous le label de la pr\u00e9sidence belge du Conseil de l\u2019Union europ\u00e9enne. Elle propose au public de d\u00e9couvrir les \u0153uvres de quelque 40 artistes europ\u00e9ens, rassembl\u00e9es autour du th\u00e8me \u201cArts moves, art connects\u201d.<\/p><p>L\u2019artiste tch\u00e8que <a href=\"https:\/\/artistics.com\/artist\/pavlina-kvita\/\">Pavl\u00edna Kvita<\/a> sera pr\u00e9sente avec deux sculptures monumentales en composite ciment verre : <a href=\"https:\/\/artistics.com\/artwork\/big-creature\/\">Big Creature<\/a> (225 cm x 120 cm x 120 cm) et <a href=\"https:\/\/artistics.com\/artwork\/guardian-ii\/\">Guardian<\/a> (250 cm x 210 cm x 180 cm). Ces deux cr\u00e9ations r\u00e9centes illustrent parfaitement son \u0153uvre sculpturale qui semble dans un \u00e9tat constant de transformation et de transition d\u2019une forme \u00e0 une autre, d\u2019un \u00e9tat \u00e0 un autre : de l\u2019immobilit\u00e9 au mouvement, d&rsquo;une expression zoomorphe \u00e0 une expression anthropomorphe, entre visions futuristes et figures en provenance de temps anciens.<\/p><div style=\"height:40px\" aria-hidden=\"true\" class=\"wp-block-spacer\"><\/div><div class=\"wp-block-image\"><figure class=\"aligncenter size-large\"><a href=\"https:\/\/artistics.com\/fr\/oeuvre\/big-creature\/\"><img decoding=\"async\" width=\"683\" height=\"1024\" src=\"https:\/\/artistics.com\/wp-content\/uploads\/2024\/01\/2024-01-pavlina-kvita-sculptura-brussels-credits-dagmar-knerova-8-683x1024.jpg\" alt=\"\" class=\"wp-image-47270\" srcset=\"https:\/\/artistics.com\/wp-content\/uploads\/2024\/01\/2024-01-pavlina-kvita-sculptura-brussels-credits-dagmar-knerova-8-683x1024.jpg 683w, https:\/\/artistics.com\/wp-content\/uploads\/2024\/01\/2024-01-pavlina-kvita-sculptura-brussels-credits-dagmar-knerova-8-200x300.jpg 200w, https:\/\/artistics.com\/wp-content\/uploads\/2024\/01\/2024-01-pavlina-kvita-sculptura-brussels-credits-dagmar-knerova-8-768x1152.jpg 768w, https:\/\/artistics.com\/wp-content\/uploads\/2024\/01\/2024-01-pavlina-kvita-sculptura-brussels-credits-dagmar-knerova-8-1024x1536.jpg 1024w, https:\/\/artistics.com\/wp-content\/uploads\/2024\/01\/2024-01-pavlina-kvita-sculptura-brussels-credits-dagmar-knerova-8-1365x2048.jpg 1365w, https:\/\/artistics.com\/wp-content\/uploads\/2024\/01\/2024-01-pavlina-kvita-sculptura-brussels-credits-dagmar-knerova-8-550x825.jpg 550w, https:\/\/artistics.com\/wp-content\/uploads\/2024\/01\/2024-01-pavlina-kvita-sculptura-brussels-credits-dagmar-knerova-8-300x450.jpg 300w, https:\/\/artistics.com\/wp-content\/uploads\/2024\/01\/2024-01-pavlina-kvita-sculptura-brussels-credits-dagmar-knerova-8-scaled.jpg 1707w\" sizes=\"(max-width: 683px) 100vw, 683px\" \/><\/a><figcaption class=\"wp-element-caption\">Pavl\u00edna Kvita: Big Creature. B\u00e9ton renforc\u00e9 de fibres de verre, 225 x 120 x 120 cm. \u00a9 Dagmar Kne\u0159ov\u00e1<\/figcaption><\/figure><\/div><div style=\"height:40px\" aria-hidden=\"true\" class=\"wp-block-spacer\"><\/div><p><strong>Au sujet de l\u2019artiste :<\/strong><br>Pavl\u00edna Kvita (1988) est une artiste tch\u00e8que qui vit et travaille \u00e0 Prague. Dipl\u00f4m\u00e9e de l\u2019\u00c9cole des Arts appliqu\u00e9s de Uhersk\u00e9 Hradi\u0161t\u011b et de l\u2019Acad\u00e9mie des Beaux-Arts de Prague, elle d\u00e9veloppe plus de dix ans une \u0153uvre sculpturale distingu\u00e9e par de nombreux prix, parmi lesquels le premier prix au concours \u00ab\u00a0Sculptures for Prague 3\u00a0\u00bb en 2014. Ses \u0153uvres sont r\u00e9guli\u00e8rement expos\u00e9es en Europe. <a href=\"https:\/\/artistics.com\/artist\/pavlina-kvita\/\">Cliquez ici<\/a> pour lire sa biographie compl\u00e8te et consulter sa galerie de sculptures.<\/p><div style=\"height:40px\" aria-hidden=\"true\" class=\"wp-block-spacer\"><\/div><p><strong>Gare Maritime, site Tour &amp; Taxis<\/strong><br>Du 19 janvier au 10 mars 2024<br>Entr\u00e9e gratuite<br>Site web du festival : sculpturafestival.be<\/p>","protected":false},"excerpt":{"rendered":"<p>L\u2019artiste tch\u00e8que Pavl\u00edna Kvita, repr\u00e9sent\u00e9e par la galerie Artistics, a \u00e9t\u00e9 s\u00e9lectionn\u00e9e aux c\u00f4t\u00e9s de 40 autres artistes europ\u00e9ens pour participer \u00e0 la seconde \u00e9dition de SCULPTURA, le festival qui met en lumi\u00e8re la sculpture contemporaine et l\u2019art de l\u2019installation. Elle y pr\u00e9sente jusqu\u2019au 10 mars prochain deux \u0153uvres monumentales : Big Creature (2022) et [&hellip;]<\/p>\n","protected":false},"author":4,"featured_media":47129,"comment_status":"closed","ping_status":"open","sticky":false,"template":"","format":"standard","meta":{"_acf_changed":false,"_searchwp_excluded":"","inline_featured_image":false,"footnotes":""},"categories":[1184],"tags":[],"class_list":["post-47138","post","type-post","status-publish","format-standard","has-post-thumbnail","hentry","category-actualites-de-nos-artistes"],"acf":[],"yoast_head":"<!-- This site is optimized with the Yoast SEO Premium plugin v27.3 (Yoast SEO v27.3) - https:\/\/yoast.com\/product\/yoast-seo-premium-wordpress\/ -->\n<title>Pavlina Kvita participe \u00e0 SCULPTURA#2, Bruxelles | Artistics<\/title>\n<meta name=\"description\" content=\"L\u2019artiste tch\u00e8que Pavl\u00edna Kvita, repr\u00e9sent\u00e9e par la galerie Artistics, a \u00e9t\u00e9 s\u00e9lectionn\u00e9e pour participer \u00e0 la seconde \u00e9dition de SCULPTURA.\" \/>\n<meta name=\"robots\" content=\"index, follow, max-snippet:-1, max-image-preview:large, max-video-preview:-1\" \/>\n<link rel=\"canonical\" href=\"https:\/\/artistics.com\/fr\/artzine\/pavlina-kvita-participe-a-sculptura2-bruxelles\/\" \/>\n<meta property=\"og:locale\" content=\"fr_FR\" \/>\n<meta property=\"og:type\" content=\"article\" \/>\n<meta property=\"og:title\" content=\"Pavlina Kvita participe \u00e0 SCULPTURA#2, Bruxelles\" \/>\n<meta property=\"og:description\" content=\"L\u2019artiste tch\u00e8que Pavl\u00edna Kvita, repr\u00e9sent\u00e9e par la galerie Artistics, a \u00e9t\u00e9 s\u00e9lectionn\u00e9e pour participer \u00e0 la seconde \u00e9dition de SCULPTURA.\" \/>\n<meta property=\"og:url\" content=\"https:\/\/artistics.com\/fr\/artzine\/pavlina-kvita-participe-a-sculptura2-bruxelles\/\" \/>\n<meta property=\"og:site_name\" content=\"Artistics\" \/>\n<meta property=\"article:publisher\" content=\"https:\/\/www.facebook.com\/ArtisticsMag\" \/>\n<meta property=\"article:published_time\" content=\"2024-01-23T15:28:33+00:00\" \/>\n<meta property=\"article:modified_time\" content=\"2024-02-08T10:25:43+00:00\" \/>\n<meta property=\"og:image\" content=\"https:\/\/artistics.com\/wp-content\/uploads\/2024\/01\/MAN331164E1S-MAN-Sculptura-Poster-1920x1080-px-v8.jpg.webp\" \/>\n\t<meta property=\"og:image:width\" content=\"1920\" \/>\n\t<meta property=\"og:image:height\" content=\"1080\" \/>\n\t<meta property=\"og:image:type\" content=\"image\/webp\" \/>\n<meta name=\"author\" content=\"Christophe Salet\" \/>\n<meta name=\"twitter:card\" content=\"summary_large_image\" \/>\n<meta name=\"twitter:creator\" content=\"@Artistics_FR\" \/>\n<meta name=\"twitter:site\" content=\"@Artistics_FR\" \/>\n<meta name=\"twitter:label1\" content=\"\u00c9crit par\" \/>\n\t<meta name=\"twitter:data1\" content=\"Christophe Salet\" \/>\n\t<meta name=\"twitter:label2\" content=\"Dur\u00e9e de lecture estim\u00e9e\" \/>\n\t<meta name=\"twitter:data2\" content=\"3 minutes\" \/>\n<script type=\"application\/ld+json\" class=\"yoast-schema-graph\">{\"@context\":\"https:\\\/\\\/schema.org\",\"@graph\":[{\"@type\":[\"Article\",\"BlogPosting\"],\"@id\":\"https:\\\/\\\/artistics.com\\\/fr\\\/artzine\\\/pavlina-kvita-participe-a-sculptura2-bruxelles\\\/#article\",\"isPartOf\":{\"@id\":\"https:\\\/\\\/artistics.com\\\/fr\\\/artzine\\\/pavlina-kvita-participe-a-sculptura2-bruxelles\\\/\"},\"author\":{\"name\":\"Christophe Salet\",\"@id\":\"https:\\\/\\\/artistics.com\\\/fr\\\/#\\\/schema\\\/person\\\/1367e63148251e426892320f3452d474\"},\"headline\":\"Pavlina Kvita participe \u00e0 SCULPTURA#2, Bruxelles\",\"datePublished\":\"2024-01-23T15:28:33+00:00\",\"dateModified\":\"2024-02-08T10:25:43+00:00\",\"mainEntityOfPage\":{\"@id\":\"https:\\\/\\\/artistics.com\\\/fr\\\/artzine\\\/pavlina-kvita-participe-a-sculptura2-bruxelles\\\/\"},\"wordCount\":473,\"publisher\":{\"@id\":\"https:\\\/\\\/artistics.com\\\/fr\\\/#organization\"},\"image\":{\"@id\":\"https:\\\/\\\/artistics.com\\\/fr\\\/artzine\\\/pavlina-kvita-participe-a-sculptura2-bruxelles\\\/#primaryimage\"},\"thumbnailUrl\":\"https:\\\/\\\/artistics.com\\\/wp-content\\\/uploads\\\/2024\\\/01\\\/MAN331164E1S-MAN-Sculptura-Poster-1920x1080-px-v8.jpg.webp\",\"articleSection\":[\"L\u2019actu de nos artistes\"],\"inLanguage\":\"fr-FR\"},{\"@type\":\"WebPage\",\"@id\":\"https:\\\/\\\/artistics.com\\\/fr\\\/artzine\\\/pavlina-kvita-participe-a-sculptura2-bruxelles\\\/\",\"url\":\"https:\\\/\\\/artistics.com\\\/fr\\\/artzine\\\/pavlina-kvita-participe-a-sculptura2-bruxelles\\\/\",\"name\":\"Pavlina Kvita participe \u00e0 SCULPTURA#2, Bruxelles | Artistics\",\"isPartOf\":{\"@id\":\"https:\\\/\\\/artistics.com\\\/fr\\\/#website\"},\"primaryImageOfPage\":{\"@id\":\"https:\\\/\\\/artistics.com\\\/fr\\\/artzine\\\/pavlina-kvita-participe-a-sculptura2-bruxelles\\\/#primaryimage\"},\"image\":{\"@id\":\"https:\\\/\\\/artistics.com\\\/fr\\\/artzine\\\/pavlina-kvita-participe-a-sculptura2-bruxelles\\\/#primaryimage\"},\"thumbnailUrl\":\"https:\\\/\\\/artistics.com\\\/wp-content\\\/uploads\\\/2024\\\/01\\\/MAN331164E1S-MAN-Sculptura-Poster-1920x1080-px-v8.jpg.webp\",\"datePublished\":\"2024-01-23T15:28:33+00:00\",\"dateModified\":\"2024-02-08T10:25:43+00:00\",\"description\":\"L\u2019artiste tch\u00e8que Pavl\u00edna Kvita, repr\u00e9sent\u00e9e par la galerie Artistics, a \u00e9t\u00e9 s\u00e9lectionn\u00e9e pour participer \u00e0 la seconde \u00e9dition de SCULPTURA.\",\"breadcrumb\":{\"@id\":\"https:\\\/\\\/artistics.com\\\/fr\\\/artzine\\\/pavlina-kvita-participe-a-sculptura2-bruxelles\\\/#breadcrumb\"},\"inLanguage\":\"fr-FR\",\"potentialAction\":[{\"@type\":\"ReadAction\",\"target\":[\"https:\\\/\\\/artistics.com\\\/fr\\\/artzine\\\/pavlina-kvita-participe-a-sculptura2-bruxelles\\\/\"]}]},{\"@type\":\"ImageObject\",\"inLanguage\":\"fr-FR\",\"@id\":\"https:\\\/\\\/artistics.com\\\/fr\\\/artzine\\\/pavlina-kvita-participe-a-sculptura2-bruxelles\\\/#primaryimage\",\"url\":\"https:\\\/\\\/artistics.com\\\/wp-content\\\/uploads\\\/2024\\\/01\\\/MAN331164E1S-MAN-Sculptura-Poster-1920x1080-px-v8.jpg.webp\",\"contentUrl\":\"https:\\\/\\\/artistics.com\\\/wp-content\\\/uploads\\\/2024\\\/01\\\/MAN331164E1S-MAN-Sculptura-Poster-1920x1080-px-v8.jpg.webp\",\"width\":1920,\"height\":1080},{\"@type\":\"BreadcrumbList\",\"@id\":\"https:\\\/\\\/artistics.com\\\/fr\\\/artzine\\\/pavlina-kvita-participe-a-sculptura2-bruxelles\\\/#breadcrumb\",\"itemListElement\":[{\"@type\":\"ListItem\",\"position\":1,\"name\":\"Achat \u0153uvre d'art\",\"item\":\"https:\\\/\\\/artistics.com\\\/fr\\\/\"},{\"@type\":\"ListItem\",\"position\":2,\"name\":\"L\u2019actu de nos artistes\",\"item\":\"https:\\\/\\\/artistics.com\\\/fr\\\/artzine\\\/category\\\/actualites-de-nos-artistes\\\/\"},{\"@type\":\"ListItem\",\"position\":3,\"name\":\"Pavlina Kvita participe \u00e0 SCULPTURA#2, Bruxelles\"}]},{\"@type\":\"WebSite\",\"@id\":\"https:\\\/\\\/artistics.com\\\/fr\\\/#website\",\"url\":\"https:\\\/\\\/artistics.com\\\/fr\\\/\",\"name\":\"Artistics\",\"description\":\"The online art gallery\",\"publisher\":{\"@id\":\"https:\\\/\\\/artistics.com\\\/fr\\\/#organization\"},\"potentialAction\":[{\"@type\":\"SearchAction\",\"target\":{\"@type\":\"EntryPoint\",\"urlTemplate\":\"https:\\\/\\\/artistics.com\\\/fr\\\/?s={search_term_string}\"},\"query-input\":{\"@type\":\"PropertyValueSpecification\",\"valueRequired\":true,\"valueName\":\"search_term_string\"}}],\"inLanguage\":\"fr-FR\"},{\"@type\":\"Organization\",\"@id\":\"https:\\\/\\\/artistics.com\\\/fr\\\/#organization\",\"name\":\"Artistics\",\"url\":\"https:\\\/\\\/artistics.com\\\/fr\\\/\",\"logo\":{\"@type\":\"ImageObject\",\"inLanguage\":\"fr-FR\",\"@id\":\"https:\\\/\\\/artistics.com\\\/fr\\\/#\\\/schema\\\/logo\\\/image\\\/\",\"url\":\"https:\\\/\\\/artistics.com\\\/wp-content\\\/uploads\\\/2023\\\/02\\\/artistics-logo-web-1.svg\",\"contentUrl\":\"https:\\\/\\\/artistics.com\\\/wp-content\\\/uploads\\\/2023\\\/02\\\/artistics-logo-web-1.svg\",\"caption\":\"Artistics\"},\"image\":{\"@id\":\"https:\\\/\\\/artistics.com\\\/fr\\\/#\\\/schema\\\/logo\\\/image\\\/\"},\"sameAs\":[\"https:\\\/\\\/www.facebook.com\\\/ArtisticsMag\",\"https:\\\/\\\/x.com\\\/Artistics_FR\",\"http:\\\/\\\/www.linkedin.com\\\/company\\\/artistics\",\"https:\\\/\\\/www.instagram.com\\\/artistics_com\\\/\",\"http:\\\/\\\/www.pinterest.com\\\/ArtisticsMag\"],\"hasMerchantReturnPolicy\":{\"@type\":\"MerchantReturnPolicy\",\"merchantReturnLink\":\"https:\\\/\\\/artistics.com\\\/free-return-policy\\\/\"}},{\"@type\":\"Person\",\"@id\":\"https:\\\/\\\/artistics.com\\\/fr\\\/#\\\/schema\\\/person\\\/1367e63148251e426892320f3452d474\",\"name\":\"Christophe Salet\",\"image\":{\"@type\":\"ImageObject\",\"inLanguage\":\"fr-FR\",\"@id\":\"https:\\\/\\\/secure.gravatar.com\\\/avatar\\\/91f432599f85a6d56c33b915f1b9ebc5efdabae77f9b6e054e22a9c119116cdc?s=96&d=mm&r=g\",\"url\":\"https:\\\/\\\/secure.gravatar.com\\\/avatar\\\/91f432599f85a6d56c33b915f1b9ebc5efdabae77f9b6e054e22a9c119116cdc?s=96&d=mm&r=g\",\"contentUrl\":\"https:\\\/\\\/secure.gravatar.com\\\/avatar\\\/91f432599f85a6d56c33b915f1b9ebc5efdabae77f9b6e054e22a9c119116cdc?s=96&d=mm&r=g\",\"caption\":\"Christophe Salet\"}}]}<\/script>\n<!-- \/ Yoast SEO Premium plugin. -->","yoast_head_json":{"title":"Pavlina Kvita participe \u00e0 SCULPTURA#2, Bruxelles | Artistics","description":"L\u2019artiste tch\u00e8que Pavl\u00edna Kvita, repr\u00e9sent\u00e9e par la galerie Artistics, a \u00e9t\u00e9 s\u00e9lectionn\u00e9e pour participer \u00e0 la seconde \u00e9dition de SCULPTURA.","robots":{"index":"index","follow":"follow","max-snippet":"max-snippet:-1","max-image-preview":"max-image-preview:large","max-video-preview":"max-video-preview:-1"},"canonical":"https:\/\/artistics.com\/fr\/artzine\/pavlina-kvita-participe-a-sculptura2-bruxelles\/","og_locale":"fr_FR","og_type":"article","og_title":"Pavlina Kvita participe \u00e0 SCULPTURA#2, Bruxelles","og_description":"L\u2019artiste tch\u00e8que Pavl\u00edna Kvita, repr\u00e9sent\u00e9e par la galerie Artistics, a \u00e9t\u00e9 s\u00e9lectionn\u00e9e pour participer \u00e0 la seconde \u00e9dition de SCULPTURA.","og_url":"https:\/\/artistics.com\/fr\/artzine\/pavlina-kvita-participe-a-sculptura2-bruxelles\/","og_site_name":"Artistics","article_publisher":"https:\/\/www.facebook.com\/ArtisticsMag","article_published_time":"2024-01-23T15:28:33+00:00","article_modified_time":"2024-02-08T10:25:43+00:00","og_image":[{"width":1920,"height":1080,"url":"https:\/\/artistics.com\/wp-content\/uploads\/2024\/01\/MAN331164E1S-MAN-Sculptura-Poster-1920x1080-px-v8.jpg.webp","type":"image\/webp"}],"author":"Christophe Salet","twitter_card":"summary_large_image","twitter_creator":"@Artistics_FR","twitter_site":"@Artistics_FR","twitter_misc":{"\u00c9crit par":"Christophe Salet","Dur\u00e9e de lecture estim\u00e9e":"3 minutes"},"schema":{"@context":"https:\/\/schema.org","@graph":[{"@type":["Article","BlogPosting"],"@id":"https:\/\/artistics.com\/fr\/artzine\/pavlina-kvita-participe-a-sculptura2-bruxelles\/#article","isPartOf":{"@id":"https:\/\/artistics.com\/fr\/artzine\/pavlina-kvita-participe-a-sculptura2-bruxelles\/"},"author":{"name":"Christophe Salet","@id":"https:\/\/artistics.com\/fr\/#\/schema\/person\/1367e63148251e426892320f3452d474"},"headline":"Pavlina Kvita participe \u00e0 SCULPTURA#2, Bruxelles","datePublished":"2024-01-23T15:28:33+00:00","dateModified":"2024-02-08T10:25:43+00:00","mainEntityOfPage":{"@id":"https:\/\/artistics.com\/fr\/artzine\/pavlina-kvita-participe-a-sculptura2-bruxelles\/"},"wordCount":473,"publisher":{"@id":"https:\/\/artistics.com\/fr\/#organization"},"image":{"@id":"https:\/\/artistics.com\/fr\/artzine\/pavlina-kvita-participe-a-sculptura2-bruxelles\/#primaryimage"},"thumbnailUrl":"https:\/\/artistics.com\/wp-content\/uploads\/2024\/01\/MAN331164E1S-MAN-Sculptura-Poster-1920x1080-px-v8.jpg.webp","articleSection":["L\u2019actu de nos artistes"],"inLanguage":"fr-FR"},{"@type":"WebPage","@id":"https:\/\/artistics.com\/fr\/artzine\/pavlina-kvita-participe-a-sculptura2-bruxelles\/","url":"https:\/\/artistics.com\/fr\/artzine\/pavlina-kvita-participe-a-sculptura2-bruxelles\/","name":"Pavlina Kvita participe \u00e0 SCULPTURA#2, Bruxelles | Artistics","isPartOf":{"@id":"https:\/\/artistics.com\/fr\/#website"},"primaryImageOfPage":{"@id":"https:\/\/artistics.com\/fr\/artzine\/pavlina-kvita-participe-a-sculptura2-bruxelles\/#primaryimage"},"image":{"@id":"https:\/\/artistics.com\/fr\/artzine\/pavlina-kvita-participe-a-sculptura2-bruxelles\/#primaryimage"},"thumbnailUrl":"https:\/\/artistics.com\/wp-content\/uploads\/2024\/01\/MAN331164E1S-MAN-Sculptura-Poster-1920x1080-px-v8.jpg.webp","datePublished":"2024-01-23T15:28:33+00:00","dateModified":"2024-02-08T10:25:43+00:00","description":"L\u2019artiste tch\u00e8que Pavl\u00edna Kvita, repr\u00e9sent\u00e9e par la galerie Artistics, a \u00e9t\u00e9 s\u00e9lectionn\u00e9e pour participer \u00e0 la seconde \u00e9dition de SCULPTURA.","breadcrumb":{"@id":"https:\/\/artistics.com\/fr\/artzine\/pavlina-kvita-participe-a-sculptura2-bruxelles\/#breadcrumb"},"inLanguage":"fr-FR","potentialAction":[{"@type":"ReadAction","target":["https:\/\/artistics.com\/fr\/artzine\/pavlina-kvita-participe-a-sculptura2-bruxelles\/"]}]},{"@type":"ImageObject","inLanguage":"fr-FR","@id":"https:\/\/artistics.com\/fr\/artzine\/pavlina-kvita-participe-a-sculptura2-bruxelles\/#primaryimage","url":"https:\/\/artistics.com\/wp-content\/uploads\/2024\/01\/MAN331164E1S-MAN-Sculptura-Poster-1920x1080-px-v8.jpg.webp","contentUrl":"https:\/\/artistics.com\/wp-content\/uploads\/2024\/01\/MAN331164E1S-MAN-Sculptura-Poster-1920x1080-px-v8.jpg.webp","width":1920,"height":1080},{"@type":"BreadcrumbList","@id":"https:\/\/artistics.com\/fr\/artzine\/pavlina-kvita-participe-a-sculptura2-bruxelles\/#breadcrumb","itemListElement":[{"@type":"ListItem","position":1,"name":"Achat \u0153uvre d'art","item":"https:\/\/artistics.com\/fr\/"},{"@type":"ListItem","position":2,"name":"L\u2019actu de nos artistes","item":"https:\/\/artistics.com\/fr\/artzine\/category\/actualites-de-nos-artistes\/"},{"@type":"ListItem","position":3,"name":"Pavlina Kvita participe \u00e0 SCULPTURA#2, Bruxelles"}]},{"@type":"WebSite","@id":"https:\/\/artistics.com\/fr\/#website","url":"https:\/\/artistics.com\/fr\/","name":"Artistics","description":"The online art gallery","publisher":{"@id":"https:\/\/artistics.com\/fr\/#organization"},"potentialAction":[{"@type":"SearchAction","target":{"@type":"EntryPoint","urlTemplate":"https:\/\/artistics.com\/fr\/?s={search_term_string}"},"query-input":{"@type":"PropertyValueSpecification","valueRequired":true,"valueName":"search_term_string"}}],"inLanguage":"fr-FR"},{"@type":"Organization","@id":"https:\/\/artistics.com\/fr\/#organization","name":"Artistics","url":"https:\/\/artistics.com\/fr\/","logo":{"@type":"ImageObject","inLanguage":"fr-FR","@id":"https:\/\/artistics.com\/fr\/#\/schema\/logo\/image\/","url":"https:\/\/artistics.com\/wp-content\/uploads\/2023\/02\/artistics-logo-web-1.svg","contentUrl":"https:\/\/artistics.com\/wp-content\/uploads\/2023\/02\/artistics-logo-web-1.svg","caption":"Artistics"},"image":{"@id":"https:\/\/artistics.com\/fr\/#\/schema\/logo\/image\/"},"sameAs":["https:\/\/www.facebook.com\/ArtisticsMag","https:\/\/x.com\/Artistics_FR","http:\/\/www.linkedin.com\/company\/artistics","https:\/\/www.instagram.com\/artistics_com\/","http:\/\/www.pinterest.com\/ArtisticsMag"],"hasMerchantReturnPolicy":{"@type":"MerchantReturnPolicy","merchantReturnLink":"https:\/\/artistics.com\/free-return-policy\/"}},{"@type":"Person","@id":"https:\/\/artistics.com\/fr\/#\/schema\/person\/1367e63148251e426892320f3452d474","name":"Christophe Salet","image":{"@type":"ImageObject","inLanguage":"fr-FR","@id":"https:\/\/secure.gravatar.com\/avatar\/91f432599f85a6d56c33b915f1b9ebc5efdabae77f9b6e054e22a9c119116cdc?s=96&d=mm&r=g","url":"https:\/\/secure.gravatar.com\/avatar\/91f432599f85a6d56c33b915f1b9ebc5efdabae77f9b6e054e22a9c119116cdc?s=96&d=mm&r=g","contentUrl":"https:\/\/secure.gravatar.com\/avatar\/91f432599f85a6d56c33b915f1b9ebc5efdabae77f9b6e054e22a9c119116cdc?s=96&d=mm&r=g","caption":"Christophe Salet"}}]}},"_links":{"self":[{"href":"https:\/\/artistics.com\/fr\/wp-json\/wp\/v2\/posts\/47138","targetHints":{"allow":["GET"]}}],"collection":[{"href":"https:\/\/artistics.com\/fr\/wp-json\/wp\/v2\/posts"}],"about":[{"href":"https:\/\/artistics.com\/fr\/wp-json\/wp\/v2\/types\/post"}],"author":[{"embeddable":true,"href":"https:\/\/artistics.com\/fr\/wp-json\/wp\/v2\/users\/4"}],"replies":[{"embeddable":true,"href":"https:\/\/artistics.com\/fr\/wp-json\/wp\/v2\/comments?post=47138"}],"version-history":[{"count":6,"href":"https:\/\/artistics.com\/fr\/wp-json\/wp\/v2\/posts\/47138\/revisions"}],"predecessor-version":[{"id":48291,"href":"https:\/\/artistics.com\/fr\/wp-json\/wp\/v2\/posts\/47138\/revisions\/48291"}],"wp:featuredmedia":[{"embeddable":true,"href":"https:\/\/artistics.com\/fr\/wp-json\/wp\/v2\/media\/47129"}],"wp:attachment":[{"href":"https:\/\/artistics.com\/fr\/wp-json\/wp\/v2\/media?parent=47138"}],"wp:term":[{"taxonomy":"category","embeddable":true,"href":"https:\/\/artistics.com\/fr\/wp-json\/wp\/v2\/categories?post=47138"},{"taxonomy":"post_tag","embeddable":true,"href":"https:\/\/artistics.com\/fr\/wp-json\/wp\/v2\/tags?post=47138"}],"curies":[{"name":"wp","href":"https:\/\/api.w.org\/{rel}","templated":true}]}}