{"id":4622,"date":"2014-11-10T18:31:44","date_gmt":"2014-11-10T17:31:44","guid":{"rendered":"https:\/\/2022.devartistics.com\/artzine\/hachiro-kanno-sculpteur\/"},"modified":"2023-04-25T18:19:24","modified_gmt":"2023-04-25T16:19:24","slug":"hachiro-kanno-sculpteur","status":"publish","type":"post","link":"https:\/\/artistics.com\/fr\/artzine\/hachiro-kanno-sculpteur\/","title":{"rendered":"Hachiro Kanno sculpteur"},"content":{"rendered":"<p>Hachiro Kanno sculpteur<\/p>\n<p>Depuis cet \u00e9t\u00e9, le temple zen DA\u00cf \u00d4 JI au Japon accueille une sculpture de <a href=\"https:\/\/artistics.com\/fr\/artiste\/hachiro-kanno\/\">Hachiro Kanno<\/a> : trois figures g\u00e9om\u00e9triques \u00e9l\u00e9mentaires (carr\u00e9, triangle et cercle) suspendues devant un rideau de lianes m\u00e9talliques. Install\u00e9e de mani\u00e8re permanente dans le parc de ce temple fond\u00e9 en 1404 \u00e0 150 kilom\u00e8tres au nord de Tokyo, cette \u0153uvre en fer et en inox s\u2019inscrit dans la r\u00e9flexion de l\u2019artiste autour de l\u2019id\u00e9e de \u00ab\u00a0Permanescence\u00a0\u00bb. <a href=\"https:\/\/artistics.com\/fr\/artiste\/hachiro-kanno\/\">Hachiro Kanno<\/a> a tr\u00e8s gentiment accept\u00e9 de r\u00e9pondre \u00e0 quelques questions au sujet de cette r\u00e9alisation singuli\u00e8re.<\/p>\n<p><img decoding=\"async\" src=\"https:\/\/artistics.com\/wp-content\/uploads\/2023\/04\/article1Hachiro20Kanno20Permanescence201.jpg\" alt=\"\" width=\"490\" height=\"640\" \/><br \/>\nPermanescence (fer &amp; inox, 700 x 800 x 80 cm), ao\u00fbt 2014. Photo : Jean-Claude Garnier<\/p>\n<p><em><strong>Quel est le nom et le sens de cette sculpture ?<\/strong><\/em><\/p>\n<p>Elle s\u2019appelle Permanescence, que je d\u00e9finirais comme la succession des moments essentiels de la vie, \u00e9ternellement r\u00e9p\u00e9t\u00e9s au cours du temps. Mes amis se moquent parfois de moi : \u00ab\u00a0Voila que les japonais se m\u00ealent d\u2019enrichir notre langue\u2026 O\u00f9 va-t-on !?\u00a0\u00bb Mais je ne l\u2019ai pas fait expr\u00e8s ! Je cherchais seulement \u00e0 trouver le mot qui allait exprimer ce que j\u2019avais en t\u00eate de dire. Un mot, juste un mot. Un n\u00e9ologisme ? Ce serait bien peu pour remercier la France pour tout ce qu\u2019Elle m\u2019a apport\u00e9.<br \/>\nCe th\u00e8me de \u00ab\u00a0Permanescence\u00a0\u00bb peut \u00eatre li\u00e9 \u00e0 celui de ma p\u00e9riode pr\u00e9c\u00e9dente : Plein est vide, vide est plein (Shiki soku ze\u00ef Ku \u2013 Ku soku Ze\u00ef Shiki), qui est une maxime zen. \u00ab\u00a0Est\u00a0\u00bb et non \u00ab\u00a0et\u00a0\u00bb ! Le premier dont le sens est \u00e0 d\u00e9couvrir et qui est n\u00e9cessaire pour esp\u00e9rer atteindre un jour le \u00ab\u00a0satori\u00a0\u00bb (r\u00e9v\u00e9lation). Le second ne veut dire que ce qu\u2019il dit. Cette p\u00e9riode faisait elle-m\u00eame suite \u00e0 celle que j\u2019avais nomm\u00e9e \u00ab\u00a0Les \u00e9l\u00e9ments\u00a0\u00bb, symbolis\u00e9s par le Carr\u00e9 (la terre), le triangle (le feu) et le cercle (l\u2019eau).<br \/>\nEn bon japonais, je suis d\u2019abord shinto\u00efste, puis bouddhiste (grand v\u00e9hicule) et enfin agnostique. Au Japon, c\u2019est possible. Vide ET Plein ? Ma prochaine p\u00e9riode ? Pourquoi pas \u00ab\u00a0Vacuit\u00e9 ET Pl\u00e9nitude\u00a0\u00bb !?<\/p>\n<p><em><strong>Comment est n\u00e9 ce projet ?<\/strong><\/em><\/p>\n<p>Il est le fruit d\u2019une rencontre, au d\u00e9but des ann\u00e9es 80, avec KURASAWA RO-SHI (\u00ab\u00a0vieux Ma\u00eetre\u00a0\u00bb) \u00e0 l\u2019occasion d\u2019un stage \u00ab\u00a0Zen\u00a0\u00bb de mon cru pour lequel j\u2019avais r\u00e9uni pendant une semaine mes \u00e9l\u00e8ves d\u2019Happoka\u00ef-France et d\u2019Happoka\u00ef-Japon*. Trente ans plus tard donc, souhaitant lui exprimer ma reconnaissance, je lui proposai la r\u00e9alisation de cette \u0153uvre. Sa r\u00e9ponse :<br \/>\n&#8211; Figurez-vous que je souhaitais justement installer, quelque part, \u00ab\u00a0quelque chose\u00a0\u00bb de contemporain, \u00e9videmment dans l\u2019esprit du lieu. Vous avez dit \u00ab\u00a0Permanescence\u00a0\u00bb ?\u00a0 Votre proposition est un signe\u2026<br \/>\nAvoir pu, si modestement soit-il, apporter (juxtaposition d\u00e9licate de styles diff\u00e9rents) une touche contemporaine \u00e0 ce v\u00e9n\u00e9rable sanctuaire est pour moi un honneur.<\/p>\n<p><em><strong>Avez-vous d\u00fb travailler dans le cadre de contraintes particuli\u00e8res ?<\/strong><\/em><\/p>\n<p>Des contraintes lors de sa r\u00e9alisation ? Le travail du fer, auquel je ne connaissais pratiquement rien, et un\u00a0 temps ex\u00e9crable durant toute son \u00e9dification\u2026 Le soleil revint juste pour l\u2019inauguration ! Autre signe !?<\/p>\n<p><em><strong>Est-ce une r\u00e9alisation dont vous \u00eates particuli\u00e8rement fier ?<\/strong><\/em><\/p>\n<p>Fier de mon travail ? Je ne dirais pas \u00e7a. Je suis le huiti\u00e8me enfant d\u2019un pr\u00eatre shinto\u00efste, calligraphe reconnu, qui nous a quitt\u00e9s en 2005, \u00e0 l\u2019\u00e2ge de 105 ans. Il \u00e9tait p\u00e8re, grand-p\u00e8re et arri\u00e8re grand-p\u00e8re d\u2019artistes, eux-m\u00eames parents, ou grands-parents d\u2019encore plus d\u2019artistes ! \u00c0 commencer par mon fr\u00e8re a\u00een\u00e9 KEIUN KANNO, fondateur de l\u2019\u00e9cole KE\u00cf YU KA\u00cf, qui renon\u00e7a tr\u00e8s jeune au titre de futur chef de famille pour se consacrer totalement \u00e0\u00a0 la calligraphie. Je suis particuli\u00e8rement fier d\u2019eux tous.<br \/>\nPour en revenir \u00e0 l\u2019Auteur de mes jours, je l\u2019ai entendu trois fois (en soixante-dix ans !) donner son avis sur mon travail : \u00ab\u00a0C\u2019est bien\u00a0\u00bb. C\u2019est tout. A ces occasions-l\u00e0, oui, j\u2019\u00e9tais presque fier de moi.<br \/>\nMaintenant, il me suffirait d\u2019esp\u00e9rer que certains, gr\u00e2ce aux questions que ma sculpture va leur faire se poser, vont s\u2019approcher de ce fameux \u00ab\u00a0satori\u00a0\u00bb. Ils y arriveront avant moi peut-\u00eatre. Probablement\u2026<br \/>\nFier ? Non. Seulement content. Content de croire entendre mon p\u00e8re : \u00ab\u00a0C\u2019est bien\u00a0\u00bb\u2026<\/p>\n<p>* Ecole fond\u00e9e au Japon \u00e0 la fin des ann\u00e9es 1970<\/p>\n<p><img decoding=\"async\" src=\"https:\/\/artistics.com\/wp-content\/uploads\/2023\/04\/article2Hachiro20Kanno20Permanescence202.jpg\" alt=\"\" width=\"640\" height=\"478\" \/><\/p>\n<p>L&rsquo;oeuvre pendant son montage. Photo : Jean-Claude Garnier<\/p>\n","protected":false},"excerpt":{"rendered":"<p>Depuis cet \u00e9t\u00e9, le temple zen DA\u00cf \u00d4 JI au Japon accueille une sculpture de Hachiro Kanno : trois figures g\u00e9om\u00e9triques \u00e9l\u00e9mentaires (carr\u00e9, triangle et cercle) suspendues devant un rideau de lianes m\u00e9talliques.<\/p>\n","protected":false},"author":2,"featured_media":3266,"comment_status":"open","ping_status":"open","sticky":false,"template":"","format":"standard","meta":{"_acf_changed":false,"_searchwp_excluded":"","inline_featured_image":false,"footnotes":""},"categories":[1182,1184,1188],"tags":[1220],"class_list":["post-4622","post","type-post","status-publish","format-standard","has-post-thumbnail","hentry","category-commissioned-artworks","category-actualites-de-nos-artistes","category-oeuvres-de-commande","tag-japon"],"acf":[],"yoast_head":"<!-- This site is optimized with the Yoast SEO Premium plugin v27.3 (Yoast SEO v27.3) - https:\/\/yoast.com\/product\/yoast-seo-premium-wordpress\/ -->\n<title>Hachiro Kanno sculpteur | Artistics<\/title>\n<meta name=\"description\" content=\"Depuis cet \u00e9t\u00e9, le temple zen DA\u00cf \u00d4 JI au Japon accueille une sculpture de Hachiro Kanno. Plus d&#039;infos sur ce projet sur Artistics.\" \/>\n<meta name=\"robots\" content=\"index, follow, max-snippet:-1, max-image-preview:large, max-video-preview:-1\" \/>\n<link rel=\"canonical\" href=\"https:\/\/artistics.com\/fr\/artzine\/hachiro-kanno-sculpteur\/\" \/>\n<meta property=\"og:locale\" content=\"fr_FR\" \/>\n<meta property=\"og:type\" content=\"article\" \/>\n<meta property=\"og:title\" content=\"Hachiro Kanno sculpteur\" \/>\n<meta property=\"og:description\" content=\"Depuis cet \u00e9t\u00e9, le temple zen DA\u00cf \u00d4 JI au Japon accueille une sculpture de Hachiro Kanno. Plus d&#039;infos sur ce projet sur Artistics.\" \/>\n<meta property=\"og:url\" content=\"https:\/\/artistics.com\/fr\/artzine\/hachiro-kanno-sculpteur\/\" \/>\n<meta property=\"og:site_name\" content=\"Artistics\" \/>\n<meta property=\"article:publisher\" content=\"https:\/\/www.facebook.com\/ArtisticsMag\" \/>\n<meta property=\"article:published_time\" content=\"2014-11-10T17:31:44+00:00\" \/>\n<meta property=\"article:modified_time\" content=\"2023-04-25T16:19:24+00:00\" \/>\n<meta property=\"og:image\" content=\"https:\/\/artistics.com\/wp-content\/uploads\/2023\/04\/new5909hachirokannopermanescence1_0.jpg\" \/>\n\t<meta property=\"og:image:width\" content=\"490\" \/>\n\t<meta property=\"og:image:height\" content=\"640\" \/>\n\t<meta property=\"og:image:type\" content=\"image\/jpeg\" \/>\n<meta name=\"author\" content=\"Eleonora Fontana\" \/>\n<meta name=\"twitter:card\" content=\"summary_large_image\" \/>\n<meta name=\"twitter:creator\" content=\"@Artistics_FR\" \/>\n<meta name=\"twitter:site\" content=\"@Artistics_FR\" \/>\n<meta name=\"twitter:label1\" content=\"\u00c9crit par\" \/>\n\t<meta name=\"twitter:data1\" content=\"Eleonora Fontana\" \/>\n\t<meta name=\"twitter:label2\" content=\"Dur\u00e9e de lecture estim\u00e9e\" \/>\n\t<meta name=\"twitter:data2\" content=\"4 minutes\" \/>\n<script type=\"application\/ld+json\" class=\"yoast-schema-graph\">{\"@context\":\"https:\\\/\\\/schema.org\",\"@graph\":[{\"@type\":[\"Article\",\"BlogPosting\"],\"@id\":\"https:\\\/\\\/artistics.com\\\/fr\\\/artzine\\\/hachiro-kanno-sculpteur\\\/#article\",\"isPartOf\":{\"@id\":\"https:\\\/\\\/artistics.com\\\/fr\\\/artzine\\\/hachiro-kanno-sculpteur\\\/\"},\"author\":{\"name\":\"Eleonora Fontana\",\"@id\":\"https:\\\/\\\/artistics.com\\\/fr\\\/#\\\/schema\\\/person\\\/a39d54f18b4c5fe4a0de78e3f9236993\"},\"headline\":\"Hachiro Kanno sculpteur\",\"datePublished\":\"2014-11-10T17:31:44+00:00\",\"dateModified\":\"2023-04-25T16:19:24+00:00\",\"mainEntityOfPage\":{\"@id\":\"https:\\\/\\\/artistics.com\\\/fr\\\/artzine\\\/hachiro-kanno-sculpteur\\\/\"},\"wordCount\":752,\"commentCount\":0,\"publisher\":{\"@id\":\"https:\\\/\\\/artistics.com\\\/fr\\\/#organization\"},\"image\":{\"@id\":\"https:\\\/\\\/artistics.com\\\/fr\\\/artzine\\\/hachiro-kanno-sculpteur\\\/#primaryimage\"},\"thumbnailUrl\":\"https:\\\/\\\/artistics.com\\\/wp-content\\\/uploads\\\/2023\\\/04\\\/new5909hachirokannopermanescence1_0.jpg\",\"keywords\":[\"Japon\"],\"articleSection\":[\"Commissioned artworks\",\"L\u2019actu de nos artistes\",\"\u0152uvres de commande\"],\"inLanguage\":\"fr-FR\",\"potentialAction\":[{\"@type\":\"CommentAction\",\"name\":\"Comment\",\"target\":[\"https:\\\/\\\/artistics.com\\\/fr\\\/artzine\\\/hachiro-kanno-sculpteur\\\/#respond\"]}]},{\"@type\":\"WebPage\",\"@id\":\"https:\\\/\\\/artistics.com\\\/fr\\\/artzine\\\/hachiro-kanno-sculpteur\\\/\",\"url\":\"https:\\\/\\\/artistics.com\\\/fr\\\/artzine\\\/hachiro-kanno-sculpteur\\\/\",\"name\":\"Hachiro Kanno sculpteur | Artistics\",\"isPartOf\":{\"@id\":\"https:\\\/\\\/artistics.com\\\/fr\\\/#website\"},\"primaryImageOfPage\":{\"@id\":\"https:\\\/\\\/artistics.com\\\/fr\\\/artzine\\\/hachiro-kanno-sculpteur\\\/#primaryimage\"},\"image\":{\"@id\":\"https:\\\/\\\/artistics.com\\\/fr\\\/artzine\\\/hachiro-kanno-sculpteur\\\/#primaryimage\"},\"thumbnailUrl\":\"https:\\\/\\\/artistics.com\\\/wp-content\\\/uploads\\\/2023\\\/04\\\/new5909hachirokannopermanescence1_0.jpg\",\"datePublished\":\"2014-11-10T17:31:44+00:00\",\"dateModified\":\"2023-04-25T16:19:24+00:00\",\"description\":\"Depuis cet \u00e9t\u00e9, le temple zen DA\u00cf \u00d4 JI au Japon accueille une sculpture de Hachiro Kanno. Plus d'infos sur ce projet sur Artistics.\",\"breadcrumb\":{\"@id\":\"https:\\\/\\\/artistics.com\\\/fr\\\/artzine\\\/hachiro-kanno-sculpteur\\\/#breadcrumb\"},\"inLanguage\":\"fr-FR\",\"potentialAction\":[{\"@type\":\"ReadAction\",\"target\":[\"https:\\\/\\\/artistics.com\\\/fr\\\/artzine\\\/hachiro-kanno-sculpteur\\\/\"]}]},{\"@type\":\"ImageObject\",\"inLanguage\":\"fr-FR\",\"@id\":\"https:\\\/\\\/artistics.com\\\/fr\\\/artzine\\\/hachiro-kanno-sculpteur\\\/#primaryimage\",\"url\":\"https:\\\/\\\/artistics.com\\\/wp-content\\\/uploads\\\/2023\\\/04\\\/new5909hachirokannopermanescence1_0.jpg\",\"contentUrl\":\"https:\\\/\\\/artistics.com\\\/wp-content\\\/uploads\\\/2023\\\/04\\\/new5909hachirokannopermanescence1_0.jpg\",\"width\":490,\"height\":640},{\"@type\":\"BreadcrumbList\",\"@id\":\"https:\\\/\\\/artistics.com\\\/fr\\\/artzine\\\/hachiro-kanno-sculpteur\\\/#breadcrumb\",\"itemListElement\":[{\"@type\":\"ListItem\",\"position\":1,\"name\":\"Achat \u0153uvre d'art\",\"item\":\"https:\\\/\\\/artistics.com\\\/fr\\\/\"},{\"@type\":\"ListItem\",\"position\":2,\"name\":\"L\u2019actu de nos artistes\",\"item\":\"https:\\\/\\\/artistics.com\\\/fr\\\/artzine\\\/category\\\/actualites-de-nos-artistes\\\/\"},{\"@type\":\"ListItem\",\"position\":3,\"name\":\"Hachiro Kanno sculpteur\"}]},{\"@type\":\"WebSite\",\"@id\":\"https:\\\/\\\/artistics.com\\\/fr\\\/#website\",\"url\":\"https:\\\/\\\/artistics.com\\\/fr\\\/\",\"name\":\"Artistics\",\"description\":\"The online art gallery\",\"publisher\":{\"@id\":\"https:\\\/\\\/artistics.com\\\/fr\\\/#organization\"},\"potentialAction\":[{\"@type\":\"SearchAction\",\"target\":{\"@type\":\"EntryPoint\",\"urlTemplate\":\"https:\\\/\\\/artistics.com\\\/fr\\\/?s={search_term_string}\"},\"query-input\":{\"@type\":\"PropertyValueSpecification\",\"valueRequired\":true,\"valueName\":\"search_term_string\"}}],\"inLanguage\":\"fr-FR\"},{\"@type\":\"Organization\",\"@id\":\"https:\\\/\\\/artistics.com\\\/fr\\\/#organization\",\"name\":\"Artistics\",\"url\":\"https:\\\/\\\/artistics.com\\\/fr\\\/\",\"logo\":{\"@type\":\"ImageObject\",\"inLanguage\":\"fr-FR\",\"@id\":\"https:\\\/\\\/artistics.com\\\/fr\\\/#\\\/schema\\\/logo\\\/image\\\/\",\"url\":\"https:\\\/\\\/artistics.com\\\/wp-content\\\/uploads\\\/2023\\\/02\\\/artistics-logo-web-1.svg\",\"contentUrl\":\"https:\\\/\\\/artistics.com\\\/wp-content\\\/uploads\\\/2023\\\/02\\\/artistics-logo-web-1.svg\",\"caption\":\"Artistics\"},\"image\":{\"@id\":\"https:\\\/\\\/artistics.com\\\/fr\\\/#\\\/schema\\\/logo\\\/image\\\/\"},\"sameAs\":[\"https:\\\/\\\/www.facebook.com\\\/ArtisticsMag\",\"https:\\\/\\\/x.com\\\/Artistics_FR\",\"http:\\\/\\\/www.linkedin.com\\\/company\\\/artistics\",\"https:\\\/\\\/www.instagram.com\\\/artistics_com\\\/\",\"http:\\\/\\\/www.pinterest.com\\\/ArtisticsMag\"],\"hasMerchantReturnPolicy\":{\"@type\":\"MerchantReturnPolicy\",\"merchantReturnLink\":\"https:\\\/\\\/artistics.com\\\/free-return-policy\\\/\"}},{\"@type\":\"Person\",\"@id\":\"https:\\\/\\\/artistics.com\\\/fr\\\/#\\\/schema\\\/person\\\/a39d54f18b4c5fe4a0de78e3f9236993\",\"name\":\"Eleonora Fontana\",\"image\":{\"@type\":\"ImageObject\",\"inLanguage\":\"fr-FR\",\"@id\":\"https:\\\/\\\/secure.gravatar.com\\\/avatar\\\/c15608b0600d759a03e927302242286e2f196b9d8abb87856fc3a3087c242f7b?s=96&d=mm&r=g\",\"url\":\"https:\\\/\\\/secure.gravatar.com\\\/avatar\\\/c15608b0600d759a03e927302242286e2f196b9d8abb87856fc3a3087c242f7b?s=96&d=mm&r=g\",\"contentUrl\":\"https:\\\/\\\/secure.gravatar.com\\\/avatar\\\/c15608b0600d759a03e927302242286e2f196b9d8abb87856fc3a3087c242f7b?s=96&d=mm&r=g\",\"caption\":\"Eleonora Fontana\"}}]}<\/script>\n<!-- \/ Yoast SEO Premium plugin. -->","yoast_head_json":{"title":"Hachiro Kanno sculpteur | Artistics","description":"Depuis cet \u00e9t\u00e9, le temple zen DA\u00cf \u00d4 JI au Japon accueille une sculpture de Hachiro Kanno. Plus d'infos sur ce projet sur Artistics.","robots":{"index":"index","follow":"follow","max-snippet":"max-snippet:-1","max-image-preview":"max-image-preview:large","max-video-preview":"max-video-preview:-1"},"canonical":"https:\/\/artistics.com\/fr\/artzine\/hachiro-kanno-sculpteur\/","og_locale":"fr_FR","og_type":"article","og_title":"Hachiro Kanno sculpteur","og_description":"Depuis cet \u00e9t\u00e9, le temple zen DA\u00cf \u00d4 JI au Japon accueille une sculpture de Hachiro Kanno. Plus d'infos sur ce projet sur Artistics.","og_url":"https:\/\/artistics.com\/fr\/artzine\/hachiro-kanno-sculpteur\/","og_site_name":"Artistics","article_publisher":"https:\/\/www.facebook.com\/ArtisticsMag","article_published_time":"2014-11-10T17:31:44+00:00","article_modified_time":"2023-04-25T16:19:24+00:00","og_image":[{"width":490,"height":640,"url":"https:\/\/artistics.com\/wp-content\/uploads\/2023\/04\/new5909hachirokannopermanescence1_0.jpg","type":"image\/jpeg"}],"author":"Eleonora Fontana","twitter_card":"summary_large_image","twitter_creator":"@Artistics_FR","twitter_site":"@Artistics_FR","twitter_misc":{"\u00c9crit par":"Eleonora Fontana","Dur\u00e9e de lecture estim\u00e9e":"4 minutes"},"schema":{"@context":"https:\/\/schema.org","@graph":[{"@type":["Article","BlogPosting"],"@id":"https:\/\/artistics.com\/fr\/artzine\/hachiro-kanno-sculpteur\/#article","isPartOf":{"@id":"https:\/\/artistics.com\/fr\/artzine\/hachiro-kanno-sculpteur\/"},"author":{"name":"Eleonora Fontana","@id":"https:\/\/artistics.com\/fr\/#\/schema\/person\/a39d54f18b4c5fe4a0de78e3f9236993"},"headline":"Hachiro Kanno sculpteur","datePublished":"2014-11-10T17:31:44+00:00","dateModified":"2023-04-25T16:19:24+00:00","mainEntityOfPage":{"@id":"https:\/\/artistics.com\/fr\/artzine\/hachiro-kanno-sculpteur\/"},"wordCount":752,"commentCount":0,"publisher":{"@id":"https:\/\/artistics.com\/fr\/#organization"},"image":{"@id":"https:\/\/artistics.com\/fr\/artzine\/hachiro-kanno-sculpteur\/#primaryimage"},"thumbnailUrl":"https:\/\/artistics.com\/wp-content\/uploads\/2023\/04\/new5909hachirokannopermanescence1_0.jpg","keywords":["Japon"],"articleSection":["Commissioned artworks","L\u2019actu de nos artistes","\u0152uvres de commande"],"inLanguage":"fr-FR","potentialAction":[{"@type":"CommentAction","name":"Comment","target":["https:\/\/artistics.com\/fr\/artzine\/hachiro-kanno-sculpteur\/#respond"]}]},{"@type":"WebPage","@id":"https:\/\/artistics.com\/fr\/artzine\/hachiro-kanno-sculpteur\/","url":"https:\/\/artistics.com\/fr\/artzine\/hachiro-kanno-sculpteur\/","name":"Hachiro Kanno sculpteur | Artistics","isPartOf":{"@id":"https:\/\/artistics.com\/fr\/#website"},"primaryImageOfPage":{"@id":"https:\/\/artistics.com\/fr\/artzine\/hachiro-kanno-sculpteur\/#primaryimage"},"image":{"@id":"https:\/\/artistics.com\/fr\/artzine\/hachiro-kanno-sculpteur\/#primaryimage"},"thumbnailUrl":"https:\/\/artistics.com\/wp-content\/uploads\/2023\/04\/new5909hachirokannopermanescence1_0.jpg","datePublished":"2014-11-10T17:31:44+00:00","dateModified":"2023-04-25T16:19:24+00:00","description":"Depuis cet \u00e9t\u00e9, le temple zen DA\u00cf \u00d4 JI au Japon accueille une sculpture de Hachiro Kanno. Plus d'infos sur ce projet sur Artistics.","breadcrumb":{"@id":"https:\/\/artistics.com\/fr\/artzine\/hachiro-kanno-sculpteur\/#breadcrumb"},"inLanguage":"fr-FR","potentialAction":[{"@type":"ReadAction","target":["https:\/\/artistics.com\/fr\/artzine\/hachiro-kanno-sculpteur\/"]}]},{"@type":"ImageObject","inLanguage":"fr-FR","@id":"https:\/\/artistics.com\/fr\/artzine\/hachiro-kanno-sculpteur\/#primaryimage","url":"https:\/\/artistics.com\/wp-content\/uploads\/2023\/04\/new5909hachirokannopermanescence1_0.jpg","contentUrl":"https:\/\/artistics.com\/wp-content\/uploads\/2023\/04\/new5909hachirokannopermanescence1_0.jpg","width":490,"height":640},{"@type":"BreadcrumbList","@id":"https:\/\/artistics.com\/fr\/artzine\/hachiro-kanno-sculpteur\/#breadcrumb","itemListElement":[{"@type":"ListItem","position":1,"name":"Achat \u0153uvre d'art","item":"https:\/\/artistics.com\/fr\/"},{"@type":"ListItem","position":2,"name":"L\u2019actu de nos artistes","item":"https:\/\/artistics.com\/fr\/artzine\/category\/actualites-de-nos-artistes\/"},{"@type":"ListItem","position":3,"name":"Hachiro Kanno sculpteur"}]},{"@type":"WebSite","@id":"https:\/\/artistics.com\/fr\/#website","url":"https:\/\/artistics.com\/fr\/","name":"Artistics","description":"The online art gallery","publisher":{"@id":"https:\/\/artistics.com\/fr\/#organization"},"potentialAction":[{"@type":"SearchAction","target":{"@type":"EntryPoint","urlTemplate":"https:\/\/artistics.com\/fr\/?s={search_term_string}"},"query-input":{"@type":"PropertyValueSpecification","valueRequired":true,"valueName":"search_term_string"}}],"inLanguage":"fr-FR"},{"@type":"Organization","@id":"https:\/\/artistics.com\/fr\/#organization","name":"Artistics","url":"https:\/\/artistics.com\/fr\/","logo":{"@type":"ImageObject","inLanguage":"fr-FR","@id":"https:\/\/artistics.com\/fr\/#\/schema\/logo\/image\/","url":"https:\/\/artistics.com\/wp-content\/uploads\/2023\/02\/artistics-logo-web-1.svg","contentUrl":"https:\/\/artistics.com\/wp-content\/uploads\/2023\/02\/artistics-logo-web-1.svg","caption":"Artistics"},"image":{"@id":"https:\/\/artistics.com\/fr\/#\/schema\/logo\/image\/"},"sameAs":["https:\/\/www.facebook.com\/ArtisticsMag","https:\/\/x.com\/Artistics_FR","http:\/\/www.linkedin.com\/company\/artistics","https:\/\/www.instagram.com\/artistics_com\/","http:\/\/www.pinterest.com\/ArtisticsMag"],"hasMerchantReturnPolicy":{"@type":"MerchantReturnPolicy","merchantReturnLink":"https:\/\/artistics.com\/free-return-policy\/"}},{"@type":"Person","@id":"https:\/\/artistics.com\/fr\/#\/schema\/person\/a39d54f18b4c5fe4a0de78e3f9236993","name":"Eleonora Fontana","image":{"@type":"ImageObject","inLanguage":"fr-FR","@id":"https:\/\/secure.gravatar.com\/avatar\/c15608b0600d759a03e927302242286e2f196b9d8abb87856fc3a3087c242f7b?s=96&d=mm&r=g","url":"https:\/\/secure.gravatar.com\/avatar\/c15608b0600d759a03e927302242286e2f196b9d8abb87856fc3a3087c242f7b?s=96&d=mm&r=g","contentUrl":"https:\/\/secure.gravatar.com\/avatar\/c15608b0600d759a03e927302242286e2f196b9d8abb87856fc3a3087c242f7b?s=96&d=mm&r=g","caption":"Eleonora Fontana"}}]}},"_links":{"self":[{"href":"https:\/\/artistics.com\/fr\/wp-json\/wp\/v2\/posts\/4622","targetHints":{"allow":["GET"]}}],"collection":[{"href":"https:\/\/artistics.com\/fr\/wp-json\/wp\/v2\/posts"}],"about":[{"href":"https:\/\/artistics.com\/fr\/wp-json\/wp\/v2\/types\/post"}],"author":[{"embeddable":true,"href":"https:\/\/artistics.com\/fr\/wp-json\/wp\/v2\/users\/2"}],"replies":[{"embeddable":true,"href":"https:\/\/artistics.com\/fr\/wp-json\/wp\/v2\/comments?post=4622"}],"version-history":[{"count":0,"href":"https:\/\/artistics.com\/fr\/wp-json\/wp\/v2\/posts\/4622\/revisions"}],"wp:featuredmedia":[{"embeddable":true,"href":"https:\/\/artistics.com\/fr\/wp-json\/wp\/v2\/media\/3266"}],"wp:attachment":[{"href":"https:\/\/artistics.com\/fr\/wp-json\/wp\/v2\/media?parent=4622"}],"wp:term":[{"taxonomy":"category","embeddable":true,"href":"https:\/\/artistics.com\/fr\/wp-json\/wp\/v2\/categories?post=4622"},{"taxonomy":"post_tag","embeddable":true,"href":"https:\/\/artistics.com\/fr\/wp-json\/wp\/v2\/tags?post=4622"}],"curies":[{"name":"wp","href":"https:\/\/api.w.org\/{rel}","templated":true}]}}