{"id":40348,"date":"2023-10-21T18:01:49","date_gmt":"2023-10-21T16:01:49","guid":{"rendered":"https:\/\/artistics.com\/artzine\/sculpture-alejandro-vega-beuvrin-invited-to-exhibit-his-work-at-the-jingan-international-sculpture-project-jisp\/"},"modified":"2023-10-21T18:29:59","modified_gmt":"2023-10-21T16:29:59","slug":"sculpture-alejandro-vega-beuvrin-invited-to-exhibit-his-work-at-the-jingan-international-sculpture-project-jisp","status":"publish","type":"post","link":"https:\/\/artistics.com\/fr\/artzine\/sculpture-alejandro-vega-beuvrin-invited-to-exhibit-his-work-at-the-jingan-international-sculpture-project-jisp\/","title":{"rendered":"Sculpture : Alejandro Vega Beuvrin invit\u00e9 du Jing\u2019an International Sculpture Project (JISP)"},"content":{"rendered":"<h2 class=\"wp-block-heading\" id=\"h-l-artiste-alejandro-vega-beuvrin-a-ete-selectionne-pour-participer-a-la-7e-edition-du-jing-an-international-sculpture-project-jisp-a-shanghai-trois-versions-monumentales-de-ses-barricada-sont-visibles-jusqu-au-31-decembre-prochain\">L\u2019artiste Alejandro Vega Beuvrin a \u00e9t\u00e9 s\u00e9lectionn\u00e9 pour participer \u00e0 la 7e \u00e9dition du Jing&rsquo;an International Sculpture Project (JISP), \u00e0 Shangha\u00ef. Trois versions monumentales de ses \u00ab Barricada \u00bb sont visibles jusqu\u2019au 31 d\u00e9cembre prochain.<\/h2><div style=\"height:30px\" aria-hidden=\"true\" class=\"wp-block-spacer\"><\/div><figure class=\"wp-block-image size-large\"><img decoding=\"async\" width=\"1024\" height=\"769\" src=\"https:\/\/artistics.com\/wp-content\/uploads\/2023\/10\/poster-1-1024x769.jpeg\" alt=\"\" class=\"wp-image-40340\" srcset=\"https:\/\/artistics.com\/wp-content\/uploads\/2023\/10\/poster-1-1024x769.jpeg 1024w, https:\/\/artistics.com\/wp-content\/uploads\/2023\/10\/poster-1-300x225.jpeg 300w, https:\/\/artistics.com\/wp-content\/uploads\/2023\/10\/poster-1-768x577.jpeg 768w, https:\/\/artistics.com\/wp-content\/uploads\/2023\/10\/poster-1-1536x1154.jpeg 1536w, https:\/\/artistics.com\/wp-content\/uploads\/2023\/10\/poster-1-550x413.jpeg 550w, https:\/\/artistics.com\/wp-content\/uploads\/2023\/10\/poster-1-800x600.jpeg 800w, https:\/\/artistics.com\/wp-content\/uploads\/2023\/10\/poster-1-600x450.jpeg 600w, https:\/\/artistics.com\/wp-content\/uploads\/2023\/10\/poster-1-180x135.jpeg 180w, https:\/\/artistics.com\/wp-content\/uploads\/2023\/10\/poster-1.jpeg 1592w\" sizes=\"(max-width: 1024px) 100vw, 1024px\" \/><figcaption class=\"wp-element-caption\">Droite : Alejandro Vega Beuvrin : <a href=\"https:\/\/artistics.com\/fr\/oeuvre\/barricada-2-l\/\">Barricada #2 aip L235<\/a> (2018). Acier Corten, 232 x 401 x 152 cm.<\/figcaption><\/figure><div style=\"height:30px\" aria-hidden=\"true\" class=\"wp-block-spacer\"><\/div><p>La septi\u00e8me \u00e9dition du Jing&rsquo;an International Sculpture Project (JISP) a ouvert ses portes le 20 septembre dernier. Depuis 2010 (date de la premi\u00e8re \u00e9dition, concomitante avec l&rsquo;exposition universelle <em>Expo 2010 Shanghai China<\/em>), cette biennale s&rsquo;inscrit dans un projet visant \u00e0 constituer une collection permanente de sculptures en plein air dans le quartier de Jing&rsquo;An, au centre de Shangha\u00ef.<\/p><p>La manifestation est \u00e9galement scrut\u00e9e \u00e0 l\u2019international en tant que plateforme montrant les orientations les plus significatives prises par la sculpture comme champ de la cr\u00e9ation artistique.<\/p><p>Le th\u00e8me de cette nouvelle \u00e9dition, \u00ab\u00a0Urban Public Space: Dimension, Emotion, Vitality\u00a0\u00bb (L&rsquo;espace public urbain : Dimension, \u00e9motion, vitalit\u00e9), rassemble 28 artistes internationaux, 18 chinois et 18 \u00e9trangers, au travers de 42 \u0153uvres d\u2019art.<\/p><p>L\u2019un des artistes s\u00e9lectionn\u00e9s est <a href=\"https:\/\/artistics.com\/artist\/alejandro-vegabeuvrin\/\">Alejandro Vega Beuvrin<\/a> (Venezuela, 1979), repr\u00e9sent\u00e9 par Artistics. Apr\u00e8s des \u00e9tudes d\u2019architecture, Alejandro Vega Beuvrin s\u2019est tourn\u00e9 vers la sculpture \u00e0 laquelle il se consacre \u00e0 pr\u00e9sent depuis son studio de Barcelone, en Espagne. Ses cr\u00e9ations, compos\u00e9es de plaques de m\u00e9tal d\u00e9coup\u00e9es et assembl\u00e9es ensemble, t\u00e9moignent de ce parcours qui ne cesse d\u2019alimenter des questionnements en lien avec le plan (forme bidimensionnelle), l\u2019espace et leur interaction. Trois <a href=\"https:\/\/artistics.com\/series\/alejandro-vega-beuvrin-large-size-sculptures\/\">sculptures monumentales de la s\u00e9rie <em>Barricada<\/em><\/a> sont pr\u00e9sent\u00e9es dans le cadre du Jing&rsquo;an International Sculpture Project : l\u2019une en bronze, l\u2019autre en acier Corten et la derni\u00e8re en acier inox.<\/p><div style=\"height:30px\" aria-hidden=\"true\" class=\"wp-block-spacer\"><\/div><figure class=\"wp-block-image size-large\"><img decoding=\"async\" width=\"1024\" height=\"767\" src=\"https:\/\/artistics.com\/wp-content\/uploads\/2023\/10\/alejandro-vega-beuvrin-barricada-18-aip-l265-1024x767.jpeg\" alt=\"\" class=\"wp-image-40342\" srcset=\"https:\/\/artistics.com\/wp-content\/uploads\/2023\/10\/alejandro-vega-beuvrin-barricada-18-aip-l265-1024x767.jpeg 1024w, https:\/\/artistics.com\/wp-content\/uploads\/2023\/10\/alejandro-vega-beuvrin-barricada-18-aip-l265-300x225.jpeg 300w, https:\/\/artistics.com\/wp-content\/uploads\/2023\/10\/alejandro-vega-beuvrin-barricada-18-aip-l265-768x576.jpeg 768w, https:\/\/artistics.com\/wp-content\/uploads\/2023\/10\/alejandro-vega-beuvrin-barricada-18-aip-l265-1536x1151.jpeg 1536w, https:\/\/artistics.com\/wp-content\/uploads\/2023\/10\/alejandro-vega-beuvrin-barricada-18-aip-l265-550x412.jpeg 550w, https:\/\/artistics.com\/wp-content\/uploads\/2023\/10\/alejandro-vega-beuvrin-barricada-18-aip-l265-800x600.jpeg 800w, https:\/\/artistics.com\/wp-content\/uploads\/2023\/10\/alejandro-vega-beuvrin-barricada-18-aip-l265-600x450.jpeg 600w, https:\/\/artistics.com\/wp-content\/uploads\/2023\/10\/alejandro-vega-beuvrin-barricada-18-aip-l265-180x135.jpeg 180w, https:\/\/artistics.com\/wp-content\/uploads\/2023\/10\/alejandro-vega-beuvrin-barricada-18-aip-l265.jpeg 1628w\" sizes=\"(max-width: 1024px) 100vw, 1024px\" \/><figcaption class=\"wp-element-caption\">Alejandro Vega Beuvrin : Barricada #18 aip L265 (2023). Stainless steel, 265 x 459 x 233 cm.<\/figcaption><\/figure><div style=\"height:30px\" aria-hidden=\"true\" class=\"wp-block-spacer\"><\/div><p>Parmi les autres artistes s\u00e9lectionn\u00e9s se trouvent l\u2019Allemande Katinka Bock, nomm\u00e9e pour le prix Marcel-Duchamp en 2019, l\u2019Ecossais Jim Lambie, s\u00e9lectionn\u00e9 pour le prix Turner 2005, l\u2019Espagnol Juan Garaizabal ou le duo Elmgreen &amp; Dragset dont le travail respectif a notamment \u00e9t\u00e9 pr\u00e9sent\u00e9 \u00e0 la Biennale de Venise (en 2013 pour le premier, en 2009 pour les seconds).<\/p><p>Au-del\u00e0 de l\u2019exposition, les organisateurs ont aussi con\u00e7u une programmation m\u00ealant visites guid\u00e9es et ateliers, avec l\u2019objectif d\u2019encourager les habitants \u00e0 d\u00e9couvrir l\u2019art public et de le sensibiliser \u00e0 son interaction avec l\u2019environnement urbain. Ces activit\u00e9s participent aussi d\u2019un effort pour changer la perception de l\u2019art qui, pour beaucoup, reste associ\u00e9 au luxe et n\u2019est accessible que par un public restreint. Dans le m\u00eame esprit, la biennale a cette ann\u00e9e choisi d\u2019investir d\u2019autres lieux parmi lesquels un vieux quartier, une \u00e9cole et m\u00eame un march\u00e9 humide.<\/p><p><strong>Jing&rsquo;an International Sculpture Project (JISP)<\/strong><br>Jing&rsquo;an Sculpture Park et autres lieux, Shangha\u00ef, Chine<br>Jusqu\u2019au 31 d\u00e9cembre 2023.<\/p><div style=\"height:30px\" aria-hidden=\"true\" class=\"wp-block-spacer\"><\/div><figure class=\"wp-block-image size-large\"><img decoding=\"async\" width=\"1024\" height=\"959\" src=\"https:\/\/artistics.com\/wp-content\/uploads\/2023\/10\/alejandro-vega-beuvrin-barricada-9-bp-l200-1024x959.jpeg\" alt=\"\" class=\"wp-image-40344\" srcset=\"https:\/\/artistics.com\/wp-content\/uploads\/2023\/10\/alejandro-vega-beuvrin-barricada-9-bp-l200-1024x959.jpeg 1024w, https:\/\/artistics.com\/wp-content\/uploads\/2023\/10\/alejandro-vega-beuvrin-barricada-9-bp-l200-300x281.jpeg 300w, https:\/\/artistics.com\/wp-content\/uploads\/2023\/10\/alejandro-vega-beuvrin-barricada-9-bp-l200-768x719.jpeg 768w, https:\/\/artistics.com\/wp-content\/uploads\/2023\/10\/alejandro-vega-beuvrin-barricada-9-bp-l200-550x515.jpeg 550w, https:\/\/artistics.com\/wp-content\/uploads\/2023\/10\/alejandro-vega-beuvrin-barricada-9-bp-l200-180x169.jpeg 180w, https:\/\/artistics.com\/wp-content\/uploads\/2023\/10\/alejandro-vega-beuvrin-barricada-9-bp-l200.jpeg 1229w\" sizes=\"(max-width: 1024px) 100vw, 1024px\" \/><figcaption class=\"wp-element-caption\">Alejandro Vega Beuvrin : <a href=\"https:\/\/artistics.com\/fr\/oeuvre\/barricada-9-b-l\/\">Barricada #9 bp L200<\/a> (2019). Bronze, 200 x 112 x 72 cm.<\/figcaption><\/figure>","protected":false},"excerpt":{"rendered":"<p>L\u2019artiste Alejandro Vega Beuvrin a \u00e9t\u00e9 s\u00e9lectionn\u00e9 pour participer \u00e0 la 7e \u00e9dition du Jing&rsquo;an International Sculpture Project (JISP), \u00e0 Shangha\u00ef. Trois versions monumentales de ses \u00ab Barricada \u00bb sont visibles jusqu\u2019au 31 d\u00e9cembre prochain. La septi\u00e8me \u00e9dition du Jing&rsquo;an International Sculpture Project (JISP) a ouvert ses portes le 20 septembre dernier. Depuis 2010 (date [&hellip;]<\/p>\n","protected":false},"author":4,"featured_media":40339,"comment_status":"closed","ping_status":"open","sticky":false,"template":"","format":"standard","meta":{"_acf_changed":false,"_searchwp_excluded":"","inline_featured_image":false,"footnotes":""},"categories":[1184],"tags":[],"class_list":["post-40348","post","type-post","status-publish","format-standard","has-post-thumbnail","hentry","category-actualites-de-nos-artistes"],"acf":[],"yoast_head":"<!-- This site is optimized with the Yoast SEO Premium plugin v27.3 (Yoast SEO v27.3) - https:\/\/yoast.com\/product\/yoast-seo-premium-wordpress\/ -->\n<title>Alejandro Vega Beuvrin au Jing&#039;an International Sculpture Project | Artistics<\/title>\n<meta name=\"description\" content=\"L\u2019artiste Alejandro Vega Beuvrin a \u00e9t\u00e9 s\u00e9lectionn\u00e9 pour participer \u00e0 la 7e \u00e9dition du Jing&#039;an International Sculpture Project (JISP), \u00e0 Shanga\u00ef.\" \/>\n<meta name=\"robots\" content=\"index, follow, max-snippet:-1, max-image-preview:large, max-video-preview:-1\" \/>\n<link rel=\"canonical\" href=\"https:\/\/artistics.com\/fr\/artzine\/sculpture-alejandro-vega-beuvrin-invited-to-exhibit-his-work-at-the-jingan-international-sculpture-project-jisp\/\" \/>\n<meta property=\"og:locale\" content=\"fr_FR\" \/>\n<meta property=\"og:type\" content=\"article\" \/>\n<meta property=\"og:title\" content=\"Sculpture : Alejandro Vega Beuvrin invit\u00e9 du Jing\u2019an International Sculpture Project (JISP)\" \/>\n<meta property=\"og:description\" content=\"L\u2019artiste Alejandro Vega Beuvrin a \u00e9t\u00e9 s\u00e9lectionn\u00e9 pour participer \u00e0 la 7e \u00e9dition du Jing&#039;an International Sculpture Project (JISP), \u00e0 Shanga\u00ef.\" \/>\n<meta property=\"og:url\" content=\"https:\/\/artistics.com\/fr\/artzine\/sculpture-alejandro-vega-beuvrin-invited-to-exhibit-his-work-at-the-jingan-international-sculpture-project-jisp\/\" \/>\n<meta property=\"og:site_name\" content=\"Artistics\" \/>\n<meta property=\"article:publisher\" content=\"https:\/\/www.facebook.com\/ArtisticsMag\" \/>\n<meta property=\"article:published_time\" content=\"2023-10-21T16:01:49+00:00\" \/>\n<meta property=\"article:modified_time\" content=\"2023-10-21T16:29:59+00:00\" \/>\n<meta property=\"og:image\" content=\"https:\/\/artistics.com\/wp-content\/uploads\/2023\/10\/poster.jpeg\" \/>\n\t<meta property=\"og:image:width\" content=\"1592\" \/>\n\t<meta property=\"og:image:height\" content=\"1196\" \/>\n\t<meta property=\"og:image:type\" content=\"image\/jpeg\" \/>\n<meta name=\"author\" content=\"Christophe Salet\" \/>\n<meta name=\"twitter:card\" content=\"summary_large_image\" \/>\n<meta name=\"twitter:creator\" content=\"@Artistics_FR\" \/>\n<meta name=\"twitter:site\" content=\"@Artistics_FR\" \/>\n<meta name=\"twitter:label1\" content=\"\u00c9crit par\" \/>\n\t<meta name=\"twitter:data1\" content=\"Christophe Salet\" \/>\n\t<meta name=\"twitter:label2\" content=\"Dur\u00e9e de lecture estim\u00e9e\" \/>\n\t<meta name=\"twitter:data2\" content=\"3 minutes\" \/>\n<script type=\"application\/ld+json\" class=\"yoast-schema-graph\">{\"@context\":\"https:\\\/\\\/schema.org\",\"@graph\":[{\"@type\":[\"Article\",\"BlogPosting\"],\"@id\":\"https:\\\/\\\/artistics.com\\\/fr\\\/artzine\\\/sculpture-alejandro-vega-beuvrin-invited-to-exhibit-his-work-at-the-jingan-international-sculpture-project-jisp\\\/#article\",\"isPartOf\":{\"@id\":\"https:\\\/\\\/artistics.com\\\/fr\\\/artzine\\\/sculpture-alejandro-vega-beuvrin-invited-to-exhibit-his-work-at-the-jingan-international-sculpture-project-jisp\\\/\"},\"author\":{\"name\":\"Christophe Salet\",\"@id\":\"https:\\\/\\\/artistics.com\\\/fr\\\/#\\\/schema\\\/person\\\/1367e63148251e426892320f3452d474\"},\"headline\":\"Sculpture : Alejandro Vega Beuvrin invit\u00e9 du Jing\u2019an International Sculpture Project (JISP)\",\"datePublished\":\"2023-10-21T16:01:49+00:00\",\"dateModified\":\"2023-10-21T16:29:59+00:00\",\"mainEntityOfPage\":{\"@id\":\"https:\\\/\\\/artistics.com\\\/fr\\\/artzine\\\/sculpture-alejandro-vega-beuvrin-invited-to-exhibit-his-work-at-the-jingan-international-sculpture-project-jisp\\\/\"},\"wordCount\":504,\"publisher\":{\"@id\":\"https:\\\/\\\/artistics.com\\\/fr\\\/#organization\"},\"image\":{\"@id\":\"https:\\\/\\\/artistics.com\\\/fr\\\/artzine\\\/sculpture-alejandro-vega-beuvrin-invited-to-exhibit-his-work-at-the-jingan-international-sculpture-project-jisp\\\/#primaryimage\"},\"thumbnailUrl\":\"https:\\\/\\\/artistics.com\\\/wp-content\\\/uploads\\\/2023\\\/10\\\/poster.jpeg\",\"articleSection\":[\"L\u2019actu de nos artistes\"],\"inLanguage\":\"fr-FR\"},{\"@type\":\"WebPage\",\"@id\":\"https:\\\/\\\/artistics.com\\\/fr\\\/artzine\\\/sculpture-alejandro-vega-beuvrin-invited-to-exhibit-his-work-at-the-jingan-international-sculpture-project-jisp\\\/\",\"url\":\"https:\\\/\\\/artistics.com\\\/fr\\\/artzine\\\/sculpture-alejandro-vega-beuvrin-invited-to-exhibit-his-work-at-the-jingan-international-sculpture-project-jisp\\\/\",\"name\":\"Alejandro Vega Beuvrin au Jing'an International Sculpture Project | Artistics\",\"isPartOf\":{\"@id\":\"https:\\\/\\\/artistics.com\\\/fr\\\/#website\"},\"primaryImageOfPage\":{\"@id\":\"https:\\\/\\\/artistics.com\\\/fr\\\/artzine\\\/sculpture-alejandro-vega-beuvrin-invited-to-exhibit-his-work-at-the-jingan-international-sculpture-project-jisp\\\/#primaryimage\"},\"image\":{\"@id\":\"https:\\\/\\\/artistics.com\\\/fr\\\/artzine\\\/sculpture-alejandro-vega-beuvrin-invited-to-exhibit-his-work-at-the-jingan-international-sculpture-project-jisp\\\/#primaryimage\"},\"thumbnailUrl\":\"https:\\\/\\\/artistics.com\\\/wp-content\\\/uploads\\\/2023\\\/10\\\/poster.jpeg\",\"datePublished\":\"2023-10-21T16:01:49+00:00\",\"dateModified\":\"2023-10-21T16:29:59+00:00\",\"description\":\"L\u2019artiste Alejandro Vega Beuvrin a \u00e9t\u00e9 s\u00e9lectionn\u00e9 pour participer \u00e0 la 7e \u00e9dition du Jing'an International Sculpture Project (JISP), \u00e0 Shanga\u00ef.\",\"breadcrumb\":{\"@id\":\"https:\\\/\\\/artistics.com\\\/fr\\\/artzine\\\/sculpture-alejandro-vega-beuvrin-invited-to-exhibit-his-work-at-the-jingan-international-sculpture-project-jisp\\\/#breadcrumb\"},\"inLanguage\":\"fr-FR\",\"potentialAction\":[{\"@type\":\"ReadAction\",\"target\":[\"https:\\\/\\\/artistics.com\\\/fr\\\/artzine\\\/sculpture-alejandro-vega-beuvrin-invited-to-exhibit-his-work-at-the-jingan-international-sculpture-project-jisp\\\/\"]}]},{\"@type\":\"ImageObject\",\"inLanguage\":\"fr-FR\",\"@id\":\"https:\\\/\\\/artistics.com\\\/fr\\\/artzine\\\/sculpture-alejandro-vega-beuvrin-invited-to-exhibit-his-work-at-the-jingan-international-sculpture-project-jisp\\\/#primaryimage\",\"url\":\"https:\\\/\\\/artistics.com\\\/wp-content\\\/uploads\\\/2023\\\/10\\\/poster.jpeg\",\"contentUrl\":\"https:\\\/\\\/artistics.com\\\/wp-content\\\/uploads\\\/2023\\\/10\\\/poster.jpeg\",\"width\":1592,\"height\":1196},{\"@type\":\"BreadcrumbList\",\"@id\":\"https:\\\/\\\/artistics.com\\\/fr\\\/artzine\\\/sculpture-alejandro-vega-beuvrin-invited-to-exhibit-his-work-at-the-jingan-international-sculpture-project-jisp\\\/#breadcrumb\",\"itemListElement\":[{\"@type\":\"ListItem\",\"position\":1,\"name\":\"Achat \u0153uvre d'art\",\"item\":\"https:\\\/\\\/artistics.com\\\/fr\\\/\"},{\"@type\":\"ListItem\",\"position\":2,\"name\":\"L\u2019actu de nos artistes\",\"item\":\"https:\\\/\\\/artistics.com\\\/fr\\\/artzine\\\/category\\\/actualites-de-nos-artistes\\\/\"},{\"@type\":\"ListItem\",\"position\":3,\"name\":\"Sculpture : Alejandro Vega Beuvrin invit\u00e9 du Jing\u2019an International Sculpture Project (JISP)\"}]},{\"@type\":\"WebSite\",\"@id\":\"https:\\\/\\\/artistics.com\\\/fr\\\/#website\",\"url\":\"https:\\\/\\\/artistics.com\\\/fr\\\/\",\"name\":\"Artistics\",\"description\":\"The online art gallery\",\"publisher\":{\"@id\":\"https:\\\/\\\/artistics.com\\\/fr\\\/#organization\"},\"potentialAction\":[{\"@type\":\"SearchAction\",\"target\":{\"@type\":\"EntryPoint\",\"urlTemplate\":\"https:\\\/\\\/artistics.com\\\/fr\\\/?s={search_term_string}\"},\"query-input\":{\"@type\":\"PropertyValueSpecification\",\"valueRequired\":true,\"valueName\":\"search_term_string\"}}],\"inLanguage\":\"fr-FR\"},{\"@type\":\"Organization\",\"@id\":\"https:\\\/\\\/artistics.com\\\/fr\\\/#organization\",\"name\":\"Artistics\",\"url\":\"https:\\\/\\\/artistics.com\\\/fr\\\/\",\"logo\":{\"@type\":\"ImageObject\",\"inLanguage\":\"fr-FR\",\"@id\":\"https:\\\/\\\/artistics.com\\\/fr\\\/#\\\/schema\\\/logo\\\/image\\\/\",\"url\":\"https:\\\/\\\/artistics.com\\\/wp-content\\\/uploads\\\/2023\\\/02\\\/artistics-logo-web-1.svg\",\"contentUrl\":\"https:\\\/\\\/artistics.com\\\/wp-content\\\/uploads\\\/2023\\\/02\\\/artistics-logo-web-1.svg\",\"caption\":\"Artistics\"},\"image\":{\"@id\":\"https:\\\/\\\/artistics.com\\\/fr\\\/#\\\/schema\\\/logo\\\/image\\\/\"},\"sameAs\":[\"https:\\\/\\\/www.facebook.com\\\/ArtisticsMag\",\"https:\\\/\\\/x.com\\\/Artistics_FR\",\"http:\\\/\\\/www.linkedin.com\\\/company\\\/artistics\",\"https:\\\/\\\/www.instagram.com\\\/artistics_com\\\/\",\"http:\\\/\\\/www.pinterest.com\\\/ArtisticsMag\"],\"hasMerchantReturnPolicy\":{\"@type\":\"MerchantReturnPolicy\",\"merchantReturnLink\":\"https:\\\/\\\/artistics.com\\\/free-return-policy\\\/\"}},{\"@type\":\"Person\",\"@id\":\"https:\\\/\\\/artistics.com\\\/fr\\\/#\\\/schema\\\/person\\\/1367e63148251e426892320f3452d474\",\"name\":\"Christophe Salet\",\"image\":{\"@type\":\"ImageObject\",\"inLanguage\":\"fr-FR\",\"@id\":\"https:\\\/\\\/secure.gravatar.com\\\/avatar\\\/91f432599f85a6d56c33b915f1b9ebc5efdabae77f9b6e054e22a9c119116cdc?s=96&d=mm&r=g\",\"url\":\"https:\\\/\\\/secure.gravatar.com\\\/avatar\\\/91f432599f85a6d56c33b915f1b9ebc5efdabae77f9b6e054e22a9c119116cdc?s=96&d=mm&r=g\",\"contentUrl\":\"https:\\\/\\\/secure.gravatar.com\\\/avatar\\\/91f432599f85a6d56c33b915f1b9ebc5efdabae77f9b6e054e22a9c119116cdc?s=96&d=mm&r=g\",\"caption\":\"Christophe Salet\"}}]}<\/script>\n<!-- \/ Yoast SEO Premium plugin. -->","yoast_head_json":{"title":"Alejandro Vega Beuvrin au Jing'an International Sculpture Project | Artistics","description":"L\u2019artiste Alejandro Vega Beuvrin a \u00e9t\u00e9 s\u00e9lectionn\u00e9 pour participer \u00e0 la 7e \u00e9dition du Jing'an International Sculpture Project (JISP), \u00e0 Shanga\u00ef.","robots":{"index":"index","follow":"follow","max-snippet":"max-snippet:-1","max-image-preview":"max-image-preview:large","max-video-preview":"max-video-preview:-1"},"canonical":"https:\/\/artistics.com\/fr\/artzine\/sculpture-alejandro-vega-beuvrin-invited-to-exhibit-his-work-at-the-jingan-international-sculpture-project-jisp\/","og_locale":"fr_FR","og_type":"article","og_title":"Sculpture : Alejandro Vega Beuvrin invit\u00e9 du Jing\u2019an International Sculpture Project (JISP)","og_description":"L\u2019artiste Alejandro Vega Beuvrin a \u00e9t\u00e9 s\u00e9lectionn\u00e9 pour participer \u00e0 la 7e \u00e9dition du Jing'an International Sculpture Project (JISP), \u00e0 Shanga\u00ef.","og_url":"https:\/\/artistics.com\/fr\/artzine\/sculpture-alejandro-vega-beuvrin-invited-to-exhibit-his-work-at-the-jingan-international-sculpture-project-jisp\/","og_site_name":"Artistics","article_publisher":"https:\/\/www.facebook.com\/ArtisticsMag","article_published_time":"2023-10-21T16:01:49+00:00","article_modified_time":"2023-10-21T16:29:59+00:00","og_image":[{"width":1592,"height":1196,"url":"https:\/\/artistics.com\/wp-content\/uploads\/2023\/10\/poster.jpeg","type":"image\/jpeg"}],"author":"Christophe Salet","twitter_card":"summary_large_image","twitter_creator":"@Artistics_FR","twitter_site":"@Artistics_FR","twitter_misc":{"\u00c9crit par":"Christophe Salet","Dur\u00e9e de lecture estim\u00e9e":"3 minutes"},"schema":{"@context":"https:\/\/schema.org","@graph":[{"@type":["Article","BlogPosting"],"@id":"https:\/\/artistics.com\/fr\/artzine\/sculpture-alejandro-vega-beuvrin-invited-to-exhibit-his-work-at-the-jingan-international-sculpture-project-jisp\/#article","isPartOf":{"@id":"https:\/\/artistics.com\/fr\/artzine\/sculpture-alejandro-vega-beuvrin-invited-to-exhibit-his-work-at-the-jingan-international-sculpture-project-jisp\/"},"author":{"name":"Christophe Salet","@id":"https:\/\/artistics.com\/fr\/#\/schema\/person\/1367e63148251e426892320f3452d474"},"headline":"Sculpture : Alejandro Vega Beuvrin invit\u00e9 du Jing\u2019an International Sculpture Project (JISP)","datePublished":"2023-10-21T16:01:49+00:00","dateModified":"2023-10-21T16:29:59+00:00","mainEntityOfPage":{"@id":"https:\/\/artistics.com\/fr\/artzine\/sculpture-alejandro-vega-beuvrin-invited-to-exhibit-his-work-at-the-jingan-international-sculpture-project-jisp\/"},"wordCount":504,"publisher":{"@id":"https:\/\/artistics.com\/fr\/#organization"},"image":{"@id":"https:\/\/artistics.com\/fr\/artzine\/sculpture-alejandro-vega-beuvrin-invited-to-exhibit-his-work-at-the-jingan-international-sculpture-project-jisp\/#primaryimage"},"thumbnailUrl":"https:\/\/artistics.com\/wp-content\/uploads\/2023\/10\/poster.jpeg","articleSection":["L\u2019actu de nos artistes"],"inLanguage":"fr-FR"},{"@type":"WebPage","@id":"https:\/\/artistics.com\/fr\/artzine\/sculpture-alejandro-vega-beuvrin-invited-to-exhibit-his-work-at-the-jingan-international-sculpture-project-jisp\/","url":"https:\/\/artistics.com\/fr\/artzine\/sculpture-alejandro-vega-beuvrin-invited-to-exhibit-his-work-at-the-jingan-international-sculpture-project-jisp\/","name":"Alejandro Vega Beuvrin au Jing'an International Sculpture Project | Artistics","isPartOf":{"@id":"https:\/\/artistics.com\/fr\/#website"},"primaryImageOfPage":{"@id":"https:\/\/artistics.com\/fr\/artzine\/sculpture-alejandro-vega-beuvrin-invited-to-exhibit-his-work-at-the-jingan-international-sculpture-project-jisp\/#primaryimage"},"image":{"@id":"https:\/\/artistics.com\/fr\/artzine\/sculpture-alejandro-vega-beuvrin-invited-to-exhibit-his-work-at-the-jingan-international-sculpture-project-jisp\/#primaryimage"},"thumbnailUrl":"https:\/\/artistics.com\/wp-content\/uploads\/2023\/10\/poster.jpeg","datePublished":"2023-10-21T16:01:49+00:00","dateModified":"2023-10-21T16:29:59+00:00","description":"L\u2019artiste Alejandro Vega Beuvrin a \u00e9t\u00e9 s\u00e9lectionn\u00e9 pour participer \u00e0 la 7e \u00e9dition du Jing'an International Sculpture Project (JISP), \u00e0 Shanga\u00ef.","breadcrumb":{"@id":"https:\/\/artistics.com\/fr\/artzine\/sculpture-alejandro-vega-beuvrin-invited-to-exhibit-his-work-at-the-jingan-international-sculpture-project-jisp\/#breadcrumb"},"inLanguage":"fr-FR","potentialAction":[{"@type":"ReadAction","target":["https:\/\/artistics.com\/fr\/artzine\/sculpture-alejandro-vega-beuvrin-invited-to-exhibit-his-work-at-the-jingan-international-sculpture-project-jisp\/"]}]},{"@type":"ImageObject","inLanguage":"fr-FR","@id":"https:\/\/artistics.com\/fr\/artzine\/sculpture-alejandro-vega-beuvrin-invited-to-exhibit-his-work-at-the-jingan-international-sculpture-project-jisp\/#primaryimage","url":"https:\/\/artistics.com\/wp-content\/uploads\/2023\/10\/poster.jpeg","contentUrl":"https:\/\/artistics.com\/wp-content\/uploads\/2023\/10\/poster.jpeg","width":1592,"height":1196},{"@type":"BreadcrumbList","@id":"https:\/\/artistics.com\/fr\/artzine\/sculpture-alejandro-vega-beuvrin-invited-to-exhibit-his-work-at-the-jingan-international-sculpture-project-jisp\/#breadcrumb","itemListElement":[{"@type":"ListItem","position":1,"name":"Achat \u0153uvre d'art","item":"https:\/\/artistics.com\/fr\/"},{"@type":"ListItem","position":2,"name":"L\u2019actu de nos artistes","item":"https:\/\/artistics.com\/fr\/artzine\/category\/actualites-de-nos-artistes\/"},{"@type":"ListItem","position":3,"name":"Sculpture : Alejandro Vega Beuvrin invit\u00e9 du Jing\u2019an International Sculpture Project (JISP)"}]},{"@type":"WebSite","@id":"https:\/\/artistics.com\/fr\/#website","url":"https:\/\/artistics.com\/fr\/","name":"Artistics","description":"The online art gallery","publisher":{"@id":"https:\/\/artistics.com\/fr\/#organization"},"potentialAction":[{"@type":"SearchAction","target":{"@type":"EntryPoint","urlTemplate":"https:\/\/artistics.com\/fr\/?s={search_term_string}"},"query-input":{"@type":"PropertyValueSpecification","valueRequired":true,"valueName":"search_term_string"}}],"inLanguage":"fr-FR"},{"@type":"Organization","@id":"https:\/\/artistics.com\/fr\/#organization","name":"Artistics","url":"https:\/\/artistics.com\/fr\/","logo":{"@type":"ImageObject","inLanguage":"fr-FR","@id":"https:\/\/artistics.com\/fr\/#\/schema\/logo\/image\/","url":"https:\/\/artistics.com\/wp-content\/uploads\/2023\/02\/artistics-logo-web-1.svg","contentUrl":"https:\/\/artistics.com\/wp-content\/uploads\/2023\/02\/artistics-logo-web-1.svg","caption":"Artistics"},"image":{"@id":"https:\/\/artistics.com\/fr\/#\/schema\/logo\/image\/"},"sameAs":["https:\/\/www.facebook.com\/ArtisticsMag","https:\/\/x.com\/Artistics_FR","http:\/\/www.linkedin.com\/company\/artistics","https:\/\/www.instagram.com\/artistics_com\/","http:\/\/www.pinterest.com\/ArtisticsMag"],"hasMerchantReturnPolicy":{"@type":"MerchantReturnPolicy","merchantReturnLink":"https:\/\/artistics.com\/free-return-policy\/"}},{"@type":"Person","@id":"https:\/\/artistics.com\/fr\/#\/schema\/person\/1367e63148251e426892320f3452d474","name":"Christophe Salet","image":{"@type":"ImageObject","inLanguage":"fr-FR","@id":"https:\/\/secure.gravatar.com\/avatar\/91f432599f85a6d56c33b915f1b9ebc5efdabae77f9b6e054e22a9c119116cdc?s=96&d=mm&r=g","url":"https:\/\/secure.gravatar.com\/avatar\/91f432599f85a6d56c33b915f1b9ebc5efdabae77f9b6e054e22a9c119116cdc?s=96&d=mm&r=g","contentUrl":"https:\/\/secure.gravatar.com\/avatar\/91f432599f85a6d56c33b915f1b9ebc5efdabae77f9b6e054e22a9c119116cdc?s=96&d=mm&r=g","caption":"Christophe Salet"}}]}},"_links":{"self":[{"href":"https:\/\/artistics.com\/fr\/wp-json\/wp\/v2\/posts\/40348","targetHints":{"allow":["GET"]}}],"collection":[{"href":"https:\/\/artistics.com\/fr\/wp-json\/wp\/v2\/posts"}],"about":[{"href":"https:\/\/artistics.com\/fr\/wp-json\/wp\/v2\/types\/post"}],"author":[{"embeddable":true,"href":"https:\/\/artistics.com\/fr\/wp-json\/wp\/v2\/users\/4"}],"replies":[{"embeddable":true,"href":"https:\/\/artistics.com\/fr\/wp-json\/wp\/v2\/comments?post=40348"}],"version-history":[{"count":4,"href":"https:\/\/artistics.com\/fr\/wp-json\/wp\/v2\/posts\/40348\/revisions"}],"predecessor-version":[{"id":40354,"href":"https:\/\/artistics.com\/fr\/wp-json\/wp\/v2\/posts\/40348\/revisions\/40354"}],"wp:featuredmedia":[{"embeddable":true,"href":"https:\/\/artistics.com\/fr\/wp-json\/wp\/v2\/media\/40339"}],"wp:attachment":[{"href":"https:\/\/artistics.com\/fr\/wp-json\/wp\/v2\/media?parent=40348"}],"wp:term":[{"taxonomy":"category","embeddable":true,"href":"https:\/\/artistics.com\/fr\/wp-json\/wp\/v2\/categories?post=40348"},{"taxonomy":"post_tag","embeddable":true,"href":"https:\/\/artistics.com\/fr\/wp-json\/wp\/v2\/tags?post=40348"}],"curies":[{"name":"wp","href":"https:\/\/api.w.org\/{rel}","templated":true}]}}