{"id":40322,"date":"2023-10-20T11:00:21","date_gmt":"2023-10-20T09:00:21","guid":{"rendered":"https:\/\/artistics.com\/artzine\/follow-artistics-at-the-parisplus-by-art-basel-2023-opening\/"},"modified":"2023-10-20T12:24:44","modified_gmt":"2023-10-20T10:24:44","slug":"suivez-artistics-au-vernissage-de-parisplus-par-art-basel-2023","status":"publish","type":"post","link":"https:\/\/artistics.com\/fr\/artzine\/suivez-artistics-au-vernissage-de-parisplus-par-art-basel-2023\/","title":{"rendered":"Suivez Artistics au vernissage de Paris+ 2023"},"content":{"rendered":"<h2 class=\"wp-block-heading\" id=\"h-decouvrez-les-coups-de-coeur-de-l-equipe-d-artistics-qui-s-est-rendue-a-la-foire-paris-par-art-basel-2023-du-20-au-22-octobre-2023-la-foire-paris-par-art-basel-accueille-au-grand-palais-ephemere-plus-de-150-galeries-d-art-moderne-et-contemporain-venues-du-monde-entier-pour-presenter-le-travail-de-leurs-meilleurs-artistes-nous-vous-emmenons-avec-nous-dans-les-allees-de-la-foire-et-vous-faisons-decouvrir-les-oeuvres-qui-ont-retenu-notre-attention\">D\u00e9couvrez les coups de c\u0153ur de l\u2019\u00e9quipe d\u2019Artistics, qui s\u2019est rendue \u00e0 la foire Paris+ par Art Basel 2023. Du 20 au 22 octobre 2023, la foire Paris+ par Art Basel accueille au Grand Palais \u00c9ph\u00e9m\u00e8re plus de 150 galeries d\u2019art moderne et contemporain venues du monde entier pour pr\u00e9senter le travail de leurs meilleurs artistes. Nous vous emmenons avec nous dans les all\u00e9es de la foire et vous faisons d\u00e9couvrir les \u0153uvres qui ont retenu notre attention.<\/h2><p>Cette ann\u00e9e encore, le Grand Palais \u00c9ph\u00e9m\u00e8re est investi par les plus prestigieuses galeries fran\u00e7aises et internationales, et tous les acteurs du monde de l\u2019art sont en \u00e9bullition pendant une semaine enti\u00e8re.<\/p><p>Dans les all\u00e9es de la foire les grands noms de l\u2019art contemporain c\u00f4toient les artistes \u00e9mergents, de m\u00eame que la peinture se m\u00e9lange \u00e0 la sculpture, \u00e0 la photographie ainsi qu\u2019\u00e0 l\u2019art num\u00e9rique. Toutes les disciplines sont repr\u00e9sent\u00e9es et tous les styles sont mis \u00e0 l\u2019honneur \u00e0 l\u2019occasion de la seconde \u00e9dition de Paris+ par Art Basel.<\/p><div style=\"height:18px\" aria-hidden=\"true\" class=\"wp-block-spacer\"><\/div><figure class=\"wp-block-image size-large\"><img decoding=\"async\" width=\"1024\" height=\"768\" src=\"https:\/\/artistics.com\/wp-content\/uploads\/2023\/10\/img-4266-1024x768.jpg\" alt=\"\" class=\"wp-image-40263\" srcset=\"https:\/\/artistics.com\/wp-content\/uploads\/2023\/10\/img-4266-1024x768.jpg 1024w, https:\/\/artistics.com\/wp-content\/uploads\/2023\/10\/img-4266-300x225.jpg 300w, https:\/\/artistics.com\/wp-content\/uploads\/2023\/10\/img-4266-768x576.jpg 768w, https:\/\/artistics.com\/wp-content\/uploads\/2023\/10\/img-4266-1536x1152.jpg 1536w, https:\/\/artistics.com\/wp-content\/uploads\/2023\/10\/img-4266-2048x1536.jpg 2048w, https:\/\/artistics.com\/wp-content\/uploads\/2023\/10\/img-4266-550x413.jpg 550w, https:\/\/artistics.com\/wp-content\/uploads\/2023\/10\/img-4266-800x600.jpg 800w, https:\/\/artistics.com\/wp-content\/uploads\/2023\/10\/img-4266-600x450.jpg 600w, https:\/\/artistics.com\/wp-content\/uploads\/2023\/10\/img-4266-180x135.jpg 180w\" sizes=\"(max-width: 1024px) 100vw, 1024px\" \/><figcaption class=\"wp-element-caption\">Stand de la Galerie Perrotin <\/figcaption><\/figure><figure class=\"wp-block-image size-large\"><img decoding=\"async\" width=\"1024\" height=\"768\" src=\"https:\/\/artistics.com\/wp-content\/uploads\/2023\/10\/mennour-paris-1024x768.jpg\" alt=\"\" class=\"wp-image-40266\" srcset=\"https:\/\/artistics.com\/wp-content\/uploads\/2023\/10\/mennour-paris-1024x768.jpg 1024w, https:\/\/artistics.com\/wp-content\/uploads\/2023\/10\/mennour-paris-300x225.jpg 300w, https:\/\/artistics.com\/wp-content\/uploads\/2023\/10\/mennour-paris-768x576.jpg 768w, https:\/\/artistics.com\/wp-content\/uploads\/2023\/10\/mennour-paris-1536x1152.jpg 1536w, https:\/\/artistics.com\/wp-content\/uploads\/2023\/10\/mennour-paris-2048x1536.jpg 2048w, https:\/\/artistics.com\/wp-content\/uploads\/2023\/10\/mennour-paris-550x413.jpg 550w, https:\/\/artistics.com\/wp-content\/uploads\/2023\/10\/mennour-paris-800x600.jpg 800w, https:\/\/artistics.com\/wp-content\/uploads\/2023\/10\/mennour-paris-600x450.jpg 600w, https:\/\/artistics.com\/wp-content\/uploads\/2023\/10\/mennour-paris-180x135.jpg 180w\" sizes=\"(max-width: 1024px) 100vw, 1024px\" \/><figcaption class=\"wp-element-caption\">Stand de la Galerie Mennour<\/figcaption><\/figure><figure class=\"wp-block-image size-large\"><img decoding=\"async\" width=\"1024\" height=\"768\" src=\"https:\/\/artistics.com\/wp-content\/uploads\/2023\/10\/img-4264-1024x768.jpg\" alt=\"\" class=\"wp-image-40269\" srcset=\"https:\/\/artistics.com\/wp-content\/uploads\/2023\/10\/img-4264-1024x768.jpg 1024w, https:\/\/artistics.com\/wp-content\/uploads\/2023\/10\/img-4264-300x225.jpg 300w, https:\/\/artistics.com\/wp-content\/uploads\/2023\/10\/img-4264-768x576.jpg 768w, https:\/\/artistics.com\/wp-content\/uploads\/2023\/10\/img-4264-1536x1152.jpg 1536w, https:\/\/artistics.com\/wp-content\/uploads\/2023\/10\/img-4264-2048x1536.jpg 2048w, https:\/\/artistics.com\/wp-content\/uploads\/2023\/10\/img-4264-550x413.jpg 550w, https:\/\/artistics.com\/wp-content\/uploads\/2023\/10\/img-4264-800x600.jpg 800w, https:\/\/artistics.com\/wp-content\/uploads\/2023\/10\/img-4264-600x450.jpg 600w, https:\/\/artistics.com\/wp-content\/uploads\/2023\/10\/img-4264-180x135.jpg 180w\" sizes=\"(max-width: 1024px) 100vw, 1024px\" \/><figcaption class=\"wp-element-caption\">Emma Webster, From the darkest soil, 2023. Galerie Perrotin <\/figcaption><\/figure><figure class=\"wp-block-image size-large\"><img decoding=\"async\" width=\"1024\" height=\"768\" src=\"https:\/\/artistics.com\/wp-content\/uploads\/2023\/10\/eva-jospin-paris-1024x768.jpg\" alt=\"\" class=\"wp-image-40273\" srcset=\"https:\/\/artistics.com\/wp-content\/uploads\/2023\/10\/eva-jospin-paris-1024x768.jpg 1024w, https:\/\/artistics.com\/wp-content\/uploads\/2023\/10\/eva-jospin-paris-300x225.jpg 300w, https:\/\/artistics.com\/wp-content\/uploads\/2023\/10\/eva-jospin-paris-768x576.jpg 768w, https:\/\/artistics.com\/wp-content\/uploads\/2023\/10\/eva-jospin-paris-1536x1152.jpg 1536w, https:\/\/artistics.com\/wp-content\/uploads\/2023\/10\/eva-jospin-paris-2048x1536.jpg 2048w, https:\/\/artistics.com\/wp-content\/uploads\/2023\/10\/eva-jospin-paris-550x413.jpg 550w, https:\/\/artistics.com\/wp-content\/uploads\/2023\/10\/eva-jospin-paris-800x600.jpg 800w, https:\/\/artistics.com\/wp-content\/uploads\/2023\/10\/eva-jospin-paris-600x450.jpg 600w, https:\/\/artistics.com\/wp-content\/uploads\/2023\/10\/eva-jospin-paris-180x135.jpg 180w\" sizes=\"(max-width: 1024px) 100vw, 1024px\" \/><figcaption class=\"wp-element-caption\">Eva Jospin, For\u00eat, 2023. Galerie Continua <\/figcaption><\/figure><figure class=\"wp-block-image size-large\"><img decoding=\"async\" width=\"1024\" height=\"768\" src=\"https:\/\/artistics.com\/wp-content\/uploads\/2023\/10\/paris-1024x768.jpg\" alt=\"\" class=\"wp-image-40275\" srcset=\"https:\/\/artistics.com\/wp-content\/uploads\/2023\/10\/paris-1024x768.jpg 1024w, https:\/\/artistics.com\/wp-content\/uploads\/2023\/10\/paris-300x225.jpg 300w, https:\/\/artistics.com\/wp-content\/uploads\/2023\/10\/paris-768x576.jpg 768w, https:\/\/artistics.com\/wp-content\/uploads\/2023\/10\/paris-1536x1152.jpg 1536w, https:\/\/artistics.com\/wp-content\/uploads\/2023\/10\/paris-2048x1536.jpg 2048w, https:\/\/artistics.com\/wp-content\/uploads\/2023\/10\/paris-550x413.jpg 550w, https:\/\/artistics.com\/wp-content\/uploads\/2023\/10\/paris-800x600.jpg 800w, https:\/\/artistics.com\/wp-content\/uploads\/2023\/10\/paris-600x450.jpg 600w, https:\/\/artistics.com\/wp-content\/uploads\/2023\/10\/paris-180x135.jpg 180w\" sizes=\"(max-width: 1024px) 100vw, 1024px\" \/><figcaption class=\"wp-element-caption\">Noah Davis, Delirium, 2011. Galerie David Zwirner<\/figcaption><\/figure><figure class=\"wp-block-image size-large\"><img decoding=\"async\" width=\"834\" height=\"1024\" src=\"https:\/\/artistics.com\/wp-content\/uploads\/2023\/10\/tony-cragg-1-834x1024.jpg\" alt=\"\" class=\"wp-image-40283\" srcset=\"https:\/\/artistics.com\/wp-content\/uploads\/2023\/10\/tony-cragg-1-834x1024.jpg 834w, https:\/\/artistics.com\/wp-content\/uploads\/2023\/10\/tony-cragg-1-244x300.jpg 244w, https:\/\/artistics.com\/wp-content\/uploads\/2023\/10\/tony-cragg-1-768x943.jpg 768w, https:\/\/artistics.com\/wp-content\/uploads\/2023\/10\/tony-cragg-1-1251x1536.jpg 1251w, https:\/\/artistics.com\/wp-content\/uploads\/2023\/10\/tony-cragg-1-1669x2048.jpg 1669w, https:\/\/artistics.com\/wp-content\/uploads\/2023\/10\/tony-cragg-1-550x675.jpg 550w, https:\/\/artistics.com\/wp-content\/uploads\/2023\/10\/tony-cragg-1-300x368.jpg 300w, https:\/\/artistics.com\/wp-content\/uploads\/2023\/10\/tony-cragg-1-147x180.jpg 147w\" sizes=\"(max-width: 834px) 100vw, 834px\" \/><figcaption class=\"wp-element-caption\">Tony Cragg, Incident (solo), 2022. Galerie Marian Goodman <\/figcaption><\/figure><figure class=\"wp-block-image size-large\"><img decoding=\"async\" width=\"1024\" height=\"835\" src=\"https:\/\/artistics.com\/wp-content\/uploads\/2023\/10\/paris-1-1024x835.jpg\" alt=\"\" class=\"wp-image-40277\" srcset=\"https:\/\/artistics.com\/wp-content\/uploads\/2023\/10\/paris-1-1024x835.jpg 1024w, https:\/\/artistics.com\/wp-content\/uploads\/2023\/10\/paris-1-300x245.jpg 300w, https:\/\/artistics.com\/wp-content\/uploads\/2023\/10\/paris-1-768x626.jpg 768w, https:\/\/artistics.com\/wp-content\/uploads\/2023\/10\/paris-1-1536x1253.jpg 1536w, https:\/\/artistics.com\/wp-content\/uploads\/2023\/10\/paris-1-2048x1670.jpg 2048w, https:\/\/artistics.com\/wp-content\/uploads\/2023\/10\/paris-1-550x448.jpg 550w, https:\/\/artistics.com\/wp-content\/uploads\/2023\/10\/paris-1-180x147.jpg 180w\" sizes=\"(max-width: 1024px) 100vw, 1024px\" \/><figcaption class=\"wp-element-caption\">Albert Oehlen, \u00d6mega man 26, 2021. Galerie Max Hetzler<\/figcaption><\/figure><figure class=\"wp-block-image size-large\"><img decoding=\"async\" width=\"1024\" height=\"768\" src=\"https:\/\/artistics.com\/wp-content\/uploads\/2023\/10\/303-gallery-paris-1024x768.jpg\" alt=\"\" class=\"wp-image-40289\" srcset=\"https:\/\/artistics.com\/wp-content\/uploads\/2023\/10\/303-gallery-paris-1024x768.jpg 1024w, https:\/\/artistics.com\/wp-content\/uploads\/2023\/10\/303-gallery-paris-300x225.jpg 300w, https:\/\/artistics.com\/wp-content\/uploads\/2023\/10\/303-gallery-paris-768x576.jpg 768w, https:\/\/artistics.com\/wp-content\/uploads\/2023\/10\/303-gallery-paris-1536x1152.jpg 1536w, https:\/\/artistics.com\/wp-content\/uploads\/2023\/10\/303-gallery-paris-2048x1536.jpg 2048w, https:\/\/artistics.com\/wp-content\/uploads\/2023\/10\/303-gallery-paris-550x413.jpg 550w, https:\/\/artistics.com\/wp-content\/uploads\/2023\/10\/303-gallery-paris-800x600.jpg 800w, https:\/\/artistics.com\/wp-content\/uploads\/2023\/10\/303-gallery-paris-600x450.jpg 600w, https:\/\/artistics.com\/wp-content\/uploads\/2023\/10\/303-gallery-paris-180x135.jpg 180w\" sizes=\"(max-width: 1024px) 100vw, 1024px\" \/><figcaption class=\"wp-element-caption\">Alicja Kwade, Continuum, 2023. Galerie 303<\/figcaption><\/figure><figure class=\"wp-block-image size-large\"><img decoding=\"async\" width=\"768\" height=\"1024\" src=\"https:\/\/artistics.com\/wp-content\/uploads\/2023\/10\/rothko-paris-768x1024.jpg\" alt=\"\" class=\"wp-image-40291\" srcset=\"https:\/\/artistics.com\/wp-content\/uploads\/2023\/10\/rothko-paris-768x1024.jpg 768w, https:\/\/artistics.com\/wp-content\/uploads\/2023\/10\/rothko-paris-225x300.jpg 225w, https:\/\/artistics.com\/wp-content\/uploads\/2023\/10\/rothko-paris-1152x1536.jpg 1152w, https:\/\/artistics.com\/wp-content\/uploads\/2023\/10\/rothko-paris-1536x2048.jpg 1536w, https:\/\/artistics.com\/wp-content\/uploads\/2023\/10\/rothko-paris-300x400.jpg 300w, https:\/\/artistics.com\/wp-content\/uploads\/2023\/10\/rothko-paris-600x800.jpg 600w, https:\/\/artistics.com\/wp-content\/uploads\/2023\/10\/rothko-paris-550x733.jpg 550w, https:\/\/artistics.com\/wp-content\/uploads\/2023\/10\/rothko-paris-135x180.jpg 135w, https:\/\/artistics.com\/wp-content\/uploads\/2023\/10\/rothko-paris-scaled.jpg 1920w\" sizes=\"(max-width: 768px) 100vw, 768px\" \/><figcaption class=\"wp-element-caption\">Mark Rothko, Olive over red, 1956. Galerie Pace<\/figcaption><\/figure><figure class=\"wp-block-image size-large\"><img decoding=\"async\" width=\"768\" height=\"1024\" src=\"https:\/\/artistics.com\/wp-content\/uploads\/2023\/10\/anne-imhof-768x1024.jpg\" alt=\"\" class=\"wp-image-40304\" srcset=\"https:\/\/artistics.com\/wp-content\/uploads\/2023\/10\/anne-imhof-768x1024.jpg 768w, https:\/\/artistics.com\/wp-content\/uploads\/2023\/10\/anne-imhof-225x300.jpg 225w, https:\/\/artistics.com\/wp-content\/uploads\/2023\/10\/anne-imhof-1152x1536.jpg 1152w, https:\/\/artistics.com\/wp-content\/uploads\/2023\/10\/anne-imhof-1536x2048.jpg 1536w, https:\/\/artistics.com\/wp-content\/uploads\/2023\/10\/anne-imhof-300x400.jpg 300w, https:\/\/artistics.com\/wp-content\/uploads\/2023\/10\/anne-imhof-600x800.jpg 600w, https:\/\/artistics.com\/wp-content\/uploads\/2023\/10\/anne-imhof-550x733.jpg 550w, https:\/\/artistics.com\/wp-content\/uploads\/2023\/10\/anne-imhof-135x180.jpg 135w, https:\/\/artistics.com\/wp-content\/uploads\/2023\/10\/anne-imhof-scaled.jpg 1920w\" sizes=\"(max-width: 768px) 100vw, 768px\" \/><figcaption class=\"wp-element-caption\">Anne Imhof, Untitled (Billy), 2023. Galerie Spr\u00fcth Magers<\/figcaption><\/figure><figure class=\"wp-block-image size-large\"><img decoding=\"async\" width=\"768\" height=\"1024\" src=\"https:\/\/artistics.com\/wp-content\/uploads\/2023\/10\/prune-nourry-768x1024.jpg\" alt=\"\" class=\"wp-image-40285\" srcset=\"https:\/\/artistics.com\/wp-content\/uploads\/2023\/10\/prune-nourry-768x1024.jpg 768w, https:\/\/artistics.com\/wp-content\/uploads\/2023\/10\/prune-nourry-225x300.jpg 225w, https:\/\/artistics.com\/wp-content\/uploads\/2023\/10\/prune-nourry-1152x1536.jpg 1152w, https:\/\/artistics.com\/wp-content\/uploads\/2023\/10\/prune-nourry-1536x2048.jpg 1536w, https:\/\/artistics.com\/wp-content\/uploads\/2023\/10\/prune-nourry-300x400.jpg 300w, https:\/\/artistics.com\/wp-content\/uploads\/2023\/10\/prune-nourry-600x800.jpg 600w, https:\/\/artistics.com\/wp-content\/uploads\/2023\/10\/prune-nourry-550x733.jpg 550w, https:\/\/artistics.com\/wp-content\/uploads\/2023\/10\/prune-nourry-135x180.jpg 135w, https:\/\/artistics.com\/wp-content\/uploads\/2023\/10\/prune-nourry-scaled.jpg 1920w\" sizes=\"(max-width: 768px) 100vw, 768px\" \/><figcaption class=\"wp-element-caption\">Prune Nourry, Mini Athys, 2023. Galerie Templon<\/figcaption><\/figure><figure class=\"wp-block-image size-large\"><img decoding=\"async\" width=\"768\" height=\"1024\" src=\"https:\/\/artistics.com\/wp-content\/uploads\/2023\/10\/yang-pei-ming-paris-768x1024.jpg\" alt=\"\" class=\"wp-image-40279\" srcset=\"https:\/\/artistics.com\/wp-content\/uploads\/2023\/10\/yang-pei-ming-paris-768x1024.jpg 768w, https:\/\/artistics.com\/wp-content\/uploads\/2023\/10\/yang-pei-ming-paris-225x300.jpg 225w, https:\/\/artistics.com\/wp-content\/uploads\/2023\/10\/yang-pei-ming-paris-1152x1536.jpg 1152w, https:\/\/artistics.com\/wp-content\/uploads\/2023\/10\/yang-pei-ming-paris-1536x2048.jpg 1536w, https:\/\/artistics.com\/wp-content\/uploads\/2023\/10\/yang-pei-ming-paris-300x400.jpg 300w, https:\/\/artistics.com\/wp-content\/uploads\/2023\/10\/yang-pei-ming-paris-600x800.jpg 600w, https:\/\/artistics.com\/wp-content\/uploads\/2023\/10\/yang-pei-ming-paris-550x733.jpg 550w, https:\/\/artistics.com\/wp-content\/uploads\/2023\/10\/yang-pei-ming-paris-135x180.jpg 135w, https:\/\/artistics.com\/wp-content\/uploads\/2023\/10\/yang-pei-ming-paris-scaled.jpg 1920w\" sizes=\"(max-width: 768px) 100vw, 768px\" \/><figcaption class=\"wp-element-caption\">Yan Pei-Ming, Arthur Rimbaud, 2023. Galerie Massimo de Carlo<\/figcaption><\/figure><figure class=\"wp-block-image size-large\"><img decoding=\"async\" width=\"1024\" height=\"768\" src=\"https:\/\/artistics.com\/wp-content\/uploads\/2023\/10\/othoniel-paris-1024x768.jpg\" alt=\"\" class=\"wp-image-40287\" srcset=\"https:\/\/artistics.com\/wp-content\/uploads\/2023\/10\/othoniel-paris-1024x768.jpg 1024w, https:\/\/artistics.com\/wp-content\/uploads\/2023\/10\/othoniel-paris-300x225.jpg 300w, https:\/\/artistics.com\/wp-content\/uploads\/2023\/10\/othoniel-paris-768x576.jpg 768w, https:\/\/artistics.com\/wp-content\/uploads\/2023\/10\/othoniel-paris-1536x1152.jpg 1536w, https:\/\/artistics.com\/wp-content\/uploads\/2023\/10\/othoniel-paris-2048x1536.jpg 2048w, https:\/\/artistics.com\/wp-content\/uploads\/2023\/10\/othoniel-paris-550x413.jpg 550w, https:\/\/artistics.com\/wp-content\/uploads\/2023\/10\/othoniel-paris-800x600.jpg 800w, https:\/\/artistics.com\/wp-content\/uploads\/2023\/10\/othoniel-paris-600x450.jpg 600w, https:\/\/artistics.com\/wp-content\/uploads\/2023\/10\/othoniel-paris-180x135.jpg 180w\" sizes=\"(max-width: 1024px) 100vw, 1024px\" \/><figcaption class=\"wp-element-caption\">Jean-Michel Othoniel, Precious Stonewall, 2023. Galerie Perrotin<\/figcaption><\/figure><figure class=\"wp-block-image size-large\"><img decoding=\"async\" width=\"768\" height=\"1024\" src=\"https:\/\/artistics.com\/wp-content\/uploads\/2023\/10\/gabriel-orozco-768x1024.jpg\" alt=\"\" class=\"wp-image-40306\" srcset=\"https:\/\/artistics.com\/wp-content\/uploads\/2023\/10\/gabriel-orozco-768x1024.jpg 768w, https:\/\/artistics.com\/wp-content\/uploads\/2023\/10\/gabriel-orozco-225x300.jpg 225w, https:\/\/artistics.com\/wp-content\/uploads\/2023\/10\/gabriel-orozco-1152x1536.jpg 1152w, https:\/\/artistics.com\/wp-content\/uploads\/2023\/10\/gabriel-orozco-1536x2048.jpg 1536w, https:\/\/artistics.com\/wp-content\/uploads\/2023\/10\/gabriel-orozco-300x400.jpg 300w, https:\/\/artistics.com\/wp-content\/uploads\/2023\/10\/gabriel-orozco-600x800.jpg 600w, https:\/\/artistics.com\/wp-content\/uploads\/2023\/10\/gabriel-orozco-550x733.jpg 550w, https:\/\/artistics.com\/wp-content\/uploads\/2023\/10\/gabriel-orozco-135x180.jpg 135w, https:\/\/artistics.com\/wp-content\/uploads\/2023\/10\/gabriel-orozco-scaled.jpg 1920w\" sizes=\"(max-width: 768px) 100vw, 768px\" \/><figcaption class=\"wp-element-caption\">Gabriel Orozco, Untitled, 2023. Galerie Chantal Crousel<\/figcaption><\/figure><figure class=\"wp-block-image size-large\"><img decoding=\"async\" width=\"1024\" height=\"768\" src=\"https:\/\/artistics.com\/wp-content\/uploads\/2023\/10\/robert-longo-paris-1024x768.jpg\" alt=\"\" class=\"wp-image-40296\" srcset=\"https:\/\/artistics.com\/wp-content\/uploads\/2023\/10\/robert-longo-paris-1024x768.jpg 1024w, https:\/\/artistics.com\/wp-content\/uploads\/2023\/10\/robert-longo-paris-300x225.jpg 300w, https:\/\/artistics.com\/wp-content\/uploads\/2023\/10\/robert-longo-paris-768x576.jpg 768w, https:\/\/artistics.com\/wp-content\/uploads\/2023\/10\/robert-longo-paris-1536x1152.jpg 1536w, https:\/\/artistics.com\/wp-content\/uploads\/2023\/10\/robert-longo-paris-2048x1536.jpg 2048w, https:\/\/artistics.com\/wp-content\/uploads\/2023\/10\/robert-longo-paris-550x413.jpg 550w, https:\/\/artistics.com\/wp-content\/uploads\/2023\/10\/robert-longo-paris-800x600.jpg 800w, https:\/\/artistics.com\/wp-content\/uploads\/2023\/10\/robert-longo-paris-600x450.jpg 600w, https:\/\/artistics.com\/wp-content\/uploads\/2023\/10\/robert-longo-paris-180x135.jpg 180w\" sizes=\"(max-width: 1024px) 100vw, 1024px\" \/><figcaption class=\"wp-element-caption\">Robert Longo, Untitled (view of the Mediterranean ; Homage to Rothko), 2023. Galerie Pace<\/figcaption><\/figure><figure class=\"wp-block-image size-large\"><img decoding=\"async\" width=\"1024\" height=\"768\" src=\"https:\/\/artistics.com\/wp-content\/uploads\/2023\/10\/stand-paris-1024x768.jpg\" alt=\"\" class=\"wp-image-40298\" srcset=\"https:\/\/artistics.com\/wp-content\/uploads\/2023\/10\/stand-paris-1024x768.jpg 1024w, https:\/\/artistics.com\/wp-content\/uploads\/2023\/10\/stand-paris-300x225.jpg 300w, https:\/\/artistics.com\/wp-content\/uploads\/2023\/10\/stand-paris-768x576.jpg 768w, https:\/\/artistics.com\/wp-content\/uploads\/2023\/10\/stand-paris-1536x1152.jpg 1536w, https:\/\/artistics.com\/wp-content\/uploads\/2023\/10\/stand-paris-2048x1536.jpg 2048w, https:\/\/artistics.com\/wp-content\/uploads\/2023\/10\/stand-paris-550x413.jpg 550w, https:\/\/artistics.com\/wp-content\/uploads\/2023\/10\/stand-paris-800x600.jpg 800w, https:\/\/artistics.com\/wp-content\/uploads\/2023\/10\/stand-paris-600x450.jpg 600w, https:\/\/artistics.com\/wp-content\/uploads\/2023\/10\/stand-paris-180x135.jpg 180w\" sizes=\"(max-width: 1024px) 100vw, 1024px\" \/><figcaption class=\"wp-element-caption\">Stand de la Galerie Skartedt<\/figcaption><\/figure><figure class=\"wp-block-image size-large\"><img decoding=\"async\" width=\"768\" height=\"1024\" src=\"https:\/\/artistics.com\/wp-content\/uploads\/2023\/10\/paris-2-768x1024.jpg\" alt=\"\" class=\"wp-image-40302\" srcset=\"https:\/\/artistics.com\/wp-content\/uploads\/2023\/10\/paris-2-768x1024.jpg 768w, https:\/\/artistics.com\/wp-content\/uploads\/2023\/10\/paris-2-225x300.jpg 225w, https:\/\/artistics.com\/wp-content\/uploads\/2023\/10\/paris-2-1152x1536.jpg 1152w, https:\/\/artistics.com\/wp-content\/uploads\/2023\/10\/paris-2-1536x2048.jpg 1536w, https:\/\/artistics.com\/wp-content\/uploads\/2023\/10\/paris-2-300x400.jpg 300w, https:\/\/artistics.com\/wp-content\/uploads\/2023\/10\/paris-2-600x800.jpg 600w, https:\/\/artistics.com\/wp-content\/uploads\/2023\/10\/paris-2-550x733.jpg 550w, https:\/\/artistics.com\/wp-content\/uploads\/2023\/10\/paris-2-135x180.jpg 135w, https:\/\/artistics.com\/wp-content\/uploads\/2023\/10\/paris-2-scaled.jpg 1920w\" sizes=\"(max-width: 768px) 100vw, 768px\" \/><figcaption class=\"wp-element-caption\">Edgar Sarin, Haniwa, 2023. Galerie Michel Rein<\/figcaption><\/figure><figure class=\"wp-block-image size-large\"><img decoding=\"async\" width=\"1024\" height=\"768\" src=\"https:\/\/artistics.com\/wp-content\/uploads\/2023\/10\/img-4185-1024x768.jpg\" alt=\"\" class=\"wp-image-40308\" srcset=\"https:\/\/artistics.com\/wp-content\/uploads\/2023\/10\/img-4185-1024x768.jpg 1024w, https:\/\/artistics.com\/wp-content\/uploads\/2023\/10\/img-4185-300x225.jpg 300w, https:\/\/artistics.com\/wp-content\/uploads\/2023\/10\/img-4185-768x576.jpg 768w, https:\/\/artistics.com\/wp-content\/uploads\/2023\/10\/img-4185-1536x1152.jpg 1536w, https:\/\/artistics.com\/wp-content\/uploads\/2023\/10\/img-4185-2048x1536.jpg 2048w, https:\/\/artistics.com\/wp-content\/uploads\/2023\/10\/img-4185-550x413.jpg 550w, https:\/\/artistics.com\/wp-content\/uploads\/2023\/10\/img-4185-800x600.jpg 800w, https:\/\/artistics.com\/wp-content\/uploads\/2023\/10\/img-4185-600x450.jpg 600w, https:\/\/artistics.com\/wp-content\/uploads\/2023\/10\/img-4185-180x135.jpg 180w\" sizes=\"(max-width: 1024px) 100vw, 1024px\" \/><figcaption class=\"wp-element-caption\">Fabrice Hyber, Le po\u00e8te et le comptable, 2022. Galerie Natalie Obadia<\/figcaption><\/figure><figure class=\"wp-block-image size-large\"><img decoding=\"async\" width=\"1024\" height=\"768\" src=\"https:\/\/artistics.com\/wp-content\/uploads\/2023\/10\/img-4226-1024x768.jpg\" alt=\"\" class=\"wp-image-40300\" srcset=\"https:\/\/artistics.com\/wp-content\/uploads\/2023\/10\/img-4226-1024x768.jpg 1024w, https:\/\/artistics.com\/wp-content\/uploads\/2023\/10\/img-4226-300x225.jpg 300w, https:\/\/artistics.com\/wp-content\/uploads\/2023\/10\/img-4226-768x576.jpg 768w, https:\/\/artistics.com\/wp-content\/uploads\/2023\/10\/img-4226-1536x1152.jpg 1536w, https:\/\/artistics.com\/wp-content\/uploads\/2023\/10\/img-4226-2048x1536.jpg 2048w, https:\/\/artistics.com\/wp-content\/uploads\/2023\/10\/img-4226-550x413.jpg 550w, https:\/\/artistics.com\/wp-content\/uploads\/2023\/10\/img-4226-800x600.jpg 800w, https:\/\/artistics.com\/wp-content\/uploads\/2023\/10\/img-4226-600x450.jpg 600w, https:\/\/artistics.com\/wp-content\/uploads\/2023\/10\/img-4226-180x135.jpg 180w\" sizes=\"(max-width: 1024px) 100vw, 1024px\" \/><figcaption class=\"wp-element-caption\">Stand de la Galerie Thaddaeus Ropac<\/figcaption><\/figure><figure class=\"wp-block-image size-large\"><img decoding=\"async\" width=\"768\" height=\"1024\" src=\"https:\/\/artistics.com\/wp-content\/uploads\/2023\/10\/garouste-768x1024.jpg\" alt=\"\" class=\"wp-image-40310\" srcset=\"https:\/\/artistics.com\/wp-content\/uploads\/2023\/10\/garouste-768x1024.jpg 768w, https:\/\/artistics.com\/wp-content\/uploads\/2023\/10\/garouste-225x300.jpg 225w, https:\/\/artistics.com\/wp-content\/uploads\/2023\/10\/garouste-1152x1536.jpg 1152w, https:\/\/artistics.com\/wp-content\/uploads\/2023\/10\/garouste-1536x2048.jpg 1536w, https:\/\/artistics.com\/wp-content\/uploads\/2023\/10\/garouste-300x400.jpg 300w, https:\/\/artistics.com\/wp-content\/uploads\/2023\/10\/garouste-600x800.jpg 600w, https:\/\/artistics.com\/wp-content\/uploads\/2023\/10\/garouste-550x733.jpg 550w, https:\/\/artistics.com\/wp-content\/uploads\/2023\/10\/garouste-135x180.jpg 135w, https:\/\/artistics.com\/wp-content\/uploads\/2023\/10\/garouste-scaled.jpg 1920w\" sizes=\"(max-width: 768px) 100vw, 768px\" \/><figcaption class=\"wp-element-caption\">G\u00e9rard Garouste, Lilith voil\u00e9e, 2023. Galerie Templon<\/figcaption><\/figure><figure class=\"wp-block-image size-large\"><img decoding=\"async\" width=\"768\" height=\"1024\" src=\"https:\/\/artistics.com\/wp-content\/uploads\/2023\/10\/img-4173-768x1024.jpg\" alt=\"\" class=\"wp-image-40314\" srcset=\"https:\/\/artistics.com\/wp-content\/uploads\/2023\/10\/img-4173-768x1024.jpg 768w, https:\/\/artistics.com\/wp-content\/uploads\/2023\/10\/img-4173-225x300.jpg 225w, https:\/\/artistics.com\/wp-content\/uploads\/2023\/10\/img-4173-1152x1536.jpg 1152w, https:\/\/artistics.com\/wp-content\/uploads\/2023\/10\/img-4173-1536x2048.jpg 1536w, https:\/\/artistics.com\/wp-content\/uploads\/2023\/10\/img-4173-300x400.jpg 300w, https:\/\/artistics.com\/wp-content\/uploads\/2023\/10\/img-4173-600x800.jpg 600w, https:\/\/artistics.com\/wp-content\/uploads\/2023\/10\/img-4173-550x733.jpg 550w, https:\/\/artistics.com\/wp-content\/uploads\/2023\/10\/img-4173-135x180.jpg 135w, https:\/\/artistics.com\/wp-content\/uploads\/2023\/10\/img-4173-scaled.jpg 1920w\" sizes=\"(max-width: 768px) 100vw, 768px\" \/><figcaption class=\"wp-element-caption\">Jaume Plensa, Rui Rui&rsquo;s Words, 2021. Galerie Lelong &amp; Co<\/figcaption><\/figure><figure class=\"wp-block-image size-large\"><img decoding=\"async\" width=\"1024\" height=\"768\" src=\"https:\/\/artistics.com\/wp-content\/uploads\/2023\/10\/img-4196-1024x768.jpg\" alt=\"\" class=\"wp-image-40312\" srcset=\"https:\/\/artistics.com\/wp-content\/uploads\/2023\/10\/img-4196-1024x768.jpg 1024w, https:\/\/artistics.com\/wp-content\/uploads\/2023\/10\/img-4196-300x225.jpg 300w, https:\/\/artistics.com\/wp-content\/uploads\/2023\/10\/img-4196-768x576.jpg 768w, https:\/\/artistics.com\/wp-content\/uploads\/2023\/10\/img-4196-1536x1152.jpg 1536w, https:\/\/artistics.com\/wp-content\/uploads\/2023\/10\/img-4196-2048x1536.jpg 2048w, https:\/\/artistics.com\/wp-content\/uploads\/2023\/10\/img-4196-550x413.jpg 550w, https:\/\/artistics.com\/wp-content\/uploads\/2023\/10\/img-4196-800x600.jpg 800w, https:\/\/artistics.com\/wp-content\/uploads\/2023\/10\/img-4196-600x450.jpg 600w, https:\/\/artistics.com\/wp-content\/uploads\/2023\/10\/img-4196-180x135.jpg 180w\" sizes=\"(max-width: 1024px) 100vw, 1024px\" \/><figcaption class=\"wp-element-caption\">Christian Hidaka, Factory in Mountain, 2016. Galerie Michel Rein<\/figcaption><\/figure><figure class=\"wp-block-image size-large\"><img decoding=\"async\" width=\"1024\" height=\"768\" src=\"https:\/\/artistics.com\/wp-content\/uploads\/2023\/10\/img-4296-1024x768.jpg\" alt=\"\" class=\"wp-image-40316\" srcset=\"https:\/\/artistics.com\/wp-content\/uploads\/2023\/10\/img-4296-1024x768.jpg 1024w, https:\/\/artistics.com\/wp-content\/uploads\/2023\/10\/img-4296-300x225.jpg 300w, https:\/\/artistics.com\/wp-content\/uploads\/2023\/10\/img-4296-768x576.jpg 768w, https:\/\/artistics.com\/wp-content\/uploads\/2023\/10\/img-4296-1536x1152.jpg 1536w, https:\/\/artistics.com\/wp-content\/uploads\/2023\/10\/img-4296-2048x1536.jpg 2048w, https:\/\/artistics.com\/wp-content\/uploads\/2023\/10\/img-4296-550x413.jpg 550w, https:\/\/artistics.com\/wp-content\/uploads\/2023\/10\/img-4296-800x600.jpg 800w, https:\/\/artistics.com\/wp-content\/uploads\/2023\/10\/img-4296-600x450.jpg 600w, https:\/\/artistics.com\/wp-content\/uploads\/2023\/10\/img-4296-180x135.jpg 180w\" sizes=\"(max-width: 1024px) 100vw, 1024px\" \/><figcaption class=\"wp-element-caption\">Stand de la Galerie Sadie Coles<\/figcaption><\/figure>","protected":false},"excerpt":{"rendered":"<p>D\u00e9couvrez les coups de c\u0153ur de l\u2019\u00e9quipe d\u2019Artistics, qui s\u2019est rendue \u00e0 la foire Paris+ par Art Basel 2023. Du 20 au 22 octobre 2023, la foire Paris+ par Art Basel accueille au Grand Palais \u00c9ph\u00e9m\u00e8re plus de 150 galeries d\u2019art moderne et contemporain venues du monde entier pour pr\u00e9senter le travail de leurs meilleurs [&hellip;]<\/p>\n","protected":false},"author":63,"featured_media":40264,"comment_status":"closed","ping_status":"open","sticky":false,"template":"","format":"standard","meta":{"_acf_changed":false,"_searchwp_excluded":"","inline_featured_image":false,"footnotes":""},"categories":[1185],"tags":[],"class_list":["post-40322","post","type-post","status-publish","format-standard","has-post-thumbnail","hentry","category-le-monde-de-art"],"acf":[],"yoast_head":"<!-- This site is optimized with the Yoast SEO Premium plugin v27.3 (Yoast SEO v27.3) - https:\/\/yoast.com\/product\/yoast-seo-premium-wordpress\/ -->\n<title>Suivez Artistics au vernissage de Paris+ 2023 | Artistics<\/title>\n<meta name=\"description\" content=\"D\u00e9couvrez les coups de c\u0153ur de l&#039;\u00e9quipe d&#039;Artistics, qui a visit\u00e9 le Paris+ by Art Basel 2023 au Grand Palais \u00c9ph\u00e9m\u00e8re ouvert du 20 au 22 octobre 2023\" \/>\n<meta name=\"robots\" content=\"index, follow, max-snippet:-1, max-image-preview:large, max-video-preview:-1\" \/>\n<link rel=\"canonical\" href=\"https:\/\/artistics.com\/fr\/artzine\/suivez-artistics-au-vernissage-de-parisplus-par-art-basel-2023\/\" \/>\n<meta property=\"og:locale\" content=\"fr_FR\" \/>\n<meta property=\"og:type\" content=\"article\" \/>\n<meta property=\"og:title\" content=\"Suivez Artistics au vernissage de Paris+ 2023\" \/>\n<meta property=\"og:description\" content=\"D\u00e9couvrez les coups de c\u0153ur de l&#039;\u00e9quipe d&#039;Artistics, qui a visit\u00e9 le Paris+ by Art Basel 2023 au Grand Palais \u00c9ph\u00e9m\u00e8re ouvert du 20 au 22 octobre 2023\" \/>\n<meta property=\"og:url\" content=\"https:\/\/artistics.com\/fr\/artzine\/suivez-artistics-au-vernissage-de-parisplus-par-art-basel-2023\/\" \/>\n<meta property=\"og:site_name\" content=\"Artistics\" \/>\n<meta property=\"article:publisher\" content=\"https:\/\/www.facebook.com\/ArtisticsMag\" \/>\n<meta property=\"article:published_time\" content=\"2023-10-20T09:00:21+00:00\" \/>\n<meta property=\"article:modified_time\" content=\"2023-10-20T10:24:44+00:00\" \/>\n<meta property=\"og:image\" content=\"https:\/\/artistics.com\/wp-content\/uploads\/2023\/10\/img-4266-scaled.jpg\" \/>\n\t<meta property=\"og:image:width\" content=\"2560\" \/>\n\t<meta property=\"og:image:height\" content=\"1920\" \/>\n\t<meta property=\"og:image:type\" content=\"image\/jpeg\" \/>\n<meta name=\"author\" content=\"Audrey Nouar\" \/>\n<meta name=\"twitter:card\" content=\"summary_large_image\" \/>\n<meta name=\"twitter:creator\" content=\"@Artistics_FR\" \/>\n<meta name=\"twitter:site\" content=\"@Artistics_FR\" \/>\n<meta name=\"twitter:label1\" content=\"\u00c9crit par\" \/>\n\t<meta name=\"twitter:data1\" content=\"Audrey Nouar\" \/>\n\t<meta name=\"twitter:label2\" content=\"Dur\u00e9e de lecture estim\u00e9e\" \/>\n\t<meta name=\"twitter:data2\" content=\"7 minutes\" \/>\n<script type=\"application\/ld+json\" class=\"yoast-schema-graph\">{\"@context\":\"https:\\\/\\\/schema.org\",\"@graph\":[{\"@type\":[\"Article\",\"BlogPosting\"],\"@id\":\"https:\\\/\\\/artistics.com\\\/fr\\\/artzine\\\/suivez-artistics-au-vernissage-de-parisplus-par-art-basel-2023\\\/#article\",\"isPartOf\":{\"@id\":\"https:\\\/\\\/artistics.com\\\/fr\\\/artzine\\\/suivez-artistics-au-vernissage-de-parisplus-par-art-basel-2023\\\/\"},\"author\":{\"name\":\"Audrey Nouar\",\"@id\":\"https:\\\/\\\/artistics.com\\\/fr\\\/#\\\/schema\\\/person\\\/d40411f48503ee791c015cbda35a1bf9\"},\"headline\":\"Suivez Artistics au vernissage de Paris+ 2023\",\"datePublished\":\"2023-10-20T09:00:21+00:00\",\"dateModified\":\"2023-10-20T10:24:44+00:00\",\"mainEntityOfPage\":{\"@id\":\"https:\\\/\\\/artistics.com\\\/fr\\\/artzine\\\/suivez-artistics-au-vernissage-de-parisplus-par-art-basel-2023\\\/\"},\"wordCount\":352,\"publisher\":{\"@id\":\"https:\\\/\\\/artistics.com\\\/fr\\\/#organization\"},\"image\":{\"@id\":\"https:\\\/\\\/artistics.com\\\/fr\\\/artzine\\\/suivez-artistics-au-vernissage-de-parisplus-par-art-basel-2023\\\/#primaryimage\"},\"thumbnailUrl\":\"https:\\\/\\\/artistics.com\\\/wp-content\\\/uploads\\\/2023\\\/10\\\/img-4266-scaled.jpg\",\"articleSection\":[\"Monde de l\u2019art\"],\"inLanguage\":\"fr-FR\"},{\"@type\":\"WebPage\",\"@id\":\"https:\\\/\\\/artistics.com\\\/fr\\\/artzine\\\/suivez-artistics-au-vernissage-de-parisplus-par-art-basel-2023\\\/\",\"url\":\"https:\\\/\\\/artistics.com\\\/fr\\\/artzine\\\/suivez-artistics-au-vernissage-de-parisplus-par-art-basel-2023\\\/\",\"name\":\"Suivez Artistics au vernissage de Paris+ 2023 | Artistics\",\"isPartOf\":{\"@id\":\"https:\\\/\\\/artistics.com\\\/fr\\\/#website\"},\"primaryImageOfPage\":{\"@id\":\"https:\\\/\\\/artistics.com\\\/fr\\\/artzine\\\/suivez-artistics-au-vernissage-de-parisplus-par-art-basel-2023\\\/#primaryimage\"},\"image\":{\"@id\":\"https:\\\/\\\/artistics.com\\\/fr\\\/artzine\\\/suivez-artistics-au-vernissage-de-parisplus-par-art-basel-2023\\\/#primaryimage\"},\"thumbnailUrl\":\"https:\\\/\\\/artistics.com\\\/wp-content\\\/uploads\\\/2023\\\/10\\\/img-4266-scaled.jpg\",\"datePublished\":\"2023-10-20T09:00:21+00:00\",\"dateModified\":\"2023-10-20T10:24:44+00:00\",\"description\":\"D\u00e9couvrez les coups de c\u0153ur de l'\u00e9quipe d'Artistics, qui a visit\u00e9 le Paris+ by Art Basel 2023 au Grand Palais \u00c9ph\u00e9m\u00e8re ouvert du 20 au 22 octobre 2023\",\"breadcrumb\":{\"@id\":\"https:\\\/\\\/artistics.com\\\/fr\\\/artzine\\\/suivez-artistics-au-vernissage-de-parisplus-par-art-basel-2023\\\/#breadcrumb\"},\"inLanguage\":\"fr-FR\",\"potentialAction\":[{\"@type\":\"ReadAction\",\"target\":[\"https:\\\/\\\/artistics.com\\\/fr\\\/artzine\\\/suivez-artistics-au-vernissage-de-parisplus-par-art-basel-2023\\\/\"]}]},{\"@type\":\"ImageObject\",\"inLanguage\":\"fr-FR\",\"@id\":\"https:\\\/\\\/artistics.com\\\/fr\\\/artzine\\\/suivez-artistics-au-vernissage-de-parisplus-par-art-basel-2023\\\/#primaryimage\",\"url\":\"https:\\\/\\\/artistics.com\\\/wp-content\\\/uploads\\\/2023\\\/10\\\/img-4266-scaled.jpg\",\"contentUrl\":\"https:\\\/\\\/artistics.com\\\/wp-content\\\/uploads\\\/2023\\\/10\\\/img-4266-scaled.jpg\",\"width\":2560,\"height\":1920},{\"@type\":\"BreadcrumbList\",\"@id\":\"https:\\\/\\\/artistics.com\\\/fr\\\/artzine\\\/suivez-artistics-au-vernissage-de-parisplus-par-art-basel-2023\\\/#breadcrumb\",\"itemListElement\":[{\"@type\":\"ListItem\",\"position\":1,\"name\":\"Achat \u0153uvre d'art\",\"item\":\"https:\\\/\\\/artistics.com\\\/fr\\\/\"},{\"@type\":\"ListItem\",\"position\":2,\"name\":\"Monde de l\u2019art\",\"item\":\"https:\\\/\\\/artistics.com\\\/fr\\\/artzine\\\/category\\\/le-monde-de-art\\\/\"},{\"@type\":\"ListItem\",\"position\":3,\"name\":\"Suivez Artistics au vernissage de Paris+ 2023\"}]},{\"@type\":\"WebSite\",\"@id\":\"https:\\\/\\\/artistics.com\\\/fr\\\/#website\",\"url\":\"https:\\\/\\\/artistics.com\\\/fr\\\/\",\"name\":\"Artistics\",\"description\":\"The online art gallery\",\"publisher\":{\"@id\":\"https:\\\/\\\/artistics.com\\\/fr\\\/#organization\"},\"potentialAction\":[{\"@type\":\"SearchAction\",\"target\":{\"@type\":\"EntryPoint\",\"urlTemplate\":\"https:\\\/\\\/artistics.com\\\/fr\\\/?s={search_term_string}\"},\"query-input\":{\"@type\":\"PropertyValueSpecification\",\"valueRequired\":true,\"valueName\":\"search_term_string\"}}],\"inLanguage\":\"fr-FR\"},{\"@type\":\"Organization\",\"@id\":\"https:\\\/\\\/artistics.com\\\/fr\\\/#organization\",\"name\":\"Artistics\",\"url\":\"https:\\\/\\\/artistics.com\\\/fr\\\/\",\"logo\":{\"@type\":\"ImageObject\",\"inLanguage\":\"fr-FR\",\"@id\":\"https:\\\/\\\/artistics.com\\\/fr\\\/#\\\/schema\\\/logo\\\/image\\\/\",\"url\":\"https:\\\/\\\/artistics.com\\\/wp-content\\\/uploads\\\/2023\\\/02\\\/artistics-logo-web-1.svg\",\"contentUrl\":\"https:\\\/\\\/artistics.com\\\/wp-content\\\/uploads\\\/2023\\\/02\\\/artistics-logo-web-1.svg\",\"caption\":\"Artistics\"},\"image\":{\"@id\":\"https:\\\/\\\/artistics.com\\\/fr\\\/#\\\/schema\\\/logo\\\/image\\\/\"},\"sameAs\":[\"https:\\\/\\\/www.facebook.com\\\/ArtisticsMag\",\"https:\\\/\\\/x.com\\\/Artistics_FR\",\"http:\\\/\\\/www.linkedin.com\\\/company\\\/artistics\",\"https:\\\/\\\/www.instagram.com\\\/artistics_com\\\/\",\"http:\\\/\\\/www.pinterest.com\\\/ArtisticsMag\"],\"hasMerchantReturnPolicy\":{\"@type\":\"MerchantReturnPolicy\",\"merchantReturnLink\":\"https:\\\/\\\/artistics.com\\\/free-return-policy\\\/\"}},{\"@type\":\"Person\",\"@id\":\"https:\\\/\\\/artistics.com\\\/fr\\\/#\\\/schema\\\/person\\\/d40411f48503ee791c015cbda35a1bf9\",\"name\":\"Audrey Nouar\",\"image\":{\"@type\":\"ImageObject\",\"inLanguage\":\"fr-FR\",\"@id\":\"https:\\\/\\\/secure.gravatar.com\\\/avatar\\\/66e823c025b96ef304f1ec862c0fb88a168f2f5bb731b9d76e2936343f5e066c?s=96&d=mm&r=g\",\"url\":\"https:\\\/\\\/secure.gravatar.com\\\/avatar\\\/66e823c025b96ef304f1ec862c0fb88a168f2f5bb731b9d76e2936343f5e066c?s=96&d=mm&r=g\",\"contentUrl\":\"https:\\\/\\\/secure.gravatar.com\\\/avatar\\\/66e823c025b96ef304f1ec862c0fb88a168f2f5bb731b9d76e2936343f5e066c?s=96&d=mm&r=g\",\"caption\":\"Audrey Nouar\"}}]}<\/script>\n<!-- \/ Yoast SEO Premium plugin. -->","yoast_head_json":{"title":"Suivez Artistics au vernissage de Paris+ 2023 | Artistics","description":"D\u00e9couvrez les coups de c\u0153ur de l'\u00e9quipe d'Artistics, qui a visit\u00e9 le Paris+ by Art Basel 2023 au Grand Palais \u00c9ph\u00e9m\u00e8re ouvert du 20 au 22 octobre 2023","robots":{"index":"index","follow":"follow","max-snippet":"max-snippet:-1","max-image-preview":"max-image-preview:large","max-video-preview":"max-video-preview:-1"},"canonical":"https:\/\/artistics.com\/fr\/artzine\/suivez-artistics-au-vernissage-de-parisplus-par-art-basel-2023\/","og_locale":"fr_FR","og_type":"article","og_title":"Suivez Artistics au vernissage de Paris+ 2023","og_description":"D\u00e9couvrez les coups de c\u0153ur de l'\u00e9quipe d'Artistics, qui a visit\u00e9 le Paris+ by Art Basel 2023 au Grand Palais \u00c9ph\u00e9m\u00e8re ouvert du 20 au 22 octobre 2023","og_url":"https:\/\/artistics.com\/fr\/artzine\/suivez-artistics-au-vernissage-de-parisplus-par-art-basel-2023\/","og_site_name":"Artistics","article_publisher":"https:\/\/www.facebook.com\/ArtisticsMag","article_published_time":"2023-10-20T09:00:21+00:00","article_modified_time":"2023-10-20T10:24:44+00:00","og_image":[{"width":2560,"height":1920,"url":"https:\/\/artistics.com\/wp-content\/uploads\/2023\/10\/img-4266-scaled.jpg","type":"image\/jpeg"}],"author":"Audrey Nouar","twitter_card":"summary_large_image","twitter_creator":"@Artistics_FR","twitter_site":"@Artistics_FR","twitter_misc":{"\u00c9crit par":"Audrey Nouar","Dur\u00e9e de lecture estim\u00e9e":"7 minutes"},"schema":{"@context":"https:\/\/schema.org","@graph":[{"@type":["Article","BlogPosting"],"@id":"https:\/\/artistics.com\/fr\/artzine\/suivez-artistics-au-vernissage-de-parisplus-par-art-basel-2023\/#article","isPartOf":{"@id":"https:\/\/artistics.com\/fr\/artzine\/suivez-artistics-au-vernissage-de-parisplus-par-art-basel-2023\/"},"author":{"name":"Audrey Nouar","@id":"https:\/\/artistics.com\/fr\/#\/schema\/person\/d40411f48503ee791c015cbda35a1bf9"},"headline":"Suivez Artistics au vernissage de Paris+ 2023","datePublished":"2023-10-20T09:00:21+00:00","dateModified":"2023-10-20T10:24:44+00:00","mainEntityOfPage":{"@id":"https:\/\/artistics.com\/fr\/artzine\/suivez-artistics-au-vernissage-de-parisplus-par-art-basel-2023\/"},"wordCount":352,"publisher":{"@id":"https:\/\/artistics.com\/fr\/#organization"},"image":{"@id":"https:\/\/artistics.com\/fr\/artzine\/suivez-artistics-au-vernissage-de-parisplus-par-art-basel-2023\/#primaryimage"},"thumbnailUrl":"https:\/\/artistics.com\/wp-content\/uploads\/2023\/10\/img-4266-scaled.jpg","articleSection":["Monde de l\u2019art"],"inLanguage":"fr-FR"},{"@type":"WebPage","@id":"https:\/\/artistics.com\/fr\/artzine\/suivez-artistics-au-vernissage-de-parisplus-par-art-basel-2023\/","url":"https:\/\/artistics.com\/fr\/artzine\/suivez-artistics-au-vernissage-de-parisplus-par-art-basel-2023\/","name":"Suivez Artistics au vernissage de Paris+ 2023 | Artistics","isPartOf":{"@id":"https:\/\/artistics.com\/fr\/#website"},"primaryImageOfPage":{"@id":"https:\/\/artistics.com\/fr\/artzine\/suivez-artistics-au-vernissage-de-parisplus-par-art-basel-2023\/#primaryimage"},"image":{"@id":"https:\/\/artistics.com\/fr\/artzine\/suivez-artistics-au-vernissage-de-parisplus-par-art-basel-2023\/#primaryimage"},"thumbnailUrl":"https:\/\/artistics.com\/wp-content\/uploads\/2023\/10\/img-4266-scaled.jpg","datePublished":"2023-10-20T09:00:21+00:00","dateModified":"2023-10-20T10:24:44+00:00","description":"D\u00e9couvrez les coups de c\u0153ur de l'\u00e9quipe d'Artistics, qui a visit\u00e9 le Paris+ by Art Basel 2023 au Grand Palais \u00c9ph\u00e9m\u00e8re ouvert du 20 au 22 octobre 2023","breadcrumb":{"@id":"https:\/\/artistics.com\/fr\/artzine\/suivez-artistics-au-vernissage-de-parisplus-par-art-basel-2023\/#breadcrumb"},"inLanguage":"fr-FR","potentialAction":[{"@type":"ReadAction","target":["https:\/\/artistics.com\/fr\/artzine\/suivez-artistics-au-vernissage-de-parisplus-par-art-basel-2023\/"]}]},{"@type":"ImageObject","inLanguage":"fr-FR","@id":"https:\/\/artistics.com\/fr\/artzine\/suivez-artistics-au-vernissage-de-parisplus-par-art-basel-2023\/#primaryimage","url":"https:\/\/artistics.com\/wp-content\/uploads\/2023\/10\/img-4266-scaled.jpg","contentUrl":"https:\/\/artistics.com\/wp-content\/uploads\/2023\/10\/img-4266-scaled.jpg","width":2560,"height":1920},{"@type":"BreadcrumbList","@id":"https:\/\/artistics.com\/fr\/artzine\/suivez-artistics-au-vernissage-de-parisplus-par-art-basel-2023\/#breadcrumb","itemListElement":[{"@type":"ListItem","position":1,"name":"Achat \u0153uvre d'art","item":"https:\/\/artistics.com\/fr\/"},{"@type":"ListItem","position":2,"name":"Monde de l\u2019art","item":"https:\/\/artistics.com\/fr\/artzine\/category\/le-monde-de-art\/"},{"@type":"ListItem","position":3,"name":"Suivez Artistics au vernissage de Paris+ 2023"}]},{"@type":"WebSite","@id":"https:\/\/artistics.com\/fr\/#website","url":"https:\/\/artistics.com\/fr\/","name":"Artistics","description":"The online art gallery","publisher":{"@id":"https:\/\/artistics.com\/fr\/#organization"},"potentialAction":[{"@type":"SearchAction","target":{"@type":"EntryPoint","urlTemplate":"https:\/\/artistics.com\/fr\/?s={search_term_string}"},"query-input":{"@type":"PropertyValueSpecification","valueRequired":true,"valueName":"search_term_string"}}],"inLanguage":"fr-FR"},{"@type":"Organization","@id":"https:\/\/artistics.com\/fr\/#organization","name":"Artistics","url":"https:\/\/artistics.com\/fr\/","logo":{"@type":"ImageObject","inLanguage":"fr-FR","@id":"https:\/\/artistics.com\/fr\/#\/schema\/logo\/image\/","url":"https:\/\/artistics.com\/wp-content\/uploads\/2023\/02\/artistics-logo-web-1.svg","contentUrl":"https:\/\/artistics.com\/wp-content\/uploads\/2023\/02\/artistics-logo-web-1.svg","caption":"Artistics"},"image":{"@id":"https:\/\/artistics.com\/fr\/#\/schema\/logo\/image\/"},"sameAs":["https:\/\/www.facebook.com\/ArtisticsMag","https:\/\/x.com\/Artistics_FR","http:\/\/www.linkedin.com\/company\/artistics","https:\/\/www.instagram.com\/artistics_com\/","http:\/\/www.pinterest.com\/ArtisticsMag"],"hasMerchantReturnPolicy":{"@type":"MerchantReturnPolicy","merchantReturnLink":"https:\/\/artistics.com\/free-return-policy\/"}},{"@type":"Person","@id":"https:\/\/artistics.com\/fr\/#\/schema\/person\/d40411f48503ee791c015cbda35a1bf9","name":"Audrey Nouar","image":{"@type":"ImageObject","inLanguage":"fr-FR","@id":"https:\/\/secure.gravatar.com\/avatar\/66e823c025b96ef304f1ec862c0fb88a168f2f5bb731b9d76e2936343f5e066c?s=96&d=mm&r=g","url":"https:\/\/secure.gravatar.com\/avatar\/66e823c025b96ef304f1ec862c0fb88a168f2f5bb731b9d76e2936343f5e066c?s=96&d=mm&r=g","contentUrl":"https:\/\/secure.gravatar.com\/avatar\/66e823c025b96ef304f1ec862c0fb88a168f2f5bb731b9d76e2936343f5e066c?s=96&d=mm&r=g","caption":"Audrey Nouar"}}]}},"_links":{"self":[{"href":"https:\/\/artistics.com\/fr\/wp-json\/wp\/v2\/posts\/40322","targetHints":{"allow":["GET"]}}],"collection":[{"href":"https:\/\/artistics.com\/fr\/wp-json\/wp\/v2\/posts"}],"about":[{"href":"https:\/\/artistics.com\/fr\/wp-json\/wp\/v2\/types\/post"}],"author":[{"embeddable":true,"href":"https:\/\/artistics.com\/fr\/wp-json\/wp\/v2\/users\/63"}],"replies":[{"embeddable":true,"href":"https:\/\/artistics.com\/fr\/wp-json\/wp\/v2\/comments?post=40322"}],"version-history":[{"count":4,"href":"https:\/\/artistics.com\/fr\/wp-json\/wp\/v2\/posts\/40322\/revisions"}],"predecessor-version":[{"id":40329,"href":"https:\/\/artistics.com\/fr\/wp-json\/wp\/v2\/posts\/40322\/revisions\/40329"}],"wp:featuredmedia":[{"embeddable":true,"href":"https:\/\/artistics.com\/fr\/wp-json\/wp\/v2\/media\/40264"}],"wp:attachment":[{"href":"https:\/\/artistics.com\/fr\/wp-json\/wp\/v2\/media?parent=40322"}],"wp:term":[{"taxonomy":"category","embeddable":true,"href":"https:\/\/artistics.com\/fr\/wp-json\/wp\/v2\/categories?post=40322"},{"taxonomy":"post_tag","embeddable":true,"href":"https:\/\/artistics.com\/fr\/wp-json\/wp\/v2\/tags?post=40322"}],"curies":[{"name":"wp","href":"https:\/\/api.w.org\/{rel}","templated":true}]}}