{"id":39606,"date":"2023-10-05T10:14:51","date_gmt":"2023-10-05T08:14:51","guid":{"rendered":"https:\/\/artistics.com\/artzine\/marine-de-soos-conversations-exposition-de-sculptures-en-plein-air\/"},"modified":"2023-10-13T21:03:11","modified_gmt":"2023-10-13T19:03:11","slug":"marine-de-soos-conversations-exposition-de-sculptures-en-plein-air","status":"publish","type":"post","link":"https:\/\/artistics.com\/fr\/artzine\/marine-de-soos-conversations-exposition-de-sculptures-en-plein-air\/","title":{"rendered":"Marine de Soos : Conversations &#8211; Exposition de sculptures en plein air"},"content":{"rendered":"<h2 class=\"wp-block-heading\" id=\"h-eight-bronze-sculptures-by-marine-de-soos-have-been-positioned-in-public-spaces-in-the-city-of-fondettes-near-tours-france-arrayed-from-halle-de-la-morandiere-to-the-botanical-garden-these-serene-figures-invite-pedestrians-to-slow-down-and-engage-in-a-conversation-that-stretches-beyond-cultures-and-beyond-time-about-what-it-means-to-be-alive\">Huit sculptures en bronze de Marine de Soos ont investi l\u2019espace public de la ville de Fondettes, pr\u00e8s de Tours (France). Dressant leur silhouette entre la Halle de la Morandi\u00e8re et le jardin botanique, ces figures sereines invitent les promeneurs \u00e0 ralentir le pas et \u00e0 engager une conversation au-del\u00e0 des cultures et au-del\u00e0 du temps sur ce qui signifie d\u2019\u00eatre vivant.<\/h2><div style=\"height:30px\" aria-hidden=\"true\" class=\"wp-block-spacer\"><\/div><div class=\"wp-block-image\"><figure class=\"aligncenter size-large\"><a href=\"https:\/\/artistics.com\/fr\/oeuvre\/grand-cantique-des-pilotis\/\"><img decoding=\"async\" width=\"683\" height=\"1024\" src=\"https:\/\/artistics.com\/wp-content\/uploads\/2023\/10\/grand-cantique-des-pilotis-fondettes-marine-de-soos83-683x1024.jpg\" alt=\"\" class=\"wp-image-39596\" srcset=\"https:\/\/artistics.com\/wp-content\/uploads\/2023\/10\/grand-cantique-des-pilotis-fondettes-marine-de-soos83-683x1024.jpg 683w, https:\/\/artistics.com\/wp-content\/uploads\/2023\/10\/grand-cantique-des-pilotis-fondettes-marine-de-soos83-200x300.jpg 200w, https:\/\/artistics.com\/wp-content\/uploads\/2023\/10\/grand-cantique-des-pilotis-fondettes-marine-de-soos83-768x1152.jpg 768w, https:\/\/artistics.com\/wp-content\/uploads\/2023\/10\/grand-cantique-des-pilotis-fondettes-marine-de-soos83-1024x1536.jpg 1024w, https:\/\/artistics.com\/wp-content\/uploads\/2023\/10\/grand-cantique-des-pilotis-fondettes-marine-de-soos83-550x825.jpg 550w, https:\/\/artistics.com\/wp-content\/uploads\/2023\/10\/grand-cantique-des-pilotis-fondettes-marine-de-soos83-300x450.jpg 300w, https:\/\/artistics.com\/wp-content\/uploads\/2023\/10\/grand-cantique-des-pilotis-fondettes-marine-de-soos83-120x180.jpg 120w, https:\/\/artistics.com\/wp-content\/uploads\/2023\/10\/grand-cantique-des-pilotis-fondettes-marine-de-soos83.jpg 1200w\" sizes=\"(max-width: 683px) 100vw, 683px\" \/><\/a><figcaption class=\"wp-element-caption\">Marine de Soos, <a href=\"https:\/\/artistics.com\/fr\/oeuvre\/grand-cantique-des-pilotis\/\">Grand cantique des pilotis<\/a>, bronze, 330 \u00d7 168 \u00d7 134 cm.<\/figcaption><\/figure><\/div><div style=\"height:30px\" aria-hidden=\"true\" class=\"wp-block-spacer\"><\/div><p>Conversations : c\u2019est le nom donn\u00e9 \u00e0 l\u2019exposition de plein air que la ville de Fondettes consacre aux sculptures de <a href=\"https:\/\/artistics.com\/fr\/artiste\/marine-desoos\/\">Marine de Soos<\/a>. Conversations des \u0153uvres entre elles, avec l\u2019espace qui les accueille et bien s\u00fbr avec les promeneurs qui croisent leur chemin.<\/p><p>Ces huit <a href=\"https:\/\/artistics.com\/fr\/series\/marine-de-soos-sculptures-grand-format-fr\/\">figures de grande taille<\/a> nous montrent des hommes et des femmes engag\u00e9s dans des activit\u00e9s de la vie quotidienne : il y a l\u00e0 un p\u00eacheur, un joueur de fl\u00fbte, un enfant en train de jouer, une jeune m\u00e8re serrant son nouveau-n\u00e9 dans ses bras\u2026 Huit figures visiblement venues d\u2019ailleurs : d\u2019une autre latitude et peut-\u00eatre d\u2019une autre \u00e9poque.<\/p><p><a href=\"https:\/\/artistics.com\/fr\/artiste\/marine-desoos\/\">Marine de Soos<\/a> a pass\u00e9 une partie de son enfance sur le continent africain. Les souvenirs qu\u2019elle en a rapport\u00e9s se superposent aujourd\u2019hui \u00e0 d\u2019autres images pour nourrir son imaginaire d\u2019images composites. Cet ailleurs que l\u2019artiste nous donne \u00e0 voir pourrait bien \u00eatre une Arcadie sans g\u00e9ographie ni temporalit\u00e9 pr\u00e9cise, o\u00f9 la vie s\u2019\u00e9coulerait \u00e0 un rythme davantage en harmonie avec la nature.<\/p><p>Ce qui interpelle dans ces figures, c\u2019est en effet leur s\u00e9r\u00e9nit\u00e9, que souligne encore leur pr\u00e9sence dans l\u2019espace public : indiff\u00e9rentes \u00e0 la fr\u00e9n\u00e9sie de la vie urbaine, les sculptures de <a href=\"https:\/\/artistics.com\/fr\/artiste\/marine-desoos\/\">Marine de Soos<\/a> invitent \u00e0 ralentir le pas. Dans leur dignit\u00e9 et leur sobri\u00e9t\u00e9, dans l\u2019expression apais\u00e9e de leur visage, elles trouvent un \u00e9cho en chacun de nous : au-del\u00e0 de leurs diff\u00e9rences, elles nous parlent de l\u2019universalit\u00e9 des sentiments et des \u00e9motions, de la force et de la fragilit\u00e9 de notre condition, et de la joie simple d\u2019\u00eatre vivant.<\/p><p>Avec po\u00e9sie et d\u00e9licatesse, <a href=\"https:\/\/artistics.com\/fr\/artiste\/marine-desoos\/\">Marine de Soos<\/a> offre en partage la gr\u00e2ce d\u2019un instant de vie et d\u2019un moment de cr\u00e9ation :\u00a0 \u00ab\u00a0Je n\u2019arrive \u00e0 travailler que lorsque je suis dans l\u2019\u00e9motion. Ce qui m\u2019inspire, c\u2019est tout ce que je peux voir dans la vie qui m\u2019\u00e9meut : \u00e7a va \u00eatre le geste d\u2019une main, la position d\u2019un pied ou une t\u00eate inclin\u00e9e&#8230; Dans cette gestuelle et dans ces images, il y a la dynamique, la joie et tout le panel des sentiments.\u00a0\u00bb<\/p><div style=\"height:30px\" aria-hidden=\"true\" class=\"wp-block-spacer\"><\/div><div class=\"wp-block-image\"><figure class=\"aligncenter size-large\"><a href=\"https:\/\/artistics.com\/fr\/oeuvre\/laccueil-grand-format\/\"><img decoding=\"async\" width=\"768\" height=\"1024\" src=\"https:\/\/artistics.com\/wp-content\/uploads\/2023\/10\/laccueil-fondettes-marine-de-soos46-768x1024.jpg\" alt=\"\" class=\"wp-image-39598\" srcset=\"https:\/\/artistics.com\/wp-content\/uploads\/2023\/10\/laccueil-fondettes-marine-de-soos46-768x1024.jpg 768w, https:\/\/artistics.com\/wp-content\/uploads\/2023\/10\/laccueil-fondettes-marine-de-soos46-225x300.jpg 225w, https:\/\/artistics.com\/wp-content\/uploads\/2023\/10\/laccueil-fondettes-marine-de-soos46-1152x1536.jpg 1152w, https:\/\/artistics.com\/wp-content\/uploads\/2023\/10\/laccueil-fondettes-marine-de-soos46-300x400.jpg 300w, https:\/\/artistics.com\/wp-content\/uploads\/2023\/10\/laccueil-fondettes-marine-de-soos46-600x800.jpg 600w, https:\/\/artistics.com\/wp-content\/uploads\/2023\/10\/laccueil-fondettes-marine-de-soos46-550x733.jpg 550w, https:\/\/artistics.com\/wp-content\/uploads\/2023\/10\/laccueil-fondettes-marine-de-soos46-135x180.jpg 135w, https:\/\/artistics.com\/wp-content\/uploads\/2023\/10\/laccueil-fondettes-marine-de-soos46.jpg 1200w\" sizes=\"(max-width: 768px) 100vw, 768px\" \/><\/a><figcaption class=\"wp-element-caption\">Marine de Soos, <a href=\"https:\/\/artistics.com\/fr\/oeuvre\/laccueil-grand-format\/\">L\u2019accueil<\/a>, bronze, 110 \u00d7 53 \u00d7 93 cm<\/figcaption><\/figure><\/div><div style=\"height:30px\" aria-hidden=\"true\" class=\"wp-block-spacer\"><\/div><div class=\"wp-block-image\"><figure class=\"aligncenter size-large\"><a href=\"https:\/\/artistics.com\/fr\/oeuvre\/grand-pousseur-de-lune\/\"><img decoding=\"async\" width=\"683\" height=\"1024\" src=\"https:\/\/artistics.com\/wp-content\/uploads\/2023\/10\/grand-pousseur-de-lune-fondettes-marine-de-soos61-683x1024.jpg\" alt=\"\" class=\"wp-image-39600\" srcset=\"https:\/\/artistics.com\/wp-content\/uploads\/2023\/10\/grand-pousseur-de-lune-fondettes-marine-de-soos61-683x1024.jpg 683w, https:\/\/artistics.com\/wp-content\/uploads\/2023\/10\/grand-pousseur-de-lune-fondettes-marine-de-soos61-200x300.jpg 200w, https:\/\/artistics.com\/wp-content\/uploads\/2023\/10\/grand-pousseur-de-lune-fondettes-marine-de-soos61-768x1152.jpg 768w, https:\/\/artistics.com\/wp-content\/uploads\/2023\/10\/grand-pousseur-de-lune-fondettes-marine-de-soos61-1024x1536.jpg 1024w, https:\/\/artistics.com\/wp-content\/uploads\/2023\/10\/grand-pousseur-de-lune-fondettes-marine-de-soos61-550x825.jpg 550w, https:\/\/artistics.com\/wp-content\/uploads\/2023\/10\/grand-pousseur-de-lune-fondettes-marine-de-soos61-300x450.jpg 300w, https:\/\/artistics.com\/wp-content\/uploads\/2023\/10\/grand-pousseur-de-lune-fondettes-marine-de-soos61-120x180.jpg 120w, https:\/\/artistics.com\/wp-content\/uploads\/2023\/10\/grand-pousseur-de-lune-fondettes-marine-de-soos61.jpg 1200w\" sizes=\"(max-width: 683px) 100vw, 683px\" \/><\/a><figcaption class=\"wp-element-caption\">Marine de Soos, <a href=\"https:\/\/artistics.com\/fr\/oeuvre\/grand-pousseur-de-lune\/\">Grand pousseur de lune<\/a>, bronze, 128 \u00d7 162 \u00d7 29 cm<\/figcaption><\/figure><\/div>","protected":false},"excerpt":{"rendered":"<p>Huit sculptures en bronze de Marine de Soos ont investi l\u2019espace public de la ville de Fondettes, pr\u00e8s de Tours (France). Dressant leur silhouette entre la Halle de la Morandi\u00e8re et le jardin botanique, ces figures sereines invitent les promeneurs \u00e0 ralentir le pas et \u00e0 engager une conversation au-del\u00e0 des cultures et au-del\u00e0 du [&hellip;]<\/p>\n","protected":false},"author":4,"featured_media":39605,"comment_status":"closed","ping_status":"open","sticky":false,"template":"","format":"standard","meta":{"_acf_changed":false,"_searchwp_excluded":"","inline_featured_image":false,"footnotes":""},"categories":[1184,16],"tags":[],"class_list":["post-39606","post","type-post","status-publish","format-standard","has-post-thumbnail","hentry","category-actualites-de-nos-artistes","category-non-classifiee"],"acf":[],"yoast_head":"<!-- This site is optimized with the Yoast SEO Premium plugin v27.3 (Yoast SEO v27.3) - https:\/\/yoast.com\/product\/yoast-seo-premium-wordpress\/ -->\n<title>Marine de Soos : Conversations - Exposition de sculptures en plein air | Artistics<\/title>\n<meta name=\"description\" content=\"Huit sculptures en bronze de Marine de Soos ont investi l\u2019espace public de la ville de Fondettes, pr\u00e8s de Tours (France). Plus d&#039;informations dans cet article.\" \/>\n<meta name=\"robots\" content=\"index, follow, max-snippet:-1, max-image-preview:large, max-video-preview:-1\" \/>\n<link rel=\"canonical\" href=\"https:\/\/artistics.com\/fr\/artzine\/marine-de-soos-conversations-exposition-de-sculptures-en-plein-air\/\" \/>\n<meta property=\"og:locale\" content=\"fr_FR\" \/>\n<meta property=\"og:type\" content=\"article\" \/>\n<meta property=\"og:title\" content=\"Marine de Soos : Conversations - Exposition de sculptures en plein air\" \/>\n<meta property=\"og:description\" content=\"Huit sculptures en bronze de Marine de Soos ont investi l\u2019espace public de la ville de Fondettes, pr\u00e8s de Tours (France). Plus d&#039;informations dans cet article.\" \/>\n<meta property=\"og:url\" content=\"https:\/\/artistics.com\/fr\/artzine\/marine-de-soos-conversations-exposition-de-sculptures-en-plein-air\/\" \/>\n<meta property=\"og:site_name\" content=\"Artistics\" \/>\n<meta property=\"article:publisher\" content=\"https:\/\/www.facebook.com\/ArtisticsMag\" \/>\n<meta property=\"article:published_time\" content=\"2023-10-05T08:14:51+00:00\" \/>\n<meta property=\"article:modified_time\" content=\"2023-10-13T19:03:11+00:00\" \/>\n<meta property=\"og:image\" content=\"https:\/\/artistics.com\/wp-content\/uploads\/2023\/10\/hzt-cantique-des-pilotis.jpeg\" \/>\n\t<meta property=\"og:image:width\" content=\"1598\" \/>\n\t<meta property=\"og:image:height\" content=\"1200\" \/>\n\t<meta property=\"og:image:type\" content=\"image\/jpeg\" \/>\n<meta name=\"author\" content=\"Christophe Salet\" \/>\n<meta name=\"twitter:card\" content=\"summary_large_image\" \/>\n<meta name=\"twitter:creator\" content=\"@Artistics_FR\" \/>\n<meta name=\"twitter:site\" content=\"@Artistics_FR\" \/>\n<meta name=\"twitter:label1\" content=\"\u00c9crit par\" \/>\n\t<meta name=\"twitter:data1\" content=\"Christophe Salet\" \/>\n\t<meta name=\"twitter:label2\" content=\"Dur\u00e9e de lecture estim\u00e9e\" \/>\n\t<meta name=\"twitter:data2\" content=\"2 minutes\" \/>\n<script type=\"application\/ld+json\" class=\"yoast-schema-graph\">{\"@context\":\"https:\\\/\\\/schema.org\",\"@graph\":[{\"@type\":[\"Article\",\"BlogPosting\"],\"@id\":\"https:\\\/\\\/artistics.com\\\/fr\\\/artzine\\\/marine-de-soos-conversations-exposition-de-sculptures-en-plein-air\\\/#article\",\"isPartOf\":{\"@id\":\"https:\\\/\\\/artistics.com\\\/fr\\\/artzine\\\/marine-de-soos-conversations-exposition-de-sculptures-en-plein-air\\\/\"},\"author\":{\"name\":\"Christophe Salet\",\"@id\":\"https:\\\/\\\/artistics.com\\\/fr\\\/#\\\/schema\\\/person\\\/1367e63148251e426892320f3452d474\"},\"headline\":\"Marine de Soos : Conversations &#8211; Exposition de sculptures en plein air\",\"datePublished\":\"2023-10-05T08:14:51+00:00\",\"dateModified\":\"2023-10-13T19:03:11+00:00\",\"mainEntityOfPage\":{\"@id\":\"https:\\\/\\\/artistics.com\\\/fr\\\/artzine\\\/marine-de-soos-conversations-exposition-de-sculptures-en-plein-air\\\/\"},\"wordCount\":478,\"publisher\":{\"@id\":\"https:\\\/\\\/artistics.com\\\/fr\\\/#organization\"},\"image\":{\"@id\":\"https:\\\/\\\/artistics.com\\\/fr\\\/artzine\\\/marine-de-soos-conversations-exposition-de-sculptures-en-plein-air\\\/#primaryimage\"},\"thumbnailUrl\":\"https:\\\/\\\/artistics.com\\\/wp-content\\\/uploads\\\/2023\\\/10\\\/hzt-cantique-des-pilotis.jpeg\",\"articleSection\":[\"L\u2019actu de nos artistes\",\"Non classifi\u00e9(e)\"],\"inLanguage\":\"fr-FR\"},{\"@type\":\"WebPage\",\"@id\":\"https:\\\/\\\/artistics.com\\\/fr\\\/artzine\\\/marine-de-soos-conversations-exposition-de-sculptures-en-plein-air\\\/\",\"url\":\"https:\\\/\\\/artistics.com\\\/fr\\\/artzine\\\/marine-de-soos-conversations-exposition-de-sculptures-en-plein-air\\\/\",\"name\":\"Marine de Soos : Conversations - Exposition de sculptures en plein air | Artistics\",\"isPartOf\":{\"@id\":\"https:\\\/\\\/artistics.com\\\/fr\\\/#website\"},\"primaryImageOfPage\":{\"@id\":\"https:\\\/\\\/artistics.com\\\/fr\\\/artzine\\\/marine-de-soos-conversations-exposition-de-sculptures-en-plein-air\\\/#primaryimage\"},\"image\":{\"@id\":\"https:\\\/\\\/artistics.com\\\/fr\\\/artzine\\\/marine-de-soos-conversations-exposition-de-sculptures-en-plein-air\\\/#primaryimage\"},\"thumbnailUrl\":\"https:\\\/\\\/artistics.com\\\/wp-content\\\/uploads\\\/2023\\\/10\\\/hzt-cantique-des-pilotis.jpeg\",\"datePublished\":\"2023-10-05T08:14:51+00:00\",\"dateModified\":\"2023-10-13T19:03:11+00:00\",\"description\":\"Huit sculptures en bronze de Marine de Soos ont investi l\u2019espace public de la ville de Fondettes, pr\u00e8s de Tours (France). Plus d'informations dans cet article.\",\"breadcrumb\":{\"@id\":\"https:\\\/\\\/artistics.com\\\/fr\\\/artzine\\\/marine-de-soos-conversations-exposition-de-sculptures-en-plein-air\\\/#breadcrumb\"},\"inLanguage\":\"fr-FR\",\"potentialAction\":[{\"@type\":\"ReadAction\",\"target\":[\"https:\\\/\\\/artistics.com\\\/fr\\\/artzine\\\/marine-de-soos-conversations-exposition-de-sculptures-en-plein-air\\\/\"]}]},{\"@type\":\"ImageObject\",\"inLanguage\":\"fr-FR\",\"@id\":\"https:\\\/\\\/artistics.com\\\/fr\\\/artzine\\\/marine-de-soos-conversations-exposition-de-sculptures-en-plein-air\\\/#primaryimage\",\"url\":\"https:\\\/\\\/artistics.com\\\/wp-content\\\/uploads\\\/2023\\\/10\\\/hzt-cantique-des-pilotis.jpeg\",\"contentUrl\":\"https:\\\/\\\/artistics.com\\\/wp-content\\\/uploads\\\/2023\\\/10\\\/hzt-cantique-des-pilotis.jpeg\",\"width\":1598,\"height\":1200},{\"@type\":\"BreadcrumbList\",\"@id\":\"https:\\\/\\\/artistics.com\\\/fr\\\/artzine\\\/marine-de-soos-conversations-exposition-de-sculptures-en-plein-air\\\/#breadcrumb\",\"itemListElement\":[{\"@type\":\"ListItem\",\"position\":1,\"name\":\"Achat \u0153uvre d'art\",\"item\":\"https:\\\/\\\/artistics.com\\\/fr\\\/\"},{\"@type\":\"ListItem\",\"position\":2,\"name\":\"Non classifi\u00e9(e)\",\"item\":\"https:\\\/\\\/artistics.com\\\/fr\\\/artzine\\\/category\\\/non-classifiee\\\/\"},{\"@type\":\"ListItem\",\"position\":3,\"name\":\"Marine de Soos : Conversations &#8211; Exposition de sculptures en plein air\"}]},{\"@type\":\"WebSite\",\"@id\":\"https:\\\/\\\/artistics.com\\\/fr\\\/#website\",\"url\":\"https:\\\/\\\/artistics.com\\\/fr\\\/\",\"name\":\"Artistics\",\"description\":\"The online art gallery\",\"publisher\":{\"@id\":\"https:\\\/\\\/artistics.com\\\/fr\\\/#organization\"},\"potentialAction\":[{\"@type\":\"SearchAction\",\"target\":{\"@type\":\"EntryPoint\",\"urlTemplate\":\"https:\\\/\\\/artistics.com\\\/fr\\\/?s={search_term_string}\"},\"query-input\":{\"@type\":\"PropertyValueSpecification\",\"valueRequired\":true,\"valueName\":\"search_term_string\"}}],\"inLanguage\":\"fr-FR\"},{\"@type\":\"Organization\",\"@id\":\"https:\\\/\\\/artistics.com\\\/fr\\\/#organization\",\"name\":\"Artistics\",\"url\":\"https:\\\/\\\/artistics.com\\\/fr\\\/\",\"logo\":{\"@type\":\"ImageObject\",\"inLanguage\":\"fr-FR\",\"@id\":\"https:\\\/\\\/artistics.com\\\/fr\\\/#\\\/schema\\\/logo\\\/image\\\/\",\"url\":\"https:\\\/\\\/artistics.com\\\/wp-content\\\/uploads\\\/2023\\\/02\\\/artistics-logo-web-1.svg\",\"contentUrl\":\"https:\\\/\\\/artistics.com\\\/wp-content\\\/uploads\\\/2023\\\/02\\\/artistics-logo-web-1.svg\",\"caption\":\"Artistics\"},\"image\":{\"@id\":\"https:\\\/\\\/artistics.com\\\/fr\\\/#\\\/schema\\\/logo\\\/image\\\/\"},\"sameAs\":[\"https:\\\/\\\/www.facebook.com\\\/ArtisticsMag\",\"https:\\\/\\\/x.com\\\/Artistics_FR\",\"http:\\\/\\\/www.linkedin.com\\\/company\\\/artistics\",\"https:\\\/\\\/www.instagram.com\\\/artistics_com\\\/\",\"http:\\\/\\\/www.pinterest.com\\\/ArtisticsMag\"],\"hasMerchantReturnPolicy\":{\"@type\":\"MerchantReturnPolicy\",\"merchantReturnLink\":\"https:\\\/\\\/artistics.com\\\/free-return-policy\\\/\"}},{\"@type\":\"Person\",\"@id\":\"https:\\\/\\\/artistics.com\\\/fr\\\/#\\\/schema\\\/person\\\/1367e63148251e426892320f3452d474\",\"name\":\"Christophe Salet\",\"image\":{\"@type\":\"ImageObject\",\"inLanguage\":\"fr-FR\",\"@id\":\"https:\\\/\\\/secure.gravatar.com\\\/avatar\\\/91f432599f85a6d56c33b915f1b9ebc5efdabae77f9b6e054e22a9c119116cdc?s=96&d=mm&r=g\",\"url\":\"https:\\\/\\\/secure.gravatar.com\\\/avatar\\\/91f432599f85a6d56c33b915f1b9ebc5efdabae77f9b6e054e22a9c119116cdc?s=96&d=mm&r=g\",\"contentUrl\":\"https:\\\/\\\/secure.gravatar.com\\\/avatar\\\/91f432599f85a6d56c33b915f1b9ebc5efdabae77f9b6e054e22a9c119116cdc?s=96&d=mm&r=g\",\"caption\":\"Christophe Salet\"}}]}<\/script>\n<!-- \/ Yoast SEO Premium plugin. -->","yoast_head_json":{"title":"Marine de Soos : Conversations - Exposition de sculptures en plein air | Artistics","description":"Huit sculptures en bronze de Marine de Soos ont investi l\u2019espace public de la ville de Fondettes, pr\u00e8s de Tours (France). Plus d'informations dans cet article.","robots":{"index":"index","follow":"follow","max-snippet":"max-snippet:-1","max-image-preview":"max-image-preview:large","max-video-preview":"max-video-preview:-1"},"canonical":"https:\/\/artistics.com\/fr\/artzine\/marine-de-soos-conversations-exposition-de-sculptures-en-plein-air\/","og_locale":"fr_FR","og_type":"article","og_title":"Marine de Soos : Conversations - Exposition de sculptures en plein air","og_description":"Huit sculptures en bronze de Marine de Soos ont investi l\u2019espace public de la ville de Fondettes, pr\u00e8s de Tours (France). Plus d'informations dans cet article.","og_url":"https:\/\/artistics.com\/fr\/artzine\/marine-de-soos-conversations-exposition-de-sculptures-en-plein-air\/","og_site_name":"Artistics","article_publisher":"https:\/\/www.facebook.com\/ArtisticsMag","article_published_time":"2023-10-05T08:14:51+00:00","article_modified_time":"2023-10-13T19:03:11+00:00","og_image":[{"width":1598,"height":1200,"url":"https:\/\/artistics.com\/wp-content\/uploads\/2023\/10\/hzt-cantique-des-pilotis.jpeg","type":"image\/jpeg"}],"author":"Christophe Salet","twitter_card":"summary_large_image","twitter_creator":"@Artistics_FR","twitter_site":"@Artistics_FR","twitter_misc":{"\u00c9crit par":"Christophe Salet","Dur\u00e9e de lecture estim\u00e9e":"2 minutes"},"schema":{"@context":"https:\/\/schema.org","@graph":[{"@type":["Article","BlogPosting"],"@id":"https:\/\/artistics.com\/fr\/artzine\/marine-de-soos-conversations-exposition-de-sculptures-en-plein-air\/#article","isPartOf":{"@id":"https:\/\/artistics.com\/fr\/artzine\/marine-de-soos-conversations-exposition-de-sculptures-en-plein-air\/"},"author":{"name":"Christophe Salet","@id":"https:\/\/artistics.com\/fr\/#\/schema\/person\/1367e63148251e426892320f3452d474"},"headline":"Marine de Soos : Conversations &#8211; Exposition de sculptures en plein air","datePublished":"2023-10-05T08:14:51+00:00","dateModified":"2023-10-13T19:03:11+00:00","mainEntityOfPage":{"@id":"https:\/\/artistics.com\/fr\/artzine\/marine-de-soos-conversations-exposition-de-sculptures-en-plein-air\/"},"wordCount":478,"publisher":{"@id":"https:\/\/artistics.com\/fr\/#organization"},"image":{"@id":"https:\/\/artistics.com\/fr\/artzine\/marine-de-soos-conversations-exposition-de-sculptures-en-plein-air\/#primaryimage"},"thumbnailUrl":"https:\/\/artistics.com\/wp-content\/uploads\/2023\/10\/hzt-cantique-des-pilotis.jpeg","articleSection":["L\u2019actu de nos artistes","Non classifi\u00e9(e)"],"inLanguage":"fr-FR"},{"@type":"WebPage","@id":"https:\/\/artistics.com\/fr\/artzine\/marine-de-soos-conversations-exposition-de-sculptures-en-plein-air\/","url":"https:\/\/artistics.com\/fr\/artzine\/marine-de-soos-conversations-exposition-de-sculptures-en-plein-air\/","name":"Marine de Soos : Conversations - Exposition de sculptures en plein air | Artistics","isPartOf":{"@id":"https:\/\/artistics.com\/fr\/#website"},"primaryImageOfPage":{"@id":"https:\/\/artistics.com\/fr\/artzine\/marine-de-soos-conversations-exposition-de-sculptures-en-plein-air\/#primaryimage"},"image":{"@id":"https:\/\/artistics.com\/fr\/artzine\/marine-de-soos-conversations-exposition-de-sculptures-en-plein-air\/#primaryimage"},"thumbnailUrl":"https:\/\/artistics.com\/wp-content\/uploads\/2023\/10\/hzt-cantique-des-pilotis.jpeg","datePublished":"2023-10-05T08:14:51+00:00","dateModified":"2023-10-13T19:03:11+00:00","description":"Huit sculptures en bronze de Marine de Soos ont investi l\u2019espace public de la ville de Fondettes, pr\u00e8s de Tours (France). Plus d'informations dans cet article.","breadcrumb":{"@id":"https:\/\/artistics.com\/fr\/artzine\/marine-de-soos-conversations-exposition-de-sculptures-en-plein-air\/#breadcrumb"},"inLanguage":"fr-FR","potentialAction":[{"@type":"ReadAction","target":["https:\/\/artistics.com\/fr\/artzine\/marine-de-soos-conversations-exposition-de-sculptures-en-plein-air\/"]}]},{"@type":"ImageObject","inLanguage":"fr-FR","@id":"https:\/\/artistics.com\/fr\/artzine\/marine-de-soos-conversations-exposition-de-sculptures-en-plein-air\/#primaryimage","url":"https:\/\/artistics.com\/wp-content\/uploads\/2023\/10\/hzt-cantique-des-pilotis.jpeg","contentUrl":"https:\/\/artistics.com\/wp-content\/uploads\/2023\/10\/hzt-cantique-des-pilotis.jpeg","width":1598,"height":1200},{"@type":"BreadcrumbList","@id":"https:\/\/artistics.com\/fr\/artzine\/marine-de-soos-conversations-exposition-de-sculptures-en-plein-air\/#breadcrumb","itemListElement":[{"@type":"ListItem","position":1,"name":"Achat \u0153uvre d'art","item":"https:\/\/artistics.com\/fr\/"},{"@type":"ListItem","position":2,"name":"Non classifi\u00e9(e)","item":"https:\/\/artistics.com\/fr\/artzine\/category\/non-classifiee\/"},{"@type":"ListItem","position":3,"name":"Marine de Soos : Conversations &#8211; Exposition de sculptures en plein air"}]},{"@type":"WebSite","@id":"https:\/\/artistics.com\/fr\/#website","url":"https:\/\/artistics.com\/fr\/","name":"Artistics","description":"The online art gallery","publisher":{"@id":"https:\/\/artistics.com\/fr\/#organization"},"potentialAction":[{"@type":"SearchAction","target":{"@type":"EntryPoint","urlTemplate":"https:\/\/artistics.com\/fr\/?s={search_term_string}"},"query-input":{"@type":"PropertyValueSpecification","valueRequired":true,"valueName":"search_term_string"}}],"inLanguage":"fr-FR"},{"@type":"Organization","@id":"https:\/\/artistics.com\/fr\/#organization","name":"Artistics","url":"https:\/\/artistics.com\/fr\/","logo":{"@type":"ImageObject","inLanguage":"fr-FR","@id":"https:\/\/artistics.com\/fr\/#\/schema\/logo\/image\/","url":"https:\/\/artistics.com\/wp-content\/uploads\/2023\/02\/artistics-logo-web-1.svg","contentUrl":"https:\/\/artistics.com\/wp-content\/uploads\/2023\/02\/artistics-logo-web-1.svg","caption":"Artistics"},"image":{"@id":"https:\/\/artistics.com\/fr\/#\/schema\/logo\/image\/"},"sameAs":["https:\/\/www.facebook.com\/ArtisticsMag","https:\/\/x.com\/Artistics_FR","http:\/\/www.linkedin.com\/company\/artistics","https:\/\/www.instagram.com\/artistics_com\/","http:\/\/www.pinterest.com\/ArtisticsMag"],"hasMerchantReturnPolicy":{"@type":"MerchantReturnPolicy","merchantReturnLink":"https:\/\/artistics.com\/free-return-policy\/"}},{"@type":"Person","@id":"https:\/\/artistics.com\/fr\/#\/schema\/person\/1367e63148251e426892320f3452d474","name":"Christophe Salet","image":{"@type":"ImageObject","inLanguage":"fr-FR","@id":"https:\/\/secure.gravatar.com\/avatar\/91f432599f85a6d56c33b915f1b9ebc5efdabae77f9b6e054e22a9c119116cdc?s=96&d=mm&r=g","url":"https:\/\/secure.gravatar.com\/avatar\/91f432599f85a6d56c33b915f1b9ebc5efdabae77f9b6e054e22a9c119116cdc?s=96&d=mm&r=g","contentUrl":"https:\/\/secure.gravatar.com\/avatar\/91f432599f85a6d56c33b915f1b9ebc5efdabae77f9b6e054e22a9c119116cdc?s=96&d=mm&r=g","caption":"Christophe Salet"}}]}},"_links":{"self":[{"href":"https:\/\/artistics.com\/fr\/wp-json\/wp\/v2\/posts\/39606","targetHints":{"allow":["GET"]}}],"collection":[{"href":"https:\/\/artistics.com\/fr\/wp-json\/wp\/v2\/posts"}],"about":[{"href":"https:\/\/artistics.com\/fr\/wp-json\/wp\/v2\/types\/post"}],"author":[{"embeddable":true,"href":"https:\/\/artistics.com\/fr\/wp-json\/wp\/v2\/users\/4"}],"replies":[{"embeddable":true,"href":"https:\/\/artistics.com\/fr\/wp-json\/wp\/v2\/comments?post=39606"}],"version-history":[{"count":5,"href":"https:\/\/artistics.com\/fr\/wp-json\/wp\/v2\/posts\/39606\/revisions"}],"predecessor-version":[{"id":40161,"href":"https:\/\/artistics.com\/fr\/wp-json\/wp\/v2\/posts\/39606\/revisions\/40161"}],"wp:featuredmedia":[{"embeddable":true,"href":"https:\/\/artistics.com\/fr\/wp-json\/wp\/v2\/media\/39605"}],"wp:attachment":[{"href":"https:\/\/artistics.com\/fr\/wp-json\/wp\/v2\/media?parent=39606"}],"wp:term":[{"taxonomy":"category","embeddable":true,"href":"https:\/\/artistics.com\/fr\/wp-json\/wp\/v2\/categories?post=39606"},{"taxonomy":"post_tag","embeddable":true,"href":"https:\/\/artistics.com\/fr\/wp-json\/wp\/v2\/tags?post=39606"}],"curies":[{"name":"wp","href":"https:\/\/api.w.org\/{rel}","templated":true}]}}