{"id":38870,"date":"2023-09-26T10:48:02","date_gmt":"2023-09-26T08:48:02","guid":{"rendered":"https:\/\/artistics.com\/artzine\/sculpture-ondrej-oliva-water-and-fire\/"},"modified":"2023-09-26T11:31:13","modified_gmt":"2023-09-26T09:31:13","slug":"sculpture-ondrej-oliva-leau-et-le-feu","status":"publish","type":"post","link":"https:\/\/artistics.com\/fr\/artzine\/sculpture-ondrej-oliva-leau-et-le-feu\/","title":{"rendered":"Sculpture &#8211; Ond\u0159ej Oliva : l\u2019eau et le feu"},"content":{"rendered":"<h2 class=\"wp-block-heading\" id=\"h-deux-sculptures-d-ondrej-oliva-sont-au-coeur-d-un-projet-intitule-la-foret-des-souvenirs-un-nouvel-espace-du-cimetiere-neredin-d-olomouc-republique-tcheque-qui-accueille-depuis-quelques-semaines-les-ceremonies-de-dernier-adieu-pour-ce-travail-de-commande-destine-a-un-lieu-a-la-fois-public-et-intime-l-artiste-tcheque-a-mis-son-repertoire-de-formes-naturelles-et-organiques-au-service-d-un-langage-symbolique-qui-evoque-le-cycle-de-la-vie\">Deux sculptures d\u2019Ond\u0159ej Oliva sont au c\u0153ur d\u2019un projet intitul\u00e9 \u00ab La For\u00eat des Souvenirs \u00bb, un nouvel espace du cimeti\u00e8re Ne\u0159ed\u00edn d&rsquo;Olomouc (R\u00e9publique tch\u00e8que) qui accueille depuis quelques semaines les c\u00e9r\u00e9monies de dernier adieu. Pour ce travail de commande destin\u00e9 \u00e0 un lieu \u00e0 la fois public et intime, l\u2019artiste tch\u00e8que a mis son r\u00e9pertoire de formes naturelles et organiques au service d\u2019un langage symbolique qui \u00e9voque le cycle de la vie.<\/h2><div style=\"height:30px\" aria-hidden=\"true\" class=\"wp-block-spacer\"><\/div><div class=\"wp-block-image\"><figure class=\"aligncenter size-full\"><img decoding=\"async\" width=\"800\" height=\"533\" src=\"https:\/\/artistics.com\/wp-content\/uploads\/2023\/09\/forest-of-memories-omolouc-cemetary-sculptures-by-ondrej-oliva-2.jpg\" alt=\"\" class=\"wp-image-38862\" srcset=\"https:\/\/artistics.com\/wp-content\/uploads\/2023\/09\/forest-of-memories-omolouc-cemetary-sculptures-by-ondrej-oliva-2.jpg 800w, https:\/\/artistics.com\/wp-content\/uploads\/2023\/09\/forest-of-memories-omolouc-cemetary-sculptures-by-ondrej-oliva-2-300x200.jpg 300w, https:\/\/artistics.com\/wp-content\/uploads\/2023\/09\/forest-of-memories-omolouc-cemetary-sculptures-by-ondrej-oliva-2-768x512.jpg 768w, https:\/\/artistics.com\/wp-content\/uploads\/2023\/09\/forest-of-memories-omolouc-cemetary-sculptures-by-ondrej-oliva-2-550x366.jpg 550w, https:\/\/artistics.com\/wp-content\/uploads\/2023\/09\/forest-of-memories-omolouc-cemetary-sculptures-by-ondrej-oliva-2-180x120.jpg 180w\" sizes=\"(max-width: 800px) 100vw, 800px\" \/><figcaption class=\"wp-element-caption\">Water Element et Fire Element (2023) de Ond\u0159ej Oliva. <br>La For\u00eat des Souvenirs, Cimeti\u00e8re central de Ne\u0159ed\u00edn, Olomouc, R\u00e9publique tch\u00e8que<\/figcaption><\/figure><\/div><div style=\"height:30px\" aria-hidden=\"true\" class=\"wp-block-spacer\"><\/div><p>Ces cr\u00e9ations s\u2019inscrivent \u00e0 la fois dans leur environnement (un espace bois\u00e9) et dans leur \u00ab fonction \u00bb : cr\u00e9er une atmosph\u00e8re de recueillement autour de deux \u00e9l\u00e9ments \u00e9troitement li\u00e9s \u00e0 toute destin\u00e9e humaine, l\u2019eau et le feu.<\/p><p>Nous avons interrog\u00e9 <a href=\"https:\/\/artistics.com\/artist\/ondrej-oliva\/\">Ond\u0159ej Oliva<\/a> sur la gen\u00e8se de ce projet \u00e0 la beaut\u00e9 saisissante.<\/p><p><strong><em>Comment ces deux sculptures ont-elles vu le jour ?<\/em><\/strong><\/p><p>L&rsquo;architecte et le directeur de l&rsquo;administration du cimeti\u00e8re d&rsquo;Olomouc m&rsquo;ont demand\u00e9 de concevoir des \u00e9l\u00e9ments sculpturaux pour le nouveau lieu de c\u00e9r\u00e9monie, la For\u00eat des souvenirs. Pendant deux mois, j&rsquo;ai \u00e9labor\u00e9 plusieurs options pour aborder le sujet. Nous avons ensuite s\u00e9lectionn\u00e9 ensemble les plus appropri\u00e9es parmi plusieurs esquisses et les avons d\u00e9velopp\u00e9es jusqu&rsquo;\u00e0 l&rsquo;obtention de la forme finale.<\/p><p>Apr\u00e8s approbation, j&rsquo;ai commenc\u00e9 \u00e0 r\u00e9aliser les \u00e9l\u00e9ments sculpturaux. J\u2019ai tout d&rsquo;abord cr\u00e9\u00e9 un mod\u00e8le en cire de chaque pi\u00e8ce qui a ensuite \u00e9t\u00e9 moul\u00e9 puis coul\u00e9 en bronze ou en aluminium. Apr\u00e8s cela, il y a eu le travail de ciselage, le traitement des surfaces, et enfin, l&rsquo;installation proprement dite sur le site. Au total, il s&rsquo;est \u00e9coul\u00e9 10 mois entre la conception initiale et l&rsquo;ach\u00e8vement des travaux.<\/p><p><strong><em>Comment avez-vous travaill\u00e9 pour int\u00e9grer ces deux sculptures dans leur environnement ?<\/em><\/strong><\/p><p>On m\u2019a pr\u00e9sent\u00e9 les sp\u00e9cificit\u00e9s du lieu destin\u00e9 \u00e0 accueillir les c\u00e9r\u00e9monies : son emplacement exact, les caract\u00e9ristiques du parc environnant, le nombre d&rsquo;arbres d\u00e9j\u00e0 pouss\u00e9s. Mon objectif \u00e9tait que les sculptures compl\u00e8tent avec sensibilit\u00e9 l&rsquo;espace donn\u00e9 : en utilisant des motifs naturels et en introduisant deux \u00e9l\u00e9ments qui nous accompagnent tout au long de notre vie : <a href=\"https:\/\/artistics.com\/artwork\/water-element\/\">l\u2019eau<\/a> et <a href=\"https:\/\/artistics.com\/artwork\/fire-element\/\">le feu<\/a>. L&rsquo;homme est constitu\u00e9 \u00e0 plus de la moiti\u00e9 d&rsquo;eau et, apr\u00e8s sa mort, il retourne \u00e0 la terre sous forme de cendres. L&rsquo;eau et le feu sont inextricablement li\u00e9s.<\/p><p><strong><em>Que vouliez-vous transmettre avec ces deux sculptures qui int\u00e8grent des \u00e9l\u00e9ments tels que des plantes, des fruits ou des coquillages ?<\/em><\/strong><\/p><p>Je travaille depuis longtemps avec ces \u00e9l\u00e9ments et ces symboles. J&rsquo;aime l&rsquo;imbrication de formes organiques et naturelles qui, conjugu\u00e9es, nous accompagnent dans la narration d\u2019une histoire. Les sculptures ressemblent \u00e0 des fragments de vieux arbres dont les racines sont enfouies dans la terre, tout comme notre destin ou notre foi. On peut interpr\u00e9ter les branches et l&rsquo;\u00e9corce des arbres que recouvrent les feuilles comme un rappel du cycle de la vie, de la mort et de la renaissance qui se r\u00e9p\u00e8te chaque ann\u00e9e dans la nature.<br>Les pommes en bronze symbolisent les fruits de notre travail ou notre descendance. Certaines parties des sculptures sont compos\u00e9es de fragments de coquilles de coquille Saint-Jacques, symbole des p\u00e8lerins dans tous leurs voyages, dans la vie et au-del\u00e0. Enfin, j\u2019ai plac\u00e9 quatre plaques en bronze sur le bord sup\u00e9rieur de chaque sculpture qui indiquent les quatre points cardinaux.<\/p><div style=\"height:30px\" aria-hidden=\"true\" class=\"wp-block-spacer\"><\/div><div class=\"wp-block-image\"><figure class=\"aligncenter size-large\"><img decoding=\"async\" width=\"683\" height=\"1024\" src=\"https:\/\/artistics.com\/wp-content\/uploads\/2023\/09\/forest-of-memories-omolouc-cemetary-sculptures-by-ondrej-oliva-1-683x1024.jpg\" alt=\"\" class=\"wp-image-38864\" srcset=\"https:\/\/artistics.com\/wp-content\/uploads\/2023\/09\/forest-of-memories-omolouc-cemetary-sculptures-by-ondrej-oliva-1-683x1024.jpg 683w, https:\/\/artistics.com\/wp-content\/uploads\/2023\/09\/forest-of-memories-omolouc-cemetary-sculptures-by-ondrej-oliva-1-200x300.jpg 200w, https:\/\/artistics.com\/wp-content\/uploads\/2023\/09\/forest-of-memories-omolouc-cemetary-sculptures-by-ondrej-oliva-1-768x1152.jpg 768w, https:\/\/artistics.com\/wp-content\/uploads\/2023\/09\/forest-of-memories-omolouc-cemetary-sculptures-by-ondrej-oliva-1-550x825.jpg 550w, https:\/\/artistics.com\/wp-content\/uploads\/2023\/09\/forest-of-memories-omolouc-cemetary-sculptures-by-ondrej-oliva-1-300x450.jpg 300w, https:\/\/artistics.com\/wp-content\/uploads\/2023\/09\/forest-of-memories-omolouc-cemetary-sculptures-by-ondrej-oliva-1-120x180.jpg 120w, https:\/\/artistics.com\/wp-content\/uploads\/2023\/09\/forest-of-memories-omolouc-cemetary-sculptures-by-ondrej-oliva-1.jpg 800w\" sizes=\"(max-width: 683px) 100vw, 683px\" \/><figcaption class=\"wp-element-caption\">Water Element et Fire Element (2023) de Ond\u0159ej Oliva.<br>La For\u00eat des Souvenirs, Cimeti\u00e8re central de Ne\u0159ed\u00edn, Olomouc, R\u00e9publique tch\u00e8que<\/figcaption><\/figure><\/div><div style=\"height:30px\" aria-hidden=\"true\" class=\"wp-block-spacer\"><\/div><div class=\"wp-block-image\"><figure class=\"aligncenter size-large\"><img decoding=\"async\" width=\"683\" height=\"1024\" src=\"https:\/\/artistics.com\/wp-content\/uploads\/2023\/09\/forest-of-memories-omolouc-cemetary-sculptures-by-ondrej-oliva-22-683x1024.jpg\" alt=\"\" class=\"wp-image-38866\" srcset=\"https:\/\/artistics.com\/wp-content\/uploads\/2023\/09\/forest-of-memories-omolouc-cemetary-sculptures-by-ondrej-oliva-22-683x1024.jpg 683w, https:\/\/artistics.com\/wp-content\/uploads\/2023\/09\/forest-of-memories-omolouc-cemetary-sculptures-by-ondrej-oliva-22-200x300.jpg 200w, https:\/\/artistics.com\/wp-content\/uploads\/2023\/09\/forest-of-memories-omolouc-cemetary-sculptures-by-ondrej-oliva-22-768x1152.jpg 768w, https:\/\/artistics.com\/wp-content\/uploads\/2023\/09\/forest-of-memories-omolouc-cemetary-sculptures-by-ondrej-oliva-22-550x825.jpg 550w, https:\/\/artistics.com\/wp-content\/uploads\/2023\/09\/forest-of-memories-omolouc-cemetary-sculptures-by-ondrej-oliva-22-300x450.jpg 300w, https:\/\/artistics.com\/wp-content\/uploads\/2023\/09\/forest-of-memories-omolouc-cemetary-sculptures-by-ondrej-oliva-22-120x180.jpg 120w, https:\/\/artistics.com\/wp-content\/uploads\/2023\/09\/forest-of-memories-omolouc-cemetary-sculptures-by-ondrej-oliva-22.jpg 800w\" sizes=\"(max-width: 683px) 100vw, 683px\" \/><figcaption class=\"wp-element-caption\">Water Element et Fire Element (2023) de Ond\u0159ej Oliva.<br>La For\u00eat des Souvenirs, Cimeti\u00e8re central de Ne\u0159ed\u00edn, Olomouc, R\u00e9publique tch\u00e8que<\/figcaption><\/figure><\/div>","protected":false},"excerpt":{"rendered":"<p>Deux sculptures d\u2019Ond\u0159ej Oliva sont au c\u0153ur d\u2019un projet intitul\u00e9 \u00ab La For\u00eat des Souvenirs \u00bb, un nouvel espace du cimeti\u00e8re Ne\u0159ed\u00edn d&rsquo;Olomouc (R\u00e9publique tch\u00e8que) qui accueille depuis quelques semaines les c\u00e9r\u00e9monies de dernier adieu. Pour ce travail de commande destin\u00e9 \u00e0 un lieu \u00e0 la fois public et intime, l\u2019artiste tch\u00e8que a mis son [&hellip;]<\/p>\n","protected":false},"author":4,"featured_media":38863,"comment_status":"closed","ping_status":"open","sticky":false,"template":"","format":"standard","meta":{"_acf_changed":false,"_searchwp_excluded":"","inline_featured_image":false,"footnotes":""},"categories":[1188],"tags":[],"class_list":["post-38870","post","type-post","status-publish","format-standard","has-post-thumbnail","hentry","category-oeuvres-de-commande"],"acf":[],"yoast_head":"<!-- This site is optimized with the Yoast SEO Premium plugin v27.3 (Yoast SEO v27.3) - https:\/\/yoast.com\/product\/yoast-seo-premium-wordpress\/ -->\n<title>Sculpture - Ond\u0159ej Oliva : l\u2019eau et le feu | Artistics<\/title>\n<meta name=\"description\" content=\"Fire element et Water Element, deux sculptures command\u00e9es \u00e0 l&#039;artiste tch\u00e8que Ond\u0159ej Oliva par le cimeti\u00e8re de Neredin \u00e0 Olomouc, symbolisent l&#039;\u00e9ternit\u00e9 et le cycle de la vie.\" \/>\n<meta name=\"robots\" content=\"index, follow, max-snippet:-1, max-image-preview:large, max-video-preview:-1\" \/>\n<link rel=\"canonical\" href=\"https:\/\/artistics.com\/fr\/artzine\/sculpture-ondrej-oliva-leau-et-le-feu\/\" \/>\n<meta property=\"og:locale\" content=\"fr_FR\" \/>\n<meta property=\"og:type\" content=\"article\" \/>\n<meta property=\"og:title\" content=\"Sculpture - Ond\u0159ej Oliva : l\u2019eau et le feu\" \/>\n<meta property=\"og:description\" content=\"Fire element et Water Element, deux sculptures command\u00e9es \u00e0 l&#039;artiste tch\u00e8que Ond\u0159ej Oliva par le cimeti\u00e8re de Neredin \u00e0 Olomouc, symbolisent l&#039;\u00e9ternit\u00e9 et le cycle de la vie.\" \/>\n<meta property=\"og:url\" content=\"https:\/\/artistics.com\/fr\/artzine\/sculpture-ondrej-oliva-leau-et-le-feu\/\" \/>\n<meta property=\"og:site_name\" content=\"Artistics\" \/>\n<meta property=\"article:publisher\" content=\"https:\/\/www.facebook.com\/ArtisticsMag\" \/>\n<meta property=\"article:published_time\" content=\"2023-09-26T08:48:02+00:00\" \/>\n<meta property=\"article:modified_time\" content=\"2023-09-26T09:31:13+00:00\" \/>\n<meta property=\"og:image\" content=\"https:\/\/artistics.com\/wp-content\/uploads\/2023\/09\/forest-of-memories-omolouc-cemetary-sculptures-by-ondrej-oliva-2.jpg\" \/>\n\t<meta property=\"og:image:width\" content=\"800\" \/>\n\t<meta property=\"og:image:height\" content=\"533\" \/>\n\t<meta property=\"og:image:type\" content=\"image\/jpeg\" \/>\n<meta name=\"author\" content=\"Christophe Salet\" \/>\n<meta name=\"twitter:card\" content=\"summary_large_image\" \/>\n<meta name=\"twitter:creator\" content=\"@Artistics_FR\" \/>\n<meta name=\"twitter:site\" content=\"@Artistics_FR\" \/>\n<meta name=\"twitter:label1\" content=\"\u00c9crit par\" \/>\n\t<meta name=\"twitter:data1\" content=\"Christophe Salet\" \/>\n\t<meta name=\"twitter:label2\" content=\"Dur\u00e9e de lecture estim\u00e9e\" \/>\n\t<meta name=\"twitter:data2\" content=\"4 minutes\" \/>\n<script type=\"application\/ld+json\" class=\"yoast-schema-graph\">{\"@context\":\"https:\\\/\\\/schema.org\",\"@graph\":[{\"@type\":[\"Article\",\"BlogPosting\"],\"@id\":\"https:\\\/\\\/artistics.com\\\/fr\\\/artzine\\\/sculpture-ondrej-oliva-leau-et-le-feu\\\/#article\",\"isPartOf\":{\"@id\":\"https:\\\/\\\/artistics.com\\\/fr\\\/artzine\\\/sculpture-ondrej-oliva-leau-et-le-feu\\\/\"},\"author\":{\"name\":\"Christophe Salet\",\"@id\":\"https:\\\/\\\/artistics.com\\\/fr\\\/#\\\/schema\\\/person\\\/1367e63148251e426892320f3452d474\"},\"headline\":\"Sculpture &#8211; Ond\u0159ej Oliva : l\u2019eau et le feu\",\"datePublished\":\"2023-09-26T08:48:02+00:00\",\"dateModified\":\"2023-09-26T09:31:13+00:00\",\"mainEntityOfPage\":{\"@id\":\"https:\\\/\\\/artistics.com\\\/fr\\\/artzine\\\/sculpture-ondrej-oliva-leau-et-le-feu\\\/\"},\"wordCount\":687,\"publisher\":{\"@id\":\"https:\\\/\\\/artistics.com\\\/fr\\\/#organization\"},\"image\":{\"@id\":\"https:\\\/\\\/artistics.com\\\/fr\\\/artzine\\\/sculpture-ondrej-oliva-leau-et-le-feu\\\/#primaryimage\"},\"thumbnailUrl\":\"https:\\\/\\\/artistics.com\\\/wp-content\\\/uploads\\\/2023\\\/09\\\/forest-of-memories-omolouc-cemetary-sculptures-by-ondrej-oliva-2.jpg\",\"articleSection\":[\"\u0152uvres de commande\"],\"inLanguage\":\"fr-FR\"},{\"@type\":\"WebPage\",\"@id\":\"https:\\\/\\\/artistics.com\\\/fr\\\/artzine\\\/sculpture-ondrej-oliva-leau-et-le-feu\\\/\",\"url\":\"https:\\\/\\\/artistics.com\\\/fr\\\/artzine\\\/sculpture-ondrej-oliva-leau-et-le-feu\\\/\",\"name\":\"Sculpture - Ond\u0159ej Oliva : l\u2019eau et le feu | Artistics\",\"isPartOf\":{\"@id\":\"https:\\\/\\\/artistics.com\\\/fr\\\/#website\"},\"primaryImageOfPage\":{\"@id\":\"https:\\\/\\\/artistics.com\\\/fr\\\/artzine\\\/sculpture-ondrej-oliva-leau-et-le-feu\\\/#primaryimage\"},\"image\":{\"@id\":\"https:\\\/\\\/artistics.com\\\/fr\\\/artzine\\\/sculpture-ondrej-oliva-leau-et-le-feu\\\/#primaryimage\"},\"thumbnailUrl\":\"https:\\\/\\\/artistics.com\\\/wp-content\\\/uploads\\\/2023\\\/09\\\/forest-of-memories-omolouc-cemetary-sculptures-by-ondrej-oliva-2.jpg\",\"datePublished\":\"2023-09-26T08:48:02+00:00\",\"dateModified\":\"2023-09-26T09:31:13+00:00\",\"description\":\"Fire element et Water Element, deux sculptures command\u00e9es \u00e0 l'artiste tch\u00e8que Ond\u0159ej Oliva par le cimeti\u00e8re de Neredin \u00e0 Olomouc, symbolisent l'\u00e9ternit\u00e9 et le cycle de la vie.\",\"breadcrumb\":{\"@id\":\"https:\\\/\\\/artistics.com\\\/fr\\\/artzine\\\/sculpture-ondrej-oliva-leau-et-le-feu\\\/#breadcrumb\"},\"inLanguage\":\"fr-FR\",\"potentialAction\":[{\"@type\":\"ReadAction\",\"target\":[\"https:\\\/\\\/artistics.com\\\/fr\\\/artzine\\\/sculpture-ondrej-oliva-leau-et-le-feu\\\/\"]}]},{\"@type\":\"ImageObject\",\"inLanguage\":\"fr-FR\",\"@id\":\"https:\\\/\\\/artistics.com\\\/fr\\\/artzine\\\/sculpture-ondrej-oliva-leau-et-le-feu\\\/#primaryimage\",\"url\":\"https:\\\/\\\/artistics.com\\\/wp-content\\\/uploads\\\/2023\\\/09\\\/forest-of-memories-omolouc-cemetary-sculptures-by-ondrej-oliva-2.jpg\",\"contentUrl\":\"https:\\\/\\\/artistics.com\\\/wp-content\\\/uploads\\\/2023\\\/09\\\/forest-of-memories-omolouc-cemetary-sculptures-by-ondrej-oliva-2.jpg\",\"width\":800,\"height\":533},{\"@type\":\"BreadcrumbList\",\"@id\":\"https:\\\/\\\/artistics.com\\\/fr\\\/artzine\\\/sculpture-ondrej-oliva-leau-et-le-feu\\\/#breadcrumb\",\"itemListElement\":[{\"@type\":\"ListItem\",\"position\":1,\"name\":\"Achat \u0153uvre d'art\",\"item\":\"https:\\\/\\\/artistics.com\\\/fr\\\/\"},{\"@type\":\"ListItem\",\"position\":2,\"name\":\"\u0152uvres de commande\",\"item\":\"https:\\\/\\\/artistics.com\\\/fr\\\/artzine\\\/category\\\/oeuvres-de-commande\\\/\"},{\"@type\":\"ListItem\",\"position\":3,\"name\":\"Sculpture &#8211; Ond\u0159ej Oliva : l\u2019eau et le feu\"}]},{\"@type\":\"WebSite\",\"@id\":\"https:\\\/\\\/artistics.com\\\/fr\\\/#website\",\"url\":\"https:\\\/\\\/artistics.com\\\/fr\\\/\",\"name\":\"Artistics\",\"description\":\"The online art gallery\",\"publisher\":{\"@id\":\"https:\\\/\\\/artistics.com\\\/fr\\\/#organization\"},\"potentialAction\":[{\"@type\":\"SearchAction\",\"target\":{\"@type\":\"EntryPoint\",\"urlTemplate\":\"https:\\\/\\\/artistics.com\\\/fr\\\/?s={search_term_string}\"},\"query-input\":{\"@type\":\"PropertyValueSpecification\",\"valueRequired\":true,\"valueName\":\"search_term_string\"}}],\"inLanguage\":\"fr-FR\"},{\"@type\":\"Organization\",\"@id\":\"https:\\\/\\\/artistics.com\\\/fr\\\/#organization\",\"name\":\"Artistics\",\"url\":\"https:\\\/\\\/artistics.com\\\/fr\\\/\",\"logo\":{\"@type\":\"ImageObject\",\"inLanguage\":\"fr-FR\",\"@id\":\"https:\\\/\\\/artistics.com\\\/fr\\\/#\\\/schema\\\/logo\\\/image\\\/\",\"url\":\"https:\\\/\\\/artistics.com\\\/wp-content\\\/uploads\\\/2023\\\/02\\\/artistics-logo-web-1.svg\",\"contentUrl\":\"https:\\\/\\\/artistics.com\\\/wp-content\\\/uploads\\\/2023\\\/02\\\/artistics-logo-web-1.svg\",\"caption\":\"Artistics\"},\"image\":{\"@id\":\"https:\\\/\\\/artistics.com\\\/fr\\\/#\\\/schema\\\/logo\\\/image\\\/\"},\"sameAs\":[\"https:\\\/\\\/www.facebook.com\\\/ArtisticsMag\",\"https:\\\/\\\/x.com\\\/Artistics_FR\",\"http:\\\/\\\/www.linkedin.com\\\/company\\\/artistics\",\"https:\\\/\\\/www.instagram.com\\\/artistics_com\\\/\",\"http:\\\/\\\/www.pinterest.com\\\/ArtisticsMag\"],\"hasMerchantReturnPolicy\":{\"@type\":\"MerchantReturnPolicy\",\"merchantReturnLink\":\"https:\\\/\\\/artistics.com\\\/free-return-policy\\\/\"}},{\"@type\":\"Person\",\"@id\":\"https:\\\/\\\/artistics.com\\\/fr\\\/#\\\/schema\\\/person\\\/1367e63148251e426892320f3452d474\",\"name\":\"Christophe Salet\",\"image\":{\"@type\":\"ImageObject\",\"inLanguage\":\"fr-FR\",\"@id\":\"https:\\\/\\\/secure.gravatar.com\\\/avatar\\\/91f432599f85a6d56c33b915f1b9ebc5efdabae77f9b6e054e22a9c119116cdc?s=96&d=mm&r=g\",\"url\":\"https:\\\/\\\/secure.gravatar.com\\\/avatar\\\/91f432599f85a6d56c33b915f1b9ebc5efdabae77f9b6e054e22a9c119116cdc?s=96&d=mm&r=g\",\"contentUrl\":\"https:\\\/\\\/secure.gravatar.com\\\/avatar\\\/91f432599f85a6d56c33b915f1b9ebc5efdabae77f9b6e054e22a9c119116cdc?s=96&d=mm&r=g\",\"caption\":\"Christophe Salet\"}}]}<\/script>\n<!-- \/ Yoast SEO Premium plugin. -->","yoast_head_json":{"title":"Sculpture - Ond\u0159ej Oliva : l\u2019eau et le feu | Artistics","description":"Fire element et Water Element, deux sculptures command\u00e9es \u00e0 l'artiste tch\u00e8que Ond\u0159ej Oliva par le cimeti\u00e8re de Neredin \u00e0 Olomouc, symbolisent l'\u00e9ternit\u00e9 et le cycle de la vie.","robots":{"index":"index","follow":"follow","max-snippet":"max-snippet:-1","max-image-preview":"max-image-preview:large","max-video-preview":"max-video-preview:-1"},"canonical":"https:\/\/artistics.com\/fr\/artzine\/sculpture-ondrej-oliva-leau-et-le-feu\/","og_locale":"fr_FR","og_type":"article","og_title":"Sculpture - Ond\u0159ej Oliva : l\u2019eau et le feu","og_description":"Fire element et Water Element, deux sculptures command\u00e9es \u00e0 l'artiste tch\u00e8que Ond\u0159ej Oliva par le cimeti\u00e8re de Neredin \u00e0 Olomouc, symbolisent l'\u00e9ternit\u00e9 et le cycle de la vie.","og_url":"https:\/\/artistics.com\/fr\/artzine\/sculpture-ondrej-oliva-leau-et-le-feu\/","og_site_name":"Artistics","article_publisher":"https:\/\/www.facebook.com\/ArtisticsMag","article_published_time":"2023-09-26T08:48:02+00:00","article_modified_time":"2023-09-26T09:31:13+00:00","og_image":[{"width":800,"height":533,"url":"https:\/\/artistics.com\/wp-content\/uploads\/2023\/09\/forest-of-memories-omolouc-cemetary-sculptures-by-ondrej-oliva-2.jpg","type":"image\/jpeg"}],"author":"Christophe Salet","twitter_card":"summary_large_image","twitter_creator":"@Artistics_FR","twitter_site":"@Artistics_FR","twitter_misc":{"\u00c9crit par":"Christophe Salet","Dur\u00e9e de lecture estim\u00e9e":"4 minutes"},"schema":{"@context":"https:\/\/schema.org","@graph":[{"@type":["Article","BlogPosting"],"@id":"https:\/\/artistics.com\/fr\/artzine\/sculpture-ondrej-oliva-leau-et-le-feu\/#article","isPartOf":{"@id":"https:\/\/artistics.com\/fr\/artzine\/sculpture-ondrej-oliva-leau-et-le-feu\/"},"author":{"name":"Christophe Salet","@id":"https:\/\/artistics.com\/fr\/#\/schema\/person\/1367e63148251e426892320f3452d474"},"headline":"Sculpture &#8211; Ond\u0159ej Oliva : l\u2019eau et le feu","datePublished":"2023-09-26T08:48:02+00:00","dateModified":"2023-09-26T09:31:13+00:00","mainEntityOfPage":{"@id":"https:\/\/artistics.com\/fr\/artzine\/sculpture-ondrej-oliva-leau-et-le-feu\/"},"wordCount":687,"publisher":{"@id":"https:\/\/artistics.com\/fr\/#organization"},"image":{"@id":"https:\/\/artistics.com\/fr\/artzine\/sculpture-ondrej-oliva-leau-et-le-feu\/#primaryimage"},"thumbnailUrl":"https:\/\/artistics.com\/wp-content\/uploads\/2023\/09\/forest-of-memories-omolouc-cemetary-sculptures-by-ondrej-oliva-2.jpg","articleSection":["\u0152uvres de commande"],"inLanguage":"fr-FR"},{"@type":"WebPage","@id":"https:\/\/artistics.com\/fr\/artzine\/sculpture-ondrej-oliva-leau-et-le-feu\/","url":"https:\/\/artistics.com\/fr\/artzine\/sculpture-ondrej-oliva-leau-et-le-feu\/","name":"Sculpture - Ond\u0159ej Oliva : l\u2019eau et le feu | Artistics","isPartOf":{"@id":"https:\/\/artistics.com\/fr\/#website"},"primaryImageOfPage":{"@id":"https:\/\/artistics.com\/fr\/artzine\/sculpture-ondrej-oliva-leau-et-le-feu\/#primaryimage"},"image":{"@id":"https:\/\/artistics.com\/fr\/artzine\/sculpture-ondrej-oliva-leau-et-le-feu\/#primaryimage"},"thumbnailUrl":"https:\/\/artistics.com\/wp-content\/uploads\/2023\/09\/forest-of-memories-omolouc-cemetary-sculptures-by-ondrej-oliva-2.jpg","datePublished":"2023-09-26T08:48:02+00:00","dateModified":"2023-09-26T09:31:13+00:00","description":"Fire element et Water Element, deux sculptures command\u00e9es \u00e0 l'artiste tch\u00e8que Ond\u0159ej Oliva par le cimeti\u00e8re de Neredin \u00e0 Olomouc, symbolisent l'\u00e9ternit\u00e9 et le cycle de la vie.","breadcrumb":{"@id":"https:\/\/artistics.com\/fr\/artzine\/sculpture-ondrej-oliva-leau-et-le-feu\/#breadcrumb"},"inLanguage":"fr-FR","potentialAction":[{"@type":"ReadAction","target":["https:\/\/artistics.com\/fr\/artzine\/sculpture-ondrej-oliva-leau-et-le-feu\/"]}]},{"@type":"ImageObject","inLanguage":"fr-FR","@id":"https:\/\/artistics.com\/fr\/artzine\/sculpture-ondrej-oliva-leau-et-le-feu\/#primaryimage","url":"https:\/\/artistics.com\/wp-content\/uploads\/2023\/09\/forest-of-memories-omolouc-cemetary-sculptures-by-ondrej-oliva-2.jpg","contentUrl":"https:\/\/artistics.com\/wp-content\/uploads\/2023\/09\/forest-of-memories-omolouc-cemetary-sculptures-by-ondrej-oliva-2.jpg","width":800,"height":533},{"@type":"BreadcrumbList","@id":"https:\/\/artistics.com\/fr\/artzine\/sculpture-ondrej-oliva-leau-et-le-feu\/#breadcrumb","itemListElement":[{"@type":"ListItem","position":1,"name":"Achat \u0153uvre d'art","item":"https:\/\/artistics.com\/fr\/"},{"@type":"ListItem","position":2,"name":"\u0152uvres de commande","item":"https:\/\/artistics.com\/fr\/artzine\/category\/oeuvres-de-commande\/"},{"@type":"ListItem","position":3,"name":"Sculpture &#8211; Ond\u0159ej Oliva : l\u2019eau et le feu"}]},{"@type":"WebSite","@id":"https:\/\/artistics.com\/fr\/#website","url":"https:\/\/artistics.com\/fr\/","name":"Artistics","description":"The online art gallery","publisher":{"@id":"https:\/\/artistics.com\/fr\/#organization"},"potentialAction":[{"@type":"SearchAction","target":{"@type":"EntryPoint","urlTemplate":"https:\/\/artistics.com\/fr\/?s={search_term_string}"},"query-input":{"@type":"PropertyValueSpecification","valueRequired":true,"valueName":"search_term_string"}}],"inLanguage":"fr-FR"},{"@type":"Organization","@id":"https:\/\/artistics.com\/fr\/#organization","name":"Artistics","url":"https:\/\/artistics.com\/fr\/","logo":{"@type":"ImageObject","inLanguage":"fr-FR","@id":"https:\/\/artistics.com\/fr\/#\/schema\/logo\/image\/","url":"https:\/\/artistics.com\/wp-content\/uploads\/2023\/02\/artistics-logo-web-1.svg","contentUrl":"https:\/\/artistics.com\/wp-content\/uploads\/2023\/02\/artistics-logo-web-1.svg","caption":"Artistics"},"image":{"@id":"https:\/\/artistics.com\/fr\/#\/schema\/logo\/image\/"},"sameAs":["https:\/\/www.facebook.com\/ArtisticsMag","https:\/\/x.com\/Artistics_FR","http:\/\/www.linkedin.com\/company\/artistics","https:\/\/www.instagram.com\/artistics_com\/","http:\/\/www.pinterest.com\/ArtisticsMag"],"hasMerchantReturnPolicy":{"@type":"MerchantReturnPolicy","merchantReturnLink":"https:\/\/artistics.com\/free-return-policy\/"}},{"@type":"Person","@id":"https:\/\/artistics.com\/fr\/#\/schema\/person\/1367e63148251e426892320f3452d474","name":"Christophe Salet","image":{"@type":"ImageObject","inLanguage":"fr-FR","@id":"https:\/\/secure.gravatar.com\/avatar\/91f432599f85a6d56c33b915f1b9ebc5efdabae77f9b6e054e22a9c119116cdc?s=96&d=mm&r=g","url":"https:\/\/secure.gravatar.com\/avatar\/91f432599f85a6d56c33b915f1b9ebc5efdabae77f9b6e054e22a9c119116cdc?s=96&d=mm&r=g","contentUrl":"https:\/\/secure.gravatar.com\/avatar\/91f432599f85a6d56c33b915f1b9ebc5efdabae77f9b6e054e22a9c119116cdc?s=96&d=mm&r=g","caption":"Christophe Salet"}}]}},"_links":{"self":[{"href":"https:\/\/artistics.com\/fr\/wp-json\/wp\/v2\/posts\/38870","targetHints":{"allow":["GET"]}}],"collection":[{"href":"https:\/\/artistics.com\/fr\/wp-json\/wp\/v2\/posts"}],"about":[{"href":"https:\/\/artistics.com\/fr\/wp-json\/wp\/v2\/types\/post"}],"author":[{"embeddable":true,"href":"https:\/\/artistics.com\/fr\/wp-json\/wp\/v2\/users\/4"}],"replies":[{"embeddable":true,"href":"https:\/\/artistics.com\/fr\/wp-json\/wp\/v2\/comments?post=38870"}],"version-history":[{"count":4,"href":"https:\/\/artistics.com\/fr\/wp-json\/wp\/v2\/posts\/38870\/revisions"}],"predecessor-version":[{"id":38875,"href":"https:\/\/artistics.com\/fr\/wp-json\/wp\/v2\/posts\/38870\/revisions\/38875"}],"wp:featuredmedia":[{"embeddable":true,"href":"https:\/\/artistics.com\/fr\/wp-json\/wp\/v2\/media\/38863"}],"wp:attachment":[{"href":"https:\/\/artistics.com\/fr\/wp-json\/wp\/v2\/media?parent=38870"}],"wp:term":[{"taxonomy":"category","embeddable":true,"href":"https:\/\/artistics.com\/fr\/wp-json\/wp\/v2\/categories?post=38870"},{"taxonomy":"post_tag","embeddable":true,"href":"https:\/\/artistics.com\/fr\/wp-json\/wp\/v2\/tags?post=38870"}],"curies":[{"name":"wp","href":"https:\/\/api.w.org\/{rel}","templated":true}]}}