{"id":37549,"date":"2023-08-24T10:44:23","date_gmt":"2023-08-24T08:44:23","guid":{"rendered":"https:\/\/artistics.com\/?p=37549"},"modified":"2023-08-24T11:28:36","modified_gmt":"2023-08-24T09:28:36","slug":"sculpture-white-carrara-2023-sezione-aurea-de-mattia-bosco","status":"publish","type":"post","link":"https:\/\/artistics.com\/fr\/artzine\/sculpture-white-carrara-2023-sezione-aurea-de-mattia-bosco\/","title":{"rendered":"Sculpture : White Carrara 2023 &#8211; \u00ab\u00a0Sezione Aurea\u00a0\u00bb de Mattia Bosco"},"content":{"rendered":"<h2 class=\"wp-block-heading\" id=\"h-a-l-invitation-de-white-carrara-2023-l-artiste-italien-mattia-bosco-presente-jusqu-au-1er-octobre-prochain-une-installation-monumentale-dans-le-centre-historique-de-la-capitale-mondiale-du-marbre-intitulee-sezione-aurea-sections-dorees-cette-installation-temoigne-de-la-relation-singuliere-que-l-artiste-entretient-avec-son-materiau-de-predilection-autant-qu-avec-sa-pratique-de-sculpteur-qu-il-definit-comme-un-face-a-face-entre-deux-morceaux-de-monde-qui-collaborent-dans-un-jeu-de-forces\">A l\u2019invitation de White Carrara 2023, l\u2019artiste italien Mattia Bosco pr\u00e9sente jusqu\u2019au 1er octobre prochain une installation monumentale dans le centre historique de la capitale mondiale du marbre. Intitul\u00e9e \u00ab\u00a0Sezione Aurea\u00a0\u00bb (Sections dor\u00e9es), cette installation t\u00e9moigne de la relation singuli\u00e8re que l\u2019artiste entretient avec son mat\u00e9riau de pr\u00e9dilection autant qu\u2019avec sa pratique de sculpteur, qu\u2019il d\u00e9finit comme \u00ab\u00a0un face-\u00e0-face entre deux morceaux de monde qui collaborent dans un jeu de forces\u00a0\u00bb.<\/h2><div style=\"height:30px\" aria-hidden=\"true\" class=\"wp-block-spacer\"><\/div><figure class=\"wp-block-image size-full\"><img decoding=\"async\" width=\"1024\" height=\"682\" src=\"https:\/\/artistics.com\/wp-content\/uploads\/2023\/08\/carrara-1.jpg\" alt=\"\" class=\"wp-image-37526\" srcset=\"https:\/\/artistics.com\/wp-content\/uploads\/2023\/08\/carrara-1.jpg 1024w, https:\/\/artistics.com\/wp-content\/uploads\/2023\/08\/carrara-1-300x200.jpg 300w, https:\/\/artistics.com\/wp-content\/uploads\/2023\/08\/carrara-1-768x512.jpg 768w, https:\/\/artistics.com\/wp-content\/uploads\/2023\/08\/carrara-1-550x366.jpg 550w, https:\/\/artistics.com\/wp-content\/uploads\/2023\/08\/carrara-1-180x120.jpg 180w\" sizes=\"(max-width: 1024px) 100vw, 1024px\" \/><figcaption class=\"wp-element-caption\">Sezione Aurea (2023) de Mattia Bosco. White Carrara 23, Piazza Duomo. Cr\u00e9dit photo : Giuseppe d\u2019Aleo.<\/figcaption><\/figure><div style=\"height:30px\" aria-hidden=\"true\" class=\"wp-block-spacer\"><\/div><p>C\u2019est ici que Michel-Ange trouvait le mat\u00e9riau de ses sculptures : la ville de Carrare est depuis longtemps associ\u00e9e \u00e0 la transformation du marbre des Alpes apuanes voisines. Pendant plus de trois mois (du 17 juin jusqu\u2019au 1er octobre), le festival White Carrara c\u00e9l\u00e8bre cette histoire tout en soulignant combien la ville demeure un foyer de cr\u00e9ativit\u00e9 en constante \u00e9volution.<\/p><p>Intitul\u00e9e STILL LIV(F)E &#8211; Les formes de la sculpture, l\u2019\u00e9dition 2023 confronte le travail de sculpteurs, dont les \u0153uvres monumentales investissent le c\u0153ur historique de la cit\u00e9 toscane, au regard de photographes (exposition \u2018Visioni Plastiche\u2019 \u00e0 l\u2019ancien h\u00f4pital S. Giacomo) et de documentaristes.<\/p><p>Les huit artistes s\u00e9lectionn\u00e9s par Claudio Composti, le directeur artistique de la manifestation, d\u00e9montrent \u00e0 travers leurs \u0153uvres la nature polymorphe du langage de la sculpture. Parmi eux figure <a href=\"https:\/\/artistics.com\/artist\/mattia-bosco\/\">Mattia Bosco<\/a>, repr\u00e9sent\u00e9 par Artistics. \u00ab\u00a0Sezione Aurea\u00a0\u00bb (Sections d&rsquo;or), le nom de son installation, est \u00e0 d\u00e9couvrir sur la Place du D\u00f4me. Cr\u00e9\u00e9e sp\u00e9cifiquement pour la manifestation, elle se compose de trois sculptures monumentales en marbre de Carrare, dont les parties sculpt\u00e9es sont recouvertes de feuilles d\u2019or 23,8 carats.<\/p><blockquote class=\"wp-block-quote is-layout-flow wp-block-quote-is-layout-flow\"><p><\/p><cite>\u00ab\u00a0Il \u00e9tait important pour moi de choisir un endroit o\u00f9 les sculptures que j\u2019avais en t\u00eate pourraient trouver les meilleures conditions pour s\u2019exprimer. Je me souvenais de la Cath\u00e9drale de Carrare, avec sa position inhabituelle, retir\u00e9e, sa fa\u00e7ade presque cach\u00e9e par les maisons. Son long flanc enti\u00e8rement en marbre, sans fen\u00eatres, avec seulement un petit acc\u00e8s lat\u00e9ral, \u00e9tait le fond parfait pour voir les sculptures sans interf\u00e9rences. La forme triangulaire de cet espace, qui n&rsquo;est pas vraiment une place, m\u2019a donn\u00e9 l\u2019id\u00e9e de d\u00e9couper un espace suppl\u00e9mentaire d\u00e9limit\u00e9 par trois sculptures, qui seraient \u00e0 la fois en dialogue entre elles et en r\u00e9sonance avec la forme du lieu qui les accueillerait. Ces trois sculptures sont n\u00e9es ensemble ; je les ai sculpt\u00e9es en les positionnant l\u2019une par rapport \u00e0 l\u2019autre dans l\u2019atelier de Barattini, qui m\u2019a offert son merveilleux marbre des carri\u00e8res de Michel-Ange. J\u2019ai abord\u00e9 ces trois sculptures presque simultan\u00e9ment, de mani\u00e8re \u00e0 ce qu\u2019elles se r\u00e9pondent vraiment, comme dans un dialogue o\u00f9 une question pos\u00e9e par un interlocuteur re\u00e7oit une r\u00e9ponse des deux autres. Elles sont n\u00e9es en se correspondant mutuellement \u00e0 partir de leurs diff\u00e9rences propres, et leur individualit\u00e9 est le fruit de cette naissance commune, m\u00eame si elles pourront \u00e0 l&rsquo;avenir emprunter des chemins diff\u00e9rents, comme des fr\u00e8res ou des s\u0153urs.<\/cite><\/blockquote><div style=\"height:30px\" aria-hidden=\"true\" class=\"wp-block-spacer\"><\/div><div id=\"bs-carousel-block_d4e2eec7d33c41919730fa32ceffa7b0\" class=\"carousel carousel-dark slide my-4\" data-bsxxx-ride=\"carousel\">\n\t<div class=\"carousel-inner position-relative\">\n\t\t\t\t\t\t<div class=\"carousel-item text-center active\" data-bs-interval=\"5000\">\n\t\t\t\t\t<img decoding=\"async\" width=\"1024\" height=\"682\" src=\"https:\/\/artistics.com\/wp-content\/uploads\/2023\/08\/carrara-2.jpg\" class=\"attachment-large size-large\" alt=\"\" srcset=\"https:\/\/artistics.com\/wp-content\/uploads\/2023\/08\/carrara-2.jpg 1024w, https:\/\/artistics.com\/wp-content\/uploads\/2023\/08\/carrara-2-300x200.jpg 300w, https:\/\/artistics.com\/wp-content\/uploads\/2023\/08\/carrara-2-768x512.jpg 768w, https:\/\/artistics.com\/wp-content\/uploads\/2023\/08\/carrara-2-550x366.jpg 550w\" sizes=\"(max-width: 1024px) 100vw, 1024px\" \/>                    <div class=\"d-flex align-items-top justify-content-lg-between my-3\">\n                        <div class=\"\">\n                            <div class=\"position-relative text-start small text-ternary\">\n\t\t                        <p>Sezione Aurea (2023) de Mattia Bosco at White Carrara 23. Cr\u00e9dit photo : Giuseppe d\u2019Aleo.<\/p>\n                            <\/div>\n                        <\/div>\n                        <div class=\"flex-shrink-0 text-end ms-3 opacity-0 zi-n1\">\n                            <button class=\"artcs-nav-btn icon-chevron-left\" type=\"button\">\n                                <span class=\"visually-hidden\">Pr\u00e9c\u00e9dent<\/span>\n                            <\/button>\n                            <button class=\"artcs-nav-btn icon-chevron-right\" type=\"button\">\n                                <span class=\"visually-hidden\">Suivant<\/span>\n                            <\/button>\n                        <\/div>\n                    <\/div>\n\t\t\t\t<\/div>\n\t\t\t\t\t\t\t<div class=\"carousel-item text-center \" data-bs-interval=\"5000\">\n\t\t\t\t\t<img decoding=\"async\" width=\"1024\" height=\"683\" src=\"https:\/\/artistics.com\/wp-content\/uploads\/2023\/08\/carrara-3.jpg\" class=\"attachment-large size-large\" alt=\"\" srcset=\"https:\/\/artistics.com\/wp-content\/uploads\/2023\/08\/carrara-3.jpg 1024w, https:\/\/artistics.com\/wp-content\/uploads\/2023\/08\/carrara-3-300x200.jpg 300w, https:\/\/artistics.com\/wp-content\/uploads\/2023\/08\/carrara-3-768x512.jpg 768w, https:\/\/artistics.com\/wp-content\/uploads\/2023\/08\/carrara-3-550x367.jpg 550w\" sizes=\"(max-width: 1024px) 100vw, 1024px\" \/>                    <div class=\"d-flex align-items-top justify-content-lg-between my-3\">\n                        <div class=\"\">\n                            <div class=\"position-relative text-start small text-ternary\">\n\t\t                        <p>Sezione Aurea (2023) de Mattia Bosco at White Carrara 23. Cr\u00e9dit photo : Giuseppe d\u2019Aleo.<\/p>\n                            <\/div>\n                        <\/div>\n                        <div class=\"flex-shrink-0 text-end ms-3 opacity-0 zi-n1\">\n                            <button class=\"artcs-nav-btn icon-chevron-left\" type=\"button\">\n                                <span class=\"visually-hidden\">Pr\u00e9c\u00e9dent<\/span>\n                            <\/button>\n                            <button class=\"artcs-nav-btn icon-chevron-right\" type=\"button\">\n                                <span class=\"visually-hidden\">Suivant<\/span>\n                            <\/button>\n                        <\/div>\n                    <\/div>\n\t\t\t\t<\/div>\n\t\t\t\t\t\t\t<div class=\"carousel-item text-center \" data-bs-interval=\"5000\">\n\t\t\t\t\t<img decoding=\"async\" width=\"1024\" height=\"683\" src=\"https:\/\/artistics.com\/wp-content\/uploads\/2023\/08\/carrara-4.jpg\" class=\"attachment-large size-large\" alt=\"\" srcset=\"https:\/\/artistics.com\/wp-content\/uploads\/2023\/08\/carrara-4.jpg 1024w, https:\/\/artistics.com\/wp-content\/uploads\/2023\/08\/carrara-4-300x200.jpg 300w, https:\/\/artistics.com\/wp-content\/uploads\/2023\/08\/carrara-4-768x512.jpg 768w, https:\/\/artistics.com\/wp-content\/uploads\/2023\/08\/carrara-4-550x367.jpg 550w\" sizes=\"(max-width: 1024px) 100vw, 1024px\" \/>                    <div class=\"d-flex align-items-top justify-content-lg-between my-3\">\n                        <div class=\"\">\n                            <div class=\"position-relative text-start small text-ternary\">\n\t\t                        <p>Sezione Aurea (2023) de Mattia Bosco at White Carrara 23. Cr\u00e9dit photo : Giuseppe d\u2019Aleo.<\/p>\n                            <\/div>\n                        <\/div>\n                        <div class=\"flex-shrink-0 text-end ms-3 opacity-0 zi-n1\">\n                            <button class=\"artcs-nav-btn icon-chevron-left\" type=\"button\">\n                                <span class=\"visually-hidden\">Pr\u00e9c\u00e9dent<\/span>\n                            <\/button>\n                            <button class=\"artcs-nav-btn icon-chevron-right\" type=\"button\">\n                                <span class=\"visually-hidden\">Suivant<\/span>\n                            <\/button>\n                        <\/div>\n                    <\/div>\n\t\t\t\t<\/div>\n\t\t\t\t\t\t\t<div class=\"carousel-item text-center \" data-bs-interval=\"5000\">\n\t\t\t\t\t<img decoding=\"async\" width=\"1024\" height=\"683\" src=\"https:\/\/artistics.com\/wp-content\/uploads\/2023\/08\/carrara-5.jpg\" class=\"attachment-large size-large\" alt=\"\" srcset=\"https:\/\/artistics.com\/wp-content\/uploads\/2023\/08\/carrara-5.jpg 1024w, https:\/\/artistics.com\/wp-content\/uploads\/2023\/08\/carrara-5-300x200.jpg 300w, https:\/\/artistics.com\/wp-content\/uploads\/2023\/08\/carrara-5-768x512.jpg 768w, https:\/\/artistics.com\/wp-content\/uploads\/2023\/08\/carrara-5-550x367.jpg 550w\" sizes=\"(max-width: 1024px) 100vw, 1024px\" \/>                    <div class=\"d-flex align-items-top justify-content-lg-between my-3\">\n                        <div class=\"\">\n                            <div class=\"position-relative text-start small text-ternary\">\n\t\t                        <p>Sezione Aurea (2023) de Mattia Bosco at White Carrara 23. Cr\u00e9dit photo : Giuseppe d\u2019Aleo.<\/p>\n                            <\/div>\n                        <\/div>\n                        <div class=\"flex-shrink-0 text-end ms-3 opacity-0 zi-n1\">\n                            <button class=\"artcs-nav-btn icon-chevron-left\" type=\"button\">\n                                <span class=\"visually-hidden\">Pr\u00e9c\u00e9dent<\/span>\n                            <\/button>\n                            <button class=\"artcs-nav-btn icon-chevron-right\" type=\"button\">\n                                <span class=\"visually-hidden\">Suivant<\/span>\n                            <\/button>\n                        <\/div>\n                    <\/div>\n\t\t\t\t<\/div>\n\t\t\t\t\t\t\t<div class=\"carousel-item text-center \" data-bs-interval=\"5000\">\n\t\t\t\t\t<img decoding=\"async\" width=\"1024\" height=\"683\" src=\"https:\/\/artistics.com\/wp-content\/uploads\/2023\/08\/carrara-6.jpg\" class=\"attachment-large size-large\" alt=\"\" srcset=\"https:\/\/artistics.com\/wp-content\/uploads\/2023\/08\/carrara-6.jpg 1024w, https:\/\/artistics.com\/wp-content\/uploads\/2023\/08\/carrara-6-300x200.jpg 300w, https:\/\/artistics.com\/wp-content\/uploads\/2023\/08\/carrara-6-768x512.jpg 768w, https:\/\/artistics.com\/wp-content\/uploads\/2023\/08\/carrara-6-550x367.jpg 550w\" sizes=\"(max-width: 1024px) 100vw, 1024px\" \/>                    <div class=\"d-flex align-items-top justify-content-lg-between my-3\">\n                        <div class=\"\">\n                            <div class=\"position-relative text-start small text-ternary\">\n\t\t                        <p>Sezione Aurea (2023) de Mattia Bosco at White Carrara 23. Cr\u00e9dit photo : Giuseppe d\u2019Aleo.<\/p>\n                            <\/div>\n                        <\/div>\n                        <div class=\"flex-shrink-0 text-end ms-3 opacity-0 zi-n1\">\n                            <button class=\"artcs-nav-btn icon-chevron-left\" type=\"button\">\n                                <span class=\"visually-hidden\">Pr\u00e9c\u00e9dent<\/span>\n                            <\/button>\n                            <button class=\"artcs-nav-btn icon-chevron-right\" type=\"button\">\n                                <span class=\"visually-hidden\">Suivant<\/span>\n                            <\/button>\n                        <\/div>\n                    <\/div>\n\t\t\t\t<\/div>\n\t\t\t\t\t\t\t<div class=\"carousel-item text-center \" data-bs-interval=\"5000\">\n\t\t\t\t\t<img decoding=\"async\" width=\"1024\" height=\"683\" src=\"https:\/\/artistics.com\/wp-content\/uploads\/2023\/08\/carrara-7.jpg\" class=\"attachment-large size-large\" alt=\"\" srcset=\"https:\/\/artistics.com\/wp-content\/uploads\/2023\/08\/carrara-7.jpg 1024w, https:\/\/artistics.com\/wp-content\/uploads\/2023\/08\/carrara-7-300x200.jpg 300w, https:\/\/artistics.com\/wp-content\/uploads\/2023\/08\/carrara-7-768x512.jpg 768w, https:\/\/artistics.com\/wp-content\/uploads\/2023\/08\/carrara-7-550x367.jpg 550w\" sizes=\"(max-width: 1024px) 100vw, 1024px\" \/>                    <div class=\"d-flex align-items-top justify-content-lg-between my-3\">\n                        <div class=\"\">\n                            <div class=\"position-relative text-start small text-ternary\">\n\t\t                        <p>Sezione Aurea (2023) de Mattia Bosco at White Carrara 23. Cr\u00e9dit photo : Giuseppe d\u2019Aleo.<\/p>\n                            <\/div>\n                        <\/div>\n                        <div class=\"flex-shrink-0 text-end ms-3 opacity-0 zi-n1\">\n                            <button class=\"artcs-nav-btn icon-chevron-left\" type=\"button\">\n                                <span class=\"visually-hidden\">Pr\u00e9c\u00e9dent<\/span>\n                            <\/button>\n                            <button class=\"artcs-nav-btn icon-chevron-right\" type=\"button\">\n                                <span class=\"visually-hidden\">Suivant<\/span>\n                            <\/button>\n                        <\/div>\n                    <\/div>\n\t\t\t\t<\/div>\n\t\t\t            <div class=\"position-absolute bottom-0 end-0 mb-3 zi-1070 d-flex justify-content-end\">\n                <button class=\"artcs-nav-btn icon-chevron-left\" type=\"button\" data-bs-target=\"#bs-carousel-block_d4e2eec7d33c41919730fa32ceffa7b0\" data-bs-slide=\"prev\">\n                    <span class=\"visually-hidden\">Pr\u00e9c\u00e9dent<\/span>\n                <\/button>\n                <button class=\"artcs-nav-btn icon-chevron-right\" type=\"button\" data-bs-target=\"#bs-carousel-block_d4e2eec7d33c41919730fa32ceffa7b0\" data-bs-slide=\"next\">\n                    <span class=\"visually-hidden\">Suivant<\/span>\n                <\/button>\n            <\/div>\n\t\t\t<\/div>\n<\/div><div style=\"height:30px\" aria-hidden=\"true\" class=\"wp-block-spacer\"><\/div><p>De fait, l\u2019installation de <a href=\"https:\/\/artistics.com\/artist\/mattia-bosco\/\">Mattia Bosco<\/a> habite l\u2019espace comme si elle avait toujours \u00e9t\u00e9 l\u00e0. On peut m\u00eame s\u2019amuser \u00e0 noter des r\u00e9sonances de forme entre les sculptures et l\u2019architecture qui lui sert d\u2019\u00e9crin, sans pour autant que cela correspondante \u00e0 une d\u00e9marche consciente de l\u2019artiste :<\/p><blockquote class=\"wp-block-quote is-layout-flow wp-block-quote-is-layout-flow\"><p><\/p><cite>\u00ab\u00a0Je pense que la r\u00e9sonance est plus spirituelle que symbolique. Mes sculptures ne repr\u00e9sentent rien d\u2019autre qu\u2019elles-m\u00eames, elles ne sont pas une moiti\u00e9 qui fait allusion \u00e0 un tout, comme le symbole. Je crois que la r\u00e9sonance r\u00e9side dans la spiritualit\u00e9 de la mati\u00e8re, qui se trouve autant dans la cath\u00e9drale que dans mes sculptures.\u00a0\u00bb<\/cite><\/blockquote><p>\u00ab\u00a0Sezione Aurea\u00a0\u00bb s\u2019inscrit pleinement dans la d\u00e9marche l\u2019artiste qui cherche dans son travail \u00e0 \u00e9tablir un dialogue avec le mat\u00e9riau, gr\u00e2ce auquel la sculpture devient un acte de collaboration dans lequel ce dernier se r\u00e9v\u00e8le. L\u2019intervention du sculpteur ne consiste pas \u00e0 inventer une forme, mais \u00e0 lib\u00e9rer celle qui affleure dans la mati\u00e8re, o\u00f9 le processus formel est d\u00e9j\u00e0 en cours.<\/p><blockquote class=\"wp-block-quote is-layout-flow wp-block-quote-is-layout-flow\"><p><\/p><cite>\u00ab\u00a0Pour moi, le marbre n&rsquo;est pas un substrat mat\u00e9riel d\u00e9pourvu de forme, mais plut\u00f4t quelque chose qui se pr\u00e9sente toujours imm\u00e9diatement avec une individualit\u00e9. Je ne rencontre jamais \u00ab\u00a0le marbre\u00a0\u00bb en tant que tel, mais un morceau pr\u00e9cis de marbre, celui-ci et pas un autre, et c&rsquo;est pour cette raison que je peux choisir un morceau et en rejeter d&rsquo;autres. (\u2026) Une id\u00e9e que l\u2019on peut ins\u00e9rer dans n\u2019importe quel morceau de marbre est une id\u00e9e qui ne n\u00e9gocie rien avec la mati\u00e8re, qui ne s\u2019incarne pas r\u00e9ellement. Une sculpture qui privil\u00e9gie l&rsquo;id\u00e9e au d\u00e9triment de la mati\u00e8re, quelle sorte de sculpture est-elle ? Quel lien entretient-elle avec son autre composante indispensable, la mati\u00e8re, sinon une relation utilitariste, fonctionnelle ? Une sculpture ainsi comprise pourrait \u00eatre faite par un artisan exp\u00e9riment\u00e9 ou un robot, car l\u2019id\u00e9e, ou le projet, n\u2019a qu&rsquo;\u00e0 \u00eatre ex\u00e9cut\u00e9 et n\u2019a rien \u00e0 apprendre de la mati\u00e8re et du processus d&rsquo;incarnation, mais seulement \u00e0 donner. La mati\u00e8re vue de cette fa\u00e7on elle est un plein vid\u00e9 de toute qualit\u00e9. Et parall\u00e8lement, l\u2019id\u00e9e de forme est priv\u00e9e de toute tension, de tout risque de ne pas r\u00e9ussir \u00e0 s&rsquo;imposer dans la mati\u00e8re. Priv\u00e9e de la possibilit\u00e9 d&rsquo;\u00e9chouer, elle est \u00e9galement priv\u00e9e de la possibilit\u00e9 de r\u00e9ussir, elle est pure ex\u00e9cution m\u00e9canique. Pour moi, la sculpture est un face-\u00e0-face entre deux morceaux de monde qui collaborent dans un jeu de forces. Et une sculpture r\u00e9ussie est le lieu o\u00f9 ces tensions, ce d\u00e9sir et cette vocation de la mati\u00e8re vers la forme, se rejoignent.\u00a0\u00bb<\/cite><\/blockquote><div style=\"height:30px\" aria-hidden=\"true\" class=\"wp-block-spacer\"><\/div><p><strong>WHITE CARRARA 023<br>Still Liv(f)e<\/strong><br>whitecarrara.it<\/p><div style=\"height:30px\" aria-hidden=\"true\" class=\"wp-block-spacer\"><\/div><figure class=\"wp-block-image size-large\"><img decoding=\"async\" width=\"1024\" height=\"682\" src=\"https:\/\/artistics.com\/wp-content\/uploads\/2023\/08\/white-carrara-17-1024x682.jpg\" alt=\"\" class=\"wp-image-37545\" srcset=\"https:\/\/artistics.com\/wp-content\/uploads\/2023\/08\/white-carrara-17-1024x682.jpg 1024w, https:\/\/artistics.com\/wp-content\/uploads\/2023\/08\/white-carrara-17-300x200.jpg 300w, https:\/\/artistics.com\/wp-content\/uploads\/2023\/08\/white-carrara-17-768x512.jpg 768w, https:\/\/artistics.com\/wp-content\/uploads\/2023\/08\/white-carrara-17-1536x1023.jpg 1536w, https:\/\/artistics.com\/wp-content\/uploads\/2023\/08\/white-carrara-17-550x366.jpg 550w, https:\/\/artistics.com\/wp-content\/uploads\/2023\/08\/white-carrara-17-180x120.jpg 180w, https:\/\/artistics.com\/wp-content\/uploads\/2023\/08\/white-carrara-17.jpg 1600w\" sizes=\"(max-width: 1024px) 100vw, 1024px\" \/><figcaption class=\"wp-element-caption\">Mattia Bosco. Photo credit: Giuseppe d\u2019Aleo.<\/figcaption><\/figure>","protected":false},"excerpt":{"rendered":"<p>A l\u2019invitation de White Carrara 2023, l\u2019artiste italien Mattia Bosco pr\u00e9sente jusqu\u2019au 1er octobre prochain une installation monumentale dans le centre historique de la capitale mondiale du marbre. Intitul\u00e9e \u00ab\u00a0Sezione Aurea\u00a0\u00bb (Sections dor\u00e9es), cette installation t\u00e9moigne de la relation singuli\u00e8re que l\u2019artiste entretient avec son mat\u00e9riau de pr\u00e9dilection autant qu\u2019avec sa pratique de sculpteur, qu\u2019il [&hellip;]<\/p>\n","protected":false},"author":4,"featured_media":37527,"comment_status":"closed","ping_status":"open","sticky":false,"template":"","format":"standard","meta":{"_acf_changed":false,"_searchwp_excluded":"","inline_featured_image":false,"footnotes":""},"categories":[1184,16],"tags":[],"class_list":["post-37549","post","type-post","status-publish","format-standard","has-post-thumbnail","hentry","category-actualites-de-nos-artistes","category-non-classifiee"],"acf":[],"yoast_head":"<!-- This site is optimized with the Yoast SEO Premium plugin v27.3 (Yoast SEO v27.3) - https:\/\/yoast.com\/product\/yoast-seo-premium-wordpress\/ -->\n<title>Sculpture : White Carrara 2023 - &quot;Sezione Aurea&quot; de Mattia Bosco | Artistics<\/title>\n<meta name=\"description\" content=\"Dans le cadre de White Carrara 2023, l\u2019artiste Mattia Bosco pr\u00e9sente jusqu\u2019au 1er octobre prochain une installation monumentale dans le centre historique de la capitale mondiale du marbre.\" \/>\n<meta name=\"robots\" content=\"index, follow, max-snippet:-1, max-image-preview:large, max-video-preview:-1\" \/>\n<link rel=\"canonical\" href=\"https:\/\/artistics.com\/fr\/artzine\/sculpture-white-carrara-2023-sezione-aurea-de-mattia-bosco\/\" \/>\n<meta property=\"og:locale\" content=\"fr_FR\" \/>\n<meta property=\"og:type\" content=\"article\" \/>\n<meta property=\"og:title\" content=\"Sculpture : White Carrara 2023 - &quot;Sezione Aurea&quot; de Mattia Bosco\" \/>\n<meta property=\"og:description\" content=\"Dans le cadre de White Carrara 2023, l\u2019artiste Mattia Bosco pr\u00e9sente jusqu\u2019au 1er octobre prochain une installation monumentale dans le centre historique de la capitale mondiale du marbre.\" \/>\n<meta property=\"og:url\" content=\"https:\/\/artistics.com\/fr\/artzine\/sculpture-white-carrara-2023-sezione-aurea-de-mattia-bosco\/\" \/>\n<meta property=\"og:site_name\" content=\"Artistics\" \/>\n<meta property=\"article:publisher\" content=\"https:\/\/www.facebook.com\/ArtisticsMag\" \/>\n<meta property=\"article:published_time\" content=\"2023-08-24T08:44:23+00:00\" \/>\n<meta property=\"article:modified_time\" content=\"2023-08-24T09:28:36+00:00\" \/>\n<meta property=\"og:image\" content=\"https:\/\/artistics.com\/wp-content\/uploads\/2023\/08\/carrara-1.jpg\" \/>\n\t<meta property=\"og:image:width\" content=\"1024\" \/>\n\t<meta property=\"og:image:height\" content=\"682\" \/>\n\t<meta property=\"og:image:type\" content=\"image\/jpeg\" \/>\n<meta name=\"author\" content=\"Christophe Salet\" \/>\n<meta name=\"twitter:card\" content=\"summary_large_image\" \/>\n<meta name=\"twitter:creator\" content=\"@Artistics_FR\" \/>\n<meta name=\"twitter:site\" content=\"@Artistics_FR\" \/>\n<meta name=\"twitter:label1\" content=\"\u00c9crit par\" \/>\n\t<meta name=\"twitter:data1\" content=\"Christophe Salet\" \/>\n\t<meta name=\"twitter:label2\" content=\"Dur\u00e9e de lecture estim\u00e9e\" \/>\n\t<meta name=\"twitter:data2\" content=\"3 minutes\" \/>\n<script type=\"application\/ld+json\" class=\"yoast-schema-graph\">{\"@context\":\"https:\\\/\\\/schema.org\",\"@graph\":[{\"@type\":[\"Article\",\"BlogPosting\"],\"@id\":\"https:\\\/\\\/artistics.com\\\/fr\\\/artzine\\\/sculpture-white-carrara-2023-sezione-aurea-de-mattia-bosco\\\/#article\",\"isPartOf\":{\"@id\":\"https:\\\/\\\/artistics.com\\\/fr\\\/artzine\\\/sculpture-white-carrara-2023-sezione-aurea-de-mattia-bosco\\\/\"},\"author\":{\"name\":\"Christophe Salet\",\"@id\":\"https:\\\/\\\/artistics.com\\\/fr\\\/#\\\/schema\\\/person\\\/1367e63148251e426892320f3452d474\"},\"headline\":\"Sculpture : White Carrara 2023 &#8211; \u00ab\u00a0Sezione Aurea\u00a0\u00bb de Mattia Bosco\",\"datePublished\":\"2023-08-24T08:44:23+00:00\",\"dateModified\":\"2023-08-24T09:28:36+00:00\",\"mainEntityOfPage\":{\"@id\":\"https:\\\/\\\/artistics.com\\\/fr\\\/artzine\\\/sculpture-white-carrara-2023-sezione-aurea-de-mattia-bosco\\\/\"},\"wordCount\":1060,\"publisher\":{\"@id\":\"https:\\\/\\\/artistics.com\\\/fr\\\/#organization\"},\"image\":{\"@id\":\"https:\\\/\\\/artistics.com\\\/fr\\\/artzine\\\/sculpture-white-carrara-2023-sezione-aurea-de-mattia-bosco\\\/#primaryimage\"},\"thumbnailUrl\":\"https:\\\/\\\/artistics.com\\\/wp-content\\\/uploads\\\/2023\\\/08\\\/carrara-1.jpg\",\"articleSection\":[\"L\u2019actu de nos artistes\",\"Non classifi\u00e9(e)\"],\"inLanguage\":\"fr-FR\"},{\"@type\":\"WebPage\",\"@id\":\"https:\\\/\\\/artistics.com\\\/fr\\\/artzine\\\/sculpture-white-carrara-2023-sezione-aurea-de-mattia-bosco\\\/\",\"url\":\"https:\\\/\\\/artistics.com\\\/fr\\\/artzine\\\/sculpture-white-carrara-2023-sezione-aurea-de-mattia-bosco\\\/\",\"name\":\"Sculpture : White Carrara 2023 - \\\"Sezione Aurea\\\" de Mattia Bosco | Artistics\",\"isPartOf\":{\"@id\":\"https:\\\/\\\/artistics.com\\\/fr\\\/#website\"},\"primaryImageOfPage\":{\"@id\":\"https:\\\/\\\/artistics.com\\\/fr\\\/artzine\\\/sculpture-white-carrara-2023-sezione-aurea-de-mattia-bosco\\\/#primaryimage\"},\"image\":{\"@id\":\"https:\\\/\\\/artistics.com\\\/fr\\\/artzine\\\/sculpture-white-carrara-2023-sezione-aurea-de-mattia-bosco\\\/#primaryimage\"},\"thumbnailUrl\":\"https:\\\/\\\/artistics.com\\\/wp-content\\\/uploads\\\/2023\\\/08\\\/carrara-1.jpg\",\"datePublished\":\"2023-08-24T08:44:23+00:00\",\"dateModified\":\"2023-08-24T09:28:36+00:00\",\"description\":\"Dans le cadre de White Carrara 2023, l\u2019artiste Mattia Bosco pr\u00e9sente jusqu\u2019au 1er octobre prochain une installation monumentale dans le centre historique de la capitale mondiale du marbre.\",\"breadcrumb\":{\"@id\":\"https:\\\/\\\/artistics.com\\\/fr\\\/artzine\\\/sculpture-white-carrara-2023-sezione-aurea-de-mattia-bosco\\\/#breadcrumb\"},\"inLanguage\":\"fr-FR\",\"potentialAction\":[{\"@type\":\"ReadAction\",\"target\":[\"https:\\\/\\\/artistics.com\\\/fr\\\/artzine\\\/sculpture-white-carrara-2023-sezione-aurea-de-mattia-bosco\\\/\"]}]},{\"@type\":\"ImageObject\",\"inLanguage\":\"fr-FR\",\"@id\":\"https:\\\/\\\/artistics.com\\\/fr\\\/artzine\\\/sculpture-white-carrara-2023-sezione-aurea-de-mattia-bosco\\\/#primaryimage\",\"url\":\"https:\\\/\\\/artistics.com\\\/wp-content\\\/uploads\\\/2023\\\/08\\\/carrara-1.jpg\",\"contentUrl\":\"https:\\\/\\\/artistics.com\\\/wp-content\\\/uploads\\\/2023\\\/08\\\/carrara-1.jpg\",\"width\":1024,\"height\":682},{\"@type\":\"BreadcrumbList\",\"@id\":\"https:\\\/\\\/artistics.com\\\/fr\\\/artzine\\\/sculpture-white-carrara-2023-sezione-aurea-de-mattia-bosco\\\/#breadcrumb\",\"itemListElement\":[{\"@type\":\"ListItem\",\"position\":1,\"name\":\"Achat \u0153uvre d'art\",\"item\":\"https:\\\/\\\/artistics.com\\\/fr\\\/\"},{\"@type\":\"ListItem\",\"position\":2,\"name\":\"L\u2019actu de nos artistes\",\"item\":\"https:\\\/\\\/artistics.com\\\/fr\\\/artzine\\\/category\\\/actualites-de-nos-artistes\\\/\"},{\"@type\":\"ListItem\",\"position\":3,\"name\":\"Sculpture : White Carrara 2023 &#8211; &#8220;Sezione Aurea&#8221; de Mattia Bosco\"}]},{\"@type\":\"WebSite\",\"@id\":\"https:\\\/\\\/artistics.com\\\/fr\\\/#website\",\"url\":\"https:\\\/\\\/artistics.com\\\/fr\\\/\",\"name\":\"Artistics\",\"description\":\"The online art gallery\",\"publisher\":{\"@id\":\"https:\\\/\\\/artistics.com\\\/fr\\\/#organization\"},\"potentialAction\":[{\"@type\":\"SearchAction\",\"target\":{\"@type\":\"EntryPoint\",\"urlTemplate\":\"https:\\\/\\\/artistics.com\\\/fr\\\/?s={search_term_string}\"},\"query-input\":{\"@type\":\"PropertyValueSpecification\",\"valueRequired\":true,\"valueName\":\"search_term_string\"}}],\"inLanguage\":\"fr-FR\"},{\"@type\":\"Organization\",\"@id\":\"https:\\\/\\\/artistics.com\\\/fr\\\/#organization\",\"name\":\"Artistics\",\"url\":\"https:\\\/\\\/artistics.com\\\/fr\\\/\",\"logo\":{\"@type\":\"ImageObject\",\"inLanguage\":\"fr-FR\",\"@id\":\"https:\\\/\\\/artistics.com\\\/fr\\\/#\\\/schema\\\/logo\\\/image\\\/\",\"url\":\"https:\\\/\\\/artistics.com\\\/wp-content\\\/uploads\\\/2023\\\/02\\\/artistics-logo-web-1.svg\",\"contentUrl\":\"https:\\\/\\\/artistics.com\\\/wp-content\\\/uploads\\\/2023\\\/02\\\/artistics-logo-web-1.svg\",\"caption\":\"Artistics\"},\"image\":{\"@id\":\"https:\\\/\\\/artistics.com\\\/fr\\\/#\\\/schema\\\/logo\\\/image\\\/\"},\"sameAs\":[\"https:\\\/\\\/www.facebook.com\\\/ArtisticsMag\",\"https:\\\/\\\/x.com\\\/Artistics_FR\",\"http:\\\/\\\/www.linkedin.com\\\/company\\\/artistics\",\"https:\\\/\\\/www.instagram.com\\\/artistics_com\\\/\",\"http:\\\/\\\/www.pinterest.com\\\/ArtisticsMag\"],\"hasMerchantReturnPolicy\":{\"@type\":\"MerchantReturnPolicy\",\"merchantReturnLink\":\"https:\\\/\\\/artistics.com\\\/free-return-policy\\\/\"}},{\"@type\":\"Person\",\"@id\":\"https:\\\/\\\/artistics.com\\\/fr\\\/#\\\/schema\\\/person\\\/1367e63148251e426892320f3452d474\",\"name\":\"Christophe Salet\",\"image\":{\"@type\":\"ImageObject\",\"inLanguage\":\"fr-FR\",\"@id\":\"https:\\\/\\\/secure.gravatar.com\\\/avatar\\\/91f432599f85a6d56c33b915f1b9ebc5efdabae77f9b6e054e22a9c119116cdc?s=96&d=mm&r=g\",\"url\":\"https:\\\/\\\/secure.gravatar.com\\\/avatar\\\/91f432599f85a6d56c33b915f1b9ebc5efdabae77f9b6e054e22a9c119116cdc?s=96&d=mm&r=g\",\"contentUrl\":\"https:\\\/\\\/secure.gravatar.com\\\/avatar\\\/91f432599f85a6d56c33b915f1b9ebc5efdabae77f9b6e054e22a9c119116cdc?s=96&d=mm&r=g\",\"caption\":\"Christophe Salet\"}}]}<\/script>\n<!-- \/ Yoast SEO Premium plugin. -->","yoast_head_json":{"title":"Sculpture : White Carrara 2023 - \"Sezione Aurea\" de Mattia Bosco | Artistics","description":"Dans le cadre de White Carrara 2023, l\u2019artiste Mattia Bosco pr\u00e9sente jusqu\u2019au 1er octobre prochain une installation monumentale dans le centre historique de la capitale mondiale du marbre.","robots":{"index":"index","follow":"follow","max-snippet":"max-snippet:-1","max-image-preview":"max-image-preview:large","max-video-preview":"max-video-preview:-1"},"canonical":"https:\/\/artistics.com\/fr\/artzine\/sculpture-white-carrara-2023-sezione-aurea-de-mattia-bosco\/","og_locale":"fr_FR","og_type":"article","og_title":"Sculpture : White Carrara 2023 - \"Sezione Aurea\" de Mattia Bosco","og_description":"Dans le cadre de White Carrara 2023, l\u2019artiste Mattia Bosco pr\u00e9sente jusqu\u2019au 1er octobre prochain une installation monumentale dans le centre historique de la capitale mondiale du marbre.","og_url":"https:\/\/artistics.com\/fr\/artzine\/sculpture-white-carrara-2023-sezione-aurea-de-mattia-bosco\/","og_site_name":"Artistics","article_publisher":"https:\/\/www.facebook.com\/ArtisticsMag","article_published_time":"2023-08-24T08:44:23+00:00","article_modified_time":"2023-08-24T09:28:36+00:00","og_image":[{"width":1024,"height":682,"url":"https:\/\/artistics.com\/wp-content\/uploads\/2023\/08\/carrara-1.jpg","type":"image\/jpeg"}],"author":"Christophe Salet","twitter_card":"summary_large_image","twitter_creator":"@Artistics_FR","twitter_site":"@Artistics_FR","twitter_misc":{"\u00c9crit par":"Christophe Salet","Dur\u00e9e de lecture estim\u00e9e":"3 minutes"},"schema":{"@context":"https:\/\/schema.org","@graph":[{"@type":["Article","BlogPosting"],"@id":"https:\/\/artistics.com\/fr\/artzine\/sculpture-white-carrara-2023-sezione-aurea-de-mattia-bosco\/#article","isPartOf":{"@id":"https:\/\/artistics.com\/fr\/artzine\/sculpture-white-carrara-2023-sezione-aurea-de-mattia-bosco\/"},"author":{"name":"Christophe Salet","@id":"https:\/\/artistics.com\/fr\/#\/schema\/person\/1367e63148251e426892320f3452d474"},"headline":"Sculpture : White Carrara 2023 &#8211; \u00ab\u00a0Sezione Aurea\u00a0\u00bb de Mattia Bosco","datePublished":"2023-08-24T08:44:23+00:00","dateModified":"2023-08-24T09:28:36+00:00","mainEntityOfPage":{"@id":"https:\/\/artistics.com\/fr\/artzine\/sculpture-white-carrara-2023-sezione-aurea-de-mattia-bosco\/"},"wordCount":1060,"publisher":{"@id":"https:\/\/artistics.com\/fr\/#organization"},"image":{"@id":"https:\/\/artistics.com\/fr\/artzine\/sculpture-white-carrara-2023-sezione-aurea-de-mattia-bosco\/#primaryimage"},"thumbnailUrl":"https:\/\/artistics.com\/wp-content\/uploads\/2023\/08\/carrara-1.jpg","articleSection":["L\u2019actu de nos artistes","Non classifi\u00e9(e)"],"inLanguage":"fr-FR"},{"@type":"WebPage","@id":"https:\/\/artistics.com\/fr\/artzine\/sculpture-white-carrara-2023-sezione-aurea-de-mattia-bosco\/","url":"https:\/\/artistics.com\/fr\/artzine\/sculpture-white-carrara-2023-sezione-aurea-de-mattia-bosco\/","name":"Sculpture : White Carrara 2023 - \"Sezione Aurea\" de Mattia Bosco | Artistics","isPartOf":{"@id":"https:\/\/artistics.com\/fr\/#website"},"primaryImageOfPage":{"@id":"https:\/\/artistics.com\/fr\/artzine\/sculpture-white-carrara-2023-sezione-aurea-de-mattia-bosco\/#primaryimage"},"image":{"@id":"https:\/\/artistics.com\/fr\/artzine\/sculpture-white-carrara-2023-sezione-aurea-de-mattia-bosco\/#primaryimage"},"thumbnailUrl":"https:\/\/artistics.com\/wp-content\/uploads\/2023\/08\/carrara-1.jpg","datePublished":"2023-08-24T08:44:23+00:00","dateModified":"2023-08-24T09:28:36+00:00","description":"Dans le cadre de White Carrara 2023, l\u2019artiste Mattia Bosco pr\u00e9sente jusqu\u2019au 1er octobre prochain une installation monumentale dans le centre historique de la capitale mondiale du marbre.","breadcrumb":{"@id":"https:\/\/artistics.com\/fr\/artzine\/sculpture-white-carrara-2023-sezione-aurea-de-mattia-bosco\/#breadcrumb"},"inLanguage":"fr-FR","potentialAction":[{"@type":"ReadAction","target":["https:\/\/artistics.com\/fr\/artzine\/sculpture-white-carrara-2023-sezione-aurea-de-mattia-bosco\/"]}]},{"@type":"ImageObject","inLanguage":"fr-FR","@id":"https:\/\/artistics.com\/fr\/artzine\/sculpture-white-carrara-2023-sezione-aurea-de-mattia-bosco\/#primaryimage","url":"https:\/\/artistics.com\/wp-content\/uploads\/2023\/08\/carrara-1.jpg","contentUrl":"https:\/\/artistics.com\/wp-content\/uploads\/2023\/08\/carrara-1.jpg","width":1024,"height":682},{"@type":"BreadcrumbList","@id":"https:\/\/artistics.com\/fr\/artzine\/sculpture-white-carrara-2023-sezione-aurea-de-mattia-bosco\/#breadcrumb","itemListElement":[{"@type":"ListItem","position":1,"name":"Achat \u0153uvre d'art","item":"https:\/\/artistics.com\/fr\/"},{"@type":"ListItem","position":2,"name":"L\u2019actu de nos artistes","item":"https:\/\/artistics.com\/fr\/artzine\/category\/actualites-de-nos-artistes\/"},{"@type":"ListItem","position":3,"name":"Sculpture : White Carrara 2023 &#8211; &#8220;Sezione Aurea&#8221; de Mattia Bosco"}]},{"@type":"WebSite","@id":"https:\/\/artistics.com\/fr\/#website","url":"https:\/\/artistics.com\/fr\/","name":"Artistics","description":"The online art gallery","publisher":{"@id":"https:\/\/artistics.com\/fr\/#organization"},"potentialAction":[{"@type":"SearchAction","target":{"@type":"EntryPoint","urlTemplate":"https:\/\/artistics.com\/fr\/?s={search_term_string}"},"query-input":{"@type":"PropertyValueSpecification","valueRequired":true,"valueName":"search_term_string"}}],"inLanguage":"fr-FR"},{"@type":"Organization","@id":"https:\/\/artistics.com\/fr\/#organization","name":"Artistics","url":"https:\/\/artistics.com\/fr\/","logo":{"@type":"ImageObject","inLanguage":"fr-FR","@id":"https:\/\/artistics.com\/fr\/#\/schema\/logo\/image\/","url":"https:\/\/artistics.com\/wp-content\/uploads\/2023\/02\/artistics-logo-web-1.svg","contentUrl":"https:\/\/artistics.com\/wp-content\/uploads\/2023\/02\/artistics-logo-web-1.svg","caption":"Artistics"},"image":{"@id":"https:\/\/artistics.com\/fr\/#\/schema\/logo\/image\/"},"sameAs":["https:\/\/www.facebook.com\/ArtisticsMag","https:\/\/x.com\/Artistics_FR","http:\/\/www.linkedin.com\/company\/artistics","https:\/\/www.instagram.com\/artistics_com\/","http:\/\/www.pinterest.com\/ArtisticsMag"],"hasMerchantReturnPolicy":{"@type":"MerchantReturnPolicy","merchantReturnLink":"https:\/\/artistics.com\/free-return-policy\/"}},{"@type":"Person","@id":"https:\/\/artistics.com\/fr\/#\/schema\/person\/1367e63148251e426892320f3452d474","name":"Christophe Salet","image":{"@type":"ImageObject","inLanguage":"fr-FR","@id":"https:\/\/secure.gravatar.com\/avatar\/91f432599f85a6d56c33b915f1b9ebc5efdabae77f9b6e054e22a9c119116cdc?s=96&d=mm&r=g","url":"https:\/\/secure.gravatar.com\/avatar\/91f432599f85a6d56c33b915f1b9ebc5efdabae77f9b6e054e22a9c119116cdc?s=96&d=mm&r=g","contentUrl":"https:\/\/secure.gravatar.com\/avatar\/91f432599f85a6d56c33b915f1b9ebc5efdabae77f9b6e054e22a9c119116cdc?s=96&d=mm&r=g","caption":"Christophe Salet"}}]}},"_links":{"self":[{"href":"https:\/\/artistics.com\/fr\/wp-json\/wp\/v2\/posts\/37549","targetHints":{"allow":["GET"]}}],"collection":[{"href":"https:\/\/artistics.com\/fr\/wp-json\/wp\/v2\/posts"}],"about":[{"href":"https:\/\/artistics.com\/fr\/wp-json\/wp\/v2\/types\/post"}],"author":[{"embeddable":true,"href":"https:\/\/artistics.com\/fr\/wp-json\/wp\/v2\/users\/4"}],"replies":[{"embeddable":true,"href":"https:\/\/artistics.com\/fr\/wp-json\/wp\/v2\/comments?post=37549"}],"version-history":[{"count":18,"href":"https:\/\/artistics.com\/fr\/wp-json\/wp\/v2\/posts\/37549\/revisions"}],"predecessor-version":[{"id":37570,"href":"https:\/\/artistics.com\/fr\/wp-json\/wp\/v2\/posts\/37549\/revisions\/37570"}],"wp:featuredmedia":[{"embeddable":true,"href":"https:\/\/artistics.com\/fr\/wp-json\/wp\/v2\/media\/37527"}],"wp:attachment":[{"href":"https:\/\/artistics.com\/fr\/wp-json\/wp\/v2\/media?parent=37549"}],"wp:term":[{"taxonomy":"category","embeddable":true,"href":"https:\/\/artistics.com\/fr\/wp-json\/wp\/v2\/categories?post=37549"},{"taxonomy":"post_tag","embeddable":true,"href":"https:\/\/artistics.com\/fr\/wp-json\/wp\/v2\/tags?post=37549"}],"curies":[{"name":"wp","href":"https:\/\/api.w.org\/{rel}","templated":true}]}}