{"id":31850,"date":"2023-04-24T10:20:36","date_gmt":"2023-04-24T08:20:36","guid":{"rendered":"https:\/\/2022.devartistics.com\/artzine\/exhibition-cecile-raynal-at-the-maurice-denis-museum\/"},"modified":"2023-04-24T11:21:18","modified_gmt":"2023-04-24T09:21:18","slug":"exposition-cecile-raynal-au-musee-maurice-denis","status":"publish","type":"post","link":"https:\/\/artistics.com\/fr\/artzine\/exposition-cecile-raynal-au-musee-maurice-denis\/","title":{"rendered":"Exposition : C\u00e9cile Raynal au mus\u00e9e Maurice Denis"},"content":{"rendered":"<p class=\"has-medium-font-size\"><em>Jusqu\u2019au 25 juin, le mus\u00e9e Maurice Denis de Saint-Germain<\/em>&#8211;<em>en-Laye pr\u00e9sente six sculptures de C\u00e9cile Raynal qui dressent un portrait concis mais panoramique de l\u2019\u0153uvre de l\u2019artiste. Diss\u00e9min\u00e9es dans les espaces du mus\u00e9e, ces pi\u00e8ces dialoguent avec celles d\u2019une autre exposition, Femme(s).<\/em><\/p><div style=\"height:50px\" aria-hidden=\"true\" class=\"wp-block-spacer\"><\/div><div class=\"wp-block-image\"><figure class=\"aligncenter\"><img decoding=\"async\" width=\"1024\" height=\"683\" src=\"https:\/\/artistics.com\/wp-content\/uploads\/2023\/04\/dsc-7946-1-1024x683.jpg\" alt=\"\" class=\"wp-image-31817\" srcset=\"https:\/\/artistics.com\/wp-content\/uploads\/2023\/04\/dsc-7946-1-1024x683.jpg 1024w, https:\/\/artistics.com\/wp-content\/uploads\/2023\/04\/dsc-7946-1-300x200.jpg 300w, https:\/\/artistics.com\/wp-content\/uploads\/2023\/04\/dsc-7946-1-768x512.jpg 768w, https:\/\/artistics.com\/wp-content\/uploads\/2023\/04\/dsc-7946-1-1536x1024.jpg 1536w, https:\/\/artistics.com\/wp-content\/uploads\/2023\/04\/dsc-7946-1-550x367.jpg 550w, https:\/\/artistics.com\/wp-content\/uploads\/2023\/04\/dsc-7946-1-180x120.jpg 180w, https:\/\/artistics.com\/wp-content\/uploads\/2023\/04\/dsc-7946-1.jpg 1800w\" sizes=\"(max-width: 1024px) 100vw, 1024px\" \/><figcaption class=\"wp-element-caption\">R\u00e9par\u00e9s (2018). Sculpture en gr\u00e8s enfum\u00e9, pigment, caisse en bois.<\/figcaption><\/figure><\/div><div style=\"height:50px\" aria-hidden=\"true\" class=\"wp-block-spacer\"><\/div><p>Les six pi\u00e8ces qui composent l\u2019exposition R\u00eaves(s) de filles t\u00e9moignent de la multitude des sources qui nourrissent le travail de l\u2019artiste : la litt\u00e9rature (Arbre-Monde III), les mythes et les contes (Daphn\u00e9), la philosophie et la spiritualit\u00e9 (Un Christ) et bien s\u00fbr toutes les rencontres faites dans le cadre ou autour de sa pratique de la sculpture.<\/p><p>Car la sculpture de <a href=\"https:\/\/artistics.com\/artzine\/cecile-raynal-musee-des-arts-et-metiers\/\">C\u00e9cile Raynal<\/a> est avant tout le r\u00e9sultat de rencontres : celles effectu\u00e9es dans le cadre des r\u00e9sidences qui rythment et orientent sa cr\u00e9ation. Depuis dix ans, l\u2019artiste installe un atelier nomade dans des lieux habituellement isol\u00e9s des regards : prison, maison de retraite, couvent, porte-containers\u2026 L\u00e0, elle mod\u00e8le dans l\u2019argile les portraits de celles et ceux qui prennent le temps de la pose. Dans l\u2019\u00e9change qui nait de ce face-\u00e0-face \u00e9mergent des r\u00e9cits de vie que l\u2019artiste imprime dans la mati\u00e8re.<\/p><p>Au sujet de cette pratique singuli\u00e8re, C\u00e9cile Raynal \u00e9crivait en 2018 dans son livre M\u00e9moires de braise : \u00ab\u00a0(\u2026) l\u2019ignorance et l\u2019\u00e9tonnement sont mes principaux outils. Quand l\u2019\u00e9vidence dispara\u00eet, l\u2019id\u00e9e m\u00eame de la familiarit\u00e9 et de l\u2019habitude est balay\u00e9e, et peuvent alors surgir des formes inattendues. Une artiste sur un cargo, dans une prison, dans un h\u00f4pital est d\u2019abord en situation d\u2019\u00e9tranget\u00e9, de celle qui vous rappelle que l\u2019\u00e9vidence n\u2019est qu\u2019un point de vue, que l\u2019\u00e9tonnement face au monde est une planche de salut, et que l\u2019art ne peut advenir qu\u2019en d\u00e9calant le regard.\u00a0\u00bb<\/p><p>Ces r\u00e9sidences alternent avec des s\u00e9jours dans son atelier normand o\u00f9 les exp\u00e9riences v\u00e9cues \u00e0 l\u2019ext\u00e9rieur donnent naissance \u00e0 d\u2019autres formes et d\u2019autres types de narration. C\u2019est notamment dans cet espace et cette pratique solitaire que s\u2019est d\u00e9velopp\u00e9 le bestiaire et la galerie de cr\u00e9atures hybrides, mi-humaines mi-animales, qui peuplent aujourd\u2019hui sa cr\u00e9ation.<\/p><div style=\"height:50px\" aria-hidden=\"true\" class=\"wp-block-spacer\"><\/div><div class=\"wp-block-image\"><figure class=\"aligncenter size-large\"><img decoding=\"async\" width=\"1024\" height=\"683\" src=\"https:\/\/artistics.com\/wp-content\/uploads\/2023\/04\/dsc-7857-1024x683.jpg\" alt=\"\" class=\"wp-image-31819\" srcset=\"https:\/\/artistics.com\/wp-content\/uploads\/2023\/04\/dsc-7857-1024x683.jpg 1024w, https:\/\/artistics.com\/wp-content\/uploads\/2023\/04\/dsc-7857-300x200.jpg 300w, https:\/\/artistics.com\/wp-content\/uploads\/2023\/04\/dsc-7857-768x512.jpg 768w, https:\/\/artistics.com\/wp-content\/uploads\/2023\/04\/dsc-7857-1536x1024.jpg 1536w, https:\/\/artistics.com\/wp-content\/uploads\/2023\/04\/dsc-7857-550x367.jpg 550w, https:\/\/artistics.com\/wp-content\/uploads\/2023\/04\/dsc-7857-180x120.jpg 180w, https:\/\/artistics.com\/wp-content\/uploads\/2023\/04\/dsc-7857.jpg 1800w\" sizes=\"(max-width: 1024px) 100vw, 1024px\" \/><figcaption class=\"wp-element-caption\">Arbre monde III (2022\/2023). Sculpture en gr\u00e8s enfum\u00e9, pigment.<\/figcaption><\/figure><\/div><div style=\"height:50px\" aria-hidden=\"true\" class=\"wp-block-spacer\"><\/div><p>La premi\u00e8re \u0153uvre qui accueille le visiteur sur le parcours de l\u2019exposition, qui est aussi la plus r\u00e9cente, n\u2019est pourtant pas un portrait, en tout cas pas au sens litt\u00e9ral du terme : Arbre-monde III (2022\/2023), une r\u00e9f\u00e9rence au roman de Richard Powers, est pourtant en lien direct avec le vivant, et partant, avec l\u2019humain. Ce th\u00e8me de l\u2019arbre-monde, <a href=\"https:\/\/artistics.com\/artwork\/world-tree-iii\/\">que l\u2019artiste a d\u00e9j\u00e0 abord\u00e9 \u00e0 plusieurs reprises<\/a>, ne fait-il pas \u00e9cho aux mythologies qui \u00e9voquent un arbre cosmique, qui relierait les diff\u00e9rentes parties de l&rsquo;Univers ?<\/p><div style=\"height:50px\" aria-hidden=\"true\" class=\"wp-block-spacer\"><\/div><div class=\"wp-block-image\"><figure class=\"aligncenter size-large\"><img decoding=\"async\" width=\"683\" height=\"1024\" src=\"https:\/\/artistics.com\/wp-content\/uploads\/2023\/04\/dsc-7956-683x1024.jpg\" alt=\"\" class=\"wp-image-31821\" srcset=\"https:\/\/artistics.com\/wp-content\/uploads\/2023\/04\/dsc-7956-683x1024.jpg 683w, https:\/\/artistics.com\/wp-content\/uploads\/2023\/04\/dsc-7956-200x300.jpg 200w, https:\/\/artistics.com\/wp-content\/uploads\/2023\/04\/dsc-7956-768x1152.jpg 768w, https:\/\/artistics.com\/wp-content\/uploads\/2023\/04\/dsc-7956-1024x1536.jpg 1024w, https:\/\/artistics.com\/wp-content\/uploads\/2023\/04\/dsc-7956-550x825.jpg 550w, https:\/\/artistics.com\/wp-content\/uploads\/2023\/04\/dsc-7956-300x450.jpg 300w, https:\/\/artistics.com\/wp-content\/uploads\/2023\/04\/dsc-7956-120x180.jpg 120w, https:\/\/artistics.com\/wp-content\/uploads\/2023\/04\/dsc-7956.jpg 1200w\" sizes=\"(max-width: 683px) 100vw, 683px\" \/><figcaption class=\"wp-element-caption\">Un Christ (2021). Sculpture en gr\u00e8s enfum\u00e9, acier, cypr\u00e8s.<\/figcaption><\/figure><\/div><div style=\"height:50px\" aria-hidden=\"true\" class=\"wp-block-spacer\"><\/div><p>L\u2019autre \u0153uvre pr\u00e9sent\u00e9e au rez-de-chauss\u00e9e, dans le vestibule chapelle, aborde un sujet plus inhabituel dans le travail de l\u2019artiste : celui du Christ en croix. N\u00e9 dans le cadre d\u2019une commande priv\u00e9e, Un Christ (2021) s\u2019affranchit pourtant des repr\u00e9sentations classiques puisque, si la position est bien celle d\u2019un crucifi\u00e9, les bras ne sont pas clou\u00e9s : \u00ab\u00a0Je ne pouvais pas clouer un homme. Sans doute parce qu\u2019un homme aux bras clou\u00e9s ne peut embrasser. Et il me semble que cet homme a voulu embrasser les humains\u00a0\u00bb \u00e9crit l\u2019artiste.<\/p><p>Les quatre \u0153uvres expos\u00e9es \u00e0 l\u2019\u00e9tage sont toutes des portraits de femmes : Daphn\u00e9, personnage de la mythologie grecque (<a href=\"https:\/\/artistics.com\/artwork\/daphne\/\">Daphn\u00e9<\/a>, 2021) ; Nancy Houston, femme de lettres et ami de l\u2019artiste (Par la Peau, 2021), et deux portraits \u00e9nigmatiques.<\/p><div style=\"height:50px\" aria-hidden=\"true\" class=\"wp-block-spacer\"><\/div><figure class=\"wp-block-gallery has-nested-images columns-default is-cropped wp-block-gallery-1 is-layout-flex wp-block-gallery-is-layout-flex\"><figure class=\"wp-block-image size-large\"><img decoding=\"async\" width=\"683\" height=\"1024\" data-id=\"31823\" src=\"https:\/\/artistics.com\/wp-content\/uploads\/2023\/04\/dsc-7926-683x1024.jpg\" alt=\"\" class=\"wp-image-31823\" srcset=\"https:\/\/artistics.com\/wp-content\/uploads\/2023\/04\/dsc-7926-683x1024.jpg 683w, https:\/\/artistics.com\/wp-content\/uploads\/2023\/04\/dsc-7926-200x300.jpg 200w, https:\/\/artistics.com\/wp-content\/uploads\/2023\/04\/dsc-7926-768x1152.jpg 768w, https:\/\/artistics.com\/wp-content\/uploads\/2023\/04\/dsc-7926-1024x1536.jpg 1024w, https:\/\/artistics.com\/wp-content\/uploads\/2023\/04\/dsc-7926-550x825.jpg 550w, https:\/\/artistics.com\/wp-content\/uploads\/2023\/04\/dsc-7926-300x450.jpg 300w, https:\/\/artistics.com\/wp-content\/uploads\/2023\/04\/dsc-7926-120x180.jpg 120w, https:\/\/artistics.com\/wp-content\/uploads\/2023\/04\/dsc-7926.jpg 1200w\" sizes=\"(max-width: 683px) 100vw, 683px\" \/><figcaption class=\"wp-element-caption\">Daphn\u00e9 (2021)<\/figcaption><\/figure>\n\n<figure class=\"wp-block-image size-large\"><img decoding=\"async\" width=\"1024\" height=\"683\" data-id=\"31829\" src=\"https:\/\/artistics.com\/wp-content\/uploads\/2023\/04\/dsc-7895-1024x683.jpg\" alt=\"\" class=\"wp-image-31829\" srcset=\"https:\/\/artistics.com\/wp-content\/uploads\/2023\/04\/dsc-7895-1024x683.jpg 1024w, https:\/\/artistics.com\/wp-content\/uploads\/2023\/04\/dsc-7895-300x200.jpg 300w, https:\/\/artistics.com\/wp-content\/uploads\/2023\/04\/dsc-7895-768x512.jpg 768w, https:\/\/artistics.com\/wp-content\/uploads\/2023\/04\/dsc-7895-1536x1024.jpg 1536w, https:\/\/artistics.com\/wp-content\/uploads\/2023\/04\/dsc-7895-550x367.jpg 550w, https:\/\/artistics.com\/wp-content\/uploads\/2023\/04\/dsc-7895-180x120.jpg 180w, https:\/\/artistics.com\/wp-content\/uploads\/2023\/04\/dsc-7895.jpg 1800w\" sizes=\"(max-width: 1024px) 100vw, 1024px\" \/><figcaption class=\"wp-element-caption\">Par la peau (2021)<\/figcaption><\/figure>\n\n<figure class=\"wp-block-image size-large\"><img decoding=\"async\" width=\"1024\" height=\"683\" data-id=\"31817\" src=\"https:\/\/artistics.com\/wp-content\/uploads\/2023\/04\/dsc-7946-1-1024x683.jpg\" alt=\"\" class=\"wp-image-31817\" srcset=\"https:\/\/artistics.com\/wp-content\/uploads\/2023\/04\/dsc-7946-1-1024x683.jpg 1024w, https:\/\/artistics.com\/wp-content\/uploads\/2023\/04\/dsc-7946-1-300x200.jpg 300w, https:\/\/artistics.com\/wp-content\/uploads\/2023\/04\/dsc-7946-1-768x512.jpg 768w, https:\/\/artistics.com\/wp-content\/uploads\/2023\/04\/dsc-7946-1-1536x1024.jpg 1536w, https:\/\/artistics.com\/wp-content\/uploads\/2023\/04\/dsc-7946-1-550x367.jpg 550w, https:\/\/artistics.com\/wp-content\/uploads\/2023\/04\/dsc-7946-1-180x120.jpg 180w, https:\/\/artistics.com\/wp-content\/uploads\/2023\/04\/dsc-7946-1.jpg 1800w\" sizes=\"(max-width: 1024px) 100vw, 1024px\" \/><figcaption class=\"wp-element-caption\">R\u00e9par\u00e9s (2018)<\/figcaption><\/figure><\/figure><div style=\"height:50px\" aria-hidden=\"true\" class=\"wp-block-spacer\"><\/div><p><a href=\"hhttps:\/\/artistics.com\/fr\/oeuvre\/repares-avec-floriane-survivants-les-renards-et-caresse\/\">R\u00e9par\u00e9s<\/a> (2018), est une installation repr\u00e9sentant une femme entour\u00e9e de trois renards. Cr\u00e9\u00e9e dans le cadre d\u2019une <a href=\"https:\/\/artistics.com\/artzine\/cecile-raynal-musee-des-arts-et-metiers\/\">r\u00e9sidence au mus\u00e9e des Arts et M\u00e9tiers<\/a>, l\u2019\u0153uvre est le t\u00e9moignage d\u2019une rencontre avec une jeune femme survivante du Bataclan, qui portait un renard tatou\u00e9 sur l\u2019\u00e9paule, en signe de m\u00e9morial de son compagnon assassin\u00e9 lors de ce drame. La place de l\u2019animal fait ici \u00e9cho aux propos de l\u2019artiste sur la place qu\u2019occupe la b\u00eate dans son \u0153uvre : \u00ab\u00a0Je mod\u00e8le autour de grands silences entre Homme et B\u00eates, j\u2019envisage aussi le hurlement de tous face au d\u00e9sastre. Rien n\u2019est explicite, mais lorsque je les b\u00e2tis je souhaite y m\u00ealer la menace, l\u2019enveloppe, la b\u00e9quille, l\u2019attente, la caresse.\u00a0\u00bb<\/p><div style=\"height:50px\" aria-hidden=\"true\" class=\"wp-block-spacer\"><\/div><div class=\"wp-block-image\"><figure class=\"aligncenter size-large\"><img decoding=\"async\" width=\"1024\" height=\"683\" src=\"https:\/\/artistics.com\/wp-content\/uploads\/2023\/04\/dsc-7936-1024x683.jpg\" alt=\"\" class=\"wp-image-31831\" srcset=\"https:\/\/artistics.com\/wp-content\/uploads\/2023\/04\/dsc-7936-1024x683.jpg 1024w, https:\/\/artistics.com\/wp-content\/uploads\/2023\/04\/dsc-7936-300x200.jpg 300w, https:\/\/artistics.com\/wp-content\/uploads\/2023\/04\/dsc-7936-768x512.jpg 768w, https:\/\/artistics.com\/wp-content\/uploads\/2023\/04\/dsc-7936-1536x1024.jpg 1536w, https:\/\/artistics.com\/wp-content\/uploads\/2023\/04\/dsc-7936-550x367.jpg 550w, https:\/\/artistics.com\/wp-content\/uploads\/2023\/04\/dsc-7936-180x120.jpg 180w, https:\/\/artistics.com\/wp-content\/uploads\/2023\/04\/dsc-7936.jpg 1800w\" sizes=\"(max-width: 1024px) 100vw, 1024px\" \/><figcaption class=\"wp-element-caption\">R\u00eave de fille I (2016). Bronze.<\/figcaption><\/figure><\/div><div style=\"height:50px\" aria-hidden=\"true\" class=\"wp-block-spacer\"><\/div><p>L\u2019enveloppe, la b\u00e9quille, l\u2019attente sont aussi des th\u00e8mes qui effleurent dans <a href=\"https:\/\/artistics.com\/artwork\/girls-dream-bronze\/\">R\u00eave de fille<\/a> (2016), seule pi\u00e8ce en bronze de l\u2019exposition : une jeune femme, jambes et bras crois\u00e9s, assise sur un haut tabouret, offre au spectateur la vision d\u2019un corps sans visage, \u00e0 l\u2019int\u00e9rieur creus\u00e9 et transperc\u00e9. R\u00eave ou cauchemar ? Fille ou monstre ? Les sculptures de C\u00e9cile Raynal ne cherchent pas \u00e0 s\u00e9duire, mais plut\u00f4t \u00e0 donner \u00e0 voir la r\u00e9alit\u00e9 de v\u00e9cus, parfois douloureux, sur lesquels il serait plus facile de fermer les yeux. Donner \u00e0 voir ce qu\u2019il y a sous la peau. Et l\u2019on pense en regardant ses \u0153uvres \u00e0 cette phrase de Charles P\u00e9guy : \u00ab\u00a0Il faut toujours dire ce que l\u2019on voit. Surtout il faut toujours, ce qui est plus difficile, voir ce que l\u2019on voit\u00a0\u00bb.<\/p><div style=\"height:50px\" aria-hidden=\"true\" class=\"wp-block-spacer\"><\/div><p>R\u00eave(s) de filles, sculptures de C\u00e9cile Raynal<br>25 mars &#8211; 25 juin, 2023<br><a href=\"https:\/\/www.musee-mauricedenis.fr\/\">Mus\u00e9e Maurice Denis<\/a><br>2 bis, rue Maurice Denis, 78100 Saint-Germain-en-Laye, France.<\/p>","protected":false},"excerpt":{"rendered":"<p>Jusqu\u2019au 25 juin, le mus\u00e9e Maurice Denis de Saint-Germain&#8211;en-Laye pr\u00e9sente six sculptures de C\u00e9cile Raynal qui dressent un portrait concis mais panoramique de l\u2019\u0153uvre de l\u2019artiste. Diss\u00e9min\u00e9es dans les espaces du mus\u00e9e, ces pi\u00e8ces dialoguent avec celles d\u2019une autre exposition, Femme(s). Les six pi\u00e8ces qui composent l\u2019exposition R\u00eaves(s) de filles t\u00e9moignent de la multitude des [&hellip;]<\/p>\n","protected":false},"author":4,"featured_media":31816,"comment_status":"closed","ping_status":"open","sticky":false,"template":"","format":"standard","meta":{"_acf_changed":false,"_searchwp_excluded":"","inline_featured_image":false,"footnotes":""},"categories":[1184],"tags":[],"class_list":["post-31850","post","type-post","status-publish","format-standard","has-post-thumbnail","hentry","category-actualites-de-nos-artistes"],"acf":[],"yoast_head":"<!-- This site is optimized with the Yoast SEO Premium plugin v27.3 (Yoast SEO v27.3) - https:\/\/yoast.com\/product\/yoast-seo-premium-wordpress\/ -->\n<title>Exposition : C\u00e9cile Raynal au mus\u00e9e Maurice Denis | Artistics<\/title>\n<meta name=\"description\" content=\"Jusqu\u2019au 25 juin, le mus\u00e9e Maurice Denis de Saint-Germain-en-Laye pr\u00e9sente six sculptures de l&#039;artiste contemporaine C\u00e9cile Raynal.\" \/>\n<meta name=\"robots\" content=\"index, follow, max-snippet:-1, max-image-preview:large, max-video-preview:-1\" \/>\n<link rel=\"canonical\" href=\"https:\/\/artistics.com\/fr\/artzine\/exposition-cecile-raynal-au-musee-maurice-denis\/\" \/>\n<meta property=\"og:locale\" content=\"fr_FR\" \/>\n<meta property=\"og:type\" content=\"article\" \/>\n<meta property=\"og:title\" content=\"Exposition : C\u00e9cile Raynal au mus\u00e9e Maurice Denis\" \/>\n<meta property=\"og:description\" content=\"Jusqu\u2019au 25 juin, le mus\u00e9e Maurice Denis de Saint-Germain-en-Laye pr\u00e9sente six sculptures de l&#039;artiste contemporaine C\u00e9cile Raynal.\" \/>\n<meta property=\"og:url\" content=\"https:\/\/artistics.com\/fr\/artzine\/exposition-cecile-raynal-au-musee-maurice-denis\/\" \/>\n<meta property=\"og:site_name\" content=\"Artistics\" \/>\n<meta property=\"article:publisher\" content=\"https:\/\/www.facebook.com\/ArtisticsMag\" \/>\n<meta property=\"article:published_time\" content=\"2023-04-24T08:20:36+00:00\" \/>\n<meta property=\"article:modified_time\" content=\"2023-04-24T09:21:18+00:00\" \/>\n<meta property=\"og:image\" content=\"https:\/\/artistics.com\/wp-content\/uploads\/2023\/04\/dsc-7946.jpg\" \/>\n\t<meta property=\"og:image:width\" content=\"1800\" \/>\n\t<meta property=\"og:image:height\" content=\"1200\" \/>\n\t<meta property=\"og:image:type\" content=\"image\/jpeg\" \/>\n<meta name=\"author\" content=\"Christophe Salet\" \/>\n<meta name=\"twitter:card\" content=\"summary_large_image\" \/>\n<meta name=\"twitter:creator\" content=\"@Artistics_FR\" \/>\n<meta name=\"twitter:site\" content=\"@Artistics_FR\" \/>\n<meta name=\"twitter:label1\" content=\"\u00c9crit par\" \/>\n\t<meta name=\"twitter:data1\" content=\"Christophe Salet\" \/>\n\t<meta name=\"twitter:label2\" content=\"Dur\u00e9e de lecture estim\u00e9e\" \/>\n\t<meta name=\"twitter:data2\" content=\"6 minutes\" \/>\n<script type=\"application\/ld+json\" class=\"yoast-schema-graph\">{\"@context\":\"https:\\\/\\\/schema.org\",\"@graph\":[{\"@type\":[\"Article\",\"BlogPosting\"],\"@id\":\"https:\\\/\\\/artistics.com\\\/fr\\\/artzine\\\/exposition-cecile-raynal-au-musee-maurice-denis\\\/#article\",\"isPartOf\":{\"@id\":\"https:\\\/\\\/artistics.com\\\/fr\\\/artzine\\\/exposition-cecile-raynal-au-musee-maurice-denis\\\/\"},\"author\":{\"name\":\"Christophe Salet\",\"@id\":\"https:\\\/\\\/artistics.com\\\/fr\\\/#\\\/schema\\\/person\\\/1367e63148251e426892320f3452d474\"},\"headline\":\"Exposition : C\u00e9cile Raynal au mus\u00e9e Maurice Denis\",\"datePublished\":\"2023-04-24T08:20:36+00:00\",\"dateModified\":\"2023-04-24T09:21:18+00:00\",\"mainEntityOfPage\":{\"@id\":\"https:\\\/\\\/artistics.com\\\/fr\\\/artzine\\\/exposition-cecile-raynal-au-musee-maurice-denis\\\/\"},\"wordCount\":986,\"publisher\":{\"@id\":\"https:\\\/\\\/artistics.com\\\/fr\\\/#organization\"},\"image\":{\"@id\":\"https:\\\/\\\/artistics.com\\\/fr\\\/artzine\\\/exposition-cecile-raynal-au-musee-maurice-denis\\\/#primaryimage\"},\"thumbnailUrl\":\"https:\\\/\\\/artistics.com\\\/wp-content\\\/uploads\\\/2023\\\/04\\\/dsc-7946.jpg\",\"articleSection\":[\"L\u2019actu de nos artistes\"],\"inLanguage\":\"fr-FR\"},{\"@type\":\"WebPage\",\"@id\":\"https:\\\/\\\/artistics.com\\\/fr\\\/artzine\\\/exposition-cecile-raynal-au-musee-maurice-denis\\\/\",\"url\":\"https:\\\/\\\/artistics.com\\\/fr\\\/artzine\\\/exposition-cecile-raynal-au-musee-maurice-denis\\\/\",\"name\":\"Exposition : C\u00e9cile Raynal au mus\u00e9e Maurice Denis | Artistics\",\"isPartOf\":{\"@id\":\"https:\\\/\\\/artistics.com\\\/fr\\\/#website\"},\"primaryImageOfPage\":{\"@id\":\"https:\\\/\\\/artistics.com\\\/fr\\\/artzine\\\/exposition-cecile-raynal-au-musee-maurice-denis\\\/#primaryimage\"},\"image\":{\"@id\":\"https:\\\/\\\/artistics.com\\\/fr\\\/artzine\\\/exposition-cecile-raynal-au-musee-maurice-denis\\\/#primaryimage\"},\"thumbnailUrl\":\"https:\\\/\\\/artistics.com\\\/wp-content\\\/uploads\\\/2023\\\/04\\\/dsc-7946.jpg\",\"datePublished\":\"2023-04-24T08:20:36+00:00\",\"dateModified\":\"2023-04-24T09:21:18+00:00\",\"description\":\"Jusqu\u2019au 25 juin, le mus\u00e9e Maurice Denis de Saint-Germain-en-Laye pr\u00e9sente six sculptures de l'artiste contemporaine C\u00e9cile Raynal.\",\"breadcrumb\":{\"@id\":\"https:\\\/\\\/artistics.com\\\/fr\\\/artzine\\\/exposition-cecile-raynal-au-musee-maurice-denis\\\/#breadcrumb\"},\"inLanguage\":\"fr-FR\",\"potentialAction\":[{\"@type\":\"ReadAction\",\"target\":[\"https:\\\/\\\/artistics.com\\\/fr\\\/artzine\\\/exposition-cecile-raynal-au-musee-maurice-denis\\\/\"]}]},{\"@type\":\"ImageObject\",\"inLanguage\":\"fr-FR\",\"@id\":\"https:\\\/\\\/artistics.com\\\/fr\\\/artzine\\\/exposition-cecile-raynal-au-musee-maurice-denis\\\/#primaryimage\",\"url\":\"https:\\\/\\\/artistics.com\\\/wp-content\\\/uploads\\\/2023\\\/04\\\/dsc-7946.jpg\",\"contentUrl\":\"https:\\\/\\\/artistics.com\\\/wp-content\\\/uploads\\\/2023\\\/04\\\/dsc-7946.jpg\",\"width\":1800,\"height\":1200},{\"@type\":\"BreadcrumbList\",\"@id\":\"https:\\\/\\\/artistics.com\\\/fr\\\/artzine\\\/exposition-cecile-raynal-au-musee-maurice-denis\\\/#breadcrumb\",\"itemListElement\":[{\"@type\":\"ListItem\",\"position\":1,\"name\":\"Achat \u0153uvre d'art\",\"item\":\"https:\\\/\\\/artistics.com\\\/fr\\\/\"},{\"@type\":\"ListItem\",\"position\":2,\"name\":\"L\u2019actu de nos artistes\",\"item\":\"https:\\\/\\\/artistics.com\\\/fr\\\/artzine\\\/category\\\/actualites-de-nos-artistes\\\/\"},{\"@type\":\"ListItem\",\"position\":3,\"name\":\"Exposition : C\u00e9cile Raynal au mus\u00e9e Maurice Denis\"}]},{\"@type\":\"WebSite\",\"@id\":\"https:\\\/\\\/artistics.com\\\/fr\\\/#website\",\"url\":\"https:\\\/\\\/artistics.com\\\/fr\\\/\",\"name\":\"Artistics\",\"description\":\"The online art gallery\",\"publisher\":{\"@id\":\"https:\\\/\\\/artistics.com\\\/fr\\\/#organization\"},\"potentialAction\":[{\"@type\":\"SearchAction\",\"target\":{\"@type\":\"EntryPoint\",\"urlTemplate\":\"https:\\\/\\\/artistics.com\\\/fr\\\/?s={search_term_string}\"},\"query-input\":{\"@type\":\"PropertyValueSpecification\",\"valueRequired\":true,\"valueName\":\"search_term_string\"}}],\"inLanguage\":\"fr-FR\"},{\"@type\":\"Organization\",\"@id\":\"https:\\\/\\\/artistics.com\\\/fr\\\/#organization\",\"name\":\"Artistics\",\"url\":\"https:\\\/\\\/artistics.com\\\/fr\\\/\",\"logo\":{\"@type\":\"ImageObject\",\"inLanguage\":\"fr-FR\",\"@id\":\"https:\\\/\\\/artistics.com\\\/fr\\\/#\\\/schema\\\/logo\\\/image\\\/\",\"url\":\"https:\\\/\\\/artistics.com\\\/wp-content\\\/uploads\\\/2023\\\/02\\\/artistics-logo-web-1.svg\",\"contentUrl\":\"https:\\\/\\\/artistics.com\\\/wp-content\\\/uploads\\\/2023\\\/02\\\/artistics-logo-web-1.svg\",\"caption\":\"Artistics\"},\"image\":{\"@id\":\"https:\\\/\\\/artistics.com\\\/fr\\\/#\\\/schema\\\/logo\\\/image\\\/\"},\"sameAs\":[\"https:\\\/\\\/www.facebook.com\\\/ArtisticsMag\",\"https:\\\/\\\/x.com\\\/Artistics_FR\",\"http:\\\/\\\/www.linkedin.com\\\/company\\\/artistics\",\"https:\\\/\\\/www.instagram.com\\\/artistics_com\\\/\",\"http:\\\/\\\/www.pinterest.com\\\/ArtisticsMag\"],\"hasMerchantReturnPolicy\":{\"@type\":\"MerchantReturnPolicy\",\"merchantReturnLink\":\"https:\\\/\\\/artistics.com\\\/free-return-policy\\\/\"}},{\"@type\":\"Person\",\"@id\":\"https:\\\/\\\/artistics.com\\\/fr\\\/#\\\/schema\\\/person\\\/1367e63148251e426892320f3452d474\",\"name\":\"Christophe Salet\",\"image\":{\"@type\":\"ImageObject\",\"inLanguage\":\"fr-FR\",\"@id\":\"https:\\\/\\\/secure.gravatar.com\\\/avatar\\\/91f432599f85a6d56c33b915f1b9ebc5efdabae77f9b6e054e22a9c119116cdc?s=96&d=mm&r=g\",\"url\":\"https:\\\/\\\/secure.gravatar.com\\\/avatar\\\/91f432599f85a6d56c33b915f1b9ebc5efdabae77f9b6e054e22a9c119116cdc?s=96&d=mm&r=g\",\"contentUrl\":\"https:\\\/\\\/secure.gravatar.com\\\/avatar\\\/91f432599f85a6d56c33b915f1b9ebc5efdabae77f9b6e054e22a9c119116cdc?s=96&d=mm&r=g\",\"caption\":\"Christophe Salet\"}}]}<\/script>\n<!-- \/ Yoast SEO Premium plugin. -->","yoast_head_json":{"title":"Exposition : C\u00e9cile Raynal au mus\u00e9e Maurice Denis | Artistics","description":"Jusqu\u2019au 25 juin, le mus\u00e9e Maurice Denis de Saint-Germain-en-Laye pr\u00e9sente six sculptures de l'artiste contemporaine C\u00e9cile Raynal.","robots":{"index":"index","follow":"follow","max-snippet":"max-snippet:-1","max-image-preview":"max-image-preview:large","max-video-preview":"max-video-preview:-1"},"canonical":"https:\/\/artistics.com\/fr\/artzine\/exposition-cecile-raynal-au-musee-maurice-denis\/","og_locale":"fr_FR","og_type":"article","og_title":"Exposition : C\u00e9cile Raynal au mus\u00e9e Maurice Denis","og_description":"Jusqu\u2019au 25 juin, le mus\u00e9e Maurice Denis de Saint-Germain-en-Laye pr\u00e9sente six sculptures de l'artiste contemporaine C\u00e9cile Raynal.","og_url":"https:\/\/artistics.com\/fr\/artzine\/exposition-cecile-raynal-au-musee-maurice-denis\/","og_site_name":"Artistics","article_publisher":"https:\/\/www.facebook.com\/ArtisticsMag","article_published_time":"2023-04-24T08:20:36+00:00","article_modified_time":"2023-04-24T09:21:18+00:00","og_image":[{"width":1800,"height":1200,"url":"https:\/\/artistics.com\/wp-content\/uploads\/2023\/04\/dsc-7946.jpg","type":"image\/jpeg"}],"author":"Christophe Salet","twitter_card":"summary_large_image","twitter_creator":"@Artistics_FR","twitter_site":"@Artistics_FR","twitter_misc":{"\u00c9crit par":"Christophe Salet","Dur\u00e9e de lecture estim\u00e9e":"6 minutes"},"schema":{"@context":"https:\/\/schema.org","@graph":[{"@type":["Article","BlogPosting"],"@id":"https:\/\/artistics.com\/fr\/artzine\/exposition-cecile-raynal-au-musee-maurice-denis\/#article","isPartOf":{"@id":"https:\/\/artistics.com\/fr\/artzine\/exposition-cecile-raynal-au-musee-maurice-denis\/"},"author":{"name":"Christophe Salet","@id":"https:\/\/artistics.com\/fr\/#\/schema\/person\/1367e63148251e426892320f3452d474"},"headline":"Exposition : C\u00e9cile Raynal au mus\u00e9e Maurice Denis","datePublished":"2023-04-24T08:20:36+00:00","dateModified":"2023-04-24T09:21:18+00:00","mainEntityOfPage":{"@id":"https:\/\/artistics.com\/fr\/artzine\/exposition-cecile-raynal-au-musee-maurice-denis\/"},"wordCount":986,"publisher":{"@id":"https:\/\/artistics.com\/fr\/#organization"},"image":{"@id":"https:\/\/artistics.com\/fr\/artzine\/exposition-cecile-raynal-au-musee-maurice-denis\/#primaryimage"},"thumbnailUrl":"https:\/\/artistics.com\/wp-content\/uploads\/2023\/04\/dsc-7946.jpg","articleSection":["L\u2019actu de nos artistes"],"inLanguage":"fr-FR"},{"@type":"WebPage","@id":"https:\/\/artistics.com\/fr\/artzine\/exposition-cecile-raynal-au-musee-maurice-denis\/","url":"https:\/\/artistics.com\/fr\/artzine\/exposition-cecile-raynal-au-musee-maurice-denis\/","name":"Exposition : C\u00e9cile Raynal au mus\u00e9e Maurice Denis | Artistics","isPartOf":{"@id":"https:\/\/artistics.com\/fr\/#website"},"primaryImageOfPage":{"@id":"https:\/\/artistics.com\/fr\/artzine\/exposition-cecile-raynal-au-musee-maurice-denis\/#primaryimage"},"image":{"@id":"https:\/\/artistics.com\/fr\/artzine\/exposition-cecile-raynal-au-musee-maurice-denis\/#primaryimage"},"thumbnailUrl":"https:\/\/artistics.com\/wp-content\/uploads\/2023\/04\/dsc-7946.jpg","datePublished":"2023-04-24T08:20:36+00:00","dateModified":"2023-04-24T09:21:18+00:00","description":"Jusqu\u2019au 25 juin, le mus\u00e9e Maurice Denis de Saint-Germain-en-Laye pr\u00e9sente six sculptures de l'artiste contemporaine C\u00e9cile Raynal.","breadcrumb":{"@id":"https:\/\/artistics.com\/fr\/artzine\/exposition-cecile-raynal-au-musee-maurice-denis\/#breadcrumb"},"inLanguage":"fr-FR","potentialAction":[{"@type":"ReadAction","target":["https:\/\/artistics.com\/fr\/artzine\/exposition-cecile-raynal-au-musee-maurice-denis\/"]}]},{"@type":"ImageObject","inLanguage":"fr-FR","@id":"https:\/\/artistics.com\/fr\/artzine\/exposition-cecile-raynal-au-musee-maurice-denis\/#primaryimage","url":"https:\/\/artistics.com\/wp-content\/uploads\/2023\/04\/dsc-7946.jpg","contentUrl":"https:\/\/artistics.com\/wp-content\/uploads\/2023\/04\/dsc-7946.jpg","width":1800,"height":1200},{"@type":"BreadcrumbList","@id":"https:\/\/artistics.com\/fr\/artzine\/exposition-cecile-raynal-au-musee-maurice-denis\/#breadcrumb","itemListElement":[{"@type":"ListItem","position":1,"name":"Achat \u0153uvre d'art","item":"https:\/\/artistics.com\/fr\/"},{"@type":"ListItem","position":2,"name":"L\u2019actu de nos artistes","item":"https:\/\/artistics.com\/fr\/artzine\/category\/actualites-de-nos-artistes\/"},{"@type":"ListItem","position":3,"name":"Exposition : C\u00e9cile Raynal au mus\u00e9e Maurice Denis"}]},{"@type":"WebSite","@id":"https:\/\/artistics.com\/fr\/#website","url":"https:\/\/artistics.com\/fr\/","name":"Artistics","description":"The online art gallery","publisher":{"@id":"https:\/\/artistics.com\/fr\/#organization"},"potentialAction":[{"@type":"SearchAction","target":{"@type":"EntryPoint","urlTemplate":"https:\/\/artistics.com\/fr\/?s={search_term_string}"},"query-input":{"@type":"PropertyValueSpecification","valueRequired":true,"valueName":"search_term_string"}}],"inLanguage":"fr-FR"},{"@type":"Organization","@id":"https:\/\/artistics.com\/fr\/#organization","name":"Artistics","url":"https:\/\/artistics.com\/fr\/","logo":{"@type":"ImageObject","inLanguage":"fr-FR","@id":"https:\/\/artistics.com\/fr\/#\/schema\/logo\/image\/","url":"https:\/\/artistics.com\/wp-content\/uploads\/2023\/02\/artistics-logo-web-1.svg","contentUrl":"https:\/\/artistics.com\/wp-content\/uploads\/2023\/02\/artistics-logo-web-1.svg","caption":"Artistics"},"image":{"@id":"https:\/\/artistics.com\/fr\/#\/schema\/logo\/image\/"},"sameAs":["https:\/\/www.facebook.com\/ArtisticsMag","https:\/\/x.com\/Artistics_FR","http:\/\/www.linkedin.com\/company\/artistics","https:\/\/www.instagram.com\/artistics_com\/","http:\/\/www.pinterest.com\/ArtisticsMag"],"hasMerchantReturnPolicy":{"@type":"MerchantReturnPolicy","merchantReturnLink":"https:\/\/artistics.com\/free-return-policy\/"}},{"@type":"Person","@id":"https:\/\/artistics.com\/fr\/#\/schema\/person\/1367e63148251e426892320f3452d474","name":"Christophe Salet","image":{"@type":"ImageObject","inLanguage":"fr-FR","@id":"https:\/\/secure.gravatar.com\/avatar\/91f432599f85a6d56c33b915f1b9ebc5efdabae77f9b6e054e22a9c119116cdc?s=96&d=mm&r=g","url":"https:\/\/secure.gravatar.com\/avatar\/91f432599f85a6d56c33b915f1b9ebc5efdabae77f9b6e054e22a9c119116cdc?s=96&d=mm&r=g","contentUrl":"https:\/\/secure.gravatar.com\/avatar\/91f432599f85a6d56c33b915f1b9ebc5efdabae77f9b6e054e22a9c119116cdc?s=96&d=mm&r=g","caption":"Christophe Salet"}}]}},"_links":{"self":[{"href":"https:\/\/artistics.com\/fr\/wp-json\/wp\/v2\/posts\/31850","targetHints":{"allow":["GET"]}}],"collection":[{"href":"https:\/\/artistics.com\/fr\/wp-json\/wp\/v2\/posts"}],"about":[{"href":"https:\/\/artistics.com\/fr\/wp-json\/wp\/v2\/types\/post"}],"author":[{"embeddable":true,"href":"https:\/\/artistics.com\/fr\/wp-json\/wp\/v2\/users\/4"}],"replies":[{"embeddable":true,"href":"https:\/\/artistics.com\/fr\/wp-json\/wp\/v2\/comments?post=31850"}],"version-history":[{"count":0,"href":"https:\/\/artistics.com\/fr\/wp-json\/wp\/v2\/posts\/31850\/revisions"}],"wp:featuredmedia":[{"embeddable":true,"href":"https:\/\/artistics.com\/fr\/wp-json\/wp\/v2\/media\/31816"}],"wp:attachment":[{"href":"https:\/\/artistics.com\/fr\/wp-json\/wp\/v2\/media?parent=31850"}],"wp:term":[{"taxonomy":"category","embeddable":true,"href":"https:\/\/artistics.com\/fr\/wp-json\/wp\/v2\/categories?post=31850"},{"taxonomy":"post_tag","embeddable":true,"href":"https:\/\/artistics.com\/fr\/wp-json\/wp\/v2\/tags?post=31850"}],"curies":[{"name":"wp","href":"https:\/\/api.w.org\/{rel}","templated":true}]}}