{"id":100803,"date":"2026-04-09T12:27:14","date_gmt":"2026-04-09T10:27:14","guid":{"rendered":"https:\/\/artistics.com\/artzine\/francesca-bernardini-selected-for-the-2026-chaco-international-sculpture-biennial\/"},"modified":"2026-04-20T10:08:51","modified_gmt":"2026-04-20T08:08:51","slug":"francesca-bernardini-selectionnee-pour-la-biennale-internationale-de-sculpture-du-chaco-2026","status":"publish","type":"post","link":"https:\/\/artistics.com\/fr\/artzine\/francesca-bernardini-selectionnee-pour-la-biennale-internationale-de-sculpture-du-chaco-2026\/","title":{"rendered":"Francesca Bernardini s\u00e9lectionn\u00e9e pour la Biennale internationale de Sculpture du Chaco 2026"},"content":{"rendered":"<h2 class=\"wp-block-heading\" id=\"h-l-artiste-italienne-francesca-bernardini-a-ete-selectionnee-pour-representer-l-italie-lors-de-la-prochaine-edition-de-la-biennale-internationale-de-sculpture-du-chaco-qui-se-tiendra-a-resistencia-argentine-du-11-au-19-juillet-2026-nous-l-avons-rencontree-pour-evoquer-son-projet-lieu-sur-et-la-maniere-dont-elle-aborde-cette-experience-artistique-hors-norme\">L\u2019artiste italienne <a href=\"https:\/\/artistics.com\/fr\/artiste\/francesca-bernardini\/\" type=\"link\" id=\"https:\/\/artistics.com\/fr\/artiste\/francesca-bernardini\/\">Francesca Bernardini<\/a> a \u00e9t\u00e9 s\u00e9lectionn\u00e9e pour repr\u00e9senter l\u2019Italie lors de la prochaine \u00e9dition de la Biennale internationale de Sculpture du Chaco, qui se tiendra \u00e0 Resistencia (Argentine) du 11 au 19 juillet 2026. Nous l\u2019avons rencontr\u00e9e pour \u00e9voquer son projet, Lieu s\u00fbr, et la mani\u00e8re dont elle aborde cette exp\u00e9rience artistique hors norme.<\/h2><div style=\"height:30px\" aria-hidden=\"true\" class=\"wp-block-spacer\"><\/div><figure class=\"wp-block-image size-large\"><img decoding=\"async\" width=\"1024\" height=\"739\" src=\"https:\/\/artistics.com\/wp-content\/uploads\/2026\/04\/ti-proteggo-1-1024x739.jpg\" alt=\"\" class=\"wp-image-100799\" srcset=\"https:\/\/artistics.com\/wp-content\/uploads\/2026\/04\/ti-proteggo-1-1024x739.jpg 1024w, https:\/\/artistics.com\/wp-content\/uploads\/2026\/04\/ti-proteggo-1-300x217.jpg 300w, https:\/\/artistics.com\/wp-content\/uploads\/2026\/04\/ti-proteggo-1-768x555.jpg 768w, https:\/\/artistics.com\/wp-content\/uploads\/2026\/04\/ti-proteggo-1-1536x1109.jpg 1536w, https:\/\/artistics.com\/wp-content\/uploads\/2026\/04\/ti-proteggo-1-2048x1479.jpg 2048w, https:\/\/artistics.com\/wp-content\/uploads\/2026\/04\/ti-proteggo-1-550x397.jpg 550w, https:\/\/artistics.com\/wp-content\/uploads\/2026\/04\/ti-proteggo-1-180x130.jpg 180w\" sizes=\"(max-width: 1024px) 100vw, 1024px\" \/><figcaption class=\"wp-element-caption\">Avec \u00ab\u00a0Lieu s\u00fbr\u00a0\u00bb, le projet qu&rsquo;elle cr\u00e9era lors de la biennale, Francesca Bernardini continue d&rsquo;explorer le th\u00e8me du nid, r\u00e9current dans son travail (ici: <a href=\"https:\/\/artistics.com\/fr\/oeuvre\/ti-proteggo\/\" type=\"link\" id=\"https:\/\/artistics.com\/fr\/oeuvre\/ti-proteggo\/\">Ti proteggo<\/a>, 2017)<\/figcaption><\/figure><div style=\"height:30px\" aria-hidden=\"true\" class=\"wp-block-spacer\"><\/div><p>Encore peu connue du public europ\u00e9en, la Biennale internationale de Sculpture du Chaco est pourtant l\u2019un des rendez-vous les plus attendus de la <a href=\"https:\/\/artistics.com\/fr\/categorie-oeuvre\/sculpture-contemporaine\/\" type=\"link\" id=\"https:\/\/artistics.com\/fr\/categorie-oeuvre\/sculpture-contemporaine\/\">sculpture contemporaine<\/a>. Cr\u00e9\u00e9e \u00e0 la fin des ann\u00e9es 1980 dans la ville de Resistencia, au nord de l\u2019Argentine, elle r\u00e9unit tous les deux ans une s\u00e9lection restreinte d\u2019artistes venus du monde entier, invit\u00e9s \u00e0 concevoir et r\u00e9aliser une \u0153uvre en plein air, sous le regard du public. \u00c0 la crois\u00e9e de la comp\u00e9tition artistique et du festival populaire, l\u2019\u00e9v\u00e9nement se distingue par son format singulier, qui transforme la cr\u00e9ation en acte partag\u00e9.<\/p><p>Au fil des \u00e9ditions, la Biennale s\u2019est impos\u00e9e comme une plateforme internationale de r\u00e9f\u00e9rence, attirant des artistes confirm\u00e9s issus de sc\u00e8nes tr\u00e8s diverses. Les \u0153uvres produites lors de chaque \u00e9dition viennent enrichir l\u2019espace public de Resistencia, devenue au fil du temps une v\u00e9ritable \u00ab ville-mus\u00e9e \u00bb \u00e0 ciel ouvert, o\u00f9 la sculpture s\u2019inscrit durablement dans le paysage urbain et dans la vie quotidienne.<\/p><div style=\"height:30px\" aria-hidden=\"true\" class=\"wp-block-spacer\"><\/div><figure class=\"wp-block-image size-full\"><img decoding=\"async\" width=\"875\" height=\"656\" src=\"https:\/\/artistics.com\/wp-content\/uploads\/2023\/04\/diaporama-francesca-bernardini-sculptor-2.jpg\" alt=\"\" class=\"wp-image-30643\" srcset=\"https:\/\/artistics.com\/wp-content\/uploads\/2023\/04\/diaporama-francesca-bernardini-sculptor-2.jpg 875w, https:\/\/artistics.com\/wp-content\/uploads\/2023\/04\/diaporama-francesca-bernardini-sculptor-2-300x225.jpg 300w, https:\/\/artistics.com\/wp-content\/uploads\/2023\/04\/diaporama-francesca-bernardini-sculptor-2-768x576.jpg 768w, https:\/\/artistics.com\/wp-content\/uploads\/2023\/04\/diaporama-francesca-bernardini-sculptor-2-550x412.jpg 550w, https:\/\/artistics.com\/wp-content\/uploads\/2023\/04\/diaporama-francesca-bernardini-sculptor-2-800x600.jpg 800w, https:\/\/artistics.com\/wp-content\/uploads\/2023\/04\/diaporama-francesca-bernardini-sculptor-2-600x450.jpg 600w, https:\/\/artistics.com\/wp-content\/uploads\/2023\/04\/diaporama-francesca-bernardini-sculptor-2-180x135.jpg 180w\" sizes=\"(max-width: 875px) 100vw, 875px\" \/><figcaption class=\"wp-element-caption\">Francesca Bernardini : portrait<\/figcaption><\/figure><div style=\"height:30px\" aria-hidden=\"true\" class=\"wp-block-spacer\"><\/div><p><em>Vous avez \u00e9t\u00e9 choisie pour repr\u00e9senter l\u2019Italie \u00e0 la Biennale internationale de Sculpture du Chaco 2026. Que repr\u00e9sente cette s\u00e9lection pour vous aujourd\u2019hui, dans votre parcours artistique ?<\/em><\/p><p>Je suis tr\u00e8s heureuse d&rsquo;avoir \u00e9t\u00e9 s\u00e9lectionn\u00e9e. Il s&rsquo;agit d&rsquo;une exp\u00e9rience unique en son genre car c&rsquo;est \u00e0 la fois une comp\u00e9tition et un \u00e9v\u00e9nement de grande envergure. J&rsquo;ai d\u00e9j\u00e0 particip\u00e9 \u00e0 des \u00e9v\u00e9nements similaires, mais il n&rsquo;y avait pas de laur\u00e9at, comme c\u2019est le cas ici. En participant, je savais que j\u2019allais me mesurer \u00e0 des artistes talentueux et renomm\u00e9s. Et \u00eatre s\u00e9lectionn\u00e9 \u00e0 leurs c\u00f4t\u00e9s me rend \u00e0 la fois fi\u00e8re et enthousiaste. Le fait que j\u2019ai \u00e9t\u00e9 s\u00e9lectionn\u00e9e r\u00e9compense mes efforts pour inscrire le savoir-faire artisanal italien dans des langages contemporains. Cela d\u00e9montre que la sculpture italienne est vivante, dynamique et capable de dialoguer avec les tensions du pr\u00e9sent.<\/p><p><em>La Biennale impose de r\u00e9aliser une \u0153uvre en quelques jours, en plein air et sous le regard du public. Comment abordez-vous cette dimension \u00e0 la fois performative et exigeante ?<\/em><\/p><p>J&rsquo;ai d\u00e9j\u00e0 particip\u00e9 \u00e0 ce genre d&rsquo;\u00e9v\u00e9nements par le pass\u00e9 et j&rsquo;ai l&rsquo;exp\u00e9rience n\u00e9cessaire pour g\u00e9rer mon travail dans cette contrainte de temps, d&rsquo;autant que je puis m\u2019y consacrer enti\u00e8rement. Je ressens un stress positif qui m&rsquo;aide \u00e0 ne pas ressentir la fatigue, m\u00eame en travaillant 10 heures par jour. \u00c9videmment, je ne pourrais pas tenir ce rythme de travail chez moi.<\/p><p>La pr\u00e9sence d\u2019un public est agr\u00e9able et stressante en m\u00eame temps : tout le monde veut prendre une photo avec toi ou te parler, m\u00eame aux moments o\u00f9 tu dois \u00eatre concentr\u00e9e. Surtout, j&rsquo;aborde cette culture diff\u00e9rente avec un esprit ouvert et un profond sentiment de respect. J&rsquo;aime me consid\u00e9rer comme une invit\u00e9e curieuse qui cherche \u00e0 apprendre les codes locaux, des gestes \u00e0 la langue, pour construire un pont de communication authentique. On se rend compte que les cultures diff\u00e9rentes ne sont jamais tr\u00e8s \u00e9loign\u00e9es de la sienne et que les \u00e9motions et les sentiments sont les m\u00eames.<\/p><p><em>Pouvez-vous nous parler du projet que vous avez propos\u00e9 pour cette \u00e9dition : quelles en sont les grandes lignes, et qu\u2019est-ce qui a guid\u00e9 vos choix formels et conceptuels ?<\/em><\/p><p>La sculpture que je vais r\u00e9aliser s&rsquo;intitule \u00ab Lieu s\u00fbr \u00bb. Il s&rsquo;agit d&rsquo;un nid, <a href=\"https:\/\/artistics.com\/fr\/series\/francesca-bernardini-nests-cocoons-crysalises-fr\/\" type=\"link\" id=\"https:\/\/artistics.com\/fr\/series\/francesca-bernardini-nests-cocoons-crysalises-fr\/\">un th\u00e8me que j&rsquo;ai abord\u00e9 par le pass\u00e9<\/a> sans jamais l&rsquo;\u00e9puiser. Le nid est le premier horizon que nous rencontrons : un entrelacement de fils, de mains, de pens\u00e9es et d&rsquo;attention qui devient foyer, refuge et promesse. Cette sculpture c\u00e9l\u00e8bre ce moment unique o\u00f9 la vie s&rsquo;\u00e9veille et, encore tremblante, d\u00e9couvre qu&rsquo;elle a des ailes. C&rsquo;est une invitation \u00e0 se rappeler que chaque voyage commence par le fait d\u2019\u00eatre accueilli et qu&rsquo;il n&rsquo;est possible de prendre son envol qu&rsquo;\u00e0 partir d&rsquo;un lieu aimant. Cette r\u00e9flexion s&rsquo;amplifie \u00e9videmment si l&rsquo;on consid\u00e8re le nid comme un lieu, et que ce lieu, c&rsquo;est le monde. Un monde qui, en cette p\u00e9riode comme en d&rsquo;autres par le pass\u00e9, est en danger, avec des guerres honteuses qui bouleversent la paix mondiale.<\/p><p><em>Savez-vous d\u00e9j\u00e0 quelle sera l\u2019origine de la pierre que vous allez travailler \u2014 s\u2019agira-t-il d\u2019un mat\u00e9riau local ou import\u00e9 ?<\/em><\/p><p>Je vais travailler le travertin, une pierre tr\u00e8s r\u00e9pandue en Am\u00e9rique latine et semblable au travertin romain. C&rsquo;est une pierre qui a beaucoup de personnalit\u00e9 et que j&rsquo;appr\u00e9cie beaucoup. J&rsquo;ai d&rsquo;ailleurs choisi une forme \u00e9pur\u00e9e et simple, avec peu de d\u00e9tails.<\/p><p><em>Le choix d\u2019une pierre locale a-t-il influenc\u00e9 votre projet ? Plus largement, le fait de cr\u00e9er en Am\u00e9rique latine a-t-il orient\u00e9 votre proposition ?<\/em><\/p><p>Je ne me laisse jamais influencer par le mat\u00e9riau, mais je pense que certains se pr\u00eatent mieux que d&rsquo;autres \u00e0 certaines formes. Ce n&rsquo;est pas le lieu qui oriente ma proposition, mais plut\u00f4t la p\u00e9riode que nous traversons.<\/p><p><em>\u00c0 l\u2019issue de la Biennale, votre sculpture sera int\u00e9gr\u00e9e \u00e0 l\u2019espace public de Resistencia. Quel regard portez-vous sur cette id\u00e9e de \u201cville-mus\u00e9e\u201d, constitu\u00e9e d\u2019\u0153uvres cr\u00e9\u00e9es au fil des \u00e9ditions ?<\/em><\/p><p>Une ville remplie de sculptures n&rsquo;est pas seulement un mus\u00e9e \u00e0 ciel ouvert, mais un lieu o\u00f9 l&rsquo;art cesse d&rsquo;\u00eatre distant et s&rsquo;int\u00e8gre \u00e0 la vie quotidienne. Je vois la <a href=\"https:\/\/artistics.com\/fr\/categorie-oeuvre\/sculpture-contemporaine\/sculpture-dexterieur\/\" type=\"link\" id=\"https:\/\/artistics.com\/fr\/categorie-oeuvre\/sculpture-contemporaine\/sculpture-dexterieur\/\">sculpture urbaine<\/a> comme une invitation \u00e0 la lenteur. Dans un monde qui court, la sculpture est immobile ; elle nous invite \u00e0 nous arr\u00eater un instant, \u00e0 observer les d\u00e9tails et \u00e0 nous demander ce que l\u2019artiste a voulu nous dire, ou simplement \u00e0 nous laisser captiver par la beaut\u00e9.<\/p><div style=\"height:60px\" aria-hidden=\"true\" class=\"wp-block-spacer\"><\/div><p><strong>Biennale internationale de sculpture du chaco 2026<br>Resistencia, Chaco \u2013 Argentine<br>Du 11 au 19 juillet 2026<br>bienaldelchaco.org<\/strong><\/p>","protected":false},"excerpt":{"rendered":"<p>L\u2019artiste italienne Francesca Bernardini a \u00e9t\u00e9 s\u00e9lectionn\u00e9e pour repr\u00e9senter l\u2019Italie lors de la prochaine \u00e9dition de la Biennale internationale de Sculpture du Chaco, qui se tiendra \u00e0 Resistencia (Argentine) du 11 au 19 juillet 2026. Nous l\u2019avons rencontr\u00e9e pour \u00e9voquer son projet, Lieu s\u00fbr, et la mani\u00e8re dont elle aborde cette exp\u00e9rience artistique hors norme. [&hellip;]<\/p>\n","protected":false},"author":4,"featured_media":1000,"comment_status":"closed","ping_status":"open","sticky":false,"template":"","format":"standard","meta":{"_acf_changed":false,"_searchwp_excluded":"","inline_featured_image":false,"footnotes":""},"categories":[1184,16],"tags":[],"class_list":["post-100803","post","type-post","status-publish","format-standard","has-post-thumbnail","hentry","category-actualites-de-nos-artistes","category-non-classifiee"],"acf":[],"yoast_head":"<!-- This site is optimized with the Yoast SEO Premium plugin v27.3 (Yoast SEO v27.3) - https:\/\/yoast.com\/product\/yoast-seo-premium-wordpress\/ -->\n<title>Francesca Bernardini s\u00e9lectionn\u00e9e pour la Biennale du Chaco 2026 | Artistics<\/title>\n<meta name=\"description\" content=\"La sculptrice italienne Francesca Bernardini a \u00e9t\u00e9 s\u00e9lectionn\u00e9e pour la Biennale du Chaco 2026. Entretien et aper\u00e7u de son projet.\" \/>\n<meta name=\"robots\" content=\"index, follow, max-snippet:-1, max-image-preview:large, max-video-preview:-1\" \/>\n<link rel=\"canonical\" href=\"https:\/\/artistics.com\/fr\/artzine\/francesca-bernardini-selectionnee-pour-la-biennale-internationale-de-sculpture-du-chaco-2026\/\" \/>\n<meta property=\"og:locale\" content=\"fr_FR\" \/>\n<meta property=\"og:type\" content=\"article\" \/>\n<meta property=\"og:title\" content=\"Francesca Bernardini s\u00e9lectionn\u00e9e pour la Biennale internationale de Sculpture du Chaco 2026\" \/>\n<meta property=\"og:description\" content=\"La sculptrice italienne Francesca Bernardini a \u00e9t\u00e9 s\u00e9lectionn\u00e9e pour la Biennale du Chaco 2026. Entretien et aper\u00e7u de son projet.\" \/>\n<meta property=\"og:url\" content=\"https:\/\/artistics.com\/fr\/artzine\/francesca-bernardini-selectionnee-pour-la-biennale-internationale-de-sculpture-du-chaco-2026\/\" \/>\n<meta property=\"og:site_name\" content=\"Artistics\" \/>\n<meta property=\"article:publisher\" content=\"https:\/\/www.facebook.com\/ArtisticsMag\" \/>\n<meta property=\"article:published_time\" content=\"2026-04-09T10:27:14+00:00\" \/>\n<meta property=\"article:modified_time\" content=\"2026-04-20T08:08:51+00:00\" \/>\n<meta property=\"og:image\" content=\"https:\/\/artistics.com\/wp-content\/uploads\/2022\/12\/francesca-al-lavoro-6.jpg\" \/>\n\t<meta property=\"og:image:width\" content=\"986\" \/>\n\t<meta property=\"og:image:height\" content=\"656\" \/>\n\t<meta property=\"og:image:type\" content=\"image\/jpeg\" \/>\n<meta name=\"author\" content=\"Christophe Salet\" \/>\n<meta name=\"twitter:card\" content=\"summary_large_image\" \/>\n<meta name=\"twitter:creator\" content=\"@Artistics_FR\" \/>\n<meta name=\"twitter:site\" content=\"@Artistics_FR\" \/>\n<meta name=\"twitter:label1\" content=\"\u00c9crit par\" \/>\n\t<meta name=\"twitter:data1\" content=\"Christophe Salet\" \/>\n\t<meta name=\"twitter:label2\" content=\"Dur\u00e9e de lecture estim\u00e9e\" \/>\n\t<meta name=\"twitter:data2\" content=\"5 minutes\" \/>\n<script type=\"application\/ld+json\" class=\"yoast-schema-graph\">{\"@context\":\"https:\\\/\\\/schema.org\",\"@graph\":[{\"@type\":[\"Article\",\"BlogPosting\"],\"@id\":\"https:\\\/\\\/artistics.com\\\/fr\\\/artzine\\\/francesca-bernardini-selectionnee-pour-la-biennale-internationale-de-sculpture-du-chaco-2026\\\/#article\",\"isPartOf\":{\"@id\":\"https:\\\/\\\/artistics.com\\\/fr\\\/artzine\\\/francesca-bernardini-selectionnee-pour-la-biennale-internationale-de-sculpture-du-chaco-2026\\\/\"},\"author\":{\"name\":\"Christophe Salet\",\"@id\":\"https:\\\/\\\/artistics.com\\\/fr\\\/#\\\/schema\\\/person\\\/1367e63148251e426892320f3452d474\"},\"headline\":\"Francesca Bernardini s\u00e9lectionn\u00e9e pour la Biennale internationale de Sculpture du Chaco 2026\",\"datePublished\":\"2026-04-09T10:27:14+00:00\",\"dateModified\":\"2026-04-20T08:08:51+00:00\",\"mainEntityOfPage\":{\"@id\":\"https:\\\/\\\/artistics.com\\\/fr\\\/artzine\\\/francesca-bernardini-selectionnee-pour-la-biennale-internationale-de-sculpture-du-chaco-2026\\\/\"},\"wordCount\":1129,\"publisher\":{\"@id\":\"https:\\\/\\\/artistics.com\\\/fr\\\/#organization\"},\"image\":{\"@id\":\"https:\\\/\\\/artistics.com\\\/fr\\\/artzine\\\/francesca-bernardini-selectionnee-pour-la-biennale-internationale-de-sculpture-du-chaco-2026\\\/#primaryimage\"},\"thumbnailUrl\":\"https:\\\/\\\/artistics.com\\\/wp-content\\\/uploads\\\/2022\\\/12\\\/francesca-al-lavoro-6.jpg\",\"articleSection\":[\"L\u2019actu de nos artistes\",\"Non classifi\u00e9(e)\"],\"inLanguage\":\"fr-FR\"},{\"@type\":\"WebPage\",\"@id\":\"https:\\\/\\\/artistics.com\\\/fr\\\/artzine\\\/francesca-bernardini-selectionnee-pour-la-biennale-internationale-de-sculpture-du-chaco-2026\\\/\",\"url\":\"https:\\\/\\\/artistics.com\\\/fr\\\/artzine\\\/francesca-bernardini-selectionnee-pour-la-biennale-internationale-de-sculpture-du-chaco-2026\\\/\",\"name\":\"Francesca Bernardini s\u00e9lectionn\u00e9e pour la Biennale du Chaco 2026 | Artistics\",\"isPartOf\":{\"@id\":\"https:\\\/\\\/artistics.com\\\/fr\\\/#website\"},\"primaryImageOfPage\":{\"@id\":\"https:\\\/\\\/artistics.com\\\/fr\\\/artzine\\\/francesca-bernardini-selectionnee-pour-la-biennale-internationale-de-sculpture-du-chaco-2026\\\/#primaryimage\"},\"image\":{\"@id\":\"https:\\\/\\\/artistics.com\\\/fr\\\/artzine\\\/francesca-bernardini-selectionnee-pour-la-biennale-internationale-de-sculpture-du-chaco-2026\\\/#primaryimage\"},\"thumbnailUrl\":\"https:\\\/\\\/artistics.com\\\/wp-content\\\/uploads\\\/2022\\\/12\\\/francesca-al-lavoro-6.jpg\",\"datePublished\":\"2026-04-09T10:27:14+00:00\",\"dateModified\":\"2026-04-20T08:08:51+00:00\",\"description\":\"La sculptrice italienne Francesca Bernardini a \u00e9t\u00e9 s\u00e9lectionn\u00e9e pour la Biennale du Chaco 2026. Entretien et aper\u00e7u de son projet.\",\"breadcrumb\":{\"@id\":\"https:\\\/\\\/artistics.com\\\/fr\\\/artzine\\\/francesca-bernardini-selectionnee-pour-la-biennale-internationale-de-sculpture-du-chaco-2026\\\/#breadcrumb\"},\"inLanguage\":\"fr-FR\",\"potentialAction\":[{\"@type\":\"ReadAction\",\"target\":[\"https:\\\/\\\/artistics.com\\\/fr\\\/artzine\\\/francesca-bernardini-selectionnee-pour-la-biennale-internationale-de-sculpture-du-chaco-2026\\\/\"]}]},{\"@type\":\"ImageObject\",\"inLanguage\":\"fr-FR\",\"@id\":\"https:\\\/\\\/artistics.com\\\/fr\\\/artzine\\\/francesca-bernardini-selectionnee-pour-la-biennale-internationale-de-sculpture-du-chaco-2026\\\/#primaryimage\",\"url\":\"https:\\\/\\\/artistics.com\\\/wp-content\\\/uploads\\\/2022\\\/12\\\/francesca-al-lavoro-6.jpg\",\"contentUrl\":\"https:\\\/\\\/artistics.com\\\/wp-content\\\/uploads\\\/2022\\\/12\\\/francesca-al-lavoro-6.jpg\",\"width\":986,\"height\":656},{\"@type\":\"BreadcrumbList\",\"@id\":\"https:\\\/\\\/artistics.com\\\/fr\\\/artzine\\\/francesca-bernardini-selectionnee-pour-la-biennale-internationale-de-sculpture-du-chaco-2026\\\/#breadcrumb\",\"itemListElement\":[{\"@type\":\"ListItem\",\"position\":1,\"name\":\"Achat \u0153uvre d'art\",\"item\":\"https:\\\/\\\/artistics.com\\\/fr\\\/\"},{\"@type\":\"ListItem\",\"position\":2,\"name\":\"Non classifi\u00e9(e)\",\"item\":\"https:\\\/\\\/artistics.com\\\/fr\\\/artzine\\\/category\\\/non-classifiee\\\/\"},{\"@type\":\"ListItem\",\"position\":3,\"name\":\"Francesca Bernardini s\u00e9lectionn\u00e9e pour la Biennale internationale de Sculpture du Chaco 2026\"}]},{\"@type\":\"WebSite\",\"@id\":\"https:\\\/\\\/artistics.com\\\/fr\\\/#website\",\"url\":\"https:\\\/\\\/artistics.com\\\/fr\\\/\",\"name\":\"Artistics\",\"description\":\"The online art gallery\",\"publisher\":{\"@id\":\"https:\\\/\\\/artistics.com\\\/fr\\\/#organization\"},\"potentialAction\":[{\"@type\":\"SearchAction\",\"target\":{\"@type\":\"EntryPoint\",\"urlTemplate\":\"https:\\\/\\\/artistics.com\\\/fr\\\/?s={search_term_string}\"},\"query-input\":{\"@type\":\"PropertyValueSpecification\",\"valueRequired\":true,\"valueName\":\"search_term_string\"}}],\"inLanguage\":\"fr-FR\"},{\"@type\":\"Organization\",\"@id\":\"https:\\\/\\\/artistics.com\\\/fr\\\/#organization\",\"name\":\"Artistics\",\"url\":\"https:\\\/\\\/artistics.com\\\/fr\\\/\",\"logo\":{\"@type\":\"ImageObject\",\"inLanguage\":\"fr-FR\",\"@id\":\"https:\\\/\\\/artistics.com\\\/fr\\\/#\\\/schema\\\/logo\\\/image\\\/\",\"url\":\"https:\\\/\\\/artistics.com\\\/wp-content\\\/uploads\\\/2023\\\/02\\\/artistics-logo-web-1.svg\",\"contentUrl\":\"https:\\\/\\\/artistics.com\\\/wp-content\\\/uploads\\\/2023\\\/02\\\/artistics-logo-web-1.svg\",\"caption\":\"Artistics\"},\"image\":{\"@id\":\"https:\\\/\\\/artistics.com\\\/fr\\\/#\\\/schema\\\/logo\\\/image\\\/\"},\"sameAs\":[\"https:\\\/\\\/www.facebook.com\\\/ArtisticsMag\",\"https:\\\/\\\/x.com\\\/Artistics_FR\",\"http:\\\/\\\/www.linkedin.com\\\/company\\\/artistics\",\"https:\\\/\\\/www.instagram.com\\\/artistics_com\\\/\",\"http:\\\/\\\/www.pinterest.com\\\/ArtisticsMag\"],\"hasMerchantReturnPolicy\":{\"@type\":\"MerchantReturnPolicy\",\"merchantReturnLink\":\"https:\\\/\\\/artistics.com\\\/free-return-policy\\\/\"}},{\"@type\":\"Person\",\"@id\":\"https:\\\/\\\/artistics.com\\\/fr\\\/#\\\/schema\\\/person\\\/1367e63148251e426892320f3452d474\",\"name\":\"Christophe Salet\",\"image\":{\"@type\":\"ImageObject\",\"inLanguage\":\"fr-FR\",\"@id\":\"https:\\\/\\\/secure.gravatar.com\\\/avatar\\\/91f432599f85a6d56c33b915f1b9ebc5efdabae77f9b6e054e22a9c119116cdc?s=96&d=mm&r=g\",\"url\":\"https:\\\/\\\/secure.gravatar.com\\\/avatar\\\/91f432599f85a6d56c33b915f1b9ebc5efdabae77f9b6e054e22a9c119116cdc?s=96&d=mm&r=g\",\"contentUrl\":\"https:\\\/\\\/secure.gravatar.com\\\/avatar\\\/91f432599f85a6d56c33b915f1b9ebc5efdabae77f9b6e054e22a9c119116cdc?s=96&d=mm&r=g\",\"caption\":\"Christophe Salet\"}}]}<\/script>\n<!-- \/ Yoast SEO Premium plugin. -->","yoast_head_json":{"title":"Francesca Bernardini s\u00e9lectionn\u00e9e pour la Biennale du Chaco 2026 | Artistics","description":"La sculptrice italienne Francesca Bernardini a \u00e9t\u00e9 s\u00e9lectionn\u00e9e pour la Biennale du Chaco 2026. Entretien et aper\u00e7u de son projet.","robots":{"index":"index","follow":"follow","max-snippet":"max-snippet:-1","max-image-preview":"max-image-preview:large","max-video-preview":"max-video-preview:-1"},"canonical":"https:\/\/artistics.com\/fr\/artzine\/francesca-bernardini-selectionnee-pour-la-biennale-internationale-de-sculpture-du-chaco-2026\/","og_locale":"fr_FR","og_type":"article","og_title":"Francesca Bernardini s\u00e9lectionn\u00e9e pour la Biennale internationale de Sculpture du Chaco 2026","og_description":"La sculptrice italienne Francesca Bernardini a \u00e9t\u00e9 s\u00e9lectionn\u00e9e pour la Biennale du Chaco 2026. Entretien et aper\u00e7u de son projet.","og_url":"https:\/\/artistics.com\/fr\/artzine\/francesca-bernardini-selectionnee-pour-la-biennale-internationale-de-sculpture-du-chaco-2026\/","og_site_name":"Artistics","article_publisher":"https:\/\/www.facebook.com\/ArtisticsMag","article_published_time":"2026-04-09T10:27:14+00:00","article_modified_time":"2026-04-20T08:08:51+00:00","og_image":[{"width":986,"height":656,"url":"https:\/\/artistics.com\/wp-content\/uploads\/2022\/12\/francesca-al-lavoro-6.jpg","type":"image\/jpeg"}],"author":"Christophe Salet","twitter_card":"summary_large_image","twitter_creator":"@Artistics_FR","twitter_site":"@Artistics_FR","twitter_misc":{"\u00c9crit par":"Christophe Salet","Dur\u00e9e de lecture estim\u00e9e":"5 minutes"},"schema":{"@context":"https:\/\/schema.org","@graph":[{"@type":["Article","BlogPosting"],"@id":"https:\/\/artistics.com\/fr\/artzine\/francesca-bernardini-selectionnee-pour-la-biennale-internationale-de-sculpture-du-chaco-2026\/#article","isPartOf":{"@id":"https:\/\/artistics.com\/fr\/artzine\/francesca-bernardini-selectionnee-pour-la-biennale-internationale-de-sculpture-du-chaco-2026\/"},"author":{"name":"Christophe Salet","@id":"https:\/\/artistics.com\/fr\/#\/schema\/person\/1367e63148251e426892320f3452d474"},"headline":"Francesca Bernardini s\u00e9lectionn\u00e9e pour la Biennale internationale de Sculpture du Chaco 2026","datePublished":"2026-04-09T10:27:14+00:00","dateModified":"2026-04-20T08:08:51+00:00","mainEntityOfPage":{"@id":"https:\/\/artistics.com\/fr\/artzine\/francesca-bernardini-selectionnee-pour-la-biennale-internationale-de-sculpture-du-chaco-2026\/"},"wordCount":1129,"publisher":{"@id":"https:\/\/artistics.com\/fr\/#organization"},"image":{"@id":"https:\/\/artistics.com\/fr\/artzine\/francesca-bernardini-selectionnee-pour-la-biennale-internationale-de-sculpture-du-chaco-2026\/#primaryimage"},"thumbnailUrl":"https:\/\/artistics.com\/wp-content\/uploads\/2022\/12\/francesca-al-lavoro-6.jpg","articleSection":["L\u2019actu de nos artistes","Non classifi\u00e9(e)"],"inLanguage":"fr-FR"},{"@type":"WebPage","@id":"https:\/\/artistics.com\/fr\/artzine\/francesca-bernardini-selectionnee-pour-la-biennale-internationale-de-sculpture-du-chaco-2026\/","url":"https:\/\/artistics.com\/fr\/artzine\/francesca-bernardini-selectionnee-pour-la-biennale-internationale-de-sculpture-du-chaco-2026\/","name":"Francesca Bernardini s\u00e9lectionn\u00e9e pour la Biennale du Chaco 2026 | Artistics","isPartOf":{"@id":"https:\/\/artistics.com\/fr\/#website"},"primaryImageOfPage":{"@id":"https:\/\/artistics.com\/fr\/artzine\/francesca-bernardini-selectionnee-pour-la-biennale-internationale-de-sculpture-du-chaco-2026\/#primaryimage"},"image":{"@id":"https:\/\/artistics.com\/fr\/artzine\/francesca-bernardini-selectionnee-pour-la-biennale-internationale-de-sculpture-du-chaco-2026\/#primaryimage"},"thumbnailUrl":"https:\/\/artistics.com\/wp-content\/uploads\/2022\/12\/francesca-al-lavoro-6.jpg","datePublished":"2026-04-09T10:27:14+00:00","dateModified":"2026-04-20T08:08:51+00:00","description":"La sculptrice italienne Francesca Bernardini a \u00e9t\u00e9 s\u00e9lectionn\u00e9e pour la Biennale du Chaco 2026. Entretien et aper\u00e7u de son projet.","breadcrumb":{"@id":"https:\/\/artistics.com\/fr\/artzine\/francesca-bernardini-selectionnee-pour-la-biennale-internationale-de-sculpture-du-chaco-2026\/#breadcrumb"},"inLanguage":"fr-FR","potentialAction":[{"@type":"ReadAction","target":["https:\/\/artistics.com\/fr\/artzine\/francesca-bernardini-selectionnee-pour-la-biennale-internationale-de-sculpture-du-chaco-2026\/"]}]},{"@type":"ImageObject","inLanguage":"fr-FR","@id":"https:\/\/artistics.com\/fr\/artzine\/francesca-bernardini-selectionnee-pour-la-biennale-internationale-de-sculpture-du-chaco-2026\/#primaryimage","url":"https:\/\/artistics.com\/wp-content\/uploads\/2022\/12\/francesca-al-lavoro-6.jpg","contentUrl":"https:\/\/artistics.com\/wp-content\/uploads\/2022\/12\/francesca-al-lavoro-6.jpg","width":986,"height":656},{"@type":"BreadcrumbList","@id":"https:\/\/artistics.com\/fr\/artzine\/francesca-bernardini-selectionnee-pour-la-biennale-internationale-de-sculpture-du-chaco-2026\/#breadcrumb","itemListElement":[{"@type":"ListItem","position":1,"name":"Achat \u0153uvre d'art","item":"https:\/\/artistics.com\/fr\/"},{"@type":"ListItem","position":2,"name":"Non classifi\u00e9(e)","item":"https:\/\/artistics.com\/fr\/artzine\/category\/non-classifiee\/"},{"@type":"ListItem","position":3,"name":"Francesca Bernardini s\u00e9lectionn\u00e9e pour la Biennale internationale de Sculpture du Chaco 2026"}]},{"@type":"WebSite","@id":"https:\/\/artistics.com\/fr\/#website","url":"https:\/\/artistics.com\/fr\/","name":"Artistics","description":"The online art gallery","publisher":{"@id":"https:\/\/artistics.com\/fr\/#organization"},"potentialAction":[{"@type":"SearchAction","target":{"@type":"EntryPoint","urlTemplate":"https:\/\/artistics.com\/fr\/?s={search_term_string}"},"query-input":{"@type":"PropertyValueSpecification","valueRequired":true,"valueName":"search_term_string"}}],"inLanguage":"fr-FR"},{"@type":"Organization","@id":"https:\/\/artistics.com\/fr\/#organization","name":"Artistics","url":"https:\/\/artistics.com\/fr\/","logo":{"@type":"ImageObject","inLanguage":"fr-FR","@id":"https:\/\/artistics.com\/fr\/#\/schema\/logo\/image\/","url":"https:\/\/artistics.com\/wp-content\/uploads\/2023\/02\/artistics-logo-web-1.svg","contentUrl":"https:\/\/artistics.com\/wp-content\/uploads\/2023\/02\/artistics-logo-web-1.svg","caption":"Artistics"},"image":{"@id":"https:\/\/artistics.com\/fr\/#\/schema\/logo\/image\/"},"sameAs":["https:\/\/www.facebook.com\/ArtisticsMag","https:\/\/x.com\/Artistics_FR","http:\/\/www.linkedin.com\/company\/artistics","https:\/\/www.instagram.com\/artistics_com\/","http:\/\/www.pinterest.com\/ArtisticsMag"],"hasMerchantReturnPolicy":{"@type":"MerchantReturnPolicy","merchantReturnLink":"https:\/\/artistics.com\/free-return-policy\/"}},{"@type":"Person","@id":"https:\/\/artistics.com\/fr\/#\/schema\/person\/1367e63148251e426892320f3452d474","name":"Christophe Salet","image":{"@type":"ImageObject","inLanguage":"fr-FR","@id":"https:\/\/secure.gravatar.com\/avatar\/91f432599f85a6d56c33b915f1b9ebc5efdabae77f9b6e054e22a9c119116cdc?s=96&d=mm&r=g","url":"https:\/\/secure.gravatar.com\/avatar\/91f432599f85a6d56c33b915f1b9ebc5efdabae77f9b6e054e22a9c119116cdc?s=96&d=mm&r=g","contentUrl":"https:\/\/secure.gravatar.com\/avatar\/91f432599f85a6d56c33b915f1b9ebc5efdabae77f9b6e054e22a9c119116cdc?s=96&d=mm&r=g","caption":"Christophe Salet"}}]}},"_links":{"self":[{"href":"https:\/\/artistics.com\/fr\/wp-json\/wp\/v2\/posts\/100803","targetHints":{"allow":["GET"]}}],"collection":[{"href":"https:\/\/artistics.com\/fr\/wp-json\/wp\/v2\/posts"}],"about":[{"href":"https:\/\/artistics.com\/fr\/wp-json\/wp\/v2\/types\/post"}],"author":[{"embeddable":true,"href":"https:\/\/artistics.com\/fr\/wp-json\/wp\/v2\/users\/4"}],"replies":[{"embeddable":true,"href":"https:\/\/artistics.com\/fr\/wp-json\/wp\/v2\/comments?post=100803"}],"version-history":[{"count":7,"href":"https:\/\/artistics.com\/fr\/wp-json\/wp\/v2\/posts\/100803\/revisions"}],"predecessor-version":[{"id":101008,"href":"https:\/\/artistics.com\/fr\/wp-json\/wp\/v2\/posts\/100803\/revisions\/101008"}],"wp:featuredmedia":[{"embeddable":true,"href":"https:\/\/artistics.com\/fr\/wp-json\/wp\/v2\/media\/1000"}],"wp:attachment":[{"href":"https:\/\/artistics.com\/fr\/wp-json\/wp\/v2\/media?parent=100803"}],"wp:term":[{"taxonomy":"category","embeddable":true,"href":"https:\/\/artistics.com\/fr\/wp-json\/wp\/v2\/categories?post=100803"},{"taxonomy":"post_tag","embeddable":true,"href":"https:\/\/artistics.com\/fr\/wp-json\/wp\/v2\/tags?post=100803"}],"curies":[{"name":"wp","href":"https:\/\/api.w.org\/{rel}","templated":true}]}}